{"id":37358,"date":"2024-09-30T19:50:20","date_gmt":"2024-09-30T22:50:20","guid":{"rendered":"https:\/\/larevistadigital.com.ar\/blog\/?p=37358"},"modified":"2024-09-30T19:50:20","modified_gmt":"2024-09-30T22:50:20","slug":"chascomus-asi-se-vivio-el-festival-de-cine","status":"publish","type":"post","link":"https:\/\/larevistadigital.com.ar\/blog\/chascomus-asi-se-vivio-el-festival-de-cine\/","title":{"rendered":"Chascom\u00fas: As\u00ed se vivi\u00f3 el Festival de Cine"},"content":{"rendered":"<h2 class=\"excerpt\">Durante tres jornadas se pudo disfrutar de numerosas propuestas que hacen del cine una verdadera delicia, pero tambi\u00e9n un gran instrumento social de reivindicaci\u00f3n.<\/h2>\n<p>30 de Septiembre de 2024<\/p>\n<div id=\"miDiv1\" class=\"text\">\n<p><strong>CHASCOM\u00daS &#8211;\u00a0<\/strong> Con gran \u00e9xito se desarroll\u00f3 el 9no. Festival de Cine de Chascom\u00fas, organizado por El Camino Amarillo Producciones, la Municipalidad de Chascom\u00fas y el acompa\u00f1amiento del Instituto Cultural de la Provincia de Buenos Aires.<\/p>\n<p>El intendente municipal <strong>Javier Gast\u00f3n<\/strong>, estuvo acompa\u00f1ando toda la actividad, y en la ceremonia de premiaci\u00f3n y cierre del festival, expres\u00f3: \u201cQuiero compartir que quienes nos visitan destacan como est\u00e1 cambiando Chascom\u00fas y la apuesta por la cultura. Esta apuesta, son precisamente ustedes, el festival de cine, el festival de narraci\u00f3n, el festival de teatro y tantas otras propuestas culturales que van surgiendo desde Chascom\u00fas. Que a nosotros los que no hacemos arte, nos hacen disfrutar mucho, encontrarnos con nosotros mismos, pero, fundamentalmente, nos hace mostrarnos ante gente de otros lugares, que vienen y disfrutan de Chascom\u00fas\u201d.<\/p>\n<p><strong><em>\u201cEste noveno encuentro -prosigui\u00f3- que est\u00e1n llevando a cabo, en este momento muy dif\u00edcil, con quita de financiamiento de niveles nacionales hacia todo lo que tiene que ver con la cultura, es precisamente lo que tenemos que sostener desde abajo, desde los vecinos, desde la participaci\u00f3n de los distintos grupos art\u00edsticos, desde quienes disfrutamos del arte que hacen otros, sostener a todos aquellos que la est\u00e1n pasando muy mal, y plantear un pa\u00eds distinto para adelante\u201d.<\/em><\/strong><\/p>\n<blockquote>\n<h3>Y concluy\u00f3 sus palabras, agradeciendo <em>\u201cpor todo lo que van generado ustedes y tanto otros que le ponen alma, coraz\u00f3n y vida al arte. Y que este arte nos siga enriqueciendo a todos y sigamos hacia el d\u00e9cimo festival\u201d<\/em>.<\/h3>\n<\/blockquote>\n<p>En este marco, se realiz\u00f3 la entrega de distinciones a los ganadores de las diferentes categor\u00edas y la exhibici\u00f3n de los trabajos realizados durante los talleres.<\/p>\n<h3>A continuaci\u00f3n, damos a conocer los ganadores con la valoraci\u00f3n del jurado:<\/h3>\n<p>-Largometraje La pel\u00edcula ganadora fue \u201cAlemania\u201d de Maria Zanetti. Por la delicadeza y madurez con la que compone un relato muy potente y humano, que nos sumerge en la vulnerabilidad, la locura, el dolor, y la adolescencia, dej\u00e1ndonos tocar por la fragilidad con la potencia de sus im\u00e1genes y sonidos.<\/p>\n<p>-Categor\u00eda Videoclip: ganador \u201cLibertad Financiera\u201d de Josefina Nast y Martin Heredia. Por realizar una propuesta perform\u00e1tica, con un humor que sorprende por su astucia y contemporaneidad. Por la entrega y efectividad del trabajo de la int\u00e9rprete\/cantante y el planteo fuertemente honesto.<\/p>\n<p>-Categor\u00eda Animaci\u00f3n: el ganador fue \u201cFito\u201d de Carlos Farina. Por su capacidad de transformar una historia aparentemente simple en una profunda reflexi\u00f3n sobre la vida y el auto descubrimiento.<\/p>\n<p>Esta categor\u00eda, adem\u00e1s, tuvo una menci\u00f3n especial, para la animaci\u00f3n \u201cBar la Matanza\u201d de Bel\u00e9n Tagliabue. Por una representaci\u00f3n disruptiva, y el gesto po\u00e9tico-pol\u00edtico que implica poner en escena las realidades que este corto lleva a la pantalla.<\/p>\n<p>-Categor\u00eda Documental: El cortometraje ganador en la categor\u00eda documental fue \u201cViejas que hierven\u201d de Violeta Tapia. Por transformar un tab\u00fa en una fuente inagotable de vitalidad, por la honestidad, presencia y entrega de sus protagonistas, y la valent\u00eda de la directora para construir un v\u00ednculo l\u00fadico y profundo con ellas. Por soltar la solemnidad y conducirnos por un camino emp\u00e1tico.<\/p>\n<p>-Categor\u00eda Ficci\u00f3n: El cortometraje ganador en esta categor\u00eda fue para \u201cCuando Todo Arde\u201d de Mar\u00eda Bel\u00e9n Poncio. Queremos destacar la valent\u00eda con la que se trat\u00f3 el eje que atraviesa todo el relato. Y la precisi\u00f3n y manejo del lenguaje cinematogr\u00e1fico a lo largo de todo el film, as\u00ed como tambi\u00e9n la profundidad de las actuaciones.<\/p>\n<p>Tambi\u00e9n, en esta categor\u00eda hubo dos menciones. Una, para \u201cProcedimiento experimental de resultado incierto\u201d de Roberto Porta. Se destaca la delicadeza y elegancia con la que se trabaj\u00f3 en todas las \u00e1reas; llevando a fondo un universo ficcional que construye un lenguaje propio y particular a trav\u00e9s de un relato que mezcla ciencia, curiosidad y la naturaleza humana.<\/p>\n<p>La otra menci\u00f3n correspondi\u00f3 a \u201cD\u00edas de Lluvia\u201d de Ainara Iungman. Por el riesgo art\u00edstico que este cortometraje arroja en cada plano, por resignificar un evento tr\u00e1gico real. Este cortometraje se destaca por su impacto emocional y puesta en escena.<\/p>\n<p>Finalmente, cabe mencionar que las tres jornadas fueron una verdadera fiesta, y la calle Sarmiento entre Cramer y San Mart\u00edn se convirti\u00f3 en un paseo gastron\u00f3mico, donde los asistentes pudieron no s\u00f3lo disfrutar del arte sino tambi\u00e9n de los sabores de nuestra ciudad con los foodtrucks, con el aditamento del casco hist\u00f3rico como escenario.<\/p>\n<\/div>\n","protected":false},"excerpt":{"rendered":"<div class=\"mh-excerpt\"><p>Durante tres jornadas se pudo disfrutar de numerosas propuestas que hacen del cine una verdadera delicia, pero tambi\u00e9n un gran instrumento social de reivindicaci\u00f3n. 30 de Septiembre de 2024 CHASCOM\u00daS &#8211;\u00a0 Con gran \u00e9xito se <a class=\"mh-excerpt-more\" href=\"https:\/\/larevistadigital.com.ar\/blog\/chascomus-asi-se-vivio-el-festival-de-cine\/\" title=\"Chascom\u00fas: As\u00ed se vivi\u00f3 el Festival de Cine\">[Leer M\u00e1s]<\/a><\/p>\n<\/div>","protected":false},"author":3,"featured_media":37360,"comment_status":"open","ping_status":"open","sticky":false,"template":"","format":"standard","meta":{"_jetpack_memberships_contains_paid_content":false,"footnotes":"","jetpack_publicize_message":"","jetpack_publicize_feature_enabled":true,"jetpack_social_post_already_shared":true,"jetpack_social_options":{"image_generator_settings":{"template":"highway","default_image_id":0,"font":"","enabled":false},"version":2}},"categories":[6],"tags":[],"class_list":{"0":"post-37358","1":"post","2":"type-post","3":"status-publish","4":"format-standard","5":"has-post-thumbnail","7":"category-chascomus"},"jetpack_publicize_connections":[],"jetpack_featured_media_url":"https:\/\/i0.wp.com\/larevistadigital.com.ar\/blog\/wp-content\/uploads\/66fad7ce16d10.png?fit=668%2C445&ssl=1","jetpack_sharing_enabled":true,"jetpack_shortlink":"https:\/\/wp.me\/p8qtrQ-9Iy","jetpack-related-posts":[{"id":37202,"url":"https:\/\/larevistadigital.com.ar\/blog\/con-gran-expectativa-se-aguarda-el-inicio-del-9no-festival-de-cine-de-chascomus\/","url_meta":{"origin":37358,"position":0},"title":"Con gran expectativa se aguarda el inicio del 9no. Festival de Cine de Chascom\u00fas","author":"Alejandro Sosa Ruda","date":"11 septiembre, 2024","format":false,"excerpt":"El evento incluye competencias en diversas categor\u00edas audiovisuales y donde se podr\u00e1 disfrutar de proyecciones y diversas actividades. 11 de Septiembre de 2024 El Festival de Cine de Chascom\u00fas, cuenta con el acompa\u00f1amiento de la Municipalidad de Chascom\u00fas, y es un espacio de revalorizaci\u00f3n del cine para acercarlo a la\u2026","rel":"","context":"En \u00abINTERES GENERAL\u00bb","block_context":{"text":"INTERES GENERAL","link":"https:\/\/larevistadigital.com.ar\/blog\/category\/interes-general\/"},"img":{"alt_text":"","src":"https:\/\/i0.wp.com\/larevistadigital.com.ar\/blog\/wp-content\/uploads\/66e1d0dda163f.png?fit=668%2C445&ssl=1&resize=350%2C200","width":350,"height":200,"srcset":"https:\/\/i0.wp.com\/larevistadigital.com.ar\/blog\/wp-content\/uploads\/66e1d0dda163f.png?fit=668%2C445&ssl=1&resize=350%2C200 1x, https:\/\/i0.wp.com\/larevistadigital.com.ar\/blog\/wp-content\/uploads\/66e1d0dda163f.png?fit=668%2C445&ssl=1&resize=525%2C300 1.5x"},"classes":[]},{"id":30245,"url":"https:\/\/larevistadigital.com.ar\/blog\/importante-galardon-para-el-festival-de-cine-de-chascomus\/","url_meta":{"origin":37358,"position":1},"title":"IMPORTANTE GALARD\u00d3N PARA EL FESTIVAL DE CINE DE CHASCOM\u00daS","author":"Alejandro Sosa Ruda","date":"25 febrero, 2023","format":false,"excerpt":"El Festival de Cine de Chascom\u00fas fue\u00a0 galardonado en el Plan de Fomento a la Producci\u00f3n Audiovisual Bonaerense. 25 de febrero de 2023 Dentro de la regi\u00f3n cinco y bajo la categor\u00eda \u201cDesarrollo de Proyecto de Festival de Cine Regional\u201d. Desde FCCh se\u00f1alaron que \u201ces un reconocimiento al trabajo que\u2026","rel":"","context":"En \u00abCULTURA\u00bb","block_context":{"text":"CULTURA","link":"https:\/\/larevistadigital.com.ar\/blog\/category\/cultura\/"},"img":{"alt_text":"","src":"https:\/\/i0.wp.com\/larevistadigital.com.ar\/blog\/wp-content\/uploads\/l.jpg?fit=1200%2C900&ssl=1&resize=350%2C200","width":350,"height":200,"srcset":"https:\/\/i0.wp.com\/larevistadigital.com.ar\/blog\/wp-content\/uploads\/l.jpg?fit=1200%2C900&ssl=1&resize=350%2C200 1x, https:\/\/i0.wp.com\/larevistadigital.com.ar\/blog\/wp-content\/uploads\/l.jpg?fit=1200%2C900&ssl=1&resize=525%2C300 1.5x, https:\/\/i0.wp.com\/larevistadigital.com.ar\/blog\/wp-content\/uploads\/l.jpg?fit=1200%2C900&ssl=1&resize=700%2C400 2x, https:\/\/i0.wp.com\/larevistadigital.com.ar\/blog\/wp-content\/uploads\/l.jpg?fit=1200%2C900&ssl=1&resize=1050%2C600 3x"},"classes":[]},{"id":41520,"url":"https:\/\/larevistadigital.com.ar\/blog\/el-festival-de-cine-de-chascomus-celebra-su-decima-edicion\/","url_meta":{"origin":37358,"position":2},"title":"El Festival de Cine de Chascom\u00fas celebra su d\u00e9cima edici\u00f3n","author":"Alejandro Sosa Ruda","date":"19 septiembre, 2025","format":false,"excerpt":"Comenzar\u00e1 el jueves 9 de octubre con la proyecci\u00f3n del documental \u201cLa muerte sin tiempo de Emilio Blanco\u201d, una obra que reconstruye la historia del joven chascomunense asesinado en 1997. 19 de septiembre de 2025 CHASCOM\u00daS -\u00a0 \u00a0Del 9 al 12 de octubre se realizar\u00e1 el 10\u00b0 Festival de Cine\u2026","rel":"","context":"En \u00abCHASCOM\u00daS\u00bb","block_context":{"text":"CHASCOM\u00daS","link":"https:\/\/larevistadigital.com.ar\/blog\/category\/chascomus\/"},"img":{"alt_text":"","src":"https:\/\/i0.wp.com\/larevistadigital.com.ar\/blog\/wp-content\/uploads\/68cd9a1b3741e.png?fit=668%2C445&ssl=1&resize=350%2C200","width":350,"height":200,"srcset":"https:\/\/i0.wp.com\/larevistadigital.com.ar\/blog\/wp-content\/uploads\/68cd9a1b3741e.png?fit=668%2C445&ssl=1&resize=350%2C200 1x, https:\/\/i0.wp.com\/larevistadigital.com.ar\/blog\/wp-content\/uploads\/68cd9a1b3741e.png?fit=668%2C445&ssl=1&resize=525%2C300 1.5x"},"classes":[]},{"id":41737,"url":"https:\/\/larevistadigital.com.ar\/blog\/chascomus-javier-gaston-participo-de-la-inauguracion-del-festival-internacional-de-cine-de-la-provincia\/","url_meta":{"origin":37358,"position":3},"title":"Chascom\u00fas: Javier Gast\u00f3n particip\u00f3 de la inauguraci\u00f3n del Festival Internacional de Cine de la Provincia","author":"Alejandro Sosa Ruda","date":"3 octubre, 2025","format":false,"excerpt":"El encuentro se extender\u00e1 hasta el 9 de octubre con una programaci\u00f3n abierta y gratuita. Este s\u00e1bado, habr\u00e1 una funci\u00f3n en el predio del Club Tiro Federal. 03 de Octobre de 2025 CHASCOM\u00daS\u00a0 -\u00a0 \u00a0El intendente Javier Gast\u00f3n y el secretario de Cultura, Deporte y Relaciones Institucionales, Pablo N\u00e1poli, asistieron\u2026","rel":"","context":"En \u00abCHASCOM\u00daS\u00bb","block_context":{"text":"CHASCOM\u00daS","link":"https:\/\/larevistadigital.com.ar\/blog\/category\/chascomus\/"},"img":{"alt_text":"","src":"https:\/\/i0.wp.com\/larevistadigital.com.ar\/blog\/wp-content\/uploads\/68e007b0372de.png?fit=668%2C445&ssl=1&resize=350%2C200","width":350,"height":200,"srcset":"https:\/\/i0.wp.com\/larevistadigital.com.ar\/blog\/wp-content\/uploads\/68e007b0372de.png?fit=668%2C445&ssl=1&resize=350%2C200 1x, https:\/\/i0.wp.com\/larevistadigital.com.ar\/blog\/wp-content\/uploads\/68e007b0372de.png?fit=668%2C445&ssl=1&resize=525%2C300 1.5x"},"classes":[]},{"id":9965,"url":"https:\/\/larevistadigital.com.ar\/blog\/y-si-es-de-chascomus-parece-ilogico-que-lo-hicieran-en-otro-lado-jeje\/","url_meta":{"origin":37358,"position":4},"title":"Y&#8230; SI ES \u00abDE CHASCOM\u00daS\u00bb, PARECE IL\u00d3GICO QUE LO HICIERAN EN OTRO LADO&#8230; JEJE","author":"Alejandro Sosa Ruda","date":"2 mayo, 2019","format":false,"excerpt":"Encontr\u00e9 esta noticia que dice que \"Eligieron Chascom\u00fas como la ciudad para hacer el Festival de Cine de Chascom\u00fas\"... Ser\u00eda como decir que \"la Opera de Par\u00eds se har\u00e1 en Par\u00eds\", o Eligen a Berl\u00edn para hacer el Festival de cine de Berl\u00edn...\u00bfO no? jejejejeje. \u00a0 \u00a0 \u00a1Va con honda!...\u2026","rel":"","context":"En \u00abPOLITICA\u00bb","block_context":{"text":"POLITICA","link":"https:\/\/larevistadigital.com.ar\/blog\/category\/politica\/"},"img":{"alt_text":"","src":"https:\/\/i0.wp.com\/larevistadigital.com.ar\/blog\/wp-content\/uploads\/2019\/02\/VA-CON-HONDA.jpg?fit=1200%2C719&ssl=1&resize=350%2C200","width":350,"height":200,"srcset":"https:\/\/i0.wp.com\/larevistadigital.com.ar\/blog\/wp-content\/uploads\/2019\/02\/VA-CON-HONDA.jpg?fit=1200%2C719&ssl=1&resize=350%2C200 1x, https:\/\/i0.wp.com\/larevistadigital.com.ar\/blog\/wp-content\/uploads\/2019\/02\/VA-CON-HONDA.jpg?fit=1200%2C719&ssl=1&resize=525%2C300 1.5x, https:\/\/i0.wp.com\/larevistadigital.com.ar\/blog\/wp-content\/uploads\/2019\/02\/VA-CON-HONDA.jpg?fit=1200%2C719&ssl=1&resize=700%2C400 2x, https:\/\/i0.wp.com\/larevistadigital.com.ar\/blog\/wp-content\/uploads\/2019\/02\/VA-CON-HONDA.jpg?fit=1200%2C719&ssl=1&resize=1050%2C600 3x"},"classes":[]},{"id":21853,"url":"https:\/\/larevistadigital.com.ar\/blog\/6ta-edicion-del-festival-de-cine-chascomus\/","url_meta":{"origin":37358,"position":5},"title":"6TA EDICI\u00d3N DEL FESTIVAL DE CINE CHASCOM\u00daS","author":"Alejandro Sosa Ruda","date":"4 septiembre, 2021","format":false,"excerpt":"CHASCOM\u00daS - La ciudad de Chascom\u00fas se prepara para la 6ta edici\u00f3n del Festival de Cine de Chascom\u00fas que tendr\u00e1 fecha el 18 y 19 de Septiembre de 2021, luego de casi dos a\u00f1os de que terminara la 5ta edici\u00f3n en mayo de 2019, y suspendida la edici\u00f3n del 2020\u2026","rel":"","context":"En \u00abCHASCOM\u00daS\u00bb","block_context":{"text":"CHASCOM\u00daS","link":"https:\/\/larevistadigital.com.ar\/blog\/category\/chascomus\/"},"img":{"alt_text":"","src":"https:\/\/i0.wp.com\/larevistadigital.com.ar\/blog\/wp-content\/uploads\/6FCCh-scaled.jpg?fit=1200%2C573&ssl=1&resize=350%2C200","width":350,"height":200,"srcset":"https:\/\/i0.wp.com\/larevistadigital.com.ar\/blog\/wp-content\/uploads\/6FCCh-scaled.jpg?fit=1200%2C573&ssl=1&resize=350%2C200 1x, https:\/\/i0.wp.com\/larevistadigital.com.ar\/blog\/wp-content\/uploads\/6FCCh-scaled.jpg?fit=1200%2C573&ssl=1&resize=525%2C300 1.5x, https:\/\/i0.wp.com\/larevistadigital.com.ar\/blog\/wp-content\/uploads\/6FCCh-scaled.jpg?fit=1200%2C573&ssl=1&resize=700%2C400 2x, https:\/\/i0.wp.com\/larevistadigital.com.ar\/blog\/wp-content\/uploads\/6FCCh-scaled.jpg?fit=1200%2C573&ssl=1&resize=1050%2C600 3x"},"classes":[]}],"_links":{"self":[{"href":"https:\/\/larevistadigital.com.ar\/blog\/wp-json\/wp\/v2\/posts\/37358","targetHints":{"allow":["GET"]}}],"collection":[{"href":"https:\/\/larevistadigital.com.ar\/blog\/wp-json\/wp\/v2\/posts"}],"about":[{"href":"https:\/\/larevistadigital.com.ar\/blog\/wp-json\/wp\/v2\/types\/post"}],"author":[{"embeddable":true,"href":"https:\/\/larevistadigital.com.ar\/blog\/wp-json\/wp\/v2\/users\/3"}],"replies":[{"embeddable":true,"href":"https:\/\/larevistadigital.com.ar\/blog\/wp-json\/wp\/v2\/comments?post=37358"}],"version-history":[{"count":1,"href":"https:\/\/larevistadigital.com.ar\/blog\/wp-json\/wp\/v2\/posts\/37358\/revisions"}],"predecessor-version":[{"id":37361,"href":"https:\/\/larevistadigital.com.ar\/blog\/wp-json\/wp\/v2\/posts\/37358\/revisions\/37361"}],"wp:featuredmedia":[{"embeddable":true,"href":"https:\/\/larevistadigital.com.ar\/blog\/wp-json\/wp\/v2\/media\/37360"}],"wp:attachment":[{"href":"https:\/\/larevistadigital.com.ar\/blog\/wp-json\/wp\/v2\/media?parent=37358"}],"wp:term":[{"taxonomy":"category","embeddable":true,"href":"https:\/\/larevistadigital.com.ar\/blog\/wp-json\/wp\/v2\/categories?post=37358"},{"taxonomy":"post_tag","embeddable":true,"href":"https:\/\/larevistadigital.com.ar\/blog\/wp-json\/wp\/v2\/tags?post=37358"}],"curies":[{"name":"wp","href":"https:\/\/api.w.org\/{rel}","templated":true}]}}