{"id":37414,"date":"2024-10-03T20:58:50","date_gmt":"2024-10-03T23:58:50","guid":{"rendered":"https:\/\/larevistadigital.com.ar\/blog\/?p=37414"},"modified":"2024-10-05T21:50:31","modified_gmt":"2024-10-06T00:50:31","slug":"chascomus-cierre-del-programa-lideres-con-jovenes-de-escuelas-secundarias","status":"publish","type":"post","link":"https:\/\/larevistadigital.com.ar\/blog\/chascomus-cierre-del-programa-lideres-con-jovenes-de-escuelas-secundarias\/","title":{"rendered":"Chascom\u00fas: Cierre del programa \u201cL\u00edderes\u201d con j\u00f3venes de escuelas secundarias"},"content":{"rendered":"<h2 class=\"excerpt\">M\u00e1s de 500 estudiantes participaron en jornadas de reflexi\u00f3n sobre el cuidado integral organizadas por la Municipalidad.<\/h2>\n<p>03 de Octubre de 2024<\/p>\n<div id=\"miDiv1\" class=\"text\">\n<p><strong>CHASCOM\u00daS &#8211;<\/strong>\u00a0 Esta semana concluy\u00f3 el ciclo del programa \u00abL\u00edderes\u00bb, una propuesta que busca promover la reflexi\u00f3n y el di\u00e1logo entre j\u00f3venes de tercer a\u00f1o de escuelas secundarias.<\/p>\n<blockquote>\n<h3>Este a\u00f1o, el programa, organizado por la Subsecretar\u00eda de Infancias y Juventudes en el marco de \u00abJuventudes Cuidadas\u00bb, cont\u00f3 con la participaci\u00f3n de 550 estudiantes de escuelas tanto p\u00fablicas como privadas.<\/h3>\n<\/blockquote>\n<p>El objetivo principal de esta iniciativa fue generar conciencia sobre diversos aspectos del cuidado integral, abordando tem\u00e1ticas como la salud, los v\u00ednculos, el ambiente y los consumos.<\/p>\n<blockquote>\n<h3>A trav\u00e9s de din\u00e1micas l\u00fadicas y un sistema de postas, los estudiantes participaron en actividades recreativas y reflexivas que fomentaron la colaboraci\u00f3n entre ellos, fortaleciendo los lazos comunitarios.<\/h3>\n<\/blockquote>\n<p>Las jornadas, llevadas a cabo en el Museo Pampeano, contaron con la participaci\u00f3n de m\u00faltiples \u00e1reas municipales como el Servicio Local, el Centro de D\u00eda, Seguridad Vial, Deportes, Accesibilidad y operadores de calle, quienes ofrecieron espacios de escucha y recreaci\u00f3n, junto a equipos de orientaci\u00f3n escolar que acompa\u00f1aron a los j\u00f3venes durante las actividades.<\/p>\n<p>El subsecretario de Infancias y Juventudes Lucio Alfons\u00edn, destac\u00f3 la importancia de esta iniciativa se\u00f1alando que \u201cpor un lado, L\u00edderes genera un espacio en el que podemos escuchar los intereses, inquietudes, miedos y expectativas de nuestros j\u00f3venes y, a partir de eso, buscar estrategias para acompa\u00f1arlos. Adem\u00e1s, la propia din\u00e1mica de los encuentros lleva a que los estudiantes de diferentes escuelas y contextos trabajen colaborativamente, se vinculen y reflexionen en conjunto sobre la vida en comunidad y sobre los cuidados. Y finalmente, es una oportunidad para difundir y poner al alcance de los adolescentes diferentes pol\u00edticas p\u00fablicas e iniciativas destinadas a ellos, y que buscan contribuir a su desarrollo integral\u201d<\/p>\n<p>El cierre incluy\u00f3 un show de freestyle, que retom\u00f3 las reflexiones de los participantes, y la presencia del intendente Javier Gast\u00f3n, quien acompa\u00f1\u00f3 a los j\u00f3venes junto a otros funcionarios municipales.<\/p>\n<\/div>\n","protected":false},"excerpt":{"rendered":"<div class=\"mh-excerpt\"><p>M\u00e1s de 500 estudiantes participaron en jornadas de reflexi\u00f3n sobre el cuidado integral organizadas por la Municipalidad. 03 de Octubre de 2024 CHASCOM\u00daS &#8211;\u00a0 Esta semana concluy\u00f3 el ciclo del programa \u00abL\u00edderes\u00bb, una propuesta que <a class=\"mh-excerpt-more\" href=\"https:\/\/larevistadigital.com.ar\/blog\/chascomus-cierre-del-programa-lideres-con-jovenes-de-escuelas-secundarias\/\" title=\"Chascom\u00fas: Cierre del programa \u201cL\u00edderes\u201d con j\u00f3venes de escuelas secundarias\">[Leer M\u00e1s]<\/a><\/p>\n<\/div>","protected":false},"author":3,"featured_media":37415,"comment_status":"open","ping_status":"open","sticky":false,"template":"","format":"standard","meta":{"_jetpack_memberships_contains_paid_content":false,"footnotes":"","jetpack_publicize_message":"","jetpack_publicize_feature_enabled":true,"jetpack_social_post_already_shared":true,"jetpack_social_options":{"image_generator_settings":{"template":"highway","default_image_id":0,"font":"","enabled":false},"version":2}},"categories":[6],"tags":[],"class_list":{"0":"post-37414","1":"post","2":"type-post","3":"status-publish","4":"format-standard","5":"has-post-thumbnail","7":"category-chascomus"},"jetpack_publicize_connections":[],"jetpack_featured_media_url":"https:\/\/i0.wp.com\/larevistadigital.com.ar\/blog\/wp-content\/uploads\/67003aa8ac655.png?fit=668%2C445&ssl=1","jetpack_sharing_enabled":true,"jetpack_shortlink":"https:\/\/wp.me\/p8qtrQ-9Js","jetpack-related-posts":[{"id":39497,"url":"https:\/\/larevistadigital.com.ar\/blog\/estudiantes-del-nivel-secundario-participaron-de-una-nueva-edicion-del-programa-lideres\/","url_meta":{"origin":37414,"position":0},"title":"Estudiantes del nivel secundario participaron de una nueva edici\u00f3n del programa \u201cL\u00edderes\u201d","author":"Alejandro Sosa Ruda","date":"23 abril, 2025","format":false,"excerpt":"En esta ocasi\u00f3n, la coordinaci\u00f3n est\u00e1 a cargo de los Operadores de Calle en conjunto con la Federaci\u00f3n de Estudiantes Secundarios (FES). 23 de Abril de 2025 CHASCOM\u00daS -\u00a0 Durante el martes y el mi\u00e9rcoles de esta semana, se llev\u00f3 a cabo una nueva edici\u00f3n del programa municipal \u201cL\u00edderes\u201d en\u2026","rel":"","context":"En \u00abCHASCOM\u00daS\u00bb","block_context":{"text":"CHASCOM\u00daS","link":"https:\/\/larevistadigital.com.ar\/blog\/category\/chascomus\/"},"img":{"alt_text":"","src":"https:\/\/i0.wp.com\/larevistadigital.com.ar\/blog\/wp-content\/uploads\/68092a4d365a9.png?fit=668%2C445&ssl=1&resize=350%2C200","width":350,"height":200,"srcset":"https:\/\/i0.wp.com\/larevistadigital.com.ar\/blog\/wp-content\/uploads\/68092a4d365a9.png?fit=668%2C445&ssl=1&resize=350%2C200 1x, https:\/\/i0.wp.com\/larevistadigital.com.ar\/blog\/wp-content\/uploads\/68092a4d365a9.png?fit=668%2C445&ssl=1&resize=525%2C300 1.5x"},"classes":[]},{"id":42103,"url":"https:\/\/larevistadigital.com.ar\/blog\/chascomus-la-empresa-atalaya-dialogo-con-estudiantes-secundarios-sobre-los-primeros-pasos-laborales\/","url_meta":{"origin":37414,"position":1},"title":"Chascom\u00fas: La empresa Atalaya dialog\u00f3 con estudiantes secundarios sobre los primeros pasos laborales","author":"Alejandro Sosa Ruda","date":"20 octubre, 2025","format":false,"excerpt":"A trav\u00e9s del programa Coordenadas, desde la Municipalidad se acompa\u00f1a a los j\u00f3venes con valiosas herramientas para que puedan insertarse en el mundo laboral. 20 de Octubre de 2025 CHASCOM\u00daS -\u00a0 \u00a0El \u00faltimo viernes, en el marco del programa \"Coordenadas\", estudiantes de sexto a\u00f1o de escuelas secundarias de la ciudad,\u2026","rel":"","context":"En \u00abCHASCOM\u00daS\u00bb","block_context":{"text":"CHASCOM\u00daS","link":"https:\/\/larevistadigital.com.ar\/blog\/category\/chascomus\/"},"img":{"alt_text":"","src":"https:\/\/i0.wp.com\/larevistadigital.com.ar\/blog\/wp-content\/uploads\/68f684e9949af.png?fit=668%2C445&ssl=1&resize=350%2C200","width":350,"height":200,"srcset":"https:\/\/i0.wp.com\/larevistadigital.com.ar\/blog\/wp-content\/uploads\/68f684e9949af.png?fit=668%2C445&ssl=1&resize=350%2C200 1x, https:\/\/i0.wp.com\/larevistadigital.com.ar\/blog\/wp-content\/uploads\/68f684e9949af.png?fit=668%2C445&ssl=1&resize=525%2C300 1.5x"},"classes":[]},{"id":42143,"url":"https:\/\/larevistadigital.com.ar\/blog\/chascomus-la-empresa-ccu-argentina-villa-del-sur-brindo-un-taller-laboral-a-estudiantes-secundarios\/","url_meta":{"origin":37414,"position":2},"title":"Chascom\u00fas: La empresa CCU Argentina &#8211; Villa del Sur brind\u00f3 un taller laboral a estudiantes secundarios","author":"Alejandro Sosa Ruda","date":"21 octubre, 2025","format":false,"excerpt":"A trav\u00e9s del programa Coordenadas, desde la Municipalidad se trabaja para acercar a los j\u00f3venes estudiantes con el mundo del trabajo. 21 de Octubre de 2025 CHASCOM\u00daS -\u00a0 \u00a0Durante la ma\u00f1ana de este martes, en el marco del programa \"Coordenadas\", empresa CCU Argentina - Villa del Sur brind\u00f3 un taller\u2026","rel":"","context":"En \u00abCHASCOM\u00daS\u00bb","block_context":{"text":"CHASCOM\u00daS","link":"https:\/\/larevistadigital.com.ar\/blog\/category\/chascomus\/"},"img":{"alt_text":"","src":"https:\/\/i0.wp.com\/larevistadigital.com.ar\/blog\/wp-content\/uploads\/68f7b8718a9f4.png?fit=668%2C445&ssl=1&resize=350%2C200","width":350,"height":200,"srcset":"https:\/\/i0.wp.com\/larevistadigital.com.ar\/blog\/wp-content\/uploads\/68f7b8718a9f4.png?fit=668%2C445&ssl=1&resize=350%2C200 1x, https:\/\/i0.wp.com\/larevistadigital.com.ar\/blog\/wp-content\/uploads\/68f7b8718a9f4.png?fit=668%2C445&ssl=1&resize=525%2C300 1.5x"},"classes":[]},{"id":39974,"url":"https:\/\/larevistadigital.com.ar\/blog\/chascomus-educacion-financiera-para-estudiantes-rico-en-data\/","url_meta":{"origin":37414,"position":3},"title":"Chascom\u00fas: Educaci\u00f3n financiera para estudiantes \u00abRico.en.data\u00bb","author":"Alejandro Sosa Ruda","date":"6 junio, 2025","format":false,"excerpt":"Una iniciativa del Banco Provincia junto a la DGCyE para la educaci\u00f3n financiera de estudiantes del nivel secundario. 06 de Junio de 2025 CHASCOM\u00daS -\u00a0 \u00a0Ayer por la ma\u00f1ana tuvo lugar una reuni\u00f3n para la coordinaci\u00f3n de acciones y cuestiones organizativas de cara a la implementaci\u00f3n del programa \"RICO.EN.DATA: Educaci\u00f3n\u2026","rel":"","context":"En \u00abCHASCOM\u00daS\u00bb","block_context":{"text":"CHASCOM\u00daS","link":"https:\/\/larevistadigital.com.ar\/blog\/category\/chascomus\/"},"img":{"alt_text":"","src":"https:\/\/i0.wp.com\/larevistadigital.com.ar\/blog\/wp-content\/uploads\/6841d6408d1cc.png?fit=668%2C445&ssl=1&resize=350%2C200","width":350,"height":200,"srcset":"https:\/\/i0.wp.com\/larevistadigital.com.ar\/blog\/wp-content\/uploads\/6841d6408d1cc.png?fit=668%2C445&ssl=1&resize=350%2C200 1x, https:\/\/i0.wp.com\/larevistadigital.com.ar\/blog\/wp-content\/uploads\/6841d6408d1cc.png?fit=668%2C445&ssl=1&resize=525%2C300 1.5x"},"classes":[]},{"id":42112,"url":"https:\/\/larevistadigital.com.ar\/blog\/chascomus-presente-en-el-encuentro-provincial-de-jovenes-y-memoria\/","url_meta":{"origin":37414,"position":4},"title":"Chascom\u00fas presente en el encuentro provincial de \u201cJ\u00f3venes y Memoria\u201d","author":"Alejandro Sosa Ruda","date":"20 octubre, 2025","format":false,"excerpt":"M\u00e1s de 50 j\u00f3venes locales compartieron sus producciones e investigaciones en Mar del Plata. 20 de Octubre de 2025 CHASCOM\u00daS -\u00a0 \u00a0M\u00e1s de medio centenar de j\u00f3venes de Chascom\u00fas participaron la semana pasada del encuentro provincial del programa \u201cJ\u00f3venes y Memoria\u201d, que se llev\u00f3 a cabo en la ciudad de\u2026","rel":"","context":"En \u00abCHASCOM\u00daS\u00bb","block_context":{"text":"CHASCOM\u00daS","link":"https:\/\/larevistadigital.com.ar\/blog\/category\/chascomus\/"},"img":{"alt_text":"","src":"https:\/\/i0.wp.com\/larevistadigital.com.ar\/blog\/wp-content\/uploads\/68f6718932c35.png?fit=668%2C445&ssl=1&resize=350%2C200","width":350,"height":200,"srcset":"https:\/\/i0.wp.com\/larevistadigital.com.ar\/blog\/wp-content\/uploads\/68f6718932c35.png?fit=668%2C445&ssl=1&resize=350%2C200 1x, https:\/\/i0.wp.com\/larevistadigital.com.ar\/blog\/wp-content\/uploads\/68f6718932c35.png?fit=668%2C445&ssl=1&resize=525%2C300 1.5x"},"classes":[]},{"id":39707,"url":"https:\/\/larevistadigital.com.ar\/blog\/basapp-en-un-click-continuan-las-capacitaciones-en-escuelas-secundarias\/","url_meta":{"origin":37414,"position":5},"title":"Basapp en un Click: Contin\u00faan las capacitaciones en escuelas secundarias","author":"Alejandro Sosa Ruda","date":"8 mayo, 2025","format":false,"excerpt":"La Municipalidad de Chascom\u00fas trabaja para fortalecer la prevenci\u00f3n y el acompa\u00f1amiento a j\u00f3venes en situaciones de emergencia. 8 de Mayo de 2025 CHASCOM\u00daS -\u00a0 B Estudiantes de distintas escuelas secundarias de Chascom\u00fas participan de jornadas de capacitaci\u00f3n en el marco del programa municipal \u201cBasapp en un Click\u201d, orientado a\u2026","rel":"","context":"En \u00abCHASCOM\u00daS\u00bb","block_context":{"text":"CHASCOM\u00daS","link":"https:\/\/larevistadigital.com.ar\/blog\/category\/chascomus\/"},"img":{"alt_text":"","src":"https:\/\/i0.wp.com\/larevistadigital.com.ar\/blog\/wp-content\/uploads\/681ce5f83e026.png?fit=668%2C445&ssl=1&resize=350%2C200","width":350,"height":200,"srcset":"https:\/\/i0.wp.com\/larevistadigital.com.ar\/blog\/wp-content\/uploads\/681ce5f83e026.png?fit=668%2C445&ssl=1&resize=350%2C200 1x, https:\/\/i0.wp.com\/larevistadigital.com.ar\/blog\/wp-content\/uploads\/681ce5f83e026.png?fit=668%2C445&ssl=1&resize=525%2C300 1.5x"},"classes":[]}],"_links":{"self":[{"href":"https:\/\/larevistadigital.com.ar\/blog\/wp-json\/wp\/v2\/posts\/37414","targetHints":{"allow":["GET"]}}],"collection":[{"href":"https:\/\/larevistadigital.com.ar\/blog\/wp-json\/wp\/v2\/posts"}],"about":[{"href":"https:\/\/larevistadigital.com.ar\/blog\/wp-json\/wp\/v2\/types\/post"}],"author":[{"embeddable":true,"href":"https:\/\/larevistadigital.com.ar\/blog\/wp-json\/wp\/v2\/users\/3"}],"replies":[{"embeddable":true,"href":"https:\/\/larevistadigital.com.ar\/blog\/wp-json\/wp\/v2\/comments?post=37414"}],"version-history":[{"count":2,"href":"https:\/\/larevistadigital.com.ar\/blog\/wp-json\/wp\/v2\/posts\/37414\/revisions"}],"predecessor-version":[{"id":37435,"href":"https:\/\/larevistadigital.com.ar\/blog\/wp-json\/wp\/v2\/posts\/37414\/revisions\/37435"}],"wp:featuredmedia":[{"embeddable":true,"href":"https:\/\/larevistadigital.com.ar\/blog\/wp-json\/wp\/v2\/media\/37415"}],"wp:attachment":[{"href":"https:\/\/larevistadigital.com.ar\/blog\/wp-json\/wp\/v2\/media?parent=37414"}],"wp:term":[{"taxonomy":"category","embeddable":true,"href":"https:\/\/larevistadigital.com.ar\/blog\/wp-json\/wp\/v2\/categories?post=37414"},{"taxonomy":"post_tag","embeddable":true,"href":"https:\/\/larevistadigital.com.ar\/blog\/wp-json\/wp\/v2\/tags?post=37414"}],"curies":[{"name":"wp","href":"https:\/\/api.w.org\/{rel}","templated":true}]}}