{"id":37453,"date":"2024-10-07T23:12:09","date_gmt":"2024-10-08T02:12:09","guid":{"rendered":"https:\/\/larevistadigital.com.ar\/blog\/?p=37453"},"modified":"2024-10-07T23:12:09","modified_gmt":"2024-10-08T02:12:09","slug":"operativos-de-control-vehicular-y-de-seguridad-en-diversos-puntos-de-urbanos-y-rurales","status":"publish","type":"post","link":"https:\/\/larevistadigital.com.ar\/blog\/operativos-de-control-vehicular-y-de-seguridad-en-diversos-puntos-de-urbanos-y-rurales\/","title":{"rendered":"Operativos de control vehicular y de seguridad en diversos puntos de urbanos y rurales"},"content":{"rendered":"<h2 class=\"excerpt\">El fin de semana se realizaron retenciones de motos y controles de alcoholemia con resultados positivos.<\/h2>\n<p>7 de Octubre de 2024<\/p>\n<div id=\"miDiv1\" class=\"text\">\n<p><strong>CHASCOM\u00daS &#8211;\u00a0<\/strong> Durante el fin de semana, personal de la Secretar\u00eda de Seguridad Ciudadana realiz\u00f3 operativos vehiculares en distintos puntos de la ciudad de Chascom\u00fas.<\/p>\n<blockquote>\n<h3>Como resultado de estas acciones, se retuvieron 15 motoveh\u00edculos que no contaban con patente o presentaban adulteraciones en las chapas correspondientes, adem\u00e1s de detectarse la ausencia de casco en los conductores.<\/h3>\n<\/blockquote>\n<p>Asimismo, se efectuaron pruebas de alcoholemia, de las cuales tres resultaron positivas, labr\u00e1ndose las infracciones correspondientes.<\/p>\n<blockquote>\n<h3>En el marco de estos operativos, se procedi\u00f3 tambi\u00e9n a la identificaci\u00f3n de personas, veh\u00edculos y motocicletas, reforzando las medidas preventivas de seguridad.<\/h3>\n<\/blockquote>\n<p>Como parte del despliegue se llevaron a cabo controles en el Parque Libres del Sur, donde se realiz\u00f3 un recorrido tanto por el per\u00edmetro como por el centro del espacio, y el Barrio Parque Girado, donde se implement\u00f3 un operativo de car\u00e1cter preventivo, estad\u00edstico y reeducativo.<\/p>\n<blockquote>\n<h3>En paralelo, en la zona rural de Cuartel 10, se hicieron controles de caminos y caza furtiva, con paradas de control vehicular en \u201cLas 4 esquinas\u201d y visitas a productores locales para dialogar sobre las necesidades del sector.<\/h3>\n<\/blockquote>\n<p>Las acciones abarcaron desde el Camino del \u00c1guila hasta la zona de La Corona.<\/p>\n<\/div>\n","protected":false},"excerpt":{"rendered":"<div class=\"mh-excerpt\"><p>El fin de semana se realizaron retenciones de motos y controles de alcoholemia con resultados positivos. 7 de Octubre de 2024 CHASCOM\u00daS &#8211;\u00a0 Durante el fin de semana, personal de la Secretar\u00eda de Seguridad Ciudadana <a class=\"mh-excerpt-more\" href=\"https:\/\/larevistadigital.com.ar\/blog\/operativos-de-control-vehicular-y-de-seguridad-en-diversos-puntos-de-urbanos-y-rurales\/\" title=\"Operativos de control vehicular y de seguridad en diversos puntos de urbanos y rurales\">[Leer M\u00e1s]<\/a><\/p>\n<\/div>","protected":false},"author":3,"featured_media":37454,"comment_status":"open","ping_status":"open","sticky":false,"template":"","format":"standard","meta":{"_jetpack_memberships_contains_paid_content":false,"footnotes":"","jetpack_publicize_message":"","jetpack_publicize_feature_enabled":true,"jetpack_social_post_already_shared":true,"jetpack_social_options":{"image_generator_settings":{"template":"highway","default_image_id":0,"font":"","enabled":false},"version":2}},"categories":[6],"tags":[],"class_list":{"0":"post-37453","1":"post","2":"type-post","3":"status-publish","4":"format-standard","5":"has-post-thumbnail","7":"category-chascomus"},"jetpack_publicize_connections":[],"jetpack_featured_media_url":"https:\/\/i0.wp.com\/larevistadigital.com.ar\/blog\/wp-content\/uploads\/6704150306f10.png?fit=668%2C445&ssl=1","jetpack_sharing_enabled":true,"jetpack_shortlink":"https:\/\/wp.me\/p8qtrQ-9K5","jetpack-related-posts":[{"id":35735,"url":"https:\/\/larevistadigital.com.ar\/blog\/chascomus-gran-cantidad-de-operativos-por-el-fin-de-semana-largo\/","url_meta":{"origin":37453,"position":0},"title":"CHASCOM\u00daS: GRAN CANTIDAD DE OPERATIVOS POR EL FIN DE SEMANA LARGO","author":"Alejandro Sosa Ruda","date":"3 abril, 2024","format":false,"excerpt":"La Secretar\u00eda de Seguridad de Chascom\u00fas implement\u00f3 un extenso dispositivo de seguridad que abarc\u00f3 seis d\u00edas consecutivos durante el fin de semana largo. 3 de abril de 2024 CHASCOM\u00daS\u00a0 -\u00a0 Los operativos de prevenci\u00f3n de tr\u00e1nsito y control de alcoholemia se llevaron a cabo en varios puntos de la ciudad,\u2026","rel":"","context":"En \u00abINTERES GENERAL\u00bb","block_context":{"text":"INTERES GENERAL","link":"https:\/\/larevistadigital.com.ar\/blog\/category\/interes-general\/"},"img":{"alt_text":"","src":"https:\/\/i0.wp.com\/larevistadigital.com.ar\/blog\/wp-content\/uploads\/WhatsApp-Image-2022-12-28-at-23.18.12-737x415-1.jpeg?fit=737%2C415&ssl=1&resize=350%2C200","width":350,"height":200,"srcset":"https:\/\/i0.wp.com\/larevistadigital.com.ar\/blog\/wp-content\/uploads\/WhatsApp-Image-2022-12-28-at-23.18.12-737x415-1.jpeg?fit=737%2C415&ssl=1&resize=350%2C200 1x, https:\/\/i0.wp.com\/larevistadigital.com.ar\/blog\/wp-content\/uploads\/WhatsApp-Image-2022-12-28-at-23.18.12-737x415-1.jpeg?fit=737%2C415&ssl=1&resize=525%2C300 1.5x, https:\/\/i0.wp.com\/larevistadigital.com.ar\/blog\/wp-content\/uploads\/WhatsApp-Image-2022-12-28-at-23.18.12-737x415-1.jpeg?fit=737%2C415&ssl=1&resize=700%2C400 2x"},"classes":[]},{"id":37472,"url":"https:\/\/larevistadigital.com.ar\/blog\/chascomus-operativos-preventivos-de-seguridad-para-el-fin-de-semana-largo\/","url_meta":{"origin":37453,"position":1},"title":"CHASCOM\u00daS: Operativos preventivos de seguridad para el fin de semana largo","author":"Alejandro Sosa Ruda","date":"9 octubre, 2024","format":false,"excerpt":"Autoridades municipales y policiales se reunieron para coordinar acciones durante el pr\u00f3ximo fin de semana largo para el que se espera una masiva llegada de turistas y visitantes a la ciudad. 9 de octubre de 2024 CHASCOM\u00daS -\u00a0 La secretaria de Seguridad Ciudadana, Mariela Moscarella, se reuni\u00f3 con autoridades policiales\u2026","rel":"","context":"En \u00abDESTACADAS\u00bb","block_context":{"text":"DESTACADAS","link":"https:\/\/larevistadigital.com.ar\/blog\/category\/destacadas\/"},"img":{"alt_text":"","src":"https:\/\/i0.wp.com\/larevistadigital.com.ar\/blog\/wp-content\/uploads\/6706b8c682e43.png?fit=668%2C445&ssl=1&resize=350%2C200","width":350,"height":200,"srcset":"https:\/\/i0.wp.com\/larevistadigital.com.ar\/blog\/wp-content\/uploads\/6706b8c682e43.png?fit=668%2C445&ssl=1&resize=350%2C200 1x, https:\/\/i0.wp.com\/larevistadigital.com.ar\/blog\/wp-content\/uploads\/6706b8c682e43.png?fit=668%2C445&ssl=1&resize=525%2C300 1.5x"},"classes":[]},{"id":36692,"url":"https:\/\/larevistadigital.com.ar\/blog\/chascomus-operativos-de-prevencion-en-las-vacaciones-de-invierno\/","url_meta":{"origin":37453,"position":2},"title":"CHASCOM\u00daS: OPERATIVOS DE PREVENCI\u00d3N EN LAS VACACIONES DE INVIERNO","author":"Alejandro Sosa Ruda","date":"15 julio, 2024","format":false,"excerpt":"Estos controles, en los accesos y en la estaci\u00f3n ferroautomotor, se mantendr\u00e1n durante los fines de semana del receso invernal. 15 de Julio de 2024 CHASCOM\u00daS -\u00a0 Ante la afluencia de turistas y visitantes a la ciudad por el inicio de las vacaciones, se llevan a cabo diversos operativos preventivos\u2026","rel":"","context":"En \u00abDESTACADAS\u00bb","block_context":{"text":"DESTACADAS","link":"https:\/\/larevistadigital.com.ar\/blog\/category\/destacadas\/"},"img":{"alt_text":"","src":"https:\/\/i0.wp.com\/larevistadigital.com.ar\/blog\/wp-content\/uploads\/6695541a44573.png?fit=668%2C445&ssl=1&resize=350%2C200","width":350,"height":200,"srcset":"https:\/\/i0.wp.com\/larevistadigital.com.ar\/blog\/wp-content\/uploads\/6695541a44573.png?fit=668%2C445&ssl=1&resize=350%2C200 1x, https:\/\/i0.wp.com\/larevistadigital.com.ar\/blog\/wp-content\/uploads\/6695541a44573.png?fit=668%2C445&ssl=1&resize=525%2C300 1.5x"},"classes":[]},{"id":43627,"url":"https:\/\/larevistadigital.com.ar\/blog\/la-municipalidad-incorporo-nuevo-equipamiento-para-controles-de-alcoholemia\/","url_meta":{"origin":37453,"position":3},"title":"La Municipalidad incorpor\u00f3 nuevo equipamiento para controles de alcoholemia","author":"Alejandro Sosa Ruda","date":"27 enero, 2026","format":false,"excerpt":"Los dispositivos fueron entregados en comodato por el Ministerio de Transporte bonaerense y ser\u00e1n utilizados por el \u00e1rea de Seguridad Urbana en operativos nocturnos y en accesos a la ciudad. La Municipalidad de Chascom\u00fas incorpor\u00f3 nuevo equipamiento para fortalecer los controles de alcoholemia que se realizan en la ciudad, en\u2026","rel":"","context":"En \u00abCHASCOM\u00daS\u00bb","block_context":{"text":"CHASCOM\u00daS","link":"https:\/\/larevistadigital.com.ar\/blog\/category\/chascomus\/"},"img":{"alt_text":"","src":"https:\/\/i0.wp.com\/larevistadigital.com.ar\/blog\/wp-content\/uploads\/6978f147d3d0d.png?fit=668%2C445&ssl=1&resize=350%2C200","width":350,"height":200,"srcset":"https:\/\/i0.wp.com\/larevistadigital.com.ar\/blog\/wp-content\/uploads\/6978f147d3d0d.png?fit=668%2C445&ssl=1&resize=350%2C200 1x, https:\/\/i0.wp.com\/larevistadigital.com.ar\/blog\/wp-content\/uploads\/6978f147d3d0d.png?fit=668%2C445&ssl=1&resize=525%2C300 1.5x"},"classes":[]},{"id":41448,"url":"https:\/\/larevistadigital.com.ar\/blog\/chascomus-operativos-de-seguridad-durante-el-fin-de-semana\/","url_meta":{"origin":37453,"position":4},"title":"Chascom\u00fas: Operativos de seguridad durante el fin de semana","author":"Alejandro Sosa Ruda","date":"15 septiembre, 2025","format":false,"excerpt":"Se llevaron a cabo controles en accesos y en la zona rural. 15 de Septiembre de 2025 CHASCOM\u00daS -\u00a0 \u00a0En el marco de las continuas acciones preventivas que lleva adelante la Municipalidad, personal de la Estaci\u00f3n de Polic\u00eda Comunal (EPC) y de la Patrulla de Prevenci\u00f3n Municipal realizaron durante el\u2026","rel":"","context":"En \u00abSin categor\u00eda\u00bb","block_context":{"text":"Sin categor\u00eda","link":"https:\/\/larevistadigital.com.ar\/blog\/category\/sin-categoria\/"},"img":{"alt_text":"","src":"https:\/\/i0.wp.com\/larevistadigital.com.ar\/blog\/wp-content\/uploads\/68c847f4ce660.png?fit=668%2C445&ssl=1&resize=350%2C200","width":350,"height":200,"srcset":"https:\/\/i0.wp.com\/larevistadigital.com.ar\/blog\/wp-content\/uploads\/68c847f4ce660.png?fit=668%2C445&ssl=1&resize=350%2C200 1x, https:\/\/i0.wp.com\/larevistadigital.com.ar\/blog\/wp-content\/uploads\/68c847f4ce660.png?fit=668%2C445&ssl=1&resize=525%2C300 1.5x"},"classes":[]},{"id":37507,"url":"https:\/\/larevistadigital.com.ar\/blog\/intensos-controles-preventivos-durante-el-fin-de-semana-largo\/","url_meta":{"origin":37453,"position":5},"title":"Intensos controles preventivos durante el fin de semana largo","author":"Alejandro Sosa Ruda","date":"15 octubre, 2024","format":false,"excerpt":"Los operativos de prevenci\u00f3n de tr\u00e1nsito y control de alcoholemia se llevaron a cabo en varios puntos de la ciudad, sin registrarse incidentes relacionados con el consumo de alcohol ni accidentes vehiculares. 14 de Octure de 2024 CHASCOM\u00daS -\u00a0 La Municipalidad de Chascom\u00fas implement\u00f3 un extenso dispositivo de seguridad durante\u2026","rel":"","context":"En \u00abINTERES GENERAL\u00bb","block_context":{"text":"INTERES GENERAL","link":"https:\/\/larevistadigital.com.ar\/blog\/category\/interes-general\/"},"img":{"alt_text":"","src":"https:\/\/i0.wp.com\/larevistadigital.com.ar\/blog\/wp-content\/uploads\/670d51fab1e0e.png?fit=668%2C445&ssl=1&resize=350%2C200","width":350,"height":200,"srcset":"https:\/\/i0.wp.com\/larevistadigital.com.ar\/blog\/wp-content\/uploads\/670d51fab1e0e.png?fit=668%2C445&ssl=1&resize=350%2C200 1x, https:\/\/i0.wp.com\/larevistadigital.com.ar\/blog\/wp-content\/uploads\/670d51fab1e0e.png?fit=668%2C445&ssl=1&resize=525%2C300 1.5x"},"classes":[]}],"_links":{"self":[{"href":"https:\/\/larevistadigital.com.ar\/blog\/wp-json\/wp\/v2\/posts\/37453","targetHints":{"allow":["GET"]}}],"collection":[{"href":"https:\/\/larevistadigital.com.ar\/blog\/wp-json\/wp\/v2\/posts"}],"about":[{"href":"https:\/\/larevistadigital.com.ar\/blog\/wp-json\/wp\/v2\/types\/post"}],"author":[{"embeddable":true,"href":"https:\/\/larevistadigital.com.ar\/blog\/wp-json\/wp\/v2\/users\/3"}],"replies":[{"embeddable":true,"href":"https:\/\/larevistadigital.com.ar\/blog\/wp-json\/wp\/v2\/comments?post=37453"}],"version-history":[{"count":1,"href":"https:\/\/larevistadigital.com.ar\/blog\/wp-json\/wp\/v2\/posts\/37453\/revisions"}],"predecessor-version":[{"id":37455,"href":"https:\/\/larevistadigital.com.ar\/blog\/wp-json\/wp\/v2\/posts\/37453\/revisions\/37455"}],"wp:featuredmedia":[{"embeddable":true,"href":"https:\/\/larevistadigital.com.ar\/blog\/wp-json\/wp\/v2\/media\/37454"}],"wp:attachment":[{"href":"https:\/\/larevistadigital.com.ar\/blog\/wp-json\/wp\/v2\/media?parent=37453"}],"wp:term":[{"taxonomy":"category","embeddable":true,"href":"https:\/\/larevistadigital.com.ar\/blog\/wp-json\/wp\/v2\/categories?post=37453"},{"taxonomy":"post_tag","embeddable":true,"href":"https:\/\/larevistadigital.com.ar\/blog\/wp-json\/wp\/v2\/tags?post=37453"}],"curies":[{"name":"wp","href":"https:\/\/api.w.org\/{rel}","templated":true}]}}