{"id":37478,"date":"2024-10-09T22:57:36","date_gmt":"2024-10-10T01:57:36","guid":{"rendered":"https:\/\/larevistadigital.com.ar\/blog\/?p=37478"},"modified":"2024-10-09T22:57:36","modified_gmt":"2024-10-10T01:57:36","slug":"concierto-sacro-de-la-cantoria-municipal-de-chascomus","status":"publish","type":"post","link":"https:\/\/larevistadigital.com.ar\/blog\/concierto-sacro-de-la-cantoria-municipal-de-chascomus\/","title":{"rendered":"Concierto Sacro de la Cantor\u00eda Municipal de Chascom\u00fas"},"content":{"rendered":"<h2 class=\"excerpt\">Se ofrece en el marco de las celebraciones de la Entronizaci\u00f3n de la imagen de Carlo Acutis en la Iglesia Catedral<\/h2>\n<p>09 de Octubre de 2024<\/p>\n<div id=\"miDiv1\" class=\"text\">\n<p><strong>CHASCOM\u00daS &#8211;\u00a0<\/strong> El pr\u00f3ximo jueves 10 de octubre la Cantor\u00eda Municipal ofrecer\u00e1 un concierto bajo la direcci\u00f3n de su fundadora, Maestra <strong>M\u00f3nica Dagorret<\/strong>, como parte de los festejos por la Entronizaci\u00f3n de la imagen de <strong>Carlos Acutis<\/strong>. El mismo tendr\u00e1 lugar en la Iglesia Catedral al finalizar la misa de las 19 hs.<\/p>\n<blockquote>\n<h3>La m\u00fasica coral tiene profundas ra\u00edces en la historia de la humanidad. Desde el canto gregoriano hasta las composiciones contempor\u00e1neas, el coro es una forma de expresi\u00f3n art\u00edstica que acompa\u00f1\u00f3 a las comunidades a lo largo de los siglos.<\/h3>\n<\/blockquote>\n<p>Se invita a toda la comunidad a participar de esta velada de canto y reflexi\u00f3n.<\/p>\n<\/div>\n","protected":false},"excerpt":{"rendered":"<div class=\"mh-excerpt\"><p>Se ofrece en el marco de las celebraciones de la Entronizaci\u00f3n de la imagen de Carlo Acutis en la Iglesia Catedral 09 de Octubre de 2024 CHASCOM\u00daS &#8211;\u00a0 El pr\u00f3ximo jueves 10 de octubre la <a class=\"mh-excerpt-more\" href=\"https:\/\/larevistadigital.com.ar\/blog\/concierto-sacro-de-la-cantoria-municipal-de-chascomus\/\" title=\"Concierto Sacro de la Cantor\u00eda Municipal de Chascom\u00fas\">[Leer M\u00e1s]<\/a><\/p>\n<\/div>","protected":false},"author":3,"featured_media":37479,"comment_status":"open","ping_status":"open","sticky":false,"template":"","format":"standard","meta":{"_jetpack_memberships_contains_paid_content":false,"footnotes":"","jetpack_publicize_message":"","jetpack_publicize_feature_enabled":true,"jetpack_social_post_already_shared":true,"jetpack_social_options":{"image_generator_settings":{"template":"highway","default_image_id":0,"font":"","enabled":false},"version":2}},"categories":[50],"tags":[],"class_list":{"0":"post-37478","1":"post","2":"type-post","3":"status-publish","4":"format-standard","5":"has-post-thumbnail","7":"category-interes-general"},"jetpack_publicize_connections":[],"jetpack_featured_media_url":"https:\/\/i0.wp.com\/larevistadigital.com.ar\/blog\/wp-content\/uploads\/6706bf1263496.png?fit=668%2C445&ssl=1","jetpack_sharing_enabled":true,"jetpack_shortlink":"https:\/\/wp.me\/p8qtrQ-9Ku","jetpack-related-posts":[{"id":37488,"url":"https:\/\/larevistadigital.com.ar\/blog\/entronizacion-de-carlo-acutis\/","url_meta":{"origin":37478,"position":0},"title":"Entronizaci\u00f3n de Carlo Acutis","author":"Alejandro Sosa Ruda","date":"9 octubre, 2024","format":false,"excerpt":"Ya se encuentra en custodia del Cuerpo de Bomberos Voluntarios de la Ciudad la imagen de Carlo Acutis que ma\u00f1ana ser\u00e1 entronizada luego de ser bendecida por el Obispo Diocesano Juan Ignacio Liebana . Ser\u00e1n los Bomberos quienes llevaran la imagen enmarcada desde el Cuartel hasta la sede de FibraTv\u2026","rel":"","context":"En \u00abREGIONALES\u00bb","block_context":{"text":"REGIONALES","link":"https:\/\/larevistadigital.com.ar\/blog\/category\/regionales\/"},"img":{"alt_text":"","src":"https:\/\/i0.wp.com\/larevistadigital.com.ar\/blog\/wp-content\/uploads\/WhatsApp-Image-2024-10-09-at-22.54.41.jpeg?fit=675%2C1200&ssl=1&resize=350%2C200","width":350,"height":200,"srcset":"https:\/\/i0.wp.com\/larevistadigital.com.ar\/blog\/wp-content\/uploads\/WhatsApp-Image-2024-10-09-at-22.54.41.jpeg?fit=675%2C1200&ssl=1&resize=350%2C200 1x, https:\/\/i0.wp.com\/larevistadigital.com.ar\/blog\/wp-content\/uploads\/WhatsApp-Image-2024-10-09-at-22.54.41.jpeg?fit=675%2C1200&ssl=1&resize=525%2C300 1.5x"},"classes":[]},{"id":36159,"url":"https:\/\/larevistadigital.com.ar\/blog\/chascomus-prepara-un-gran-festejo-por-el-245-aniversario-de-nuestra-fundacion\/","url_meta":{"origin":37478,"position":1},"title":"CHASCOM\u00daS PREPARA UN GRAN FESTEJO POR EL 245\u00b0 ANIVERSARIO DE NUESTRA FUNDACI\u00d3N","author":"Alejandro Sosa Ruda","date":"28 mayo, 2024","format":false,"excerpt":"Encabezado por el Intendente Javier Gast\u00f3n, el acto oficial ser\u00e1 el domingo a las 15 horas, para luego disfrutar del cumplea\u00f1os en la plaza con numerosas actividades, chocolate, juegos y shows en vivo, entre otras atractivas propuestas. 28 de Mayo de 2024 CHASCOM\u00daS -\u00a0 Las actividades que se ofrecer\u00e1n en\u2026","rel":"","context":"En \u00abCHASCOM\u00daS\u00bb","block_context":{"text":"CHASCOM\u00daS","link":"https:\/\/larevistadigital.com.ar\/blog\/category\/chascomus\/"},"img":{"alt_text":"","src":"https:\/\/i0.wp.com\/larevistadigital.com.ar\/blog\/wp-content\/uploads\/2024_05_29_01_40_37_3867038.jpg?fit=600%2C422&ssl=1&resize=350%2C200","width":350,"height":200,"srcset":"https:\/\/i0.wp.com\/larevistadigital.com.ar\/blog\/wp-content\/uploads\/2024_05_29_01_40_37_3867038.jpg?fit=600%2C422&ssl=1&resize=350%2C200 1x, https:\/\/i0.wp.com\/larevistadigital.com.ar\/blog\/wp-content\/uploads\/2024_05_29_01_40_37_3867038.jpg?fit=600%2C422&ssl=1&resize=525%2C300 1.5x"},"classes":[]},{"id":39855,"url":"https:\/\/larevistadigital.com.ar\/blog\/chascomus-se-viene-una-gran-fiesta-aniversario-para-celebrar-246-anos-de-la-fundacion-de-chascomus\/","url_meta":{"origin":37478,"position":2},"title":"Chascom\u00fas: Se viene una gran Fiesta Aniversario para celebrar 246 a\u00f1os de la Fundaci\u00f3n de Chascom\u00fas","author":"Alejandro Sosa Ruda","date":"22 mayo, 2025","format":false,"excerpt":"Viviremos un nuevo cumplea\u00f1os, recordando la fundaci\u00f3n del Fuerte de San Juan Bautista que le dio origen, con diversos actos que tendr\u00e1n como protagonistas a numerosos vecinos de nuestra comunidad y el acompa\u00f1amiento de Atalaya. 22 de Mayo de 2025 CHASCOM\u00daS -\u00a0 \u00a0Para celebrar entre todos un nuevo cumplea\u00f1os de\u2026","rel":"","context":"En \u00abCHASCOM\u00daS\u00bb","block_context":{"text":"CHASCOM\u00daS","link":"https:\/\/larevistadigital.com.ar\/blog\/category\/chascomus\/"},"img":{"alt_text":"","src":"https:\/\/i0.wp.com\/larevistadigital.com.ar\/blog\/wp-content\/uploads\/682f67b1ccd89.png?fit=668%2C445&ssl=1&resize=350%2C200","width":350,"height":200,"srcset":"https:\/\/i0.wp.com\/larevistadigital.com.ar\/blog\/wp-content\/uploads\/682f67b1ccd89.png?fit=668%2C445&ssl=1&resize=350%2C200 1x, https:\/\/i0.wp.com\/larevistadigital.com.ar\/blog\/wp-content\/uploads\/682f67b1ccd89.png?fit=668%2C445&ssl=1&resize=525%2C300 1.5x"},"classes":[]},{"id":41862,"url":"https:\/\/larevistadigital.com.ar\/blog\/chascomus-rocio-quiroz-brindara-un-concierto-sera-a-beneficio-de-milo\/","url_meta":{"origin":37478,"position":3},"title":"Chascom\u00fas: Roc\u00edo Quiroz brindar\u00e1 un concierto ser\u00e1 a beneficio de Milo","author":"Alejandro Sosa Ruda","date":"9 octubre, 2025","format":false,"excerpt":"Junto a integrantes de la Banda Municipal, Orquesta \u2013 Escuela Chascom\u00fas y Conservatorio. 09 de Octubre de 2025 CHASCOM\u00daS -\u00a0 \u00a0El jueves 23 de octubre, subir\u00e1 al escenario del Teatro Municipal Brazzola, a las 20,30 horas, la joven cantante chascomunense Roc\u00edo Quiroz junto a integrantes de la Banda Municipal de\u2026","rel":"","context":"En \u00abCHASCOM\u00daS\u00bb","block_context":{"text":"CHASCOM\u00daS","link":"https:\/\/larevistadigital.com.ar\/blog\/category\/chascomus\/"},"img":{"alt_text":"","src":"https:\/\/i0.wp.com\/larevistadigital.com.ar\/blog\/wp-content\/uploads\/68e7f175bd99b.png?fit=668%2C445&ssl=1&resize=350%2C200","width":350,"height":200,"srcset":"https:\/\/i0.wp.com\/larevistadigital.com.ar\/blog\/wp-content\/uploads\/68e7f175bd99b.png?fit=668%2C445&ssl=1&resize=350%2C200 1x, https:\/\/i0.wp.com\/larevistadigital.com.ar\/blog\/wp-content\/uploads\/68e7f175bd99b.png?fit=668%2C445&ssl=1&resize=525%2C300 1.5x"},"classes":[]},{"id":39915,"url":"https:\/\/larevistadigital.com.ar\/blog\/fin-de-semana-de-fiesta-en-chascomus\/","url_meta":{"origin":37478,"position":4},"title":"\u00a1Fin de semana de fiesta en Chascom\u00fas!","author":"Alejandro Sosa Ruda","date":"29 mayo, 2025","format":false,"excerpt":"Desde este jueves y hasta el domingo, se han programado numerosas actividades recreativas, art\u00edsticas y culturales para celebrar entre todos el 246\u00b0 aniversario de nuestra ciudad. 29 de Mayo de 2025 CHASCOM\u00daS\u00a0 \u00a0-\u00a0 \u00a0A continuaci\u00f3n, se brinda la programaci\u00f3n de las distintas propuestas que rendir\u00e1n homenaje a nuestra ciudad, en\u2026","rel":"","context":"En \u00abCHASCOM\u00daS\u00bb","block_context":{"text":"CHASCOM\u00daS","link":"https:\/\/larevistadigital.com.ar\/blog\/category\/chascomus\/"},"img":{"alt_text":"","src":"https:\/\/i0.wp.com\/larevistadigital.com.ar\/blog\/wp-content\/uploads\/68374930deccd.png?fit=668%2C445&ssl=1&resize=350%2C200","width":350,"height":200,"srcset":"https:\/\/i0.wp.com\/larevistadigital.com.ar\/blog\/wp-content\/uploads\/68374930deccd.png?fit=668%2C445&ssl=1&resize=350%2C200 1x, https:\/\/i0.wp.com\/larevistadigital.com.ar\/blog\/wp-content\/uploads\/68374930deccd.png?fit=668%2C445&ssl=1&resize=525%2C300 1.5x"},"classes":[]},{"id":42146,"url":"https:\/\/larevistadigital.com.ar\/blog\/chascomus-veni-a-colaborar-con-milo-y-disfrutar-del-concierto-de-rocio-quiroz-en-el-brazzola\/","url_meta":{"origin":37478,"position":5},"title":"Chascom\u00fas: Ven\u00ed a colaborar con Milo y disfrutar del concierto de Roc\u00edo Quiroz en el Brazzola","author":"Alejandro Sosa Ruda","date":"21 octubre, 2025","format":false,"excerpt":"La reconocida cantante tropical estar\u00e1 acompa\u00f1ada por la Banda Municipal de M\u00fasica, la Orquesta Filarm\u00f3nica de Chascom\u00fas e integrantes del Conservatorio de M\u00fasica. 21 de Octubre de 2025 CHASCOM\u00daS -\u00a0 \u00a0Este jueves 23 de octubre, el Teatro Municipal Brazzola, ser\u00e1 una fiesta de la m\u00fasica y la solidaridad, cuando haga\u2026","rel":"","context":"En \u00abCHASCOM\u00daS\u00bb","block_context":{"text":"CHASCOM\u00daS","link":"https:\/\/larevistadigital.com.ar\/blog\/category\/chascomus\/"},"img":{"alt_text":"","src":"https:\/\/i0.wp.com\/larevistadigital.com.ar\/blog\/wp-content\/uploads\/68f7b735e42a6.png?fit=668%2C445&ssl=1&resize=350%2C200","width":350,"height":200,"srcset":"https:\/\/i0.wp.com\/larevistadigital.com.ar\/blog\/wp-content\/uploads\/68f7b735e42a6.png?fit=668%2C445&ssl=1&resize=350%2C200 1x, https:\/\/i0.wp.com\/larevistadigital.com.ar\/blog\/wp-content\/uploads\/68f7b735e42a6.png?fit=668%2C445&ssl=1&resize=525%2C300 1.5x"},"classes":[]}],"_links":{"self":[{"href":"https:\/\/larevistadigital.com.ar\/blog\/wp-json\/wp\/v2\/posts\/37478","targetHints":{"allow":["GET"]}}],"collection":[{"href":"https:\/\/larevistadigital.com.ar\/blog\/wp-json\/wp\/v2\/posts"}],"about":[{"href":"https:\/\/larevistadigital.com.ar\/blog\/wp-json\/wp\/v2\/types\/post"}],"author":[{"embeddable":true,"href":"https:\/\/larevistadigital.com.ar\/blog\/wp-json\/wp\/v2\/users\/3"}],"replies":[{"embeddable":true,"href":"https:\/\/larevistadigital.com.ar\/blog\/wp-json\/wp\/v2\/comments?post=37478"}],"version-history":[{"count":1,"href":"https:\/\/larevistadigital.com.ar\/blog\/wp-json\/wp\/v2\/posts\/37478\/revisions"}],"predecessor-version":[{"id":37480,"href":"https:\/\/larevistadigital.com.ar\/blog\/wp-json\/wp\/v2\/posts\/37478\/revisions\/37480"}],"wp:featuredmedia":[{"embeddable":true,"href":"https:\/\/larevistadigital.com.ar\/blog\/wp-json\/wp\/v2\/media\/37479"}],"wp:attachment":[{"href":"https:\/\/larevistadigital.com.ar\/blog\/wp-json\/wp\/v2\/media?parent=37478"}],"wp:term":[{"taxonomy":"category","embeddable":true,"href":"https:\/\/larevistadigital.com.ar\/blog\/wp-json\/wp\/v2\/categories?post=37478"},{"taxonomy":"post_tag","embeddable":true,"href":"https:\/\/larevistadigital.com.ar\/blog\/wp-json\/wp\/v2\/tags?post=37478"}],"curies":[{"name":"wp","href":"https:\/\/api.w.org\/{rel}","templated":true}]}}