{"id":37482,"date":"2024-10-09T23:02:36","date_gmt":"2024-10-10T02:02:36","guid":{"rendered":"https:\/\/larevistadigital.com.ar\/blog\/?p=37482"},"modified":"2024-10-09T23:02:36","modified_gmt":"2024-10-10T02:02:36","slug":"bronce-para-juan-carlos-haedo-en-francia","status":"publish","type":"post","link":"https:\/\/larevistadigital.com.ar\/blog\/bronce-para-juan-carlos-haedo-en-francia\/","title":{"rendered":"Bronce para Juan Carlos Haedo en Francia"},"content":{"rendered":"<h2 class=\"excerpt\">El ciclista chascomunense brilla en el Mundial de Ciclismo Master de Roubaix<\/h2>\n<p>9 de octubre de 2024<\/p>\n<div id=\"miDiv1\" class=\"text\">\n<p><strong>CHASCOM\u00daS\u00a0 &#8211;\u00a0<\/strong> \u00a0<strong>Juan Carlos Haedo<\/strong> hizo podio en Francia tras ganar la medalla de bronce en la carrera de Scratch, categor\u00eda M\u00e1ster E.<\/p>\n<p><strong>Juan Carlos<\/strong> es el deportista chascomunense con mayor reconocimiento gracias a su destacada trayectoria en el ciclismo. Particip\u00f3 de los Juegos Ol\u00edmpicos de Montreal 76 y Los \u00c1ngeles 84, mientras que en Barcelona 92 lo hizo como entrenador. Fue campe\u00f3n mundial de la categor\u00eda M\u00e1ster, fue reconocido con los Premios Olimpia en tres oportunidades (1973, 1977, 1979) y con el Osborne de oro.<\/p>\n<\/div>\n","protected":false},"excerpt":{"rendered":"<div class=\"mh-excerpt\"><p>El ciclista chascomunense brilla en el Mundial de Ciclismo Master de Roubaix 9 de octubre de 2024 CHASCOM\u00daS\u00a0 &#8211;\u00a0 \u00a0Juan Carlos Haedo hizo podio en Francia tras ganar la medalla de bronce en la carrera <a class=\"mh-excerpt-more\" href=\"https:\/\/larevistadigital.com.ar\/blog\/bronce-para-juan-carlos-haedo-en-francia\/\" title=\"Bronce para Juan Carlos Haedo en Francia\">[Leer M\u00e1s]<\/a><\/p>\n<\/div>","protected":false},"author":3,"featured_media":37483,"comment_status":"open","ping_status":"open","sticky":false,"template":"","format":"standard","meta":{"_jetpack_memberships_contains_paid_content":false,"footnotes":"","jetpack_publicize_message":"","jetpack_publicize_feature_enabled":true,"jetpack_social_post_already_shared":true,"jetpack_social_options":{"image_generator_settings":{"template":"highway","default_image_id":0,"font":"","enabled":false},"version":2}},"categories":[6],"tags":[],"class_list":{"0":"post-37482","1":"post","2":"type-post","3":"status-publish","4":"format-standard","5":"has-post-thumbnail","7":"category-chascomus"},"jetpack_publicize_connections":[],"jetpack_featured_media_url":"https:\/\/i0.wp.com\/larevistadigital.com.ar\/blog\/wp-content\/uploads\/6706becab0e07.png?fit=668%2C445&ssl=1","jetpack_sharing_enabled":true,"jetpack_shortlink":"https:\/\/wp.me\/p8qtrQ-9Ky","jetpack-related-posts":[{"id":3068,"url":"https:\/\/larevistadigital.com.ar\/blog\/juan-curuchet-hara-gestiones-para-recuperar-el-anteojo-haedo\/","url_meta":{"origin":37482,"position":0},"title":"Juan Curuchet har\u00e1 gestiones para recuperar el anteojo Haedo","author":"admin","date":"11 agosto, 2017","format":false,"excerpt":"Necesita su reasfaltado El campe\u00f3n ol\u00edmpico y senador provincial Juan Curuchet se reuni\u00f3 el pasado lunes con el intendente de Chascom\u00fas, Javier Gast\u00f3n, y una de las glorias deportivas locales, el tambi\u00e9n ciclista Juan Carlos Haedo, comprometi\u00e9ndose en hacer las gestiones necesarias para recuperar el circuito anteojo del complejo polideportivo\u2026","rel":"","context":"En \u00abCHASCOM\u00daS\u00bb","block_context":{"text":"CHASCOM\u00daS","link":"https:\/\/larevistadigital.com.ar\/blog\/category\/chascomus\/"},"img":{"alt_text":"","src":"https:\/\/i0.wp.com\/larevistadigital.com.ar\/blog\/wp-content\/uploads\/2017\/08\/anteojo_10deagostode2017_elfuerte.jpg?fit=737%2C415&ssl=1&resize=350%2C200","width":350,"height":200,"srcset":"https:\/\/i0.wp.com\/larevistadigital.com.ar\/blog\/wp-content\/uploads\/2017\/08\/anteojo_10deagostode2017_elfuerte.jpg?fit=737%2C415&ssl=1&resize=350%2C200 1x, https:\/\/i0.wp.com\/larevistadigital.com.ar\/blog\/wp-content\/uploads\/2017\/08\/anteojo_10deagostode2017_elfuerte.jpg?fit=737%2C415&ssl=1&resize=525%2C300 1.5x, https:\/\/i0.wp.com\/larevistadigital.com.ar\/blog\/wp-content\/uploads\/2017\/08\/anteojo_10deagostode2017_elfuerte.jpg?fit=737%2C415&ssl=1&resize=700%2C400 2x"},"classes":[]},{"id":37256,"url":"https:\/\/larevistadigital.com.ar\/blog\/chascomus-campeonato-infanto-provincial-de-ciclismo\/","url_meta":{"origin":37482,"position":1},"title":"CHASCOM\u00daS: Campeonato Infanto Provincial de Ciclismo","author":"Alejandro Sosa Ruda","date":"19 septiembre, 2024","format":false,"excerpt":"El circuito Juan Carlos Haedo se prepara para recibir la sexta fecha de la competencia 19 de Septiembre de 2024 CHASCOM\u00daS -\u00a0 La cita es el pr\u00f3ximo domingo 22 a partir de las 10.30 hs cuando el circuito local se convierta en el escenario de la sexta fecha del Campeonato\u2026","rel":"","context":"En \u00abDEPORTES\u00bb","block_context":{"text":"DEPORTES","link":"https:\/\/larevistadigital.com.ar\/blog\/category\/deportes\/"},"img":{"alt_text":"","src":"https:\/\/i0.wp.com\/larevistadigital.com.ar\/blog\/wp-content\/uploads\/66eb0f8bd350d.png?fit=668%2C445&ssl=1&resize=350%2C200","width":350,"height":200,"srcset":"https:\/\/i0.wp.com\/larevistadigital.com.ar\/blog\/wp-content\/uploads\/66eb0f8bd350d.png?fit=668%2C445&ssl=1&resize=350%2C200 1x, https:\/\/i0.wp.com\/larevistadigital.com.ar\/blog\/wp-content\/uploads\/66eb0f8bd350d.png?fit=668%2C445&ssl=1&resize=525%2C300 1.5x"},"classes":[]},{"id":11386,"url":"https:\/\/larevistadigital.com.ar\/blog\/visito-chascomus-el-candidato-a-gobernador-de-roberto-lavagna\/","url_meta":{"origin":37482,"position":2},"title":"VISIT\u00d3 CHASCOM\u00daS EL CANDIDATO A GOBERNADOR DE ROBERTO LAVAGNA","author":"Alejandro Sosa Ruda","date":"20 julio, 2019","format":false,"excerpt":"EDUARDO \u201cBALI\u201d BUCCA, EX INTNEDENTE DE BOL\u00cdVAR MANTUVO ENCUENTRO CON LA PRENSA, SE REUNIO CON LOS CANDIDATOS IGNACIO GORRIZ, LEO MOYANO, EVA BRICCIO, LA PRIMERA CANDIDATA A CONSEJERA ESCOLAR CLAUDIA QUIROGA Y DEMAS INTEGRANTES DE LA LISTA. TUVO UN CALIDO ENCUENTRO CON JUAN CARLOS HAEDO, VISITO UNA FABRICA DE CALZADO,\u2026","rel":"","context":"En \u00abINTERES GENERAL\u00bb","block_context":{"text":"INTERES GENERAL","link":"https:\/\/larevistadigital.com.ar\/blog\/category\/interes-general\/"},"img":{"alt_text":"","src":"https:\/\/i0.wp.com\/larevistadigital.com.ar\/blog\/wp-content\/uploads\/WhatsApp-Image-2019-07-20-at-21.11.24.jpeg?fit=1200%2C797&ssl=1&resize=350%2C200","width":350,"height":200,"srcset":"https:\/\/i0.wp.com\/larevistadigital.com.ar\/blog\/wp-content\/uploads\/WhatsApp-Image-2019-07-20-at-21.11.24.jpeg?fit=1200%2C797&ssl=1&resize=350%2C200 1x, https:\/\/i0.wp.com\/larevistadigital.com.ar\/blog\/wp-content\/uploads\/WhatsApp-Image-2019-07-20-at-21.11.24.jpeg?fit=1200%2C797&ssl=1&resize=525%2C300 1.5x, https:\/\/i0.wp.com\/larevistadigital.com.ar\/blog\/wp-content\/uploads\/WhatsApp-Image-2019-07-20-at-21.11.24.jpeg?fit=1200%2C797&ssl=1&resize=700%2C400 2x, https:\/\/i0.wp.com\/larevistadigital.com.ar\/blog\/wp-content\/uploads\/WhatsApp-Image-2019-07-20-at-21.11.24.jpeg?fit=1200%2C797&ssl=1&resize=1050%2C600 3x"},"classes":[]},{"id":37945,"url":"https:\/\/larevistadigital.com.ar\/blog\/taekwondo-chascomus-en-el-nivel-mas-alto\/","url_meta":{"origin":37482,"position":3},"title":"Taekwondo: Chascom\u00fas en el nivel m\u00e1s alto","author":"Alejandro Sosa Ruda","date":"21 noviembre, 2024","format":false,"excerpt":"Javier Gast\u00f3n recibi\u00f3 a los campeones consagrados en el Mundial de Mar del Plata 21 de Noviembre de 2024 CHASCOM\u00daS -\u00a0 El intendente Gast\u00f3n, acompa\u00f1ado por el Subsecretario de Deportes, Pablo Francese, recibi\u00f3 hoy al medio d\u00eda a los chascomunenses que participaron en el \u00faltimo Mundial de Taekwondo ITF, realizado\u2026","rel":"","context":"En \u00abCHASCOM\u00daS\u00bb","block_context":{"text":"CHASCOM\u00daS","link":"https:\/\/larevistadigital.com.ar\/blog\/category\/chascomus\/"},"img":{"alt_text":"","src":"https:\/\/i0.wp.com\/larevistadigital.com.ar\/blog\/wp-content\/uploads\/673f6a8457391.png?fit=668%2C445&ssl=1&resize=350%2C200","width":350,"height":200,"srcset":"https:\/\/i0.wp.com\/larevistadigital.com.ar\/blog\/wp-content\/uploads\/673f6a8457391.png?fit=668%2C445&ssl=1&resize=350%2C200 1x, https:\/\/i0.wp.com\/larevistadigital.com.ar\/blog\/wp-content\/uploads\/673f6a8457391.png?fit=668%2C445&ssl=1&resize=525%2C300 1.5x"},"classes":[]},{"id":42779,"url":"https:\/\/larevistadigital.com.ar\/blog\/chascomus-joven-chascomunense-bicampeona-nacional-de-tiro\/","url_meta":{"origin":37482,"position":4},"title":"Chascom\u00fas: Joven chascomunense bicampeona nacional de Tiro","author":"Alejandro Sosa Ruda","date":"5 diciembre, 2025","format":false,"excerpt":"El intendente Javier Gast\u00f3n recibi\u00f3 a Morena Unkrodt tras su consagraci\u00f3n en el Torneo de Miras Abiertas. 05 de Diciembre de 2025 CHASCOM\u00daS -\u00a0 \u00a0 La deportista chascomunense Morena Unkrodt fue recibida en el despacho comunal por el intendente Javier Gast\u00f3n, luego de haber obtenido dos t\u00edtulos nacionales en el\u2026","rel":"","context":"En \u00abCHASCOM\u00daS\u00bb","block_context":{"text":"CHASCOM\u00daS","link":"https:\/\/larevistadigital.com.ar\/blog\/category\/chascomus\/"},"img":{"alt_text":"","src":"https:\/\/i0.wp.com\/larevistadigital.com.ar\/blog\/wp-content\/uploads\/69331606d0d55.png?fit=668%2C445&ssl=1&resize=350%2C200","width":350,"height":200,"srcset":"https:\/\/i0.wp.com\/larevistadigital.com.ar\/blog\/wp-content\/uploads\/69331606d0d55.png?fit=668%2C445&ssl=1&resize=350%2C200 1x, https:\/\/i0.wp.com\/larevistadigital.com.ar\/blog\/wp-content\/uploads\/69331606d0d55.png?fit=668%2C445&ssl=1&resize=525%2C300 1.5x"},"classes":[]},{"id":42025,"url":"https:\/\/larevistadigital.com.ar\/blog\/chascomus-primera-jornada-de-la-gran-final-de-los-bonaerenses\/","url_meta":{"origin":37482,"position":5},"title":"Chascom\u00fas: Primera jornada de la Gran Final de los Bonaerenses","author":"Alejandro Sosa Ruda","date":"16 octubre, 2025","format":false,"excerpt":"Podios, medallas y mucha alegr\u00eda en los primeros eventos con presencia chascomunense. 16 de Octubre de 2025 CHASCOM\u00daS -\u00a0 \u00a0Pas\u00f3 el primer d\u00eda de competencias en la Final Provincial de los Juegos Bonaerenses con grandes alegr\u00edas para la delegaci\u00f3n chascomunense. En primer lugar, el s\u00f3lo hecho de estar all\u00e1 y\u2026","rel":"","context":"En \u00abCHASCOM\u00daS\u00bb","block_context":{"text":"CHASCOM\u00daS","link":"https:\/\/larevistadigital.com.ar\/blog\/category\/chascomus\/"},"img":{"alt_text":"","src":"https:\/\/i0.wp.com\/larevistadigital.com.ar\/blog\/wp-content\/uploads\/68f117fa12ec1.png?fit=668%2C445&ssl=1&resize=350%2C200","width":350,"height":200,"srcset":"https:\/\/i0.wp.com\/larevistadigital.com.ar\/blog\/wp-content\/uploads\/68f117fa12ec1.png?fit=668%2C445&ssl=1&resize=350%2C200 1x, https:\/\/i0.wp.com\/larevistadigital.com.ar\/blog\/wp-content\/uploads\/68f117fa12ec1.png?fit=668%2C445&ssl=1&resize=525%2C300 1.5x"},"classes":[]}],"_links":{"self":[{"href":"https:\/\/larevistadigital.com.ar\/blog\/wp-json\/wp\/v2\/posts\/37482","targetHints":{"allow":["GET"]}}],"collection":[{"href":"https:\/\/larevistadigital.com.ar\/blog\/wp-json\/wp\/v2\/posts"}],"about":[{"href":"https:\/\/larevistadigital.com.ar\/blog\/wp-json\/wp\/v2\/types\/post"}],"author":[{"embeddable":true,"href":"https:\/\/larevistadigital.com.ar\/blog\/wp-json\/wp\/v2\/users\/3"}],"replies":[{"embeddable":true,"href":"https:\/\/larevistadigital.com.ar\/blog\/wp-json\/wp\/v2\/comments?post=37482"}],"version-history":[{"count":1,"href":"https:\/\/larevistadigital.com.ar\/blog\/wp-json\/wp\/v2\/posts\/37482\/revisions"}],"predecessor-version":[{"id":37484,"href":"https:\/\/larevistadigital.com.ar\/blog\/wp-json\/wp\/v2\/posts\/37482\/revisions\/37484"}],"wp:featuredmedia":[{"embeddable":true,"href":"https:\/\/larevistadigital.com.ar\/blog\/wp-json\/wp\/v2\/media\/37483"}],"wp:attachment":[{"href":"https:\/\/larevistadigital.com.ar\/blog\/wp-json\/wp\/v2\/media?parent=37482"}],"wp:term":[{"taxonomy":"category","embeddable":true,"href":"https:\/\/larevistadigital.com.ar\/blog\/wp-json\/wp\/v2\/categories?post=37482"},{"taxonomy":"post_tag","embeddable":true,"href":"https:\/\/larevistadigital.com.ar\/blog\/wp-json\/wp\/v2\/tags?post=37482"}],"curies":[{"name":"wp","href":"https:\/\/api.w.org\/{rel}","templated":true}]}}