{"id":37525,"date":"2024-10-16T20:31:03","date_gmt":"2024-10-16T23:31:03","guid":{"rendered":"https:\/\/larevistadigital.com.ar\/blog\/?p=37525"},"modified":"2024-10-16T20:31:03","modified_gmt":"2024-10-16T23:31:03","slug":"capacitacion-sobre-desarrollo-social-para-el-comando-de-patrulla-rural","status":"publish","type":"post","link":"https:\/\/larevistadigital.com.ar\/blog\/capacitacion-sobre-desarrollo-social-para-el-comando-de-patrulla-rural\/","title":{"rendered":"Capacitaci\u00f3n sobre desarrollo social para el Comando de Patrulla Rural"},"content":{"rendered":"<h2 class=\"excerpt\">La Municipalidad lleva adelante acciones destinadas a acercar servicios a las comunidades rurales.<\/h2>\n<p>16 de Octubre de 2024<\/p>\n<div id=\"miDiv1\" class=\"text\">\n<p><strong>CHASCOM\u00daS\u00a0 &#8211;\u00a0<\/strong> \u00a0Las secretarias de Desarrollo Social, <strong>Yanina Gazzaniga<\/strong>, y de Seguridad Ciudadana, <strong>Mariela Moscarella<\/strong>, llevaron a cabo una reuni\u00f3n con miembros del Comando de Patrulla Rural (CPR).<\/p>\n<blockquote>\n<h3>Durante esta jornada, se capacit\u00f3 a los efectivos para que puedan colaborar en la difusi\u00f3n de informaci\u00f3n sobre las iniciativas y programas que ofrece el \u00e1rea municipal de Desarrollo Social.<\/h3>\n<\/blockquote>\n<p>La capacitaci\u00f3n tiene como objetivo que los integrantes de la fuerza policial, quienes realizan recorridos diarios por el \u00e1rea rural, puedan ofrecer asesoramiento a los vecinos y vecinas de zonas alejadas.<\/p>\n<blockquote>\n<h3>Para mejorar el acceso a recursos para las comunidades rurales, adem\u00e1s, se coordinaron acciones para que se pueda brindar respuesta coordinada a las solicitudes recibidas a trav\u00e9s de la Guardia Integrada de Desarrollo Social.<\/h3>\n<\/blockquote>\n<p>Este servicio brinda acompa\u00f1amiento y asesoramiento a personas en situaciones de vulnerabilidad durante las 24 horas del d\u00eda, todo el a\u00f1o, mediante la l\u00ednea telef\u00f3nica 2241 55-9397, a trav\u00e9s de llamadas, mensajes de texto y de whatsapp.<\/p>\n<\/div>\n","protected":false},"excerpt":{"rendered":"<div class=\"mh-excerpt\"><p>La Municipalidad lleva adelante acciones destinadas a acercar servicios a las comunidades rurales. 16 de Octubre de 2024 CHASCOM\u00daS\u00a0 &#8211;\u00a0 \u00a0Las secretarias de Desarrollo Social, Yanina Gazzaniga, y de Seguridad Ciudadana, Mariela Moscarella, llevaron a <a class=\"mh-excerpt-more\" href=\"https:\/\/larevistadigital.com.ar\/blog\/capacitacion-sobre-desarrollo-social-para-el-comando-de-patrulla-rural\/\" title=\"Capacitaci\u00f3n sobre desarrollo social para el Comando de Patrulla Rural\">[Leer M\u00e1s]<\/a><\/p>\n<\/div>","protected":false},"author":3,"featured_media":37526,"comment_status":"open","ping_status":"open","sticky":false,"template":"","format":"standard","meta":{"_jetpack_memberships_contains_paid_content":false,"footnotes":"","jetpack_publicize_message":"","jetpack_publicize_feature_enabled":true,"jetpack_social_post_already_shared":true,"jetpack_social_options":{"image_generator_settings":{"template":"highway","default_image_id":0,"font":"","enabled":false},"version":2}},"categories":[6],"tags":[],"class_list":{"0":"post-37525","1":"post","2":"type-post","3":"status-publish","4":"format-standard","5":"has-post-thumbnail","7":"category-chascomus"},"jetpack_publicize_connections":[],"jetpack_featured_media_url":"https:\/\/i0.wp.com\/larevistadigital.com.ar\/blog\/wp-content\/uploads\/670fefe89068c.png?fit=668%2C445&ssl=1","jetpack_sharing_enabled":true,"jetpack_shortlink":"https:\/\/wp.me\/p8qtrQ-9Lf","jetpack-related-posts":[{"id":37326,"url":"https:\/\/larevistadigital.com.ar\/blog\/chascomus-exitoso-operativo-para-evitar-la-caza-ilegal-en-zonas-rurales\/","url_meta":{"origin":37525,"position":0},"title":"Chascom\u00fas: Exitoso operativo para evitar la caza ilegal en zonas rurales","author":"Alejandro Sosa Ruda","date":"26 septiembre, 2024","format":false,"excerpt":"El Comando de Patrulla Rural intercept\u00f3 a cazadores en una acci\u00f3n conjunta con la Patrulla Municipal. 26 de Septiembre de 2024 CHASCOM\u00daS -\u00a0 A trav\u00e9s de un llamado recibido en el 911, se advirti\u00f3 la presencia de un veh\u00edculo sospechoso en Ruta 20 y el camino del Vado, lo que\u2026","rel":"","context":"En \u00abDESTACADAS\u00bb","block_context":{"text":"DESTACADAS","link":"https:\/\/larevistadigital.com.ar\/blog\/category\/destacadas\/"},"img":{"alt_text":"","src":"https:\/\/i0.wp.com\/larevistadigital.com.ar\/blog\/wp-content\/uploads\/66f5998486548.png?fit=668%2C445&ssl=1&resize=350%2C200","width":350,"height":200,"srcset":"https:\/\/i0.wp.com\/larevistadigital.com.ar\/blog\/wp-content\/uploads\/66f5998486548.png?fit=668%2C445&ssl=1&resize=350%2C200 1x, https:\/\/i0.wp.com\/larevistadigital.com.ar\/blog\/wp-content\/uploads\/66f5998486548.png?fit=668%2C445&ssl=1&resize=525%2C300 1.5x"},"classes":[]},{"id":36414,"url":"https:\/\/larevistadigital.com.ar\/blog\/operativos-especiales-de-prevencion-con-drones-en-chascomus-durante-el-fin-de-semana-largo\/","url_meta":{"origin":37525,"position":1},"title":"OPERATIVOS ESPECIALES DE PREVENCI\u00d3N CON DRONES EN CHASCOM\u00daS DURANTE EL FIN DE SEMANA LARGO","author":"Alejandro Sosa Ruda","date":"24 junio, 2024","format":false,"excerpt":"La Municipalidad de Chascom\u00fas, en conjunto con las fuerzas policiales descentralizadas de la provincia de Buenos Aires, realiz\u00f3 una serie de operativos preventivos de seguridad durante el pasado fin de semana largo, con el uso de drones para la vigilancia a\u00e9rea. 24 de Junio de 2024 CHASCOM\u00daS\u00a0 -\u00a0 La Subsecretar\u00eda\u2026","rel":"","context":"En \u00abINTERES GENERAL\u00bb","block_context":{"text":"INTERES GENERAL","link":"https:\/\/larevistadigital.com.ar\/blog\/category\/interes-general\/"},"img":{"alt_text":"","src":"https:\/\/i0.wp.com\/larevistadigital.com.ar\/blog\/wp-content\/uploads\/2024_06_25_00_58_17_824511.jpg?fit=600%2C377&ssl=1&resize=350%2C200","width":350,"height":200,"srcset":"https:\/\/i0.wp.com\/larevistadigital.com.ar\/blog\/wp-content\/uploads\/2024_06_25_00_58_17_824511.jpg?fit=600%2C377&ssl=1&resize=350%2C200 1x, https:\/\/i0.wp.com\/larevistadigital.com.ar\/blog\/wp-content\/uploads\/2024_06_25_00_58_17_824511.jpg?fit=600%2C377&ssl=1&resize=525%2C300 1.5x"},"classes":[]},{"id":44809,"url":"https:\/\/larevistadigital.com.ar\/blog\/chascomus-controlan-la-circulacion-de-camiones-en-caminos-rurales-tras-las-lluvias\/","url_meta":{"origin":37525,"position":2},"title":"Chascom\u00fas: Controlan la circulaci\u00f3n de camiones en caminos rurales tras las lluvias","author":"Alejandro Sosa Ruda","date":"30 marzo, 2026","format":false,"excerpt":"Los operativos, realizados en conjunto entre la Municipalidad y la Polic\u00eda Bonaerense, buscan preservar el estado de las calzadas y reforzar la seguridad vial en accesos a rutas provinciales. 30 de marzo de 2026 CHASCOM\u00daS -\u00a0 \u00a0La Patrulla de Prevenci\u00f3n Municipal Rural y el Comando de Patrulla Rural llevaron a\u2026","rel":"","context":"En \u00abCHASCOM\u00daS\u00bb","block_context":{"text":"CHASCOM\u00daS","link":"https:\/\/larevistadigital.com.ar\/blog\/category\/chascomus\/"},"img":{"alt_text":"","src":"https:\/\/i0.wp.com\/larevistadigital.com.ar\/blog\/wp-content\/uploads\/69cab51be5c62.png?fit=668%2C445&ssl=1&resize=350%2C200","width":350,"height":200,"srcset":"https:\/\/i0.wp.com\/larevistadigital.com.ar\/blog\/wp-content\/uploads\/69cab51be5c62.png?fit=668%2C445&ssl=1&resize=350%2C200 1x, https:\/\/i0.wp.com\/larevistadigital.com.ar\/blog\/wp-content\/uploads\/69cab51be5c62.png?fit=668%2C445&ssl=1&resize=525%2C300 1.5x"},"classes":[]},{"id":25358,"url":"https:\/\/larevistadigital.com.ar\/blog\/se-realizaron-operativos-de-prevencion-en-sectores-rurales\/","url_meta":{"origin":37525,"position":3},"title":"SE REALIZARON OPERATIVOS DE PREVENCI\u00d3N EN SECTORES RURALES","author":"Alejandro Sosa Ruda","date":"22 mayo, 2022","format":false,"excerpt":"Cada vez m\u00e1s operativos se efect\u00faan en el \u00e1rea rural, como prevenci\u00f3n del delito, lo que demuestra una firme decisi\u00f3n pol\u00edtica de ocuparse de un tema que estaba bastante postergado. CHASCOM\u00daS -\u00a0 Como parte de las acciones destinadas a fortalecer las tareas de prevenci\u00f3n del delito en la zona rural,\u2026","rel":"","context":"En \u00abINTERES GENERAL\u00bb","block_context":{"text":"INTERES GENERAL","link":"https:\/\/larevistadigital.com.ar\/blog\/category\/interes-general\/"},"img":{"alt_text":"","src":"https:\/\/i0.wp.com\/larevistadigital.com.ar\/blog\/wp-content\/uploads\/2022_05_20_01_56_30_7775366.jpeg?fit=600%2C338&ssl=1&resize=350%2C200","width":350,"height":200,"srcset":"https:\/\/i0.wp.com\/larevistadigital.com.ar\/blog\/wp-content\/uploads\/2022_05_20_01_56_30_7775366.jpeg?fit=600%2C338&ssl=1&resize=350%2C200 1x, https:\/\/i0.wp.com\/larevistadigital.com.ar\/blog\/wp-content\/uploads\/2022_05_20_01_56_30_7775366.jpeg?fit=600%2C338&ssl=1&resize=525%2C300 1.5x"},"classes":[]},{"id":36922,"url":"https:\/\/larevistadigital.com.ar\/blog\/chascomus-se-fortalecen-las-estrategias-de-prevencion-en-el-sector-rural\/","url_meta":{"origin":37525,"position":4},"title":"CHASCOM\u00daS: SE FORTALECEN LAS ESTRAT\u00c9GIAS DE PREVENCI\u00d3N EN EL SECTOR RURAL","author":"Alejandro Sosa Ruda","date":"11 agosto, 2024","format":false,"excerpt":"La secretaria municipal de Seguridad Ciudadana, Mariela Moscarella, mantuvo una reuni\u00f3n con representantes del Comando de Patrulla Rural de Chascom\u00fas (CPR), con la finalidad de fortalecer las estrategias de prevenci\u00f3n en las zonas rurales. 11 de Agosto de 2024 CHASCOM\u00daS\u00a0 -\u00a0\u00a0 Tomaron parte de la reuni\u00f3n el director Operativo Sur,\u2026","rel":"","context":"En \u00abINTERES GENERAL\u00bb","block_context":{"text":"INTERES GENERAL","link":"https:\/\/larevistadigital.com.ar\/blog\/category\/interes-general\/"},"img":{"alt_text":"","src":"https:\/\/i0.wp.com\/larevistadigital.com.ar\/blog\/wp-content\/uploads\/66b4fa4b2032c.png?fit=668%2C445&ssl=1&resize=350%2C200","width":350,"height":200,"srcset":"https:\/\/i0.wp.com\/larevistadigital.com.ar\/blog\/wp-content\/uploads\/66b4fa4b2032c.png?fit=668%2C445&ssl=1&resize=350%2C200 1x, https:\/\/i0.wp.com\/larevistadigital.com.ar\/blog\/wp-content\/uploads\/66b4fa4b2032c.png?fit=668%2C445&ssl=1&resize=525%2C300 1.5x"},"classes":[]},{"id":31246,"url":"https:\/\/larevistadigital.com.ar\/blog\/chascomus-la-patrulla-rural-intercepto-a-cazadores-con-perros-galgo\/","url_meta":{"origin":37525,"position":5},"title":"CHASCOM\u00daS: LA PATRULLA RURAL INTERCEPT\u00d3 A CAZADORES CON PERROS GALGO","author":"Alejandro Sosa Ruda","date":"26 abril, 2023","format":false,"excerpt":"Todo ocurri\u00f3 durante la jornada, cuando se tom\u00f3 conoc.imiento de la presencia de cazadores furtivos en el camino de la ruta 25 de abril de 2023 CHASCOM\u00daS - A trav\u00e9s de un llamado telef\u00f3nico, el CPR (Comando de Prevenci\u00f3n Rural) de Chascom\u00fas, tom\u00f3 conocimiento de la presencia de dos personas\u2026","rel":"","context":"En \u00abDESTACADAS\u00bb","block_context":{"text":"DESTACADAS","link":"https:\/\/larevistadigital.com.ar\/blog\/category\/destacadas\/"},"img":{"alt_text":"","src":"https:\/\/i0.wp.com\/larevistadigital.com.ar\/blog\/wp-content\/uploads\/WhatsApp-Image-2023-04-25-at-20.31.03-1.jpeg?fit=900%2C1200&ssl=1&resize=350%2C200","width":350,"height":200,"srcset":"https:\/\/i0.wp.com\/larevistadigital.com.ar\/blog\/wp-content\/uploads\/WhatsApp-Image-2023-04-25-at-20.31.03-1.jpeg?fit=900%2C1200&ssl=1&resize=350%2C200 1x, https:\/\/i0.wp.com\/larevistadigital.com.ar\/blog\/wp-content\/uploads\/WhatsApp-Image-2023-04-25-at-20.31.03-1.jpeg?fit=900%2C1200&ssl=1&resize=525%2C300 1.5x, https:\/\/i0.wp.com\/larevistadigital.com.ar\/blog\/wp-content\/uploads\/WhatsApp-Image-2023-04-25-at-20.31.03-1.jpeg?fit=900%2C1200&ssl=1&resize=700%2C400 2x"},"classes":[]}],"_links":{"self":[{"href":"https:\/\/larevistadigital.com.ar\/blog\/wp-json\/wp\/v2\/posts\/37525","targetHints":{"allow":["GET"]}}],"collection":[{"href":"https:\/\/larevistadigital.com.ar\/blog\/wp-json\/wp\/v2\/posts"}],"about":[{"href":"https:\/\/larevistadigital.com.ar\/blog\/wp-json\/wp\/v2\/types\/post"}],"author":[{"embeddable":true,"href":"https:\/\/larevistadigital.com.ar\/blog\/wp-json\/wp\/v2\/users\/3"}],"replies":[{"embeddable":true,"href":"https:\/\/larevistadigital.com.ar\/blog\/wp-json\/wp\/v2\/comments?post=37525"}],"version-history":[{"count":1,"href":"https:\/\/larevistadigital.com.ar\/blog\/wp-json\/wp\/v2\/posts\/37525\/revisions"}],"predecessor-version":[{"id":37527,"href":"https:\/\/larevistadigital.com.ar\/blog\/wp-json\/wp\/v2\/posts\/37525\/revisions\/37527"}],"wp:featuredmedia":[{"embeddable":true,"href":"https:\/\/larevistadigital.com.ar\/blog\/wp-json\/wp\/v2\/media\/37526"}],"wp:attachment":[{"href":"https:\/\/larevistadigital.com.ar\/blog\/wp-json\/wp\/v2\/media?parent=37525"}],"wp:term":[{"taxonomy":"category","embeddable":true,"href":"https:\/\/larevistadigital.com.ar\/blog\/wp-json\/wp\/v2\/categories?post=37525"},{"taxonomy":"post_tag","embeddable":true,"href":"https:\/\/larevistadigital.com.ar\/blog\/wp-json\/wp\/v2\/tags?post=37525"}],"curies":[{"name":"wp","href":"https:\/\/api.w.org\/{rel}","templated":true}]}}