{"id":37634,"date":"2024-10-27T23:35:38","date_gmt":"2024-10-28T02:35:38","guid":{"rendered":"https:\/\/larevistadigital.com.ar\/blog\/?p=37634"},"modified":"2024-10-27T23:35:38","modified_gmt":"2024-10-28T02:35:38","slug":"deportes-el-debut-de-gago-en-boca-en-la-bombonera-fue-un-fiasco","status":"publish","type":"post","link":"https:\/\/larevistadigital.com.ar\/blog\/deportes-el-debut-de-gago-en-boca-en-la-bombonera-fue-un-fiasco\/","title":{"rendered":"Deportes: El debut de Gago en Boca en la bombonera fue un fiasco"},"content":{"rendered":"<h2>Tras ir perdiendo, empat\u00f3 de local 1 a 1 con Riestra y di\u00f3 otro mal trago a sus hinchas.<\/h2>\n<p>27 de Octubre de 2024<\/p>\n<p>Si bien, un ping pong lo dejar\u00eda favorable al xeneize, la realidad, es que eso pas\u00f3 por peso espec\u00edfico y no porque fue un destello de cualidades. Al equipo de <strong>Fernando Gago<\/strong> lo atacaron poco y lo lastimaron mucho, mientras que jug\u00f3 todo el tiempo en campo rival y sus situaciones fueron mayormente generadas por repetici\u00f3n de centros o remates desde afuera. Fue 1 a 1 ante Deportivo Riestra y una pobre presentaci\u00f3n del DT como local.<\/p>\n<p>Boca sali\u00f3 con una idea clara y con el protagonismo, pero la visita dio clara muestras de que iba a defenderse e intentar golpear de contraataque. Esta fue la herramienta que utiliz\u00f3, ya que enmudeci\u00f3 al p\u00fablico presente con un golazo que convirti\u00f3 <strong>Brian S\u00e1nchez<\/strong>, quien se la pic\u00f3 al arquero <strong>Leandro Brey<\/strong> para firmar el 1-0 despu\u00e9s de un contraataque.<\/p>\n<p>El arquero <strong>Ignacio Arce<\/strong> fue uno de los protagonistas m\u00e1s destacados de la etapa inicial, ya que sostuvo al \u00abMalevo\u00bb con la valla invicta gracias a sus notables intervenciones, lo que le permiti\u00f3 a su equipo ir al descanso con la victoria parcial y despert\u00f3 la bronca de los hinchas \u00abXeneizes\u00bb, que unidos en el canto le pidieron a sus jugadores un poco m\u00e1s de actitud.<\/p>\n<p>&nbsp;<\/p>\n","protected":false},"excerpt":{"rendered":"<div class=\"mh-excerpt\"><p>Tras ir perdiendo, empat\u00f3 de local 1 a 1 con Riestra y di\u00f3 otro mal trago a sus hinchas. 27 de Octubre de 2024 Si bien, un ping pong lo dejar\u00eda favorable al xeneize, la <a class=\"mh-excerpt-more\" href=\"https:\/\/larevistadigital.com.ar\/blog\/deportes-el-debut-de-gago-en-boca-en-la-bombonera-fue-un-fiasco\/\" title=\"Deportes: El debut de Gago en Boca en la bombonera fue un fiasco\">[Leer M\u00e1s]<\/a><\/p>\n<\/div>","protected":false},"author":3,"featured_media":37635,"comment_status":"open","ping_status":"open","sticky":false,"template":"","format":"standard","meta":{"_jetpack_memberships_contains_paid_content":false,"footnotes":"","jetpack_publicize_message":"","jetpack_publicize_feature_enabled":true,"jetpack_social_post_already_shared":true,"jetpack_social_options":{"image_generator_settings":{"template":"highway","default_image_id":0,"font":"","enabled":false},"version":2}},"categories":[8,50],"tags":[],"class_list":{"0":"post-37634","1":"post","2":"type-post","3":"status-publish","4":"format-standard","5":"has-post-thumbnail","7":"category-deportes","8":"category-interes-general"},"jetpack_publicize_connections":[],"jetpack_featured_media_url":"https:\/\/i0.wp.com\/larevistadigital.com.ar\/blog\/wp-content\/uploads\/Captura-de-pantalla-2024-10-27-233109.png?fit=809%2C433&ssl=1","jetpack_sharing_enabled":true,"jetpack_shortlink":"https:\/\/wp.me\/p8qtrQ-9N0","jetpack-related-posts":[{"id":54,"url":"https:\/\/larevistadigital.com.ar\/blog\/idolo-historico-de-boca-critico-duramente-a-fernando-gago\/","url_meta":{"origin":37634,"position":0},"title":"\u00cddolo hist\u00f3rico de Boca critic\u00f3 duramente a Fernando Gago","author":"editor","date":"30 enero, 2017","format":false,"excerpt":"En una nota concedida a Radio La Red, Vicente Pern\u00eda fue lapidario con algunas actitudes del mediocampista xeneise que molestan a propios y extra\u00f1os. Luego de la derrota frente a River Plate en el partido veraniego jugado en la ciudad de Mar del Plata, el \u00eddolo boquense Vicente Pern\u00eda critic\u00f3\u2026","rel":"","context":"En \u00abDEPORTES\u00bb","block_context":{"text":"DEPORTES","link":"https:\/\/larevistadigital.com.ar\/blog\/category\/deportes\/"},"img":{"alt_text":"","src":"https:\/\/i0.wp.com\/larevistadigital.com.ar\/blog\/wp-content\/uploads\/2017\/01\/incidentes_290117.jpg?fit=462%2C347&ssl=1&resize=350%2C200","width":350,"height":200},"classes":[]},{"id":1124,"url":"https:\/\/larevistadigital.com.ar\/blog\/boca-arranco-con-todo-y-le-gano-a-banfield\/","url_meta":{"origin":37634,"position":1},"title":"Boca arranc\u00f3 con todo y le gan\u00f3 a Banfield","author":"editor","date":"12 marzo, 2017","format":false,"excerpt":"El \u00fanico puntero super\u00f3 por 2 a 0 al \"Taladro\" en el sur del Conurbano. Benedetto marc\u00f3 para la visita, uno en cada tiempo. Boca Juniors, con dos goles del delantero Dar\u00edo Benedetto, venci\u00f3 a Banfield por 2-0, de visitante, en un partido por la 15ta. fecha, y se mantuvo\u2026","rel":"","context":"En \u00abDEPORTES\u00bb","block_context":{"text":"DEPORTES","link":"https:\/\/larevistadigital.com.ar\/blog\/category\/deportes\/"},"img":{"alt_text":"","src":"https:\/\/i0.wp.com\/larevistadigital.com.ar\/blog\/wp-content\/uploads\/2017\/03\/58c48a9c31124_645x362.jpg?fit=645%2C362&ssl=1&resize=350%2C200","width":350,"height":200,"srcset":"https:\/\/i0.wp.com\/larevistadigital.com.ar\/blog\/wp-content\/uploads\/2017\/03\/58c48a9c31124_645x362.jpg?fit=645%2C362&ssl=1&resize=350%2C200 1x, https:\/\/i0.wp.com\/larevistadigital.com.ar\/blog\/wp-content\/uploads\/2017\/03\/58c48a9c31124_645x362.jpg?fit=645%2C362&ssl=1&resize=525%2C300 1.5x"},"classes":[]},{"id":186,"url":"https:\/\/larevistadigital.com.ar\/blog\/boca-perdio-ante-aldosivi-vuelve-preocuparse-problemas-defensivos\/","url_meta":{"origin":37634,"position":2},"title":"Boca perdi\u00f3 ante Aldosivi y vuelve a preocuparse por sus problemas defensivos","author":"editor","date":"12 febrero, 2017","format":false,"excerpt":"En Mar del Plata, gan\u00f3 el local 3-1 con goles de Llama -tras un blooper del arquero Werner-, Galv\u00e1n y Castro. Junior Ben\u00edtez, que tuvo sus primeros minutos en el club, meti\u00f3 el descuento.\u00a0El equipo de Barros Schelotto domin\u00f3 el juego pero fall\u00f3 en las dos \u00e1reas. \u00a0 La fecha\u2026","rel":"","context":"En \u00abDEPORTES\u00bb","block_context":{"text":"DEPORTES","link":"https:\/\/larevistadigital.com.ar\/blog\/category\/deportes\/"},"img":{"alt_text":"","src":"https:\/\/i0.wp.com\/larevistadigital.com.ar\/blog\/wp-content\/uploads\/2017\/02\/BJ5c7ETdg_930x525.jpg?fit=930%2C525&ssl=1&resize=350%2C200","width":350,"height":200,"srcset":"https:\/\/i0.wp.com\/larevistadigital.com.ar\/blog\/wp-content\/uploads\/2017\/02\/BJ5c7ETdg_930x525.jpg?fit=930%2C525&ssl=1&resize=350%2C200 1x, https:\/\/i0.wp.com\/larevistadigital.com.ar\/blog\/wp-content\/uploads\/2017\/02\/BJ5c7ETdg_930x525.jpg?fit=930%2C525&ssl=1&resize=525%2C300 1.5x, https:\/\/i0.wp.com\/larevistadigital.com.ar\/blog\/wp-content\/uploads\/2017\/02\/BJ5c7ETdg_930x525.jpg?fit=930%2C525&ssl=1&resize=700%2C400 2x"},"classes":[]},{"id":14725,"url":"https:\/\/larevistadigital.com.ar\/blog\/el-italiano-de-rossi-ninguneo-su-paso-por-boca\/","url_meta":{"origin":37634,"position":3},"title":"EL ITALIANO DE ROSSI \u00abNINGUNE\u00d3\u00bb SU PASO POR BOCA","author":"Alejandro Sosa Ruda","date":"11 febrero, 2020","format":false,"excerpt":"El italiano reflexion\u00f3 acerca del final de su carrera deportiva. Daniele De Rossi\u00a0eval\u00faa su futuro en Roma junto a su familia. El italiano lleva dos meses como ex futbolista y aprovecha para pasar tiempo junto a su hija mayor, la \u00fanica integrante de su c\u00edrculo \u00edntimo que no lo acompa\u00f1\u00f3\u2026","rel":"","context":"En \u00abDEPORTES\u00bb","block_context":{"text":"DEPORTES","link":"https:\/\/larevistadigital.com.ar\/blog\/category\/deportes\/"},"img":{"alt_text":"","src":"https:\/\/i0.wp.com\/larevistadigital.com.ar\/blog\/wp-content\/uploads\/0806-derossi-boca-g-na.jpg?fit=1140%2C641&ssl=1&resize=350%2C200","width":350,"height":200,"srcset":"https:\/\/i0.wp.com\/larevistadigital.com.ar\/blog\/wp-content\/uploads\/0806-derossi-boca-g-na.jpg?fit=1140%2C641&ssl=1&resize=350%2C200 1x, https:\/\/i0.wp.com\/larevistadigital.com.ar\/blog\/wp-content\/uploads\/0806-derossi-boca-g-na.jpg?fit=1140%2C641&ssl=1&resize=525%2C300 1.5x, https:\/\/i0.wp.com\/larevistadigital.com.ar\/blog\/wp-content\/uploads\/0806-derossi-boca-g-na.jpg?fit=1140%2C641&ssl=1&resize=700%2C400 2x, https:\/\/i0.wp.com\/larevistadigital.com.ar\/blog\/wp-content\/uploads\/0806-derossi-boca-g-na.jpg?fit=1140%2C641&ssl=1&resize=1050%2C600 3x"},"classes":[]},{"id":16790,"url":"https:\/\/larevistadigital.com.ar\/blog\/estudiantes-confirmo-que-leandro-diaz-tiene-covid-19\/","url_meta":{"origin":37634,"position":4},"title":"ESTUDIANTES CONFIRM\u00d3 QUE LEANDRO D\u00cdAZ TIENE COVID-19","author":"Alejandro Sosa Ruda","date":"6 octubre, 2020","format":false,"excerpt":"El defensor Nicol\u00e1s Pasquini fue aislado inmediatamente ya estuvo en contacto estrecho con el delantero. El jueves le realizar\u00e1n el hisopado. Mediante una publicaci\u00f3n en sus redes sociales,\u00a0Estudiantes de La Plata confirm\u00f3 que el futbolista Leandro D\u00edaz dio positivo el testeo de coronavirus y se encuentra en su casa bajo\u2026","rel":"","context":"En \u00abDEPORTES\u00bb","block_context":{"text":"DEPORTES","link":"https:\/\/larevistadigital.com.ar\/blog\/category\/deportes\/"},"img":{"alt_text":"","src":"https:\/\/i0.wp.com\/larevistadigital.com.ar\/blog\/wp-content\/uploads\/Ejq80lPWoAc1VPX.jpg?fit=680%2C383&ssl=1&resize=350%2C200","width":350,"height":200,"srcset":"https:\/\/i0.wp.com\/larevistadigital.com.ar\/blog\/wp-content\/uploads\/Ejq80lPWoAc1VPX.jpg?fit=680%2C383&ssl=1&resize=350%2C200 1x, https:\/\/i0.wp.com\/larevistadigital.com.ar\/blog\/wp-content\/uploads\/Ejq80lPWoAc1VPX.jpg?fit=680%2C383&ssl=1&resize=525%2C300 1.5x"},"classes":[]},{"id":22209,"url":"https:\/\/larevistadigital.com.ar\/blog\/nuevo-dt-martin-palermo-trabajaremos-para-consolidar-a-aldosivi-en-primera-division\/","url_meta":{"origin":37634,"position":5},"title":"NUEVO DT. MART\u00cdN PALERMO: \u00abTRABAJAREMOS PARA CONSOLIDAR A ALDOSIVI EN PRIMERA DIVISI\u00d3N\u00bb","author":"Alejandro Sosa Ruda","date":"30 septiembre, 2021","format":false,"excerpt":"El ex goleador fue presentado como flamante entrenador del equipo marplatense. Habl\u00f3 de los objetivos a corto y largo plazo. MAR DEL PLATA\u00a0 -\u00a0 Mart\u00edn Palermo fue presentado como entrenador de Aldosivi, aunque asumir\u00e1 el cargo despu\u00e9s del partido de este viernes ante Uni\u00f3n de Santa Fe. \u201cTrabajaremos para consolidar\u2026","rel":"","context":"En \u00abDEPORTES\u00bb","block_context":{"text":"DEPORTES","link":"https:\/\/larevistadigital.com.ar\/blog\/category\/deportes\/"},"img":{"alt_text":"","src":"https:\/\/i0.wp.com\/larevistadigital.com.ar\/blog\/wp-content\/uploads\/1582212751_140632_1582212868_noticia_normal.jpg?fit=1200%2C675&ssl=1&resize=350%2C200","width":350,"height":200,"srcset":"https:\/\/i0.wp.com\/larevistadigital.com.ar\/blog\/wp-content\/uploads\/1582212751_140632_1582212868_noticia_normal.jpg?fit=1200%2C675&ssl=1&resize=350%2C200 1x, https:\/\/i0.wp.com\/larevistadigital.com.ar\/blog\/wp-content\/uploads\/1582212751_140632_1582212868_noticia_normal.jpg?fit=1200%2C675&ssl=1&resize=525%2C300 1.5x, https:\/\/i0.wp.com\/larevistadigital.com.ar\/blog\/wp-content\/uploads\/1582212751_140632_1582212868_noticia_normal.jpg?fit=1200%2C675&ssl=1&resize=700%2C400 2x, https:\/\/i0.wp.com\/larevistadigital.com.ar\/blog\/wp-content\/uploads\/1582212751_140632_1582212868_noticia_normal.jpg?fit=1200%2C675&ssl=1&resize=1050%2C600 3x"},"classes":[]}],"_links":{"self":[{"href":"https:\/\/larevistadigital.com.ar\/blog\/wp-json\/wp\/v2\/posts\/37634","targetHints":{"allow":["GET"]}}],"collection":[{"href":"https:\/\/larevistadigital.com.ar\/blog\/wp-json\/wp\/v2\/posts"}],"about":[{"href":"https:\/\/larevistadigital.com.ar\/blog\/wp-json\/wp\/v2\/types\/post"}],"author":[{"embeddable":true,"href":"https:\/\/larevistadigital.com.ar\/blog\/wp-json\/wp\/v2\/users\/3"}],"replies":[{"embeddable":true,"href":"https:\/\/larevistadigital.com.ar\/blog\/wp-json\/wp\/v2\/comments?post=37634"}],"version-history":[{"count":1,"href":"https:\/\/larevistadigital.com.ar\/blog\/wp-json\/wp\/v2\/posts\/37634\/revisions"}],"predecessor-version":[{"id":37636,"href":"https:\/\/larevistadigital.com.ar\/blog\/wp-json\/wp\/v2\/posts\/37634\/revisions\/37636"}],"wp:featuredmedia":[{"embeddable":true,"href":"https:\/\/larevistadigital.com.ar\/blog\/wp-json\/wp\/v2\/media\/37635"}],"wp:attachment":[{"href":"https:\/\/larevistadigital.com.ar\/blog\/wp-json\/wp\/v2\/media?parent=37634"}],"wp:term":[{"taxonomy":"category","embeddable":true,"href":"https:\/\/larevistadigital.com.ar\/blog\/wp-json\/wp\/v2\/categories?post=37634"},{"taxonomy":"post_tag","embeddable":true,"href":"https:\/\/larevistadigital.com.ar\/blog\/wp-json\/wp\/v2\/tags?post=37634"}],"curies":[{"name":"wp","href":"https:\/\/api.w.org\/{rel}","templated":true}]}}