{"id":37638,"date":"2024-10-30T21:04:21","date_gmt":"2024-10-31T00:04:21","guid":{"rendered":"https:\/\/larevistadigital.com.ar\/blog\/?p=37638"},"modified":"2024-10-30T21:10:03","modified_gmt":"2024-10-31T00:10:03","slug":"milei-echo-a-otro-funcionario-del-gobierno-ahora-mondino-afuera","status":"publish","type":"post","link":"https:\/\/larevistadigital.com.ar\/blog\/milei-echo-a-otro-funcionario-del-gobierno-ahora-mondino-afuera\/","title":{"rendered":"Milei ech\u00f3 a otro funcionario del gobierno: Ahora Mondino&#8230;\u00a1Afuera!"},"content":{"rendered":"<h2>Aseguran que Diana Mondino fue despedida por no reflejar \u00abLos valores de la libertad\u00bb. Aqu\u00ed el comunicado oficial.<\/h2>\n<p>30 de Octubre de 2024<\/p>\n<p>Luego que la noticia corri\u00f3 como un reguero de p\u00f3lvora, el gobierno emiti\u00f3 un comunicado donde confirmaba oficialmente el despido de la Canciller <strong>Diana Mondino<\/strong>, de gran relevancia durante la campa\u00f1a del libertario hoy presidente, con grandes elogios que la presentaban como una mujer de \u00abalta gama\u00bb, y con una fuerte presencia en los medios.<\/p>\n<p>En el comunicado, el gobierno explic\u00f3 la decisi\u00f3n, luego que la canciller votara a favor de Cuba respecto del levantamiento del embargo econ\u00f3mico que mantiene Estados Unidos desde 1962, en la Asamblea de las Naciones Unidas (ONU).<\/p>\n<h3><span style=\"color: #ff0000\">EL COMUNICADO<\/span><\/h3>\n<p><em><strong>\u00abCiudad de Buenos Aires, 30 de octubre de 2024.- <\/strong><\/em><\/p>\n<p><em><strong>La oficina del Presidente informa que la Canciller Diana Mondino ha presentado su renuncia al cargo de Ministra de Relaciones Exteriores, Comercio Internacional y Culto. En su lugar asumir\u00e1 el actual Embajador en los Estados Unidos, el se\u00f1or Gerardo Werthein, quien liderar\u00e1 la continuidad de la transformaci\u00f3n de la Pol\u00edtica exterior en nuestro pa\u00eds.<\/strong><\/em><\/p>\n<p><em><strong>La Argentina atraviesa un per\u00edodo de cambios profundos, y esta nueva etapa exige que nuestro cuerpo diplom\u00e1tico refleje en cada decisi\u00f3n los valores de la libertad, soberan\u00eda y los derechos individuales que caracterizan a las democracias occidentales. En este sentido, nuestro pa\u00eds se opone categ\u00f3ricamente a la dictadura cubana y se mantendr\u00e1 firme en la promoci\u00f3n de una pol\u00edtica exterior que condene a todos los reg\u00edmenes que perpet\u00faan la violaci\u00f3n de los derechos humanos y las libertades individuales.\u00bb<\/strong><\/em><\/p>\n<p><strong><span style=\"color: #ff0000\">LA VOTACI\u00d3N DE MONDINO A FEVOR DE CUBA QUE TERMIN\u00d3 CON SU CARGO<\/span><\/strong><\/p>\n<p>Al igual que lo ha hecho hist\u00f3ricamente, este mi\u00e9rcoles\u00a0<strong>la Argentina rechaz\u00f3 en las Naciones Unidas (ONU) el embargo econ\u00f3mico que desde 1962 Estados Unidos le impuso a Cuba<\/strong>. Teniendo en cuenta que actualmente se encuentra al poder el gobierno libertario, se esperaba que la representaci\u00f3n argentina, por primera vez, votara a favor del pa\u00eds norteamericano pero, inesperadamente, <strong>Diana Mondino<\/strong> decidi\u00f3 continuar apoyando a Cuba, lo que enfureci\u00f3 a <strong>Javier Milei<\/strong>.<\/p>\n","protected":false},"excerpt":{"rendered":"<div class=\"mh-excerpt\"><p>Aseguran que Diana Mondino fue despedida por no reflejar \u00abLos valores de la libertad\u00bb. Aqu\u00ed el comunicado oficial. 30 de Octubre de 2024 Luego que la noticia corri\u00f3 como un reguero de p\u00f3lvora, el gobierno <a class=\"mh-excerpt-more\" href=\"https:\/\/larevistadigital.com.ar\/blog\/milei-echo-a-otro-funcionario-del-gobierno-ahora-mondino-afuera\/\" title=\"Milei ech\u00f3 a otro funcionario del gobierno: Ahora Mondino&#8230;\u00a1Afuera!\">[Leer M\u00e1s]<\/a><\/p>\n<\/div>","protected":false},"author":3,"featured_media":37642,"comment_status":"open","ping_status":"open","sticky":false,"template":"","format":"standard","meta":{"_jetpack_memberships_contains_paid_content":false,"footnotes":"","jetpack_publicize_message":"","jetpack_publicize_feature_enabled":true,"jetpack_social_post_already_shared":true,"jetpack_social_options":{"image_generator_settings":{"template":"highway","default_image_id":0,"font":"","enabled":false},"version":2}},"categories":[41,12],"tags":[],"class_list":{"0":"post-37638","1":"post","2":"type-post","3":"status-publish","4":"format-standard","5":"has-post-thumbnail","7":"category-destacadas","8":"category-politica"},"jetpack_publicize_connections":[],"jetpack_featured_media_url":"https:\/\/i0.wp.com\/larevistadigital.com.ar\/blog\/wp-content\/uploads\/MILEI-Y-MONDINO.png?fit=572%2C447&ssl=1","jetpack_sharing_enabled":true,"jetpack_shortlink":"https:\/\/wp.me\/p8qtrQ-9N4","jetpack-related-posts":[{"id":34883,"url":"https:\/\/larevistadigital.com.ar\/blog\/intensa-agenda-de-la-canciller-mondino-en-francia\/","url_meta":{"origin":37638,"position":0},"title":"INTENSA AGENDA DE LA CANCILLER MONDINO EN FRANCIA","author":"Alejandro Sosa Ruda","date":"21 diciembre, 2023","format":false,"excerpt":"Paris, FRANCIA -\u00a0 Tras su arribo ayer\u00a0por a la tarde en la ciudad de Par\u00eds, la canciller Diana Mondino mantuvo un encuentro Emmanuel Bonne, Consejero diplom\u00e1tico de Emmanuel Macron, y se reuni\u00f3 con autoridades de Eramet, gigante del litio que invertir\u00e1 m\u00e1s de 800 millones de d\u00f3lares en Salta. En\u2026","rel":"","context":"En \u00abINTERES GENERAL\u00bb","block_context":{"text":"INTERES GENERAL","link":"https:\/\/larevistadigital.com.ar\/blog\/category\/interes-general\/"},"img":{"alt_text":"","src":"https:\/\/i0.wp.com\/larevistadigital.com.ar\/blog\/wp-content\/uploads\/mondino_en_francia.jpg?fit=1200%2C1174&ssl=1&resize=350%2C200","width":350,"height":200,"srcset":"https:\/\/i0.wp.com\/larevistadigital.com.ar\/blog\/wp-content\/uploads\/mondino_en_francia.jpg?fit=1200%2C1174&ssl=1&resize=350%2C200 1x, https:\/\/i0.wp.com\/larevistadigital.com.ar\/blog\/wp-content\/uploads\/mondino_en_francia.jpg?fit=1200%2C1174&ssl=1&resize=525%2C300 1.5x, https:\/\/i0.wp.com\/larevistadigital.com.ar\/blog\/wp-content\/uploads\/mondino_en_francia.jpg?fit=1200%2C1174&ssl=1&resize=700%2C400 2x, https:\/\/i0.wp.com\/larevistadigital.com.ar\/blog\/wp-content\/uploads\/mondino_en_francia.jpg?fit=1200%2C1174&ssl=1&resize=1050%2C600 3x"},"classes":[]},{"id":34837,"url":"https:\/\/larevistadigital.com.ar\/blog\/la-canciller-diana-mondino-presento-en-el-palacio-san-martin-a-su-equipo-de-funcionarios\/","url_meta":{"origin":37638,"position":1},"title":"LA CANCILLER DIANA MONDINO PRESENT\u00d3 EN EL PALACIO SAN MART\u00cdN A SU EQUIPO DE FUNCIONARIOS","author":"Alejandro Sosa Ruda","date":"14 diciembre, 2023","format":false,"excerpt":"14 de diciembre de 2023 La\u00a0canciller Diana Mondino\u00a0present\u00f3 esta tarde en el Palacio San Mart\u00edn al equipo de autoridades que la acompa\u00f1ar\u00e1n en su gesti\u00f3n al frente del\u00a0Ministerio de Relaciones Exteriores, Comercio Internacional y Culto, y junto a ellos traz\u00f3 un detallado panorama de los alcances y desaf\u00edos de la\u2026","rel":"","context":"En \u00abINTERES GENERAL\u00bb","block_context":{"text":"INTERES GENERAL","link":"https:\/\/larevistadigital.com.ar\/blog\/category\/interes-general\/"},"img":{"alt_text":"","src":"https:\/\/i0.wp.com\/larevistadigital.com.ar\/blog\/wp-content\/uploads\/z231213c-2-scaled.jpg?fit=1200%2C999&ssl=1&resize=350%2C200","width":350,"height":200,"srcset":"https:\/\/i0.wp.com\/larevistadigital.com.ar\/blog\/wp-content\/uploads\/z231213c-2-scaled.jpg?fit=1200%2C999&ssl=1&resize=350%2C200 1x, https:\/\/i0.wp.com\/larevistadigital.com.ar\/blog\/wp-content\/uploads\/z231213c-2-scaled.jpg?fit=1200%2C999&ssl=1&resize=525%2C300 1.5x, https:\/\/i0.wp.com\/larevistadigital.com.ar\/blog\/wp-content\/uploads\/z231213c-2-scaled.jpg?fit=1200%2C999&ssl=1&resize=700%2C400 2x, https:\/\/i0.wp.com\/larevistadigital.com.ar\/blog\/wp-content\/uploads\/z231213c-2-scaled.jpg?fit=1200%2C999&ssl=1&resize=1050%2C600 3x"},"classes":[]},{"id":34739,"url":"https:\/\/larevistadigital.com.ar\/blog\/luis-petri-sera-el-ministro-de-defensa-del-gobierno-de-milei\/","url_meta":{"origin":37638,"position":2},"title":"LUIS PETRI SER\u00c1 EL MINISTRO DE DEFENSA DEL GOBIERNO DE MILEI","author":"Alejandro Sosa Ruda","date":"4 diciembre, 2023","format":false,"excerpt":"El presidente electo confirm\u00f3 que el dirigente radical estar\u00e1 al frente de la cartera que hoy conduce Jorge Taiana. \u201cLa f\u00f3rmula completa de Juntos por el Cambio ha quedado integrada al gobierno\u201d, inform\u00f3 la oficina del presidente electo. 4 de Diciembre de 2023 La f\u00f3rmula presidencial de Juntos por el\u2026","rel":"","context":"En \u00abINTERES GENERAL\u00bb","block_context":{"text":"INTERES GENERAL","link":"https:\/\/larevistadigital.com.ar\/blog\/category\/interes-general\/"},"img":{"alt_text":"","src":"https:\/\/i0.wp.com\/larevistadigital.com.ar\/blog\/wp-content\/uploads\/Captura-de-pantalla-2023-12-04-170029.png?fit=800%2C511&ssl=1&resize=350%2C200","width":350,"height":200,"srcset":"https:\/\/i0.wp.com\/larevistadigital.com.ar\/blog\/wp-content\/uploads\/Captura-de-pantalla-2023-12-04-170029.png?fit=800%2C511&ssl=1&resize=350%2C200 1x, https:\/\/i0.wp.com\/larevistadigital.com.ar\/blog\/wp-content\/uploads\/Captura-de-pantalla-2023-12-04-170029.png?fit=800%2C511&ssl=1&resize=525%2C300 1.5x, https:\/\/i0.wp.com\/larevistadigital.com.ar\/blog\/wp-content\/uploads\/Captura-de-pantalla-2023-12-04-170029.png?fit=800%2C511&ssl=1&resize=700%2C400 2x"},"classes":[]},{"id":33909,"url":"https:\/\/larevistadigital.com.ar\/blog\/ataque-a-israel-comunicado-de-la-cancilleria-argentina\/","url_meta":{"origin":37638,"position":3},"title":"ATAQUE A ISRAEL: COMUNICADO DE LA CANCILLER\u00cdA ARGENTINA","author":"Alejandro Sosa Ruda","date":"7 octubre, 2023","format":false,"excerpt":"La Canciller\u00eda Argentina emiti\u00f3 un comunicado por los ataques a Israel. 7 de octubre de 2023 Luego de los ataques que Palestina efectu\u00f3 contra Israel el d\u00eda de hoy, a manos de Hamas, muchos pa\u00edses manifestaron su repudio. La Canciller\u00eda Argentina, hizo lo propio en su comunicado de prensa n\u00famero:\u2026","rel":"","context":"En \u00abDESTACADAS\u00bb","block_context":{"text":"DESTACADAS","link":"https:\/\/larevistadigital.com.ar\/blog\/category\/destacadas\/"},"img":{"alt_text":"","src":"https:\/\/i0.wp.com\/larevistadigital.com.ar\/blog\/wp-content\/uploads\/comunicado_49.png?fit=1025%2C513&ssl=1&resize=350%2C200","width":350,"height":200,"srcset":"https:\/\/i0.wp.com\/larevistadigital.com.ar\/blog\/wp-content\/uploads\/comunicado_49.png?fit=1025%2C513&ssl=1&resize=350%2C200 1x, https:\/\/i0.wp.com\/larevistadigital.com.ar\/blog\/wp-content\/uploads\/comunicado_49.png?fit=1025%2C513&ssl=1&resize=525%2C300 1.5x, https:\/\/i0.wp.com\/larevistadigital.com.ar\/blog\/wp-content\/uploads\/comunicado_49.png?fit=1025%2C513&ssl=1&resize=700%2C400 2x"},"classes":[]},{"id":35288,"url":"https:\/\/larevistadigital.com.ar\/blog\/el-gobernador-kicillof-repudio-la-presencia-de-david-cameron-en-las-malvinas\/","url_meta":{"origin":37638,"position":4},"title":"EL GOBERNADOR KICILLOF REPUDI\u00d3 LA PRESENCIA DE DAVID C\u00c1MERON EN LAS MALVINAS","author":"Alejandro Sosa Ruda","date":"21 febrero, 2024","format":false,"excerpt":"Mediate un comunicado, el gobernador bonaerense, Axel Kicillof, repudi\u00f3 la \u201cprovocadora\u201d presencia del canciller brit\u00e1nico David Cameron en las Islas Malvinas, al tiempo que hizo suyas las palabras del gobernador de la provincia de Tierra del Fuego, Ant\u00e1rtida e Islas del Atl\u00e1ntico Sur, Gustavo Melella, denunciando \u201cel intento de menoscabo\u2026","rel":"","context":"En \u00abINTERES GENERAL\u00bb","block_context":{"text":"INTERES GENERAL","link":"https:\/\/larevistadigital.com.ar\/blog\/category\/interes-general\/"},"img":{"alt_text":"","src":"https:\/\/i0.wp.com\/larevistadigital.com.ar\/blog\/wp-content\/uploads\/20240220132730_kicillof-cameron-islas-malvinas.jpg?fit=880%2C512&ssl=1&resize=350%2C200","width":350,"height":200,"srcset":"https:\/\/i0.wp.com\/larevistadigital.com.ar\/blog\/wp-content\/uploads\/20240220132730_kicillof-cameron-islas-malvinas.jpg?fit=880%2C512&ssl=1&resize=350%2C200 1x, https:\/\/i0.wp.com\/larevistadigital.com.ar\/blog\/wp-content\/uploads\/20240220132730_kicillof-cameron-islas-malvinas.jpg?fit=880%2C512&ssl=1&resize=525%2C300 1.5x, https:\/\/i0.wp.com\/larevistadigital.com.ar\/blog\/wp-content\/uploads\/20240220132730_kicillof-cameron-islas-malvinas.jpg?fit=880%2C512&ssl=1&resize=700%2C400 2x"},"classes":[]},{"id":34632,"url":"https:\/\/larevistadigital.com.ar\/blog\/que-presidentes-estaran-en-la-asuncion-de-javier-milei\/","url_meta":{"origin":37638,"position":5},"title":"\u00bfQU\u00c9 PRESIDENTES ESTAR\u00c1N EN LA ASUNCI\u00d3N DE JAVIER MILEI?","author":"Alejandro Sosa Ruda","date":"26 noviembre, 2023","format":false,"excerpt":"Esta semana siguieron los encuentros del equipo entrante con los ministros que se van. Que confirmar d\u00f3nde serpa la entrega del mando. 26 de Noviembre de 2023 A 15 d\u00edas de la asunci\u00f3n de Javier Milei como presidente, el gobierno saliente de Alberto Fern\u00e1ndez\u00a0y el entrante mantuvieron esta semana distintas\u2026","rel":"","context":"En \u00abINTERES GENERAL\u00bb","block_context":{"text":"INTERES GENERAL","link":"https:\/\/larevistadigital.com.ar\/blog\/category\/interes-general\/"},"img":{"alt_text":"","src":"https:\/\/i0.wp.com\/larevistadigital.com.ar\/blog\/wp-content\/uploads\/Captura-de-pantalla-2023-11-26-133234.png?fit=834%2C509&ssl=1&resize=350%2C200","width":350,"height":200,"srcset":"https:\/\/i0.wp.com\/larevistadigital.com.ar\/blog\/wp-content\/uploads\/Captura-de-pantalla-2023-11-26-133234.png?fit=834%2C509&ssl=1&resize=350%2C200 1x, https:\/\/i0.wp.com\/larevistadigital.com.ar\/blog\/wp-content\/uploads\/Captura-de-pantalla-2023-11-26-133234.png?fit=834%2C509&ssl=1&resize=525%2C300 1.5x, https:\/\/i0.wp.com\/larevistadigital.com.ar\/blog\/wp-content\/uploads\/Captura-de-pantalla-2023-11-26-133234.png?fit=834%2C509&ssl=1&resize=700%2C400 2x"},"classes":[]}],"_links":{"self":[{"href":"https:\/\/larevistadigital.com.ar\/blog\/wp-json\/wp\/v2\/posts\/37638","targetHints":{"allow":["GET"]}}],"collection":[{"href":"https:\/\/larevistadigital.com.ar\/blog\/wp-json\/wp\/v2\/posts"}],"about":[{"href":"https:\/\/larevistadigital.com.ar\/blog\/wp-json\/wp\/v2\/types\/post"}],"author":[{"embeddable":true,"href":"https:\/\/larevistadigital.com.ar\/blog\/wp-json\/wp\/v2\/users\/3"}],"replies":[{"embeddable":true,"href":"https:\/\/larevistadigital.com.ar\/blog\/wp-json\/wp\/v2\/comments?post=37638"}],"version-history":[{"count":3,"href":"https:\/\/larevistadigital.com.ar\/blog\/wp-json\/wp\/v2\/posts\/37638\/revisions"}],"predecessor-version":[{"id":37647,"href":"https:\/\/larevistadigital.com.ar\/blog\/wp-json\/wp\/v2\/posts\/37638\/revisions\/37647"}],"wp:featuredmedia":[{"embeddable":true,"href":"https:\/\/larevistadigital.com.ar\/blog\/wp-json\/wp\/v2\/media\/37642"}],"wp:attachment":[{"href":"https:\/\/larevistadigital.com.ar\/blog\/wp-json\/wp\/v2\/media?parent=37638"}],"wp:term":[{"taxonomy":"category","embeddable":true,"href":"https:\/\/larevistadigital.com.ar\/blog\/wp-json\/wp\/v2\/categories?post=37638"},{"taxonomy":"post_tag","embeddable":true,"href":"https:\/\/larevistadigital.com.ar\/blog\/wp-json\/wp\/v2\/tags?post=37638"}],"curies":[{"name":"wp","href":"https:\/\/api.w.org\/{rel}","templated":true}]}}