{"id":37651,"date":"2024-10-30T22:04:06","date_gmt":"2024-10-31T01:04:06","guid":{"rendered":"https:\/\/larevistadigital.com.ar\/blog\/?p=37651"},"modified":"2024-10-30T22:04:06","modified_gmt":"2024-10-31T01:04:06","slug":"nuevas-carreras-universitarias-en-el-centro-universitario-de-chascomus","status":"publish","type":"post","link":"https:\/\/larevistadigital.com.ar\/blog\/nuevas-carreras-universitarias-en-el-centro-universitario-de-chascomus\/","title":{"rendered":"Nuevas carreras universitarias en el Centro Universitario de Chascom\u00fas"},"content":{"rendered":"<h2 class=\"excerpt\">Las mismas tienen como destinatarios a docentes de escuelas t\u00e9cnicas de la Provincia de Buenos Aires.<\/h2>\n<p>30 de octubre de 2024<\/p>\n<div id=\"miDiv1\" class=\"text\">\n<p><strong>CHASCOM\u00daS &#8211;\u00a0<\/strong> En el d\u00eda de ayer se present\u00f3 y dio inicio a la Diplomatura en Agrobiotecnolog\u00eda que se ofrece con instancias de presencialidad en el Instituto Tecnol\u00f3gico Chascom\u00fas (INTECH) y el Centro Universitario local.<\/p>\n<blockquote>\n<h3>La presentaci\u00f3n virtual de esta carrera cont\u00f3 con la presencia del intendente Javier Gast\u00f3n; el subsecretario de Educaci\u00f3n de la Provincia, Pablo Urquiza; el director del programa Puentes, Juan Brardinelli; el Subsecretario de Infancias y Juventudes, Lucio Alfons\u00edn; y autoridades educativas y del INTECH.<\/h3>\n<\/blockquote>\n<p>El intendente <strong>Gast\u00f3n<\/strong>, quien estuvo al frente de las gestiones para la incorporaci\u00f3n de estas carreras, remarc\u00f3 ante los estudiantes y las autoridades presentes, la importancia que tiene apostar a la educaci\u00f3n superior para el desarrollo socioproductivo y el crecimiento de nuestra ciudad, ante los estudiantes<\/p>\n<p>Se prev\u00e9 para ma\u00f1ana la presentaci\u00f3n e inicio de clases para la Diplomatura en Acuicultura.<\/p>\n<\/div>\n","protected":false},"excerpt":{"rendered":"<div class=\"mh-excerpt\"><p>Las mismas tienen como destinatarios a docentes de escuelas t\u00e9cnicas de la Provincia de Buenos Aires. 30 de octubre de 2024 CHASCOM\u00daS &#8211;\u00a0 En el d\u00eda de ayer se present\u00f3 y dio inicio a la <a class=\"mh-excerpt-more\" href=\"https:\/\/larevistadigital.com.ar\/blog\/nuevas-carreras-universitarias-en-el-centro-universitario-de-chascomus\/\" title=\"Nuevas carreras universitarias en el Centro Universitario de Chascom\u00fas\">[Leer M\u00e1s]<\/a><\/p>\n<\/div>","protected":false},"author":3,"featured_media":37652,"comment_status":"open","ping_status":"open","sticky":false,"template":"","format":"standard","meta":{"_jetpack_memberships_contains_paid_content":false,"footnotes":"","jetpack_publicize_message":"","jetpack_publicize_feature_enabled":true,"jetpack_social_post_already_shared":true,"jetpack_social_options":{"image_generator_settings":{"template":"highway","default_image_id":0,"font":"","enabled":false},"version":2}},"categories":[50],"tags":[],"class_list":{"0":"post-37651","1":"post","2":"type-post","3":"status-publish","4":"format-standard","5":"has-post-thumbnail","7":"category-interes-general"},"jetpack_publicize_connections":[],"jetpack_featured_media_url":"https:\/\/i0.wp.com\/larevistadigital.com.ar\/blog\/wp-content\/uploads\/6722736e2b6c3.png?fit=668%2C445&ssl=1","jetpack_sharing_enabled":true,"jetpack_shortlink":"https:\/\/wp.me\/p8qtrQ-9Nh","jetpack-related-posts":[{"id":41013,"url":"https:\/\/larevistadigital.com.ar\/blog\/educacion-publica-mas-de-80-estudiantes-finalizaron-diplomaturas-dictadas-en-el-intech\/","url_meta":{"origin":37651,"position":0},"title":"Educaci\u00f3n P\u00fablica: M\u00e1s de 80 estudiantes finalizaron diplomaturas dictadas en el INTECH","author":"Alejandro Sosa Ruda","date":"20 agosto, 2025","format":false,"excerpt":"El intendente Javier Gast\u00f3n y el subsecretario de Educaci\u00f3n provincial, Pablo Urquiza, encabezaron la entrega de certificados. 20 de agosto de 2025 CHASCOM\u00daS\u00a0 -\u00a0 \u00a0En un acto realizado en el Centro Universitario Chascom\u00fas, m\u00e1s de 80 estudiantes recibieron sus diplomas tras completar la Diplomatura en Recursos Acu\u00e1ticos y la Diplomatura\u2026","rel":"","context":"En \u00abCHASCOM\u00daS\u00bb","block_context":{"text":"CHASCOM\u00daS","link":"https:\/\/larevistadigital.com.ar\/blog\/category\/chascomus\/"},"img":{"alt_text":"","src":"https:\/\/i0.wp.com\/larevistadigital.com.ar\/blog\/wp-content\/uploads\/68a5fa03143ce.png?fit=668%2C445&ssl=1&resize=350%2C200","width":350,"height":200,"srcset":"https:\/\/i0.wp.com\/larevistadigital.com.ar\/blog\/wp-content\/uploads\/68a5fa03143ce.png?fit=668%2C445&ssl=1&resize=350%2C200 1x, https:\/\/i0.wp.com\/larevistadigital.com.ar\/blog\/wp-content\/uploads\/68a5fa03143ce.png?fit=668%2C445&ssl=1&resize=525%2C300 1.5x"},"classes":[]},{"id":40225,"url":"https:\/\/larevistadigital.com.ar\/blog\/javier-gaston-firmo-un-convenio-para-ampliar-la-oferta-academica-universitaria-en-chascomus\/","url_meta":{"origin":37651,"position":1},"title":"Javier Gast\u00f3n firm\u00f3 un convenio para ampliar la oferta acad\u00e9mica universitaria en Chascom\u00fas","author":"Alejandro Sosa Ruda","date":"30 junio, 2025","format":false,"excerpt":"Durante su participaci\u00f3n en el 3\u00b0 Encuentro Provincial del programa Puentes, el intendente junto al gobernador Axel Kicillof y m\u00e1s de 60 jefes comunalesrubric\u00f3 un acuerdo para el dictado de una nueva diplomatura. 30 de Junio de 2025 CHASCOM\u00daS -\u00a0 \u00a0El intendente Javier Gast\u00f3n y el subsecretario de Infancias y\u2026","rel":"","context":"En \u00abINTERES GENERAL\u00bb","block_context":{"text":"INTERES GENERAL","link":"https:\/\/larevistadigital.com.ar\/blog\/category\/interes-general\/"},"img":{"alt_text":"","src":"https:\/\/i0.wp.com\/larevistadigital.com.ar\/blog\/wp-content\/uploads\/6862bcd751262.png?fit=668%2C445&ssl=1&resize=350%2C200","width":350,"height":200,"srcset":"https:\/\/i0.wp.com\/larevistadigital.com.ar\/blog\/wp-content\/uploads\/6862bcd751262.png?fit=668%2C445&ssl=1&resize=350%2C200 1x, https:\/\/i0.wp.com\/larevistadigital.com.ar\/blog\/wp-content\/uploads\/6862bcd751262.png?fit=668%2C445&ssl=1&resize=525%2C300 1.5x"},"classes":[]},{"id":42989,"url":"https:\/\/larevistadigital.com.ar\/blog\/cincuenta-estudiantes-egresaron-de-diplomaturas-dictadas-en-el-centro-universitario-chascomus\/","url_meta":{"origin":37651,"position":2},"title":"Cincuenta estudiantes egresaron de diplomaturas dictadas en el Centro Universitario Chascom\u00fas","author":"Alejandro Sosa Ruda","date":"22 diciembre, 2025","format":false,"excerpt":"Recibieron sus diplomas quienes completaron las formaciones en Programaci\u00f3n y An\u00e1lisis de Datos, Medio Ambiente y Bionegocios. CHASCOM\u00daS -\u00a0 \u00a0Un total de 50 estudiantes recibieron el viernes sus diplomas tras haber finalizado distintas diplomaturas universitarias dictadas en el Centro Universitario Chascom\u00fas. El acto se realiz\u00f3 en la sede del Centro\u2026","rel":"","context":"En \u00abCHASCOM\u00daS\u00bb","block_context":{"text":"CHASCOM\u00daS","link":"https:\/\/larevistadigital.com.ar\/blog\/category\/chascomus\/"},"img":{"alt_text":"","src":"https:\/\/i0.wp.com\/larevistadigital.com.ar\/blog\/wp-content\/uploads\/69497d5c74f05.png?fit=668%2C445&ssl=1&resize=350%2C200","width":350,"height":200,"srcset":"https:\/\/i0.wp.com\/larevistadigital.com.ar\/blog\/wp-content\/uploads\/69497d5c74f05.png?fit=668%2C445&ssl=1&resize=350%2C200 1x, https:\/\/i0.wp.com\/larevistadigital.com.ar\/blog\/wp-content\/uploads\/69497d5c74f05.png?fit=668%2C445&ssl=1&resize=525%2C300 1.5x"},"classes":[]},{"id":37045,"url":"https:\/\/larevistadigital.com.ar\/blog\/chascomus-entrega-de-credenciales-de-transporte-para-estudiantes-del-centro-universitario\/","url_meta":{"origin":37651,"position":3},"title":"CHASCOM\u00daS: ENTREGA DE CREDENCIALES DE TRANSPORTE PARA ESTUDIANTES DEL CENTRO UNIVERSITARIO","author":"Alejandro Sosa Ruda","date":"23 agosto, 2024","format":false,"excerpt":"El subsidio del 75% al boleto de colectivo otorgado por la Municipalidad de Chascom\u00fas facilita el acceso a las clases que se cursan en la sede educativa de General Paz. 23 de Agosto de 2024 CHASCOM\u00daS -\u00a0 Este jueves, los estudiantes chascomunenses de las carreras que se dictan en el\u2026","rel":"","context":"En \u00abCHASCOM\u00daS\u00bb","block_context":{"text":"CHASCOM\u00daS","link":"https:\/\/larevistadigital.com.ar\/blog\/category\/chascomus\/"},"img":{"alt_text":"","src":"https:\/\/i0.wp.com\/larevistadigital.com.ar\/blog\/wp-content\/uploads\/66c8c20f9587f.png?fit=668%2C445&ssl=1&resize=350%2C200","width":350,"height":200,"srcset":"https:\/\/i0.wp.com\/larevistadigital.com.ar\/blog\/wp-content\/uploads\/66c8c20f9587f.png?fit=668%2C445&ssl=1&resize=350%2C200 1x, https:\/\/i0.wp.com\/larevistadigital.com.ar\/blog\/wp-content\/uploads\/66c8c20f9587f.png?fit=668%2C445&ssl=1&resize=525%2C300 1.5x"},"classes":[]},{"id":44474,"url":"https:\/\/larevistadigital.com.ar\/blog\/javier-gaston-y-el-ministro-carlos-bianco-presentaron-una-nueva-carrera-universitaria-para-chascomus\/","url_meta":{"origin":37651,"position":4},"title":"Javier Gast\u00f3n y el ministro Carlos Bianco presentaron una nueva carrera universitaria para Chascom\u00fas","author":"Alejandro Sosa Ruda","date":"12 marzo, 2026","format":false,"excerpt":"Adem\u00e1s, el intendente y el titular de la cartera de Gobierno bonaerense recorrieron las instalaciones del Centro Universitario de Chascom\u00fas, ubicado en el barrio 30 de Mayo, y la obra de ampliaci\u00f3n que se encuentra en marcha. 12 de marzo de 2026 En horas de la tarde de ayer, el\u2026","rel":"","context":"En \u00abSin categor\u00eda\u00bb","block_context":{"text":"Sin categor\u00eda","link":"https:\/\/larevistadigital.com.ar\/blog\/category\/sin-categoria\/"},"img":{"alt_text":"","src":"https:\/\/i0.wp.com\/larevistadigital.com.ar\/blog\/wp-content\/uploads\/69b2f1a68b13c.png?fit=668%2C445&ssl=1&resize=350%2C200","width":350,"height":200,"srcset":"https:\/\/i0.wp.com\/larevistadigital.com.ar\/blog\/wp-content\/uploads\/69b2f1a68b13c.png?fit=668%2C445&ssl=1&resize=350%2C200 1x, https:\/\/i0.wp.com\/larevistadigital.com.ar\/blog\/wp-content\/uploads\/69b2f1a68b13c.png?fit=668%2C445&ssl=1&resize=525%2C300 1.5x"},"classes":[]},{"id":41859,"url":"https:\/\/larevistadigital.com.ar\/blog\/exitosa-edicion-de-la-expo-educativa-2025-en-chascomus\/","url_meta":{"origin":37651,"position":5},"title":"Exitosa edici\u00f3n de la Expo Educativa 2025 en Chascom\u00fas","author":"Alejandro Sosa Ruda","date":"9 octubre, 2025","format":false,"excerpt":"Este jueves, se llev\u00f3 a cabo la Expo Educativa 2025, una plaza abierta que reuni\u00f3 a instituciones del nivel secundario y superior, junto a actividades culturales, radio en vivo y espacios de orientaci\u00f3n vocacional. 09 de Octubre de 2025 CAHSCOM\u00daS\u00a0 -\u00a0 \u00a0El evento, organizado por la Jefatura Distrital de Educaci\u00f3n\u2026","rel":"","context":"En \u00abCHASCOM\u00daS\u00bb","block_context":{"text":"CHASCOM\u00daS","link":"https:\/\/larevistadigital.com.ar\/blog\/category\/chascomus\/"},"img":{"alt_text":"","src":"https:\/\/i0.wp.com\/larevistadigital.com.ar\/blog\/wp-content\/uploads\/68e7ebdf888b8.png?fit=668%2C445&ssl=1&resize=350%2C200","width":350,"height":200,"srcset":"https:\/\/i0.wp.com\/larevistadigital.com.ar\/blog\/wp-content\/uploads\/68e7ebdf888b8.png?fit=668%2C445&ssl=1&resize=350%2C200 1x, https:\/\/i0.wp.com\/larevistadigital.com.ar\/blog\/wp-content\/uploads\/68e7ebdf888b8.png?fit=668%2C445&ssl=1&resize=525%2C300 1.5x"},"classes":[]}],"_links":{"self":[{"href":"https:\/\/larevistadigital.com.ar\/blog\/wp-json\/wp\/v2\/posts\/37651","targetHints":{"allow":["GET"]}}],"collection":[{"href":"https:\/\/larevistadigital.com.ar\/blog\/wp-json\/wp\/v2\/posts"}],"about":[{"href":"https:\/\/larevistadigital.com.ar\/blog\/wp-json\/wp\/v2\/types\/post"}],"author":[{"embeddable":true,"href":"https:\/\/larevistadigital.com.ar\/blog\/wp-json\/wp\/v2\/users\/3"}],"replies":[{"embeddable":true,"href":"https:\/\/larevistadigital.com.ar\/blog\/wp-json\/wp\/v2\/comments?post=37651"}],"version-history":[{"count":1,"href":"https:\/\/larevistadigital.com.ar\/blog\/wp-json\/wp\/v2\/posts\/37651\/revisions"}],"predecessor-version":[{"id":37653,"href":"https:\/\/larevistadigital.com.ar\/blog\/wp-json\/wp\/v2\/posts\/37651\/revisions\/37653"}],"wp:featuredmedia":[{"embeddable":true,"href":"https:\/\/larevistadigital.com.ar\/blog\/wp-json\/wp\/v2\/media\/37652"}],"wp:attachment":[{"href":"https:\/\/larevistadigital.com.ar\/blog\/wp-json\/wp\/v2\/media?parent=37651"}],"wp:term":[{"taxonomy":"category","embeddable":true,"href":"https:\/\/larevistadigital.com.ar\/blog\/wp-json\/wp\/v2\/categories?post=37651"},{"taxonomy":"post_tag","embeddable":true,"href":"https:\/\/larevistadigital.com.ar\/blog\/wp-json\/wp\/v2\/tags?post=37651"}],"curies":[{"name":"wp","href":"https:\/\/api.w.org\/{rel}","templated":true}]}}