{"id":37654,"date":"2024-10-30T22:33:29","date_gmt":"2024-10-31T01:33:29","guid":{"rendered":"https:\/\/larevistadigital.com.ar\/blog\/?p=37654"},"modified":"2024-10-30T22:33:29","modified_gmt":"2024-10-31T01:33:29","slug":"las-pymes-se-suman-al-apagon-contra-los-tarifazos","status":"publish","type":"post","link":"https:\/\/larevistadigital.com.ar\/blog\/las-pymes-se-suman-al-apagon-contra-los-tarifazos\/","title":{"rendered":"Las PYMES se suman al apag\u00f3n contra los tarifazos"},"content":{"rendered":"<h2 class=\"fparrafo ctext fz18 lh25\">Como parte integrante del Foro Multisectorial contra los Tarifazos, la Asamblea de Peque\u00f1os y Medianos Empresarios (APYME) convoc\u00f3 a participar del Apag\u00f3n Nacional que se realizar\u00e1 este jueves 31 de octubre de 21 a 21.10 hs, en rechazo a los aumentos desmedidos e injustos de tarifas de la energ\u00eda y de los servicios p\u00fablicos que impulsa y avala el Gobierno Nacional.<\/h2>\n<p>30 de Octubre de 2024<\/p>\n<p>Mediante un comunicado, la entidad empresaria destac\u00f3 que \u201clos salvajes incrementos tarifarios son parte de las pol\u00edticas de ajuste perpetuo sobre la econom\u00eda nacional que implementa el Gobierno, sin reparar en consecuencias para el conjunto de la sociedad y el entramado productivo local\u201d.<\/p>\n<blockquote>\n<h3>En ese sentido, APYME destac\u00f3 que<em> \u201cmientras el presidente Milei y sus c\u00f3mplices festejan un veranito financiero, ya cerraron 12.000 empresas y se incrementan los despidos, que se suman a los que se generan en el nivel del Estado, en v\u00edas de destrucci\u00f3n\u201d.<\/em><\/h3>\n<\/blockquote>\n<p>Por \u00faltimo, APYME llam\u00f3 a participar de este apag\u00f3n, impulsado por organizaciones empresarias, de consumidores, cooperativas, sindicales y sociales, para hacer visible a las autoridades la firme voluntad de defender en todo el pa\u00eds las fuentes de trabajo y los derechos del conjunto de la poblaci\u00f3n, concluye el comunicado. (<b>InfoGEI<\/b>)Ac<\/p>\n","protected":false},"excerpt":{"rendered":"<div class=\"mh-excerpt\"><p>Como parte integrante del Foro Multisectorial contra los Tarifazos, la Asamblea de Peque\u00f1os y Medianos Empresarios (APYME) convoc\u00f3 a participar del Apag\u00f3n Nacional que se realizar\u00e1 este jueves 31 de octubre de 21 a 21.10 <a class=\"mh-excerpt-more\" href=\"https:\/\/larevistadigital.com.ar\/blog\/las-pymes-se-suman-al-apagon-contra-los-tarifazos\/\" title=\"Las PYMES se suman al apag\u00f3n contra los tarifazos\">[Leer M\u00e1s]<\/a><\/p>\n<\/div>","protected":false},"author":3,"featured_media":37655,"comment_status":"open","ping_status":"open","sticky":false,"template":"","format":"standard","meta":{"_jetpack_memberships_contains_paid_content":false,"footnotes":"","jetpack_publicize_message":"","jetpack_publicize_feature_enabled":true,"jetpack_social_post_already_shared":true,"jetpack_social_options":{"image_generator_settings":{"template":"highway","default_image_id":0,"font":"","enabled":false},"version":2}},"categories":[50],"tags":[],"class_list":{"0":"post-37654","1":"post","2":"type-post","3":"status-publish","4":"format-standard","5":"has-post-thumbnail","7":"category-interes-general"},"jetpack_publicize_connections":[],"jetpack_featured_media_url":"https:\/\/i0.wp.com\/larevistadigital.com.ar\/blog\/wp-content\/uploads\/20241030164438_pymes-apagon-tarifazos.jpg?fit=880%2C512&ssl=1","jetpack_sharing_enabled":true,"jetpack_shortlink":"https:\/\/wp.me\/p8qtrQ-9Nk","jetpack-related-posts":[{"id":8089,"url":"https:\/\/larevistadigital.com.ar\/blog\/chascomus-la-cta-confirmo-una-concentracion-contra-el-tarifazo-hoy-a-las-1930hs\/","url_meta":{"origin":37654,"position":0},"title":"CHASCOM\u00daS: LA CTA CONFIRM\u00d3 UNA CONCENTRACI\u00d3N CONTRA EL TARIFAZO HOY A LAS 19:30HS.","author":"Alejandro Sosa Ruda","date":"31 enero, 2019","format":false,"excerpt":"La CTA\u00a0Regional Chascom\u00fas, Lezama, Castelli, Dolores y Tordillo, inform\u00f3 mediante un comunicado que en el d\u00eda de hoy a las 19:30 hs. se llevar\u00e1 a cabo una nueva concentraci\u00f3n para repudiar las pol\u00edticas econ\u00f3micas del Gobierno Nacional y Provincial, como tambi\u00e9n manifestar el malestar por algunas medidas que se han\u2026","rel":"","context":"En \u00abPOLITICA\u00bb","block_context":{"text":"POLITICA","link":"https:\/\/larevistadigital.com.ar\/blog\/category\/politica\/"},"img":{"alt_text":"","src":"https:\/\/i0.wp.com\/larevistadigital.com.ar\/blog\/wp-content\/uploads\/2019\/01\/IMG-20190129-WA0070.jpg?fit=1200%2C852&ssl=1&resize=350%2C200","width":350,"height":200,"srcset":"https:\/\/i0.wp.com\/larevistadigital.com.ar\/blog\/wp-content\/uploads\/2019\/01\/IMG-20190129-WA0070.jpg?fit=1200%2C852&ssl=1&resize=350%2C200 1x, https:\/\/i0.wp.com\/larevistadigital.com.ar\/blog\/wp-content\/uploads\/2019\/01\/IMG-20190129-WA0070.jpg?fit=1200%2C852&ssl=1&resize=525%2C300 1.5x, https:\/\/i0.wp.com\/larevistadigital.com.ar\/blog\/wp-content\/uploads\/2019\/01\/IMG-20190129-WA0070.jpg?fit=1200%2C852&ssl=1&resize=700%2C400 2x, https:\/\/i0.wp.com\/larevistadigital.com.ar\/blog\/wp-content\/uploads\/2019\/01\/IMG-20190129-WA0070.jpg?fit=1200%2C852&ssl=1&resize=1050%2C600 3x"},"classes":[]},{"id":2986,"url":"https:\/\/larevistadigital.com.ar\/blog\/jorge-taiana-visito-la-ciudad-y-fue-recibido-por-gabriel-macchi\/","url_meta":{"origin":37654,"position":1},"title":"Jorge Taiana visit\u00f3 la ciudad y fue recibido por Gabriel Macchi","author":"admin","date":"4 agosto, 2017","format":false,"excerpt":"El candidato a senador nacional por la provincia de Buenos Aires Jorge Taiana, visit\u00f3 Chascom\u00fas Fue recibido por Gabriel Macchi junto al resto de los candidatos locales de Unidad Ciudadana y los actuales concejales Alfredo Ateasuain, Ana Francese, Hector Larramendy y Juan Cano y el diputado Jos\u00e9 Cote Rossi. Tras\u2026","rel":"","context":"En \u00abPOLITICA\u00bb","block_context":{"text":"POLITICA","link":"https:\/\/larevistadigital.com.ar\/blog\/category\/politica\/"},"img":{"alt_text":"","src":"https:\/\/i0.wp.com\/larevistadigital.com.ar\/blog\/wp-content\/uploads\/2017\/08\/20604157_10212049465145895_2066480076831303291_n.jpg?fit=960%2C744&ssl=1&resize=350%2C200","width":350,"height":200,"srcset":"https:\/\/i0.wp.com\/larevistadigital.com.ar\/blog\/wp-content\/uploads\/2017\/08\/20604157_10212049465145895_2066480076831303291_n.jpg?fit=960%2C744&ssl=1&resize=350%2C200 1x, https:\/\/i0.wp.com\/larevistadigital.com.ar\/blog\/wp-content\/uploads\/2017\/08\/20604157_10212049465145895_2066480076831303291_n.jpg?fit=960%2C744&ssl=1&resize=525%2C300 1.5x, https:\/\/i0.wp.com\/larevistadigital.com.ar\/blog\/wp-content\/uploads\/2017\/08\/20604157_10212049465145895_2066480076831303291_n.jpg?fit=960%2C744&ssl=1&resize=700%2C400 2x"},"classes":[]},{"id":14854,"url":"https:\/\/larevistadigital.com.ar\/blog\/brandsen-llega-la-tarjeta-alimentar-del-plan-argentina-contra-el-hambre\/","url_meta":{"origin":37654,"position":2},"title":"BRANDSEN: LLEGA LA TARJETA ALIMENTAR, DEL PLAN \u00abARGENTINA CONTRA EL HAMBRE\u00bb","author":"Alejandro Sosa Ruda","date":"14 febrero, 2020","format":false,"excerpt":"Fue anunciado por el ministro de Desarrollo. Calculan que llegar\u00e1 en los pr\u00f3ximos d\u00edas. El ministro de Desarrollo Social, Daniel Arroyo, y la titular del Consejo Nacional de Coordinaci\u00f3n de Pol\u00edticas Sociales, Victoria Tolosa Paz, confirmaron en un acto en el rectorado de la UNLP que la tarjeta alimentAR llegar\u00e1\u00a0Brandsen.\u2026","rel":"","context":"En \u00abREGIONALES\u00bb","block_context":{"text":"REGIONALES","link":"https:\/\/larevistadigital.com.ar\/blog\/category\/regionales\/"},"img":{"alt_text":"","src":"https:\/\/i0.wp.com\/larevistadigital.com.ar\/blog\/wp-content\/uploads\/tarjeta-alimentar.jpg?fit=950%2C637&ssl=1&resize=350%2C200","width":350,"height":200,"srcset":"https:\/\/i0.wp.com\/larevistadigital.com.ar\/blog\/wp-content\/uploads\/tarjeta-alimentar.jpg?fit=950%2C637&ssl=1&resize=350%2C200 1x, https:\/\/i0.wp.com\/larevistadigital.com.ar\/blog\/wp-content\/uploads\/tarjeta-alimentar.jpg?fit=950%2C637&ssl=1&resize=525%2C300 1.5x, https:\/\/i0.wp.com\/larevistadigital.com.ar\/blog\/wp-content\/uploads\/tarjeta-alimentar.jpg?fit=950%2C637&ssl=1&resize=700%2C400 2x"},"classes":[]},{"id":21864,"url":"https:\/\/larevistadigital.com.ar\/blog\/mar-del-plata-santilli-recorrio-la-zona-comercial-del-puerto-y-arremetio-contra-el-gobierno\/","url_meta":{"origin":37654,"position":3},"title":"MAR DEL PLATA: SANTILLI RECORRI\u00d3 LA ZONA COMERCIAL DEL PUERTO Y ARREMETI\u00d3 CONTRA EL GOBIERNO","author":"Alejandro Sosa Ruda","date":"4 septiembre, 2021","format":false,"excerpt":"El dirigente de Juntos tom\u00f3 contacto con los comerciantes de la calle 12 de Octubre en la recta final de cara a las Paso.\u00a0\"Celebramos que por primera vez en su historia, el kirchnerismo quiera debatir los problemas y soluciones para los bonaerenses\", apunt\u00f3. MAR DEL PLATA - El precandidato a\u2026","rel":"","context":"En \u00abPOLITICA PROVINCIAL\u00bb","block_context":{"text":"POLITICA PROVINCIAL","link":"https:\/\/larevistadigital.com.ar\/blog\/category\/politica\/politica-provincial\/"},"img":{"alt_text":"","src":"https:\/\/i0.wp.com\/larevistadigital.com.ar\/blog\/wp-content\/uploads\/SANTILLI-PUERTO.png?fit=1020%2C646&ssl=1&resize=350%2C200","width":350,"height":200,"srcset":"https:\/\/i0.wp.com\/larevistadigital.com.ar\/blog\/wp-content\/uploads\/SANTILLI-PUERTO.png?fit=1020%2C646&ssl=1&resize=350%2C200 1x, https:\/\/i0.wp.com\/larevistadigital.com.ar\/blog\/wp-content\/uploads\/SANTILLI-PUERTO.png?fit=1020%2C646&ssl=1&resize=525%2C300 1.5x, https:\/\/i0.wp.com\/larevistadigital.com.ar\/blog\/wp-content\/uploads\/SANTILLI-PUERTO.png?fit=1020%2C646&ssl=1&resize=700%2C400 2x"},"classes":[]},{"id":5912,"url":"https:\/\/larevistadigital.com.ar\/blog\/cicop%e2%80%88chascomus-apoya-el-paro-nacional-y-rechazo-el-acuerdo-con-el-fmi\/","url_meta":{"origin":37654,"position":4},"title":"CICOP\u2008Chascom\u00fas apoya el paro nacional y rechaz\u00f3 el acuerdo con el FMI","author":"admin","date":"25 junio, 2018","format":false,"excerpt":"Comunicado oficial de la gremial de la salud La Cicop Seccional Chascom\u00fas emiti\u00f3 un comunicado en el cual fij\u00f3 su postura en relaci\u00f3n al paro nacional convocado por la CGT para el d\u00eda de hoy. A trav\u00e9s del mismo, se manifest\u00f3 en total apoyo de la medida de fuerza. \u201cEntendemos\u2026","rel":"","context":"En \u00abCHASCOM\u00daS\u00bb","block_context":{"text":"CHASCOM\u00daS","link":"https:\/\/larevistadigital.com.ar\/blog\/category\/chascomus\/"},"img":{"alt_text":"","src":"https:\/\/i0.wp.com\/larevistadigital.com.ar\/blog\/wp-content\/uploads\/2018\/06\/cicop_01deseptiembrede2017_elfuerte.jpg?fit=737%2C348&ssl=1&resize=350%2C200","width":350,"height":200,"srcset":"https:\/\/i0.wp.com\/larevistadigital.com.ar\/blog\/wp-content\/uploads\/2018\/06\/cicop_01deseptiembrede2017_elfuerte.jpg?fit=737%2C348&ssl=1&resize=350%2C200 1x, https:\/\/i0.wp.com\/larevistadigital.com.ar\/blog\/wp-content\/uploads\/2018\/06\/cicop_01deseptiembrede2017_elfuerte.jpg?fit=737%2C348&ssl=1&resize=525%2C300 1.5x, https:\/\/i0.wp.com\/larevistadigital.com.ar\/blog\/wp-content\/uploads\/2018\/06\/cicop_01deseptiembrede2017_elfuerte.jpg?fit=737%2C348&ssl=1&resize=700%2C400 2x"},"classes":[]},{"id":42498,"url":"https:\/\/larevistadigital.com.ar\/blog\/bianco-el-gobierno-nacional-le-debe-129-billones-a-la-provincia\/","url_meta":{"origin":37654,"position":5},"title":"Bianco: \u201cEl Gobierno nacional le debe $12,9 billones a la Provincia\u201d","author":"Alejandro Sosa Ruda","date":"17 noviembre, 2025","format":false,"excerpt":"El ministro de Gobierno, Carlos Bianco, llev\u00f3 a cabo una nueva conferencia de prensa junto al ministro de Infraestructura y Servicios P\u00fablicos, Gabriel Katopodis, y al presidente de AUBASA, Jos\u00e9 Arteaga. El ministro de Gobierno de la Provincia de Buenos Aires, Carlos Bianco, brind\u00f3 hoy la habitual conferencia de prensa\u2026","rel":"","context":"En \u00abDESTACADAS\u00bb","block_context":{"text":"DESTACADAS","link":"https:\/\/larevistadigital.com.ar\/blog\/category\/destacadas\/"},"img":{"alt_text":"","src":"https:\/\/i0.wp.com\/larevistadigital.com.ar\/blog\/wp-content\/uploads\/Screenshot_20251117_134850_Drive.jpg?fit=743%2C530&ssl=1&resize=350%2C200","width":350,"height":200,"srcset":"https:\/\/i0.wp.com\/larevistadigital.com.ar\/blog\/wp-content\/uploads\/Screenshot_20251117_134850_Drive.jpg?fit=743%2C530&ssl=1&resize=350%2C200 1x, https:\/\/i0.wp.com\/larevistadigital.com.ar\/blog\/wp-content\/uploads\/Screenshot_20251117_134850_Drive.jpg?fit=743%2C530&ssl=1&resize=525%2C300 1.5x, https:\/\/i0.wp.com\/larevistadigital.com.ar\/blog\/wp-content\/uploads\/Screenshot_20251117_134850_Drive.jpg?fit=743%2C530&ssl=1&resize=700%2C400 2x"},"classes":[]}],"_links":{"self":[{"href":"https:\/\/larevistadigital.com.ar\/blog\/wp-json\/wp\/v2\/posts\/37654","targetHints":{"allow":["GET"]}}],"collection":[{"href":"https:\/\/larevistadigital.com.ar\/blog\/wp-json\/wp\/v2\/posts"}],"about":[{"href":"https:\/\/larevistadigital.com.ar\/blog\/wp-json\/wp\/v2\/types\/post"}],"author":[{"embeddable":true,"href":"https:\/\/larevistadigital.com.ar\/blog\/wp-json\/wp\/v2\/users\/3"}],"replies":[{"embeddable":true,"href":"https:\/\/larevistadigital.com.ar\/blog\/wp-json\/wp\/v2\/comments?post=37654"}],"version-history":[{"count":1,"href":"https:\/\/larevistadigital.com.ar\/blog\/wp-json\/wp\/v2\/posts\/37654\/revisions"}],"predecessor-version":[{"id":37656,"href":"https:\/\/larevistadigital.com.ar\/blog\/wp-json\/wp\/v2\/posts\/37654\/revisions\/37656"}],"wp:featuredmedia":[{"embeddable":true,"href":"https:\/\/larevistadigital.com.ar\/blog\/wp-json\/wp\/v2\/media\/37655"}],"wp:attachment":[{"href":"https:\/\/larevistadigital.com.ar\/blog\/wp-json\/wp\/v2\/media?parent=37654"}],"wp:term":[{"taxonomy":"category","embeddable":true,"href":"https:\/\/larevistadigital.com.ar\/blog\/wp-json\/wp\/v2\/categories?post=37654"},{"taxonomy":"post_tag","embeddable":true,"href":"https:\/\/larevistadigital.com.ar\/blog\/wp-json\/wp\/v2\/tags?post=37654"}],"curies":[{"name":"wp","href":"https:\/\/api.w.org\/{rel}","templated":true}]}}