{"id":37657,"date":"2024-10-30T22:44:56","date_gmt":"2024-10-31T01:44:56","guid":{"rendered":"https:\/\/larevistadigital.com.ar\/blog\/?p=37657"},"modified":"2024-10-30T22:44:56","modified_gmt":"2024-10-31T01:44:56","slug":"nuevo-intento-para-encontrar-petroleo-frente-a-las-costas-marplatenses","status":"publish","type":"post","link":"https:\/\/larevistadigital.com.ar\/blog\/nuevo-intento-para-encontrar-petroleo-frente-a-las-costas-marplatenses\/","title":{"rendered":"Nuevo intento para encontrar petr\u00f3leo frente a las costas marplatenses"},"content":{"rendered":"<h2 class=\"fparrafo ctext fz18 lh25\">Esta vez, la petrolera Shell comenzar\u00e1 en 60 d\u00edas a realizar una exploraci\u00f3n s\u00edsmica 3D en dos \u00e1reas de la Cuenca Argentina Norte (CAN), a unos 200 kil\u00f3metros de la costa de Mar del Plata.<\/h2>\n<p>30 De octubre de 2024<\/p>\n<p>Aunque el \u00e1rea offshore argentina tiene un gran potencial en recursos hidrocarbur\u00edferos, a\u00fan est\u00e1 poco explorada en comparaci\u00f3n con otras zonas con similar capacidad. La producci\u00f3n offshore nacional, concentrada en la Cuenca Austral, representaba en 2019 poco m\u00e1s del 17% del gas natural y algo m\u00e1s del 2% del crudo del pa\u00eds.<\/p>\n<p>Seg\u00fan reporta La Capital,\u00a0en esta primera fase de exploraci\u00f3n en CAN-107 y CAN-109, Shell llevar\u00e1 a cabo un estudio s\u00edsmico 3D. Esta petrolera, que opera en Argentina desde 1914 y se dedica principalmente a la exploraci\u00f3n y producci\u00f3n de petr\u00f3leo y gas, cuenta con d\u00e9cadas de experiencia en proyectos offshore a nivel mundial, desarrollando en la actualidad m\u00e1s de veinte proyectos importantes en aguas profundas.<\/p>\n<p>El prop\u00f3sito del estudio s\u00edsmico es analizar y caracterizar los posibles recursos de hidrocarburos en estas zonas. Los datos obtenidos se interpretar\u00e1n para identificar lugares de inter\u00e9s donde podr\u00edan perforarse pozos de exploraci\u00f3n, conforme a los compromisos del contrato de concesi\u00f3n de la Secretar\u00eda de Energ\u00eda (Resoluci\u00f3n 276\/2019).<\/p>\n<p>La perforaci\u00f3n de un pozo exploratorio podr\u00eda confirmar la presencia de hidrocarburos y evaluar el espesor y la presi\u00f3n de las capas productivas.<\/p>\n<p><b>Tecnolog\u00eda a utilizar<\/b><\/p>\n<p>Al igual que en los estudios de Equinor, se utilizar\u00e1 aire comprimido como fuente de energ\u00eda, dado que es una opci\u00f3n accesible y genera pulsos controlables y predecibles. En este proceso, se libera aire comprimido en el agua para crear un pulso ac\u00fastico; las ondas resultantes se reflejan en las distintas capas del subsuelo y son captadas por hidr\u00f3fonos ubicados en cables s\u00edsmicos (streamers), lo cual permite generar una imagen tridimensional del subsuelo.<\/p>\n<p><b>Buques operativos<\/b><\/p>\n<p>Para esta operaci\u00f3n, se emplear\u00e1 un buque s\u00edsmico junto a dos embarcaciones de apoyo: un buque de escolta que asegurar\u00e1 una navegaci\u00f3n segura y sin interferencias y un buque de suministro que abastecer\u00e1 al buque s\u00edsmico y realizar\u00e1 cambios de tripulaci\u00f3n. En caso de emergencia, este \u00faltimo podr\u00eda remolcar al buque s\u00edsmico.<\/p>\n<p><b>Rol del Puerto de Mar del Plata<\/b><\/p>\n<p>La movilizaci\u00f3n de equipos se realizar\u00e1 desde el Puerto de Mar del Plata, ubicado a unos 190 km del \u00e1rea operativa. El puerto de Mar del Plata se utilizar\u00e1 tambi\u00e9n para recibir provisiones, descargar residuos generados a bordo y realizar relevos de la tripulaci\u00f3n. En caso de emergencia, se consideran como puertos alternativos el Puerto de Buenos Aires y el Puerto Quequ\u00e9n.<\/p>\n<p><b>Monitoreo de Fauna Marina<\/b><\/p>\n<p>Un equipo de Monitoreo de Fauna Marina (RMFM) supervisar\u00e1 la actividad, observando visualmente y mediante Monitoreo Ac\u00fastico Pasivo (MAP) que el inicio de operaciones solo se d\u00e9 si no hay especies marinas vulnerables en el \u00c1rea de Exclusi\u00f3n, delimitada en 1.000 metros. Ante la detecci\u00f3n de ejemplares en esta \u00e1rea, se proceder\u00e1 a interrumpir la descarga de aire comprimido. (<b>InfoGEI<\/b>)Ac<\/p>\n","protected":false},"excerpt":{"rendered":"<div class=\"mh-excerpt\"><p>Esta vez, la petrolera Shell comenzar\u00e1 en 60 d\u00edas a realizar una exploraci\u00f3n s\u00edsmica 3D en dos \u00e1reas de la Cuenca Argentina Norte (CAN), a unos 200 kil\u00f3metros de la costa de Mar del Plata. <a class=\"mh-excerpt-more\" href=\"https:\/\/larevistadigital.com.ar\/blog\/nuevo-intento-para-encontrar-petroleo-frente-a-las-costas-marplatenses\/\" title=\"Nuevo intento para encontrar petr\u00f3leo frente a las costas marplatenses\">[Leer M\u00e1s]<\/a><\/p>\n<\/div>","protected":false},"author":3,"featured_media":37658,"comment_status":"open","ping_status":"open","sticky":false,"template":"","format":"standard","meta":{"_jetpack_memberships_contains_paid_content":false,"footnotes":"","jetpack_publicize_message":"","jetpack_publicize_feature_enabled":true,"jetpack_social_post_already_shared":true,"jetpack_social_options":{"image_generator_settings":{"template":"highway","default_image_id":0,"font":"","enabled":false},"version":2}},"categories":[51],"tags":[],"class_list":{"0":"post-37657","1":"post","2":"type-post","3":"status-publish","4":"format-standard","5":"has-post-thumbnail","7":"category-regionales"},"jetpack_publicize_connections":[],"jetpack_featured_media_url":"https:\/\/i0.wp.com\/larevistadigital.com.ar\/blog\/wp-content\/uploads\/20241030105658_exploracion-sismica-shell-petroleo-costa-mar-del-plata.jpg?fit=880%2C512&ssl=1","jetpack_sharing_enabled":true,"jetpack_shortlink":"https:\/\/wp.me\/p8qtrQ-9Nn","jetpack-related-posts":[{"id":29314,"url":"https:\/\/larevistadigital.com.ar\/blog\/mar-del-plata-fuerte-rechazo-a-la-decision-que-habilita-la-explotacion-petrolera\/","url_meta":{"origin":37657,"position":0},"title":"MAR DEL PLATA: FUERTE RECHAZO A LA DECISI\u00d3N QUE HABILITA LA EXPLOTACI\u00d3N PETROLERA.","author":"Alejandro Sosa Ruda","date":"8 diciembre, 2022","format":false,"excerpt":"\u201cEste fallo es una condena para el Mar Argentino. La C\u00e1mara cede ante las constantes presiones del gobierno y la industria. Decidi\u00f3 dejar sin efecto la cautelar y aprobar la exploraci\u00f3n s\u00edsmica, sin argumentaci\u00f3n que sustente este decisi\u00f3n e ignorando deliberadamente los fundamentos presentados que demuestran la afectaci\u00f3n directa de\u2026","rel":"","context":"En \u00abREGIONALES\u00bb","block_context":{"text":"REGIONALES","link":"https:\/\/larevistadigital.com.ar\/blog\/category\/regionales\/"},"img":{"alt_text":"","src":"https:\/\/i0.wp.com\/larevistadigital.com.ar\/blog\/wp-content\/uploads\/20221206161436_mar-argentino-plataformas-petroleo-2-855x500-1.jpg?fit=880%2C512&ssl=1&resize=350%2C200","width":350,"height":200,"srcset":"https:\/\/i0.wp.com\/larevistadigital.com.ar\/blog\/wp-content\/uploads\/20221206161436_mar-argentino-plataformas-petroleo-2-855x500-1.jpg?fit=880%2C512&ssl=1&resize=350%2C200 1x, https:\/\/i0.wp.com\/larevistadigital.com.ar\/blog\/wp-content\/uploads\/20221206161436_mar-argentino-plataformas-petroleo-2-855x500-1.jpg?fit=880%2C512&ssl=1&resize=525%2C300 1.5x, https:\/\/i0.wp.com\/larevistadigital.com.ar\/blog\/wp-content\/uploads\/20221206161436_mar-argentino-plataformas-petroleo-2-855x500-1.jpg?fit=880%2C512&ssl=1&resize=700%2C400 2x"},"classes":[]},{"id":34449,"url":"https:\/\/larevistadigital.com.ar\/blog\/kicillof-la-provincia-de-bs-as-quiere-ser-protagonista-del-boom-petrolero\/","url_meta":{"origin":37657,"position":1},"title":"KICILLOF: \u00abLA PROVINCIA DE BS. AS. QUIERE SER PROTAGONISTA DEL BOOM PETROLERO\u00bb","author":"Alejandro Sosa Ruda","date":"8 noviembre, 2023","format":false,"excerpt":"El Gobernador particip\u00f3 de un encuentro con empresarios del Club del Petr\u00f3leo y representantes del sector hidrocarbur\u00edfero. Kicillof resalt\u00f3 que \u201ctenemos pol\u00edticas p\u00fablicas para que este sector estrat\u00e9gico se siga desarrollando y crezca: apuntamos a una articulaci\u00f3n p\u00fablica y privada. 8 de Noviembre de 2023 \u00a0BUENOS AIRES -\u00a0 \u201cComo pa\u00eds\u2026","rel":"","context":"En \u00abPOLITICA\u00bb","block_context":{"text":"POLITICA","link":"https:\/\/larevistadigital.com.ar\/blog\/category\/politica\/"},"img":{"alt_text":"","src":"https:\/\/i0.wp.com\/larevistadigital.com.ar\/blog\/wp-content\/uploads\/20231108180640_lof.jpg?fit=880%2C512&ssl=1&resize=350%2C200","width":350,"height":200,"srcset":"https:\/\/i0.wp.com\/larevistadigital.com.ar\/blog\/wp-content\/uploads\/20231108180640_lof.jpg?fit=880%2C512&ssl=1&resize=350%2C200 1x, https:\/\/i0.wp.com\/larevistadigital.com.ar\/blog\/wp-content\/uploads\/20231108180640_lof.jpg?fit=880%2C512&ssl=1&resize=525%2C300 1.5x, https:\/\/i0.wp.com\/larevistadigital.com.ar\/blog\/wp-content\/uploads\/20231108180640_lof.jpg?fit=880%2C512&ssl=1&resize=700%2C400 2x"},"classes":[]},{"id":44405,"url":"https:\/\/larevistadigital.com.ar\/blog\/suben-hasta-5-los-combustibles-por-la-escalada-del-precio-del-petroleo\/","url_meta":{"origin":37657,"position":2},"title":"Suben hasta 5% los combustibles por la escalada del precio del petr\u00f3leo","author":"Alejandro Sosa Ruda","date":"9 marzo, 2026","format":false,"excerpt":"Las naftas y el gasoil suben hasta 5% por la escalada del petr\u00f3leo a m\u00e1s de USD 100. Qu\u00e9 pasa con los precios en surtidores y la estrategia de YPF. 09 de marzo de 2026 Los precios de los combustibles registran subas de hasta 5% en estaciones de servicio de\u2026","rel":"","context":"En \u00abINTERES GENERAL\u00bb","block_context":{"text":"INTERES GENERAL","link":"https:\/\/larevistadigital.com.ar\/blog\/category\/interes-general\/"},"img":{"alt_text":"","src":"https:\/\/i0.wp.com\/larevistadigital.com.ar\/blog\/wp-content\/uploads\/Captura-de-pantalla-2026-03-09-190528.jpg?fit=841%2C442&ssl=1&resize=350%2C200","width":350,"height":200,"srcset":"https:\/\/i0.wp.com\/larevistadigital.com.ar\/blog\/wp-content\/uploads\/Captura-de-pantalla-2026-03-09-190528.jpg?fit=841%2C442&ssl=1&resize=350%2C200 1x, https:\/\/i0.wp.com\/larevistadigital.com.ar\/blog\/wp-content\/uploads\/Captura-de-pantalla-2026-03-09-190528.jpg?fit=841%2C442&ssl=1&resize=525%2C300 1.5x, https:\/\/i0.wp.com\/larevistadigital.com.ar\/blog\/wp-content\/uploads\/Captura-de-pantalla-2026-03-09-190528.jpg?fit=841%2C442&ssl=1&resize=700%2C400 2x"},"classes":[]},{"id":40270,"url":"https:\/\/larevistadigital.com.ar\/blog\/kicillof-milei-pone-en-riesgo-el-interes-nacional\/","url_meta":{"origin":37657,"position":3},"title":"Kicillof: \u201cMilei pone en riesgo el inter\u00e9s nacional\u201d","author":"Alejandro Sosa Ruda","date":"2 julio, 2025","format":false,"excerpt":"Fue en el marco de una conferencia de prensa realizada en la Gobernaci\u00f3n bonaerense. Mi\u00e9rcoles, 2 de Julio de 2025 BUENOS AIRES -\u00a0 \"Responsabilizo a Javier Milei por cualquier decisi\u00f3n que ponga en riesgo la soberan\u00eda energ\u00e9tica: lo que deber\u00eda hacer el Presidente es defender a la Argentina y a\u2026","rel":"","context":"En \u00abDESTACADAS\u00bb","block_context":{"text":"DESTACADAS","link":"https:\/\/larevistadigital.com.ar\/blog\/category\/destacadas\/"},"img":{"alt_text":"","src":"https:\/\/i0.wp.com\/larevistadigital.com.ar\/blog\/wp-content\/uploads\/ypf-web.jpg?fit=743%2C530&ssl=1&resize=350%2C200","width":350,"height":200,"srcset":"https:\/\/i0.wp.com\/larevistadigital.com.ar\/blog\/wp-content\/uploads\/ypf-web.jpg?fit=743%2C530&ssl=1&resize=350%2C200 1x, https:\/\/i0.wp.com\/larevistadigital.com.ar\/blog\/wp-content\/uploads\/ypf-web.jpg?fit=743%2C530&ssl=1&resize=525%2C300 1.5x, https:\/\/i0.wp.com\/larevistadigital.com.ar\/blog\/wp-content\/uploads\/ypf-web.jpg?fit=743%2C530&ssl=1&resize=700%2C400 2x"},"classes":[]},{"id":34573,"url":"https:\/\/larevistadigital.com.ar\/blog\/milei-privatizaciones-y-derogacion-de-la-ley-de-alquileres\/","url_meta":{"origin":37657,"position":4},"title":"MILEI: PRIVATIZACIONES Y DEROGACI\u00d3N DE LA LEY DE ALQUILERES","author":"Alejandro Sosa Ruda","date":"20 noviembre, 2023","format":false,"excerpt":"Buscar\u00e1 que dejen de ser estatales la petrolera YPF, la TV P\u00fablica, Radio Nacional y T\u00e9lam. 20 de Noviembre de 2023 El reci\u00e9n elegido presidente, Javier Milei, sorprendi\u00f3 este lunes al ratificar sus planes para impulsar cambios en Argentina. Entre sus propuestas m\u00e1s destacadas, se\u00f1al\u00f3 su intenci\u00f3n de privatizar importantes\u2026","rel":"","context":"En \u00abINTERES GENERAL\u00bb","block_context":{"text":"INTERES GENERAL","link":"https:\/\/larevistadigital.com.ar\/blog\/category\/interes-general\/"},"img":{"alt_text":"","src":"https:\/\/i0.wp.com\/larevistadigital.com.ar\/blog\/wp-content\/uploads\/c89b685835069c69b701cbd57e63ffcd4eb680a3.jpg?fit=1140%2C760&ssl=1&resize=350%2C200","width":350,"height":200,"srcset":"https:\/\/i0.wp.com\/larevistadigital.com.ar\/blog\/wp-content\/uploads\/c89b685835069c69b701cbd57e63ffcd4eb680a3.jpg?fit=1140%2C760&ssl=1&resize=350%2C200 1x, https:\/\/i0.wp.com\/larevistadigital.com.ar\/blog\/wp-content\/uploads\/c89b685835069c69b701cbd57e63ffcd4eb680a3.jpg?fit=1140%2C760&ssl=1&resize=525%2C300 1.5x, https:\/\/i0.wp.com\/larevistadigital.com.ar\/blog\/wp-content\/uploads\/c89b685835069c69b701cbd57e63ffcd4eb680a3.jpg?fit=1140%2C760&ssl=1&resize=700%2C400 2x, https:\/\/i0.wp.com\/larevistadigital.com.ar\/blog\/wp-content\/uploads\/c89b685835069c69b701cbd57e63ffcd4eb680a3.jpg?fit=1140%2C760&ssl=1&resize=1050%2C600 3x"},"classes":[]},{"id":34113,"url":"https:\/\/larevistadigital.com.ar\/blog\/el-gobernador-kicillof-recorrio-los-avances-de-las-obras-en-la-cuenca-del-salado\/","url_meta":{"origin":37657,"position":5},"title":"EL GOBERNADOR KICILLOF RECORRI\u00d3 LOS AVANCES DE LAS OBRAS EN LA CUENCA DEL SALADO","author":"Alejandro Sosa Ruda","date":"19 octubre, 2023","format":false,"excerpt":"El Plan Maestro Cuenca del R\u00edo Salado fue planificado hace m\u00e1s de 20 a\u00f1os y es de vital importancia para apuntalar la producci\u00f3n de alimentos en el noroeste y el centro bonaerense, donde se produce cerca del 30% de los granos y la carne de nuestro pa\u00eds. 19 de octubre\u2026","rel":"","context":"En \u00abDESTACADAS\u00bb","block_context":{"text":"DESTACADAS","link":"https:\/\/larevistadigital.com.ar\/blog\/category\/destacadas\/"},"img":{"alt_text":"","src":"https:\/\/i0.wp.com\/larevistadigital.com.ar\/blog\/wp-content\/uploads\/20231019180126_rio-salado.jpg?fit=880%2C512&ssl=1&resize=350%2C200","width":350,"height":200,"srcset":"https:\/\/i0.wp.com\/larevistadigital.com.ar\/blog\/wp-content\/uploads\/20231019180126_rio-salado.jpg?fit=880%2C512&ssl=1&resize=350%2C200 1x, https:\/\/i0.wp.com\/larevistadigital.com.ar\/blog\/wp-content\/uploads\/20231019180126_rio-salado.jpg?fit=880%2C512&ssl=1&resize=525%2C300 1.5x, https:\/\/i0.wp.com\/larevistadigital.com.ar\/blog\/wp-content\/uploads\/20231019180126_rio-salado.jpg?fit=880%2C512&ssl=1&resize=700%2C400 2x"},"classes":[]}],"_links":{"self":[{"href":"https:\/\/larevistadigital.com.ar\/blog\/wp-json\/wp\/v2\/posts\/37657","targetHints":{"allow":["GET"]}}],"collection":[{"href":"https:\/\/larevistadigital.com.ar\/blog\/wp-json\/wp\/v2\/posts"}],"about":[{"href":"https:\/\/larevistadigital.com.ar\/blog\/wp-json\/wp\/v2\/types\/post"}],"author":[{"embeddable":true,"href":"https:\/\/larevistadigital.com.ar\/blog\/wp-json\/wp\/v2\/users\/3"}],"replies":[{"embeddable":true,"href":"https:\/\/larevistadigital.com.ar\/blog\/wp-json\/wp\/v2\/comments?post=37657"}],"version-history":[{"count":1,"href":"https:\/\/larevistadigital.com.ar\/blog\/wp-json\/wp\/v2\/posts\/37657\/revisions"}],"predecessor-version":[{"id":37659,"href":"https:\/\/larevistadigital.com.ar\/blog\/wp-json\/wp\/v2\/posts\/37657\/revisions\/37659"}],"wp:featuredmedia":[{"embeddable":true,"href":"https:\/\/larevistadigital.com.ar\/blog\/wp-json\/wp\/v2\/media\/37658"}],"wp:attachment":[{"href":"https:\/\/larevistadigital.com.ar\/blog\/wp-json\/wp\/v2\/media?parent=37657"}],"wp:term":[{"taxonomy":"category","embeddable":true,"href":"https:\/\/larevistadigital.com.ar\/blog\/wp-json\/wp\/v2\/categories?post=37657"},{"taxonomy":"post_tag","embeddable":true,"href":"https:\/\/larevistadigital.com.ar\/blog\/wp-json\/wp\/v2\/tags?post=37657"}],"curies":[{"name":"wp","href":"https:\/\/api.w.org\/{rel}","templated":true}]}}