{"id":37771,"date":"2024-11-07T00:40:52","date_gmt":"2024-11-07T03:40:52","guid":{"rendered":"https:\/\/larevistadigital.com.ar\/blog\/?p=37771"},"modified":"2024-11-20T23:46:33","modified_gmt":"2024-11-21T02:46:33","slug":"mar-del-plata-clausuran-un-taller-mecanico-clandestino-y-encuenttran-un-auto-robado","status":"publish","type":"post","link":"https:\/\/larevistadigital.com.ar\/blog\/mar-del-plata-clausuran-un-taller-mecanico-clandestino-y-encuenttran-un-auto-robado\/","title":{"rendered":"Mar del Plata: Clausuran un taller mec\u00e1nico clandestino y encuenttran un auto robado"},"content":{"rendered":"<h2>El lugar allanado se ubica en el Barrio El Martillo, y no ten\u00eda habilitaci\u00f3n. Fue aprehendido un hombre de 55 a\u00f1os.<\/h2>\n<p>7 de Noviembre de 2024<\/p>\n<p><strong>MAR DEL PLATA &#8211;\u00a0 \u00a0<\/strong>Durante la jornada, se llev\u00f3 a cabo un operativo donde se allan\u00f3 un taller clandestino, con el resultado de encontrar en su interior un veh\u00edculo automotor con pedido de secuestro activo.<\/p>\n<blockquote>\n<h3>La diligencia, fue ordenada por la Polic\u00eda Ecol\u00f3gica, y el lugar estaba en el Bario El Martillo.<\/h3>\n<\/blockquote>\n<p>El intendente Guillermo Montenegro, comparti\u00f3 en redes el resultado del operativo, que sucedi\u00f3 en <strong>G\u00e9nova Bis al 7300<\/strong>. El titular de la Subsecretar\u00eda de Inspecci\u00f3n General,\u00a0<span class=\"text_bold\">Marcelo Carodoso<\/span>, hizo lo mismo.<\/p>\n<blockquote>\n<h3>Agregaron que <span class=\"text_bold\">el lugar no contaba con la habilitaci\u00f3n necesaria <\/span>y se hall\u00f3 un<span class=\"text_bold\">\u00a0Renault Megane<\/span>\u00a0con pedido de secuestro activo por robo. Los agentes procedieron a clausurar el taller en cuesti\u00f3n y<span class=\"text_bold\">\u00a0un hombre de 55 a\u00f1os result\u00f3 aprehendido.<\/span><\/h3>\n<\/blockquote>\n<p>El Intendente dijo que <em><strong>\u00abEn los operativos diarios de inspecci\u00f3n, detectamos un veh\u00edculo con pedido de secuestro en un taller mec\u00e1nico. El taller fue clausurado. Al due\u00f1o, se lo llev\u00f3 la polic\u00eda\u00bb<\/strong><\/em><\/p>\n<p>&nbsp;<\/p>\n","protected":false},"excerpt":{"rendered":"<div class=\"mh-excerpt\"><p>El lugar allanado se ubica en el Barrio El Martillo, y no ten\u00eda habilitaci\u00f3n. Fue aprehendido un hombre de 55 a\u00f1os. 7 de Noviembre de 2024 MAR DEL PLATA &#8211;\u00a0 \u00a0Durante la jornada, se llev\u00f3 <a class=\"mh-excerpt-more\" href=\"https:\/\/larevistadigital.com.ar\/blog\/mar-del-plata-clausuran-un-taller-mecanico-clandestino-y-encuenttran-un-auto-robado\/\" title=\"Mar del Plata: Clausuran un taller mec\u00e1nico clandestino y encuenttran un auto robado\">[Leer M\u00e1s]<\/a><\/p>\n<\/div>","protected":false},"author":3,"featured_media":37773,"comment_status":"open","ping_status":"open","sticky":false,"template":"","format":"standard","meta":{"_jetpack_memberships_contains_paid_content":false,"footnotes":"","jetpack_publicize_message":"","jetpack_publicize_feature_enabled":true,"jetpack_social_post_already_shared":true,"jetpack_social_options":{"image_generator_settings":{"template":"highway","default_image_id":0,"font":"","enabled":false},"version":2}},"categories":[44,51,1],"tags":[],"class_list":{"0":"post-37771","1":"post","2":"type-post","3":"status-publish","4":"format-standard","5":"has-post-thumbnail","7":"category-policiales","8":"category-regionales","9":"category-sin-categoria"},"jetpack_publicize_connections":[],"jetpack_featured_media_url":"https:\/\/i0.wp.com\/larevistadigital.com.ar\/blog\/wp-content\/uploads\/Captura-de-pantalla-2024-11-07-002009.png?fit=808%2C387&ssl=1","jetpack_sharing_enabled":true,"jetpack_shortlink":"https:\/\/wp.me\/p8qtrQ-9Pd","jetpack-related-posts":[{"id":40562,"url":"https:\/\/larevistadigital.com.ar\/blog\/desbaratan-banda-que-robaba-y-desguazaba-motos-en-villa-gesell-y-madariaga\/","url_meta":{"origin":37771,"position":0},"title":"Desbaratan banda que robaba y desguazaba motos en Villa Gesell y Madariaga","author":"Alejandro Sosa Ruda","date":"21 julio, 2025","format":false,"excerpt":"Una investigaci\u00f3n de la SubDDI Villa Gesell permiti\u00f3 dar con un taller clandestino y detener a un sospechoso tras una serie de allanamientos en dos distritos. Recuperaron una moto robada y hallaron piezas adulteradas. 21 de Julio de 2025 GRAL. MADARIAGA -\u00a0 \u00a0 Una organizaci\u00f3n delictiva dedicada al robo de\u2026","rel":"","context":"En \u00abREGIONALES\u00bb","block_context":{"text":"REGIONALES","link":"https:\/\/larevistadigital.com.ar\/blog\/category\/regionales\/"},"img":{"alt_text":"","src":"https:\/\/i0.wp.com\/larevistadigital.com.ar\/blog\/wp-content\/uploads\/6abdb7cba6a3118234c5384b1750510a2f07af49.jpg?fit=1140%2C641&ssl=1&resize=350%2C200","width":350,"height":200,"srcset":"https:\/\/i0.wp.com\/larevistadigital.com.ar\/blog\/wp-content\/uploads\/6abdb7cba6a3118234c5384b1750510a2f07af49.jpg?fit=1140%2C641&ssl=1&resize=350%2C200 1x, https:\/\/i0.wp.com\/larevistadigital.com.ar\/blog\/wp-content\/uploads\/6abdb7cba6a3118234c5384b1750510a2f07af49.jpg?fit=1140%2C641&ssl=1&resize=525%2C300 1.5x, https:\/\/i0.wp.com\/larevistadigital.com.ar\/blog\/wp-content\/uploads\/6abdb7cba6a3118234c5384b1750510a2f07af49.jpg?fit=1140%2C641&ssl=1&resize=700%2C400 2x, https:\/\/i0.wp.com\/larevistadigital.com.ar\/blog\/wp-content\/uploads\/6abdb7cba6a3118234c5384b1750510a2f07af49.jpg?fit=1140%2C641&ssl=1&resize=1050%2C600 3x"},"classes":[]},{"id":33608,"url":"https:\/\/larevistadigital.com.ar\/blog\/chascomus-la-policia-recupero-en-un-operativo-una-moto-con-denuncia-de-robo\/","url_meta":{"origin":37771,"position":1},"title":"CHASCOM\u00daS: LA POLIC\u00cdA RECUPER\u00d3 EN UN OPERATIVO UNA MOTO CON DENUNCIA DE ROBO","author":"Alejandro Sosa Ruda","date":"25 septiembre, 2023","format":false,"excerpt":"El pedido de secuestro era por robo de motoveh\u00edculo en septiembre de 2021. 25 de Septiembre de 2023 CHASCOM\u00daS -\u00a0 El pasado s\u00e1bado 23 en horas de la tarde noche, personal policial de EPC Chascomus Primera durante un operativo de interceptacion selectiva de veh\u00edculos, procedi\u00f3 a detener a una motocicleta\u2026","rel":"","context":"En \u00abPOLICIALES\u00bb","block_context":{"text":"POLICIALES","link":"https:\/\/larevistadigital.com.ar\/blog\/category\/policiales\/"},"img":{"alt_text":"","src":"https:\/\/i0.wp.com\/larevistadigital.com.ar\/blog\/wp-content\/uploads\/WhatsApp-Image-2023-09-25-at-20.06.49.jpeg?fit=675%2C1200&ssl=1&resize=350%2C200","width":350,"height":200,"srcset":"https:\/\/i0.wp.com\/larevistadigital.com.ar\/blog\/wp-content\/uploads\/WhatsApp-Image-2023-09-25-at-20.06.49.jpeg?fit=675%2C1200&ssl=1&resize=350%2C200 1x, https:\/\/i0.wp.com\/larevistadigital.com.ar\/blog\/wp-content\/uploads\/WhatsApp-Image-2023-09-25-at-20.06.49.jpeg?fit=675%2C1200&ssl=1&resize=525%2C300 1.5x"},"classes":[]},{"id":27597,"url":"https:\/\/larevistadigital.com.ar\/blog\/mar-del-plata-allanan-desarmadero-y-secuestran-mas-de-5-millones-de-pesos-en-neumaticos\/","url_meta":{"origin":37771,"position":2},"title":"MAR DEL PLATA: ALLANAN DESARMADERO Y SECUESTRAN M\u00c1S DE 5 MILLONES DE PESOS EN NEUM\u00c1TICOS","author":"Alejandro Sosa Ruda","date":"7 septiembre, 2022","format":false,"excerpt":"El operativo se realiz\u00f3 este mi\u00e9rcoles en una vivienda del barrio Cerrito Sur. Adem\u00e1s, en el lugar se incautaron \"gran cantidad\" de marihuana, por lo que el responsable del lugar qued\u00f3 imputado y detenido. 07 de septiembre de 2022 MAR DEL PLATA -\u00a0 Inform\u00f3 el diario La Capital que un\u00a0desarmadero\u2026","rel":"","context":"En \u00abPOLICIALES\u00bb","block_context":{"text":"POLICIALES","link":"https:\/\/larevistadigital.com.ar\/blog\/category\/policiales\/"},"img":{"alt_text":"","src":"https:\/\/i0.wp.com\/larevistadigital.com.ar\/blog\/wp-content\/uploads\/SECUESTRO-NEUMATICOS.png?fit=808%2C462&ssl=1&resize=350%2C200","width":350,"height":200,"srcset":"https:\/\/i0.wp.com\/larevistadigital.com.ar\/blog\/wp-content\/uploads\/SECUESTRO-NEUMATICOS.png?fit=808%2C462&ssl=1&resize=350%2C200 1x, https:\/\/i0.wp.com\/larevistadigital.com.ar\/blog\/wp-content\/uploads\/SECUESTRO-NEUMATICOS.png?fit=808%2C462&ssl=1&resize=525%2C300 1.5x, https:\/\/i0.wp.com\/larevistadigital.com.ar\/blog\/wp-content\/uploads\/SECUESTRO-NEUMATICOS.png?fit=808%2C462&ssl=1&resize=700%2C400 2x"},"classes":[]},{"id":41404,"url":"https:\/\/larevistadigital.com.ar\/blog\/allanamiento-en-chascomus-detienen-a-un-hombre-acusado-de-venta-de-drogas\/","url_meta":{"origin":37771,"position":3},"title":"Allanamiento en Chascom\u00fas: detienen a un hombre acusado de venta de drogas","author":"Alejandro Sosa Ruda","date":"11 septiembre, 2025","format":false,"excerpt":"La Polic\u00eda secuestr\u00f3 estupefacientes fraccionados para la venta y una moto con pedido de secuestro activo. 11 de Septiembre de 2025 CHASCOM\u00daS\u00a0 -\u00a0 \u00a0Un operativo policial llevado a cabo en Chascom\u00fas termin\u00f3 con la detenci\u00f3n de un hombre acusado de comercializar drogas al menudeo en un barrio de la ciudad.\u2026","rel":"","context":"En \u00abDESTACADAS\u00bb","block_context":{"text":"DESTACADAS","link":"https:\/\/larevistadigital.com.ar\/blog\/category\/destacadas\/"},"img":{"alt_text":"","src":"https:\/\/i0.wp.com\/larevistadigital.com.ar\/blog\/wp-content\/uploads\/WhatsApp-Image-2025-09-11-at-09.20.11.jpeg?fit=1200%2C675&ssl=1&resize=350%2C200","width":350,"height":200,"srcset":"https:\/\/i0.wp.com\/larevistadigital.com.ar\/blog\/wp-content\/uploads\/WhatsApp-Image-2025-09-11-at-09.20.11.jpeg?fit=1200%2C675&ssl=1&resize=350%2C200 1x, https:\/\/i0.wp.com\/larevistadigital.com.ar\/blog\/wp-content\/uploads\/WhatsApp-Image-2025-09-11-at-09.20.11.jpeg?fit=1200%2C675&ssl=1&resize=525%2C300 1.5x, https:\/\/i0.wp.com\/larevistadigital.com.ar\/blog\/wp-content\/uploads\/WhatsApp-Image-2025-09-11-at-09.20.11.jpeg?fit=1200%2C675&ssl=1&resize=700%2C400 2x, https:\/\/i0.wp.com\/larevistadigital.com.ar\/blog\/wp-content\/uploads\/WhatsApp-Image-2025-09-11-at-09.20.11.jpeg?fit=1200%2C675&ssl=1&resize=1050%2C600 3x"},"classes":[]},{"id":11475,"url":"https:\/\/larevistadigital.com.ar\/blog\/ranchos-desmantelan-casino-clandestino-hay-detenidos\/","url_meta":{"origin":37771,"position":4},"title":"RANCHOS: DESMANTELAN CASINO CLANDESTINO. HAY DETENIDOS","author":"Alejandro Sosa Ruda","date":"24 julio, 2019","format":false,"excerpt":"El operativo tuvo lugar en una vivienda donde se realizaban distintos juegos de azar por dinero, como ruleta, dados y p\u00f3quer, entre otros. Dos hombres de 43 y 53 a\u00f1os fueron detenidos acusados de montar un casino clandestino en la ciudad de Ranchos\u00a0y en su poder la Polic\u00eda de la\u2026","rel":"","context":"En \u00abRANCHOS\u00bb","block_context":{"text":"RANCHOS","link":"https:\/\/larevistadigital.com.ar\/blog\/category\/ranchos\/"},"img":{"alt_text":"","src":"https:\/\/i0.wp.com\/larevistadigital.com.ar\/blog\/wp-content\/uploads\/Screenshot_2-24.jpg?fit=1016%2C565&ssl=1&resize=350%2C200","width":350,"height":200,"srcset":"https:\/\/i0.wp.com\/larevistadigital.com.ar\/blog\/wp-content\/uploads\/Screenshot_2-24.jpg?fit=1016%2C565&ssl=1&resize=350%2C200 1x, https:\/\/i0.wp.com\/larevistadigital.com.ar\/blog\/wp-content\/uploads\/Screenshot_2-24.jpg?fit=1016%2C565&ssl=1&resize=525%2C300 1.5x, https:\/\/i0.wp.com\/larevistadigital.com.ar\/blog\/wp-content\/uploads\/Screenshot_2-24.jpg?fit=1016%2C565&ssl=1&resize=700%2C400 2x"},"classes":[]},{"id":44409,"url":"https:\/\/larevistadigital.com.ar\/blog\/conmocion-en-toma-de-rehenes-una-policia-herida-y-un-delincuente-detenido\/","url_meta":{"origin":37771,"position":5},"title":"Conmoci\u00f3n en toma de rehenes: una polic\u00eda herida y un delincuente detenido","author":"Alejandro Sosa Ruda","date":"9 marzo, 2026","format":false,"excerpt":"El hombre, que ten\u00eda pedido de captura, abri\u00f3 fuego contra los efectivos, tom\u00f3 un reh\u00e9n y termin\u00f3 reducido tras un operativo policial en el sur de Mar del Plata. 09 de marzo de 2026 MAR DEL PLATA -\u00a0 \u00a0Una mujer polic\u00eda result\u00f3 herida de dos disparos este lunes por la\u2026","rel":"","context":"En \u00abPOLICIALES\u00bb","block_context":{"text":"POLICIALES","link":"https:\/\/larevistadigital.com.ar\/blog\/category\/policiales\/"},"img":{"alt_text":"","src":"https:\/\/i0.wp.com\/larevistadigital.com.ar\/blog\/wp-content\/uploads\/Captura-de-pantalla-2026-03-09-191122.jpg?fit=735%2C363&ssl=1&resize=350%2C200","width":350,"height":200,"srcset":"https:\/\/i0.wp.com\/larevistadigital.com.ar\/blog\/wp-content\/uploads\/Captura-de-pantalla-2026-03-09-191122.jpg?fit=735%2C363&ssl=1&resize=350%2C200 1x, https:\/\/i0.wp.com\/larevistadigital.com.ar\/blog\/wp-content\/uploads\/Captura-de-pantalla-2026-03-09-191122.jpg?fit=735%2C363&ssl=1&resize=525%2C300 1.5x, https:\/\/i0.wp.com\/larevistadigital.com.ar\/blog\/wp-content\/uploads\/Captura-de-pantalla-2026-03-09-191122.jpg?fit=735%2C363&ssl=1&resize=700%2C400 2x"},"classes":[]}],"_links":{"self":[{"href":"https:\/\/larevistadigital.com.ar\/blog\/wp-json\/wp\/v2\/posts\/37771","targetHints":{"allow":["GET"]}}],"collection":[{"href":"https:\/\/larevistadigital.com.ar\/blog\/wp-json\/wp\/v2\/posts"}],"about":[{"href":"https:\/\/larevistadigital.com.ar\/blog\/wp-json\/wp\/v2\/types\/post"}],"author":[{"embeddable":true,"href":"https:\/\/larevistadigital.com.ar\/blog\/wp-json\/wp\/v2\/users\/3"}],"replies":[{"embeddable":true,"href":"https:\/\/larevistadigital.com.ar\/blog\/wp-json\/wp\/v2\/comments?post=37771"}],"version-history":[{"count":1,"href":"https:\/\/larevistadigital.com.ar\/blog\/wp-json\/wp\/v2\/posts\/37771\/revisions"}],"predecessor-version":[{"id":37774,"href":"https:\/\/larevistadigital.com.ar\/blog\/wp-json\/wp\/v2\/posts\/37771\/revisions\/37774"}],"wp:featuredmedia":[{"embeddable":true,"href":"https:\/\/larevistadigital.com.ar\/blog\/wp-json\/wp\/v2\/media\/37773"}],"wp:attachment":[{"href":"https:\/\/larevistadigital.com.ar\/blog\/wp-json\/wp\/v2\/media?parent=37771"}],"wp:term":[{"taxonomy":"category","embeddable":true,"href":"https:\/\/larevistadigital.com.ar\/blog\/wp-json\/wp\/v2\/categories?post=37771"},{"taxonomy":"post_tag","embeddable":true,"href":"https:\/\/larevistadigital.com.ar\/blog\/wp-json\/wp\/v2\/tags?post=37771"}],"curies":[{"name":"wp","href":"https:\/\/api.w.org\/{rel}","templated":true}]}}