{"id":37775,"date":"2024-11-07T00:55:30","date_gmt":"2024-11-07T03:55:30","guid":{"rendered":"https:\/\/larevistadigital.com.ar\/blog\/?p=37775"},"modified":"2024-11-20T23:46:25","modified_gmt":"2024-11-21T02:46:25","slug":"aparecieron-21-ballenas-muertas-en-la-peninsula-valdes-que-paso","status":"publish","type":"post","link":"https:\/\/larevistadigital.com.ar\/blog\/aparecieron-21-ballenas-muertas-en-la-peninsula-valdes-que-paso\/","title":{"rendered":"Aparecieron 21 ballenas muertas en la Pen\u00ednsula Vald\u00e9s. Qu\u00e9 pas\u00f3."},"content":{"rendered":"<h2>Si bien se esperan resultados de investigaciones para establecer fehacientemente el motivo del suceso, se sospecha de una toxina natural.<\/h2>\n<p>7 de Noviembre de 2024<\/p>\n<p><strong>CHUBUT &#8211;\u00a0<\/strong> Un lamentable suceso conmocion\u00f3 a la Provincia de Chubut, cuando en las costas de la Pen\u00ednsula Valdez aparecieron 21 ballenas muertas y las autoridades, est\u00e1n preocupadas por el aumento de este tipo de sucesos.<\/p>\n<blockquote>\n<h3>Seg\u00fan aseveraron fuentes provinciales, <em>\u00abes un fen\u00f3meno natural que se replica en todos los mares del mundo, por consumo de algas con toxinas. Los equipos ya est\u00e1n abocados a investigar por que se produjo la aparici\u00f3n de estas toxinas, pero llevan tranquilidad porque no pone en riesgo a la poblaci\u00f3n y se trata de un fen\u00f3meno que suele repetirse de forma c\u00edclica\u00bb<\/em>.<\/h3>\n<\/blockquote>\n<p><strong><span class=\"text_bold\">Gabriela Bellazzi<\/span><\/strong>, presidenta del Concejo Deliberante de Puerto Pir\u00e1mides, marc\u00f3 que si bien se desconoce el motivo de las apariciones de las ballenas muertas, la sospecha principal es que estar\u00edan relacionadas con una <span class=\"text_bold\">toxina natural:<\/span>\u00a0<strong><em>\u00abSon floraciones algales nocivas, que generan sustancias naturalmente t\u00f3xicas que cuando llegan a ciertas concentraciones pueden causar problemas en la salud de algunos animales, incluso de las personas\u00bb.<\/em><\/strong><\/p>\n<p>Los ejemplares muertos, se est\u00e1n retirando en coordinaci\u00f3n con otras \u00e1reas del Estado provincial como la Direcci\u00f3n de Flora y Fauna y la Administraci\u00f3n de Vialidad Provincial, sumado a la Administradora del \u00c1rea Natural Protegida Pen\u00ednsula Vald\u00e9s, el municipio de Puerto Pir\u00e1mides, la Red Fauna y los balleneros que brindan el servicio de avistaje; buscando de esta manera llegar a lugares de dif\u00edcil acceso cercanos a esa localidad.<\/p>\n<p>&nbsp;<\/p>\n<p>&nbsp;<\/p>\n","protected":false},"excerpt":{"rendered":"<div class=\"mh-excerpt\"><p>Si bien se esperan resultados de investigaciones para establecer fehacientemente el motivo del suceso, se sospecha de una toxina natural. 7 de Noviembre de 2024 CHUBUT &#8211;\u00a0 Un lamentable suceso conmocion\u00f3 a la Provincia de <a class=\"mh-excerpt-more\" href=\"https:\/\/larevistadigital.com.ar\/blog\/aparecieron-21-ballenas-muertas-en-la-peninsula-valdes-que-paso\/\" title=\"Aparecieron 21 ballenas muertas en la Pen\u00ednsula Vald\u00e9s. Qu\u00e9 pas\u00f3.\">[Leer M\u00e1s]<\/a><\/p>\n<\/div>","protected":false},"author":3,"featured_media":37776,"comment_status":"open","ping_status":"open","sticky":false,"template":"","format":"standard","meta":{"_jetpack_memberships_contains_paid_content":false,"footnotes":"","jetpack_publicize_message":"","jetpack_publicize_feature_enabled":true,"jetpack_social_post_already_shared":true,"jetpack_social_options":{"image_generator_settings":{"template":"highway","default_image_id":0,"font":"","enabled":false},"version":2}},"categories":[34,51],"tags":[],"class_list":{"0":"post-37775","1":"post","2":"type-post","3":"status-publish","4":"format-standard","5":"has-post-thumbnail","7":"category-medio-ambiente","8":"category-regionales"},"jetpack_publicize_connections":[],"jetpack_featured_media_url":"https:\/\/i0.wp.com\/larevistadigital.com.ar\/blog\/wp-content\/uploads\/Captura-de-pantalla-2024-11-07-004616.png?fit=814%2C428&ssl=1","jetpack_sharing_enabled":true,"jetpack_shortlink":"https:\/\/wp.me\/p8qtrQ-9Ph","jetpack-related-posts":[{"id":28117,"url":"https:\/\/larevistadigital.com.ar\/blog\/en-un-solo-dia-murieron-seis-ballenas-en-la-costa-de-puerto-piramides\/","url_meta":{"origin":37775,"position":0},"title":"EN UN SOLO D\u00cdA, MURIERON SEIS BALLENAS EN LA COSTA DE \u00abPUERTO PIR\u00c1MIDES\u00bb","author":"Alejandro Sosa Ruda","date":"28 septiembre, 2022","format":false,"excerpt":"Son ejemplares de ballena franca austral. Se investiga la posibilidad de que hayan consumido una toxina de la \u201cmarea roja\u201d y eso haya provocado los decesos. 28 de septiembre de 2022 PUERTO PIR\u00c1MIDES (CHUBUT) -\u00a0 Al menos seis ballenas murieron en las \u00faltimas horas en las costas de la Villa\u2026","rel":"","context":"En \u00abMEDIO AMBIENTE\u00bb","block_context":{"text":"MEDIO AMBIENTE","link":"https:\/\/larevistadigital.com.ar\/blog\/category\/suplementos\/medio-ambiente\/"},"img":{"alt_text":"","src":"https:\/\/i0.wp.com\/larevistadigital.com.ar\/blog\/wp-content\/uploads\/BALLENAS-MUERTAS.jpg?fit=800%2C438&ssl=1&resize=350%2C200","width":350,"height":200,"srcset":"https:\/\/i0.wp.com\/larevistadigital.com.ar\/blog\/wp-content\/uploads\/BALLENAS-MUERTAS.jpg?fit=800%2C438&ssl=1&resize=350%2C200 1x, https:\/\/i0.wp.com\/larevistadigital.com.ar\/blog\/wp-content\/uploads\/BALLENAS-MUERTAS.jpg?fit=800%2C438&ssl=1&resize=525%2C300 1.5x, https:\/\/i0.wp.com\/larevistadigital.com.ar\/blog\/wp-content\/uploads\/BALLENAS-MUERTAS.jpg?fit=800%2C438&ssl=1&resize=700%2C400 2x"},"classes":[]},{"id":26536,"url":"https:\/\/larevistadigital.com.ar\/blog\/video-mar-del-plata-el-show-de-dos-ballenas-en-playa-grande\/","url_meta":{"origin":37775,"position":1},"title":"[VIDEO] MAR DEL PLATA: EL SHOW DE DOS BALLENAS EN PLAYA GRANDE","author":"Alejandro Sosa Ruda","date":"13 julio, 2022","format":false,"excerpt":"MAR DEL PLATA -\u00a0 Dos ballenas\u00a0aparecieron este martes a la tarde en la zona de\u00a0Playa Grande\u00a0y desplegaron su show. Las im\u00e1genes las captur\u00f3 el realizador audiovisual\u00a0Juanchi Ugalde, quien esper\u00f3 durante un tiempo largo que los animales marinos aparecieran en el mar abierto. Una vez que lo hicieron,\u00a0desde su dron grab\u00f3\u2026","rel":"","context":"En \u00abREGIONALES\u00bb","block_context":{"text":"REGIONALES","link":"https:\/\/larevistadigital.com.ar\/blog\/category\/regionales\/"},"img":{"alt_text":"","src":"https:\/\/i0.wp.com\/larevistadigital.com.ar\/blog\/wp-content\/uploads\/ballenas.png?fit=807%2C441&ssl=1&resize=350%2C200","width":350,"height":200,"srcset":"https:\/\/i0.wp.com\/larevistadigital.com.ar\/blog\/wp-content\/uploads\/ballenas.png?fit=807%2C441&ssl=1&resize=350%2C200 1x, https:\/\/i0.wp.com\/larevistadigital.com.ar\/blog\/wp-content\/uploads\/ballenas.png?fit=807%2C441&ssl=1&resize=525%2C300 1.5x, https:\/\/i0.wp.com\/larevistadigital.com.ar\/blog\/wp-content\/uploads\/ballenas.png?fit=807%2C441&ssl=1&resize=700%2C400 2x"},"classes":[]},{"id":40393,"url":"https:\/\/larevistadigital.com.ar\/blog\/espectacular-avistaje-de-ballenas-frente-a-las-playas-marplatenses\/","url_meta":{"origin":37775,"position":2},"title":"Espectacular avistaje de ballenas frente a las playas marplatenses","author":"Alejandro Sosa Ruda","date":"8 julio, 2025","format":false,"excerpt":"Una vez m\u00e1s, la costa marplatense fue escenario de un impactante espect\u00e1culo natural. Este lunes, varios ejemplares de ballenas se acercaron a la orilla entre el Faro y Punta Mogotes, ofreciendo una escena que maravill\u00f3 a residentes y visitantes. 08 De Julio de 2025 BUENOS AIRES -\u00a0 Aunque los encuentros\u2026","rel":"","context":"En \u00abREGIONALES\u00bb","block_context":{"text":"REGIONALES","link":"https:\/\/larevistadigital.com.ar\/blog\/category\/regionales\/"},"img":{"alt_text":"","src":"https:\/\/i0.wp.com\/larevistadigital.com.ar\/blog\/wp-content\/uploads\/20250708183008_ballenas-avistaje-mar-del-plata.jpg?fit=880%2C512&ssl=1&resize=350%2C200","width":350,"height":200,"srcset":"https:\/\/i0.wp.com\/larevistadigital.com.ar\/blog\/wp-content\/uploads\/20250708183008_ballenas-avistaje-mar-del-plata.jpg?fit=880%2C512&ssl=1&resize=350%2C200 1x, https:\/\/i0.wp.com\/larevistadigital.com.ar\/blog\/wp-content\/uploads\/20250708183008_ballenas-avistaje-mar-del-plata.jpg?fit=880%2C512&ssl=1&resize=525%2C300 1.5x, https:\/\/i0.wp.com\/larevistadigital.com.ar\/blog\/wp-content\/uploads\/20250708183008_ballenas-avistaje-mar-del-plata.jpg?fit=880%2C512&ssl=1&resize=700%2C400 2x"},"classes":[]},{"id":33494,"url":"https:\/\/larevistadigital.com.ar\/blog\/misterio-en-una-granja-por-la-aparicion-de-600-gallinas-muertas\/","url_meta":{"origin":37775,"position":3},"title":"MISTERIO EN UNA GRANJA POR LA APARICI\u00d3N DE 600 GALLINAS MUERTAS","author":"Alejandro Sosa Ruda","date":"20 septiembre, 2023","format":false,"excerpt":"Se descartan motivos naturales o envenenamiento como causa del deceso, dado que gallinas estaban tiradas en el suelo del gallinero con extra\u00f1as marcas en el cogote que aparentaban ser peque\u00f1os rasgu\u00f1os u orificios de colmillos. 20 de Septiembre de 2023 COL\u00d3N - Entre R\u00edos- Este lunes, se report\u00f3 un misterioso\u2026","rel":"","context":"En \u00abINTERES GENERAL\u00bb","block_context":{"text":"INTERES GENERAL","link":"https:\/\/larevistadigital.com.ar\/blog\/category\/interes-general\/"},"img":{"alt_text":"","src":"https:\/\/i0.wp.com\/larevistadigital.com.ar\/blog\/wp-content\/uploads\/20230920165115_mueren-600-gallinas-en-colon-52b045.jpg?fit=880%2C512&ssl=1&resize=350%2C200","width":350,"height":200,"srcset":"https:\/\/i0.wp.com\/larevistadigital.com.ar\/blog\/wp-content\/uploads\/20230920165115_mueren-600-gallinas-en-colon-52b045.jpg?fit=880%2C512&ssl=1&resize=350%2C200 1x, https:\/\/i0.wp.com\/larevistadigital.com.ar\/blog\/wp-content\/uploads\/20230920165115_mueren-600-gallinas-en-colon-52b045.jpg?fit=880%2C512&ssl=1&resize=525%2C300 1.5x, https:\/\/i0.wp.com\/larevistadigital.com.ar\/blog\/wp-content\/uploads\/20230920165115_mueren-600-gallinas-en-colon-52b045.jpg?fit=880%2C512&ssl=1&resize=700%2C400 2x"},"classes":[]},{"id":43966,"url":"https:\/\/larevistadigital.com.ar\/blog\/alerta-por-medusas-en-la-orilla-el-mar-mas-caliente-multiplica-las-picaduras-en-mar-del-plata\/","url_meta":{"origin":37775,"position":4},"title":"Alerta por medusas en la orilla: el mar m\u00e1s caliente multiplica las picaduras en Mar del Plata","author":"Alejandro Sosa Ruda","date":"12 febrero, 2026","format":false,"excerpt":"Guardavidas de Punta Mogotes confirmaron que el fen\u00f3meno se repite cada verano, pero advierten que con temperaturas del agua por encima del promedio aumentan los casos. Qu\u00e9 hacer ante una picadura y c\u00f3mo prevenirla. 12 de febrero de 2026 MAR DEL PLATA -\u00a0 \u00a0El aumento sostenido de la temperatura del\u2026","rel":"","context":"En \u00abREGIONALES\u00bb","block_context":{"text":"REGIONALES","link":"https:\/\/larevistadigital.com.ar\/blog\/category\/regionales\/"},"img":{"alt_text":"","src":"https:\/\/i0.wp.com\/larevistadigital.com.ar\/blog\/wp-content\/uploads\/Captura-de-pantalla-2026-02-12-124945.jpg?fit=625%2C437&ssl=1&resize=350%2C200","width":350,"height":200,"srcset":"https:\/\/i0.wp.com\/larevistadigital.com.ar\/blog\/wp-content\/uploads\/Captura-de-pantalla-2026-02-12-124945.jpg?fit=625%2C437&ssl=1&resize=350%2C200 1x, https:\/\/i0.wp.com\/larevistadigital.com.ar\/blog\/wp-content\/uploads\/Captura-de-pantalla-2026-02-12-124945.jpg?fit=625%2C437&ssl=1&resize=525%2C300 1.5x"},"classes":[]},{"id":36905,"url":"https:\/\/larevistadigital.com.ar\/blog\/castelli-increible-aparecio-una-ballena-y-piden-ayuda-para-devolverla-al-mar\/","url_meta":{"origin":37775,"position":5},"title":"CASTELLI INCRE\u00cdBLE: APARECI\u00d3 UNA BALLENA Y PIDEN AYUDA PARA DEVOLVERLA AL MAR","author":"Alejandro Sosa Ruda","date":"5 agosto, 2024","format":false,"excerpt":"Un hecho ins\u00f3lito y notable ha capturado la atenci\u00f3n en el partido de Castelli: una ballena franca austral ha aparecido y permanece en uno de los canales que desemboca en el R\u00edo de la Plata. 05 de Agosto de 2024 CASTELLI -\u00a0 \u00a0El cet\u00e1ceo lleva 12 d\u00edas en el lugar,\u2026","rel":"","context":"En \u00abCASTELLI\u00bb","block_context":{"text":"CASTELLI","link":"https:\/\/larevistadigital.com.ar\/blog\/category\/castelli\/"},"img":{"alt_text":"","src":"https:\/\/i0.wp.com\/larevistadigital.com.ar\/blog\/wp-content\/uploads\/8c0919d9d990fdc70c3d41d2606cef5e33f2a890.png?fit=1140%2C705&ssl=1&resize=350%2C200","width":350,"height":200,"srcset":"https:\/\/i0.wp.com\/larevistadigital.com.ar\/blog\/wp-content\/uploads\/8c0919d9d990fdc70c3d41d2606cef5e33f2a890.png?fit=1140%2C705&ssl=1&resize=350%2C200 1x, https:\/\/i0.wp.com\/larevistadigital.com.ar\/blog\/wp-content\/uploads\/8c0919d9d990fdc70c3d41d2606cef5e33f2a890.png?fit=1140%2C705&ssl=1&resize=525%2C300 1.5x, https:\/\/i0.wp.com\/larevistadigital.com.ar\/blog\/wp-content\/uploads\/8c0919d9d990fdc70c3d41d2606cef5e33f2a890.png?fit=1140%2C705&ssl=1&resize=700%2C400 2x, https:\/\/i0.wp.com\/larevistadigital.com.ar\/blog\/wp-content\/uploads\/8c0919d9d990fdc70c3d41d2606cef5e33f2a890.png?fit=1140%2C705&ssl=1&resize=1050%2C600 3x"},"classes":[]}],"_links":{"self":[{"href":"https:\/\/larevistadigital.com.ar\/blog\/wp-json\/wp\/v2\/posts\/37775","targetHints":{"allow":["GET"]}}],"collection":[{"href":"https:\/\/larevistadigital.com.ar\/blog\/wp-json\/wp\/v2\/posts"}],"about":[{"href":"https:\/\/larevistadigital.com.ar\/blog\/wp-json\/wp\/v2\/types\/post"}],"author":[{"embeddable":true,"href":"https:\/\/larevistadigital.com.ar\/blog\/wp-json\/wp\/v2\/users\/3"}],"replies":[{"embeddable":true,"href":"https:\/\/larevistadigital.com.ar\/blog\/wp-json\/wp\/v2\/comments?post=37775"}],"version-history":[{"count":1,"href":"https:\/\/larevistadigital.com.ar\/blog\/wp-json\/wp\/v2\/posts\/37775\/revisions"}],"predecessor-version":[{"id":37777,"href":"https:\/\/larevistadigital.com.ar\/blog\/wp-json\/wp\/v2\/posts\/37775\/revisions\/37777"}],"wp:featuredmedia":[{"embeddable":true,"href":"https:\/\/larevistadigital.com.ar\/blog\/wp-json\/wp\/v2\/media\/37776"}],"wp:attachment":[{"href":"https:\/\/larevistadigital.com.ar\/blog\/wp-json\/wp\/v2\/media?parent=37775"}],"wp:term":[{"taxonomy":"category","embeddable":true,"href":"https:\/\/larevistadigital.com.ar\/blog\/wp-json\/wp\/v2\/categories?post=37775"},{"taxonomy":"post_tag","embeddable":true,"href":"https:\/\/larevistadigital.com.ar\/blog\/wp-json\/wp\/v2\/tags?post=37775"}],"curies":[{"name":"wp","href":"https:\/\/api.w.org\/{rel}","templated":true}]}}