{"id":37778,"date":"2024-11-07T01:12:36","date_gmt":"2024-11-07T04:12:36","guid":{"rendered":"https:\/\/larevistadigital.com.ar\/blog\/?p=37778"},"modified":"2024-11-20T23:46:12","modified_gmt":"2024-11-21T02:46:12","slug":"milei-viaja-a-eeuu-con-la-intencion-de-reunirse-con-donald-trump-antes-de-su-asuncion","status":"publish","type":"post","link":"https:\/\/larevistadigital.com.ar\/blog\/milei-viaja-a-eeuu-con-la-intencion-de-reunirse-con-donald-trump-antes-de-su-asuncion\/","title":{"rendered":"Milei viaja a EEUU con la intenci\u00f3n de reunirse con Donald Trump antes de su asunci\u00f3n"},"content":{"rendered":"<h2>El presidente se comunic\u00f3 telef\u00f3nicamente con Trump, y dialogaron unos minutos.<\/h2>\n<p>7 de Noviembre de 2024<\/p>\n<p>Luego de varios intentos, el presidente <strong>Javier Milei<\/strong> logr\u00f3 comunicarse con el presidente electo de los Estados Unidos, <strong>Donald Trump<\/strong>, y mantuvieron un di\u00e1logo durante algunos minutos.<\/p>\n<blockquote>\n<h3>Lo destacado de la charla, al m\u00e1rgen de las felicitaciones del caso, fue que quedaron en reunirse en los pr\u00f3ximos d\u00edas.<\/h3>\n<\/blockquote>\n<p>Seg\u00fan informa el portal Infobae, el libertario estar\u00eda viajando antes de la asunci\u00f3n del republicano, probablemente a la ciudad de Palm Beach, en Florida, donde el empresario tiene su residencia, y as\u00ed, poder conversar en persona.<\/p>\n<blockquote>\n<h3>Como de costumbre, la persona encargada de los detalles de la visita ser\u00e1 Karina Milei, y el\u00a0ministro de Relaciones Exteriores,\u00a0<b>Gerardo Werthein<\/b>, quienes se encontraban coordinando las agendas para definir la fecha del encuentro.<\/h3>\n<\/blockquote>\n<p><strong>Werthein<\/strong> es un nexo frecuente entre <strong>Milei<\/strong> y <strong>Trump<\/strong>, adem\u00e1s de ser quien recibi\u00f3 al Presidente cada vez que visit\u00f3 Washington y haber estado presente en las reuniones que este mantuvo con el magnate\u00a0<b>Elon Musk<\/b>, que ahora suena como posible integrante del futuro gabinete republicano.<\/p>\n<p>fuente e imagen: Infobae<\/p>\n<p>&nbsp;<\/p>\n","protected":false},"excerpt":{"rendered":"<div class=\"mh-excerpt\"><p>El presidente se comunic\u00f3 telef\u00f3nicamente con Trump, y dialogaron unos minutos. 7 de Noviembre de 2024 Luego de varios intentos, el presidente Javier Milei logr\u00f3 comunicarse con el presidente electo de los Estados Unidos, Donald <a class=\"mh-excerpt-more\" href=\"https:\/\/larevistadigital.com.ar\/blog\/milei-viaja-a-eeuu-con-la-intencion-de-reunirse-con-donald-trump-antes-de-su-asuncion\/\" title=\"Milei viaja a EEUU con la intenci\u00f3n de reunirse con Donald Trump antes de su asunci\u00f3n\">[Leer M\u00e1s]<\/a><\/p>\n<\/div>","protected":false},"author":3,"featured_media":37779,"comment_status":"open","ping_status":"open","sticky":false,"template":"","format":"standard","meta":{"_jetpack_memberships_contains_paid_content":false,"footnotes":"","jetpack_publicize_message":"","jetpack_publicize_feature_enabled":true,"jetpack_social_post_already_shared":true,"jetpack_social_options":{"image_generator_settings":{"template":"highway","default_image_id":0,"font":"","enabled":false},"version":2}},"categories":[41,12],"tags":[],"class_list":{"0":"post-37778","1":"post","2":"type-post","3":"status-publish","4":"format-standard","5":"has-post-thumbnail","7":"category-destacadas","8":"category-politica"},"jetpack_publicize_connections":[],"jetpack_featured_media_url":"https:\/\/i0.wp.com\/larevistadigital.com.ar\/blog\/wp-content\/uploads\/Captura-de-pantalla-2024-11-07-005736.png?fit=701%2C386&ssl=1","jetpack_sharing_enabled":true,"jetpack_shortlink":"https:\/\/wp.me\/p8qtrQ-9Pk","jetpack-related-posts":[{"id":34632,"url":"https:\/\/larevistadigital.com.ar\/blog\/que-presidentes-estaran-en-la-asuncion-de-javier-milei\/","url_meta":{"origin":37778,"position":0},"title":"\u00bfQU\u00c9 PRESIDENTES ESTAR\u00c1N EN LA ASUNCI\u00d3N DE JAVIER MILEI?","author":"Alejandro Sosa Ruda","date":"26 noviembre, 2023","format":false,"excerpt":"Esta semana siguieron los encuentros del equipo entrante con los ministros que se van. Que confirmar d\u00f3nde serpa la entrega del mando. 26 de Noviembre de 2023 A 15 d\u00edas de la asunci\u00f3n de Javier Milei como presidente, el gobierno saliente de Alberto Fern\u00e1ndez\u00a0y el entrante mantuvieron esta semana distintas\u2026","rel":"","context":"En \u00abINTERES GENERAL\u00bb","block_context":{"text":"INTERES GENERAL","link":"https:\/\/larevistadigital.com.ar\/blog\/category\/interes-general\/"},"img":{"alt_text":"","src":"https:\/\/i0.wp.com\/larevistadigital.com.ar\/blog\/wp-content\/uploads\/Captura-de-pantalla-2023-11-26-133234.png?fit=834%2C509&ssl=1&resize=350%2C200","width":350,"height":200,"srcset":"https:\/\/i0.wp.com\/larevistadigital.com.ar\/blog\/wp-content\/uploads\/Captura-de-pantalla-2023-11-26-133234.png?fit=834%2C509&ssl=1&resize=350%2C200 1x, https:\/\/i0.wp.com\/larevistadigital.com.ar\/blog\/wp-content\/uploads\/Captura-de-pantalla-2023-11-26-133234.png?fit=834%2C509&ssl=1&resize=525%2C300 1.5x, https:\/\/i0.wp.com\/larevistadigital.com.ar\/blog\/wp-content\/uploads\/Captura-de-pantalla-2023-11-26-133234.png?fit=834%2C509&ssl=1&resize=700%2C400 2x"},"classes":[]},{"id":36200,"url":"https:\/\/larevistadigital.com.ar\/blog\/bukele-estuvo-con-milei-luego-de-su-asuncion-presidencial-en-ecuador\/","url_meta":{"origin":37778,"position":1},"title":"BUKELE ESTUVO CON MILEI, LUEGO DE SU ASUNCI\u00d3N PRESIDENCIAL EN ECUADOR","author":"Alejandro Sosa Ruda","date":"2 junio, 2024","format":false,"excerpt":"SAN SALVADOR, \u2013 El presidente de El Salvador, Nayib Bukele, se reuni\u00f3 con su hom\u00f3logo argentino, Javier Milei, tras la ceremonia de investidura para su segundo mandato consecutivo de cinco a\u00f1os (2024-2029). La Casa Presidencial salvadore\u00f1a inform\u00f3 sobre el encuentro y comparti\u00f3 en X un corto video en el que\u2026","rel":"","context":"En \u00abPOLITICA\u00bb","block_context":{"text":"POLITICA","link":"https:\/\/larevistadigital.com.ar\/blog\/category\/politica\/"},"img":{"alt_text":"","src":"https:\/\/i0.wp.com\/larevistadigital.com.ar\/blog\/wp-content\/uploads\/Captura-de-pantalla-2024-06-02-194902.png?fit=795%2C487&ssl=1&resize=350%2C200","width":350,"height":200,"srcset":"https:\/\/i0.wp.com\/larevistadigital.com.ar\/blog\/wp-content\/uploads\/Captura-de-pantalla-2024-06-02-194902.png?fit=795%2C487&ssl=1&resize=350%2C200 1x, https:\/\/i0.wp.com\/larevistadigital.com.ar\/blog\/wp-content\/uploads\/Captura-de-pantalla-2024-06-02-194902.png?fit=795%2C487&ssl=1&resize=525%2C300 1.5x, https:\/\/i0.wp.com\/larevistadigital.com.ar\/blog\/wp-content\/uploads\/Captura-de-pantalla-2024-06-02-194902.png?fit=795%2C487&ssl=1&resize=700%2C400 2x"},"classes":[]},{"id":35948,"url":"https:\/\/larevistadigital.com.ar\/blog\/reaparecio-cristina-si-hubieramos-adoctrinado-este-hombre-no-seria-presidente\/","url_meta":{"origin":37778,"position":2},"title":"REAPARECI\u00d3 CRISTINA: \u00abSI HUBIERAMOS ADOCTRINADO, ESTE HOMBRE NO SER\u00cdA PRESIDENTE\u00bb","author":"Alejandro Sosa Ruda","date":"28 abril, 2024","format":false,"excerpt":"Cristina Fern\u00e1ndez de Kirchner hizo su primera aparici\u00f3n p\u00fablica desde la asunci\u00f3n de Javier Milei, este s\u00e1bado en Quilmes Oeste durante la inauguraci\u00f3n del microestadio \"presidente N\u00e9stor Kirchner\", junto a la Intendenta local, Mayra Mendoza. Critic\u00f3 duramente el plan econ\u00f3mico de Javier Milei y emiti\u00f3 un mensaje contundente sobre la\u2026","rel":"","context":"En \u00abDESTACADAS\u00bb","block_context":{"text":"DESTACADAS","link":"https:\/\/larevistadigital.com.ar\/blog\/category\/destacadas\/"},"img":{"alt_text":"","src":"https:\/\/i0.wp.com\/larevistadigital.com.ar\/blog\/wp-content\/uploads\/20240427191612_cristina-kirchner-mayra-mendoza-quilmes.jpg?fit=880%2C512&ssl=1&resize=350%2C200","width":350,"height":200,"srcset":"https:\/\/i0.wp.com\/larevistadigital.com.ar\/blog\/wp-content\/uploads\/20240427191612_cristina-kirchner-mayra-mendoza-quilmes.jpg?fit=880%2C512&ssl=1&resize=350%2C200 1x, https:\/\/i0.wp.com\/larevistadigital.com.ar\/blog\/wp-content\/uploads\/20240427191612_cristina-kirchner-mayra-mendoza-quilmes.jpg?fit=880%2C512&ssl=1&resize=525%2C300 1.5x, https:\/\/i0.wp.com\/larevistadigital.com.ar\/blog\/wp-content\/uploads\/20240427191612_cristina-kirchner-mayra-mendoza-quilmes.jpg?fit=880%2C512&ssl=1&resize=700%2C400 2x"},"classes":[]},{"id":42365,"url":"https:\/\/larevistadigital.com.ar\/blog\/diego-barreto-el-milei-rural-que-conquista-tiktok\/","url_meta":{"origin":37778,"position":3},"title":"Diego Barreto: el \u201cMilei rural\u201d que conquista TikTok","author":"Alejandro Sosa Ruda","date":"2 noviembre, 2025","format":false,"excerpt":"Diego Barreto, un joven de Gualeguay que comparte su vida rural en TikTok, se volvi\u00f3 viral por su asombroso parecido f\u00edsico con el presidente Javier Milei. Los usuarios no paran de comentar y bromear sobre su gesto, sonrisa y hasta el peinado. 02 de Noviembre de 2025 En tiempos donde\u2026","rel":"","context":"En \u00abCURIOSAS\u00bb","block_context":{"text":"CURIOSAS","link":"https:\/\/larevistadigital.com.ar\/blog\/category\/curiosas\/"},"img":{"alt_text":"","src":"https:\/\/i0.wp.com\/larevistadigital.com.ar\/blog\/wp-content\/uploads\/clon-de-milei.jpg?fit=516%2C500&ssl=1&resize=350%2C200","width":350,"height":200},"classes":[]},{"id":41897,"url":"https:\/\/larevistadigital.com.ar\/blog\/emilio-monzo-aseguro-que-la-jefa-de-estado-es-karina-milei\/","url_meta":{"origin":37778,"position":4},"title":"Emilio Monz\u00f3 asegur\u00f3 que \u00abLa jefa de estado es Karina Milei\u00bb","author":"Alejandro Sosa Ruda","date":"12 octubre, 2025","format":false,"excerpt":"El diputado de Encuentro Federal se\u00f1al\u00f3 que el Presidente perdi\u00f3 contacto con la sociedad y advirti\u00f3 que la principal oposici\u00f3n del pa\u00eds hoy es el propio Ejecutivo. Tambi\u00e9n critic\u00f3 el manejo del gabinete. 12 de Octubre de 2025 Emilio Monz\u00f3, diputado nacional de Encuentro Federal y ex presidente de la\u2026","rel":"","context":"En \u00abINTERES GENERAL\u00bb","block_context":{"text":"INTERES GENERAL","link":"https:\/\/larevistadigital.com.ar\/blog\/category\/interes-general\/"},"img":{"alt_text":"","src":"https:\/\/i0.wp.com\/larevistadigital.com.ar\/blog\/wp-content\/uploads\/Captura-de-pantalla-2025-10-12-132613.jpg?fit=735%2C490&ssl=1&resize=350%2C200","width":350,"height":200,"srcset":"https:\/\/i0.wp.com\/larevistadigital.com.ar\/blog\/wp-content\/uploads\/Captura-de-pantalla-2025-10-12-132613.jpg?fit=735%2C490&ssl=1&resize=350%2C200 1x, https:\/\/i0.wp.com\/larevistadigital.com.ar\/blog\/wp-content\/uploads\/Captura-de-pantalla-2025-10-12-132613.jpg?fit=735%2C490&ssl=1&resize=525%2C300 1.5x, https:\/\/i0.wp.com\/larevistadigital.com.ar\/blog\/wp-content\/uploads\/Captura-de-pantalla-2025-10-12-132613.jpg?fit=735%2C490&ssl=1&resize=700%2C400 2x"},"classes":[]},{"id":34573,"url":"https:\/\/larevistadigital.com.ar\/blog\/milei-privatizaciones-y-derogacion-de-la-ley-de-alquileres\/","url_meta":{"origin":37778,"position":5},"title":"MILEI: PRIVATIZACIONES Y DEROGACI\u00d3N DE LA LEY DE ALQUILERES","author":"Alejandro Sosa Ruda","date":"20 noviembre, 2023","format":false,"excerpt":"Buscar\u00e1 que dejen de ser estatales la petrolera YPF, la TV P\u00fablica, Radio Nacional y T\u00e9lam. 20 de Noviembre de 2023 El reci\u00e9n elegido presidente, Javier Milei, sorprendi\u00f3 este lunes al ratificar sus planes para impulsar cambios en Argentina. Entre sus propuestas m\u00e1s destacadas, se\u00f1al\u00f3 su intenci\u00f3n de privatizar importantes\u2026","rel":"","context":"En \u00abINTERES GENERAL\u00bb","block_context":{"text":"INTERES GENERAL","link":"https:\/\/larevistadigital.com.ar\/blog\/category\/interes-general\/"},"img":{"alt_text":"","src":"https:\/\/i0.wp.com\/larevistadigital.com.ar\/blog\/wp-content\/uploads\/c89b685835069c69b701cbd57e63ffcd4eb680a3.jpg?fit=1140%2C760&ssl=1&resize=350%2C200","width":350,"height":200,"srcset":"https:\/\/i0.wp.com\/larevistadigital.com.ar\/blog\/wp-content\/uploads\/c89b685835069c69b701cbd57e63ffcd4eb680a3.jpg?fit=1140%2C760&ssl=1&resize=350%2C200 1x, https:\/\/i0.wp.com\/larevistadigital.com.ar\/blog\/wp-content\/uploads\/c89b685835069c69b701cbd57e63ffcd4eb680a3.jpg?fit=1140%2C760&ssl=1&resize=525%2C300 1.5x, https:\/\/i0.wp.com\/larevistadigital.com.ar\/blog\/wp-content\/uploads\/c89b685835069c69b701cbd57e63ffcd4eb680a3.jpg?fit=1140%2C760&ssl=1&resize=700%2C400 2x, https:\/\/i0.wp.com\/larevistadigital.com.ar\/blog\/wp-content\/uploads\/c89b685835069c69b701cbd57e63ffcd4eb680a3.jpg?fit=1140%2C760&ssl=1&resize=1050%2C600 3x"},"classes":[]}],"_links":{"self":[{"href":"https:\/\/larevistadigital.com.ar\/blog\/wp-json\/wp\/v2\/posts\/37778","targetHints":{"allow":["GET"]}}],"collection":[{"href":"https:\/\/larevistadigital.com.ar\/blog\/wp-json\/wp\/v2\/posts"}],"about":[{"href":"https:\/\/larevistadigital.com.ar\/blog\/wp-json\/wp\/v2\/types\/post"}],"author":[{"embeddable":true,"href":"https:\/\/larevistadigital.com.ar\/blog\/wp-json\/wp\/v2\/users\/3"}],"replies":[{"embeddable":true,"href":"https:\/\/larevistadigital.com.ar\/blog\/wp-json\/wp\/v2\/comments?post=37778"}],"version-history":[{"count":1,"href":"https:\/\/larevistadigital.com.ar\/blog\/wp-json\/wp\/v2\/posts\/37778\/revisions"}],"predecessor-version":[{"id":37780,"href":"https:\/\/larevistadigital.com.ar\/blog\/wp-json\/wp\/v2\/posts\/37778\/revisions\/37780"}],"wp:featuredmedia":[{"embeddable":true,"href":"https:\/\/larevistadigital.com.ar\/blog\/wp-json\/wp\/v2\/media\/37779"}],"wp:attachment":[{"href":"https:\/\/larevistadigital.com.ar\/blog\/wp-json\/wp\/v2\/media?parent=37778"}],"wp:term":[{"taxonomy":"category","embeddable":true,"href":"https:\/\/larevistadigital.com.ar\/blog\/wp-json\/wp\/v2\/categories?post=37778"},{"taxonomy":"post_tag","embeddable":true,"href":"https:\/\/larevistadigital.com.ar\/blog\/wp-json\/wp\/v2\/tags?post=37778"}],"curies":[{"name":"wp","href":"https:\/\/api.w.org\/{rel}","templated":true}]}}