{"id":37781,"date":"2024-11-07T01:24:00","date_gmt":"2024-11-07T04:24:00","guid":{"rendered":"https:\/\/larevistadigital.com.ar\/blog\/?p=37781"},"modified":"2024-11-20T23:46:05","modified_gmt":"2024-11-21T02:46:05","slug":"la-plata-choque-y-fuga-en-la-avenida-7","status":"publish","type":"post","link":"https:\/\/larevistadigital.com.ar\/blog\/la-plata-choque-y-fuga-en-la-avenida-7\/","title":{"rendered":"La Plata: Choque y fuga en la avenida 7"},"content":{"rendered":"<h2>Un veh\u00edculo choc\u00f3 contra un micro en la avenida 7 y sus ocupantes huyeron del lugar.<\/h2>\n<p>7 de Noviembre de 2024<\/p>\n<p><strong>LA PLATA &#8211;\u00a0<\/strong> Un violento choque entre un micro de la l\u00ednea Este y un Ch\u00e9vrolet Onix en la avenida 7 de la ciudad sorprendi\u00f3 a los involuntarios testigos del hecho, ya que los ocupantes del autom\u00f3vil huyeron r\u00e1pidamente del lugar sin dejar rastros.<\/p>\n<blockquote>\n<h3>Seg\u00fan inform\u00f3 el portal 0221, el siniestro sucedi\u00f3 en la avenida 7 y la calle 609 de la localidad de Villa Elvira. El autom\u00f3vil, qued\u00f3 bastante destru\u00eddo en el lugar, mientras que el micro habr\u00eda seguido su rumbo, sin heridos por el hecho.<\/h3>\n<\/blockquote>\n<p>Testigos aseguraron que en el Onix viajaban dos personas de sexo masculino, que luego del impacto escaparon del lugar. Tambi\u00e9n, trascendi\u00f3 que el auto habr\u00eda sido utilizado en un robo en la zona Sur de la ciudad horas antes del accidente.<\/p>\n","protected":false},"excerpt":{"rendered":"<div class=\"mh-excerpt\"><p>Un veh\u00edculo choc\u00f3 contra un micro en la avenida 7 y sus ocupantes huyeron del lugar. 7 de Noviembre de 2024 LA PLATA &#8211;\u00a0 Un violento choque entre un micro de la l\u00ednea Este y <a class=\"mh-excerpt-more\" href=\"https:\/\/larevistadigital.com.ar\/blog\/la-plata-choque-y-fuga-en-la-avenida-7\/\" title=\"La Plata: Choque y fuga en la avenida 7\">[Leer M\u00e1s]<\/a><\/p>\n<\/div>","protected":false},"author":3,"featured_media":37782,"comment_status":"open","ping_status":"open","sticky":false,"template":"","format":"standard","meta":{"_jetpack_memberships_contains_paid_content":false,"footnotes":"","jetpack_publicize_message":"","jetpack_publicize_feature_enabled":true,"jetpack_social_post_already_shared":true,"jetpack_social_options":{"image_generator_settings":{"template":"highway","default_image_id":0,"font":"","enabled":false},"version":2}},"categories":[44,51],"tags":[],"class_list":{"0":"post-37781","1":"post","2":"type-post","3":"status-publish","4":"format-standard","5":"has-post-thumbnail","7":"category-policiales","8":"category-regionales"},"jetpack_publicize_connections":[],"jetpack_featured_media_url":"https:\/\/i0.wp.com\/larevistadigital.com.ar\/blog\/wp-content\/uploads\/Captura-de-pantalla-2024-11-07-011737.png?fit=827%2C502&ssl=1","jetpack_sharing_enabled":true,"jetpack_shortlink":"https:\/\/wp.me\/p8qtrQ-9Pn","jetpack-related-posts":[{"id":18385,"url":"https:\/\/larevistadigital.com.ar\/blog\/mar-del-plata-triple-choque-y-vuelco-en-avenida-colon-hay-heridos\/","url_meta":{"origin":37781,"position":0},"title":"MAR DEL PLATA: TRIPLE CHOQUE Y VUELCO EN AVENIDA COLON. HAY HERIDOS","author":"Alejandro Sosa Ruda","date":"29 diciembre, 2020","format":false,"excerpt":"El accidente se produjo este lunes por la noche, cuando una camioneta tipo utilitario colision\u00f3 con otros dos rodados y se despist\u00f3. Se realiz\u00f3 un importante operativo y se detuvo el tr\u00e1nsito en el lugar. MAR DEL PLATA - Un accidente de gravedad se registr\u00f3 este lunes por la noche\u2026","rel":"","context":"En \u00abPOLICIALES\u00bb","block_context":{"text":"POLICIALES","link":"https:\/\/larevistadigital.com.ar\/blog\/category\/policiales\/"},"img":{"alt_text":"","src":"https:\/\/i0.wp.com\/larevistadigital.com.ar\/blog\/wp-content\/uploads\/Screenshot_2-124.jpg?fit=1012%2C567&ssl=1&resize=350%2C200","width":350,"height":200,"srcset":"https:\/\/i0.wp.com\/larevistadigital.com.ar\/blog\/wp-content\/uploads\/Screenshot_2-124.jpg?fit=1012%2C567&ssl=1&resize=350%2C200 1x, https:\/\/i0.wp.com\/larevistadigital.com.ar\/blog\/wp-content\/uploads\/Screenshot_2-124.jpg?fit=1012%2C567&ssl=1&resize=525%2C300 1.5x, https:\/\/i0.wp.com\/larevistadigital.com.ar\/blog\/wp-content\/uploads\/Screenshot_2-124.jpg?fit=1012%2C567&ssl=1&resize=700%2C400 2x"},"classes":[]},{"id":44283,"url":"https:\/\/larevistadigital.com.ar\/blog\/un-motociclista-murio-al-chocar-contra-un-patrullero-que-cortaba-una-avenida-por-un-accidente\/","url_meta":{"origin":37781,"position":1},"title":"Un motociclista muri\u00f3 al chocar contra un patrullero que cortaba una avenida por un accidente","author":"Alejandro Sosa Ruda","date":"4 marzo, 2026","format":false,"excerpt":"El siniestro ocurri\u00f3 minutos antes de las 20, cuando el conductor impact\u00f3 contra un m\u00f3vil policial que preservaba la escena de un choque previo. Interviene la fiscal\u00eda de Delitos Culposos. 03 de Marzo de 2026 MAR DEL PLATA -\u00a0 \u00a0Un motociclista falleci\u00f3 este martes por la noche tras colisionar contra\u2026","rel":"","context":"En \u00abPOLICIALES\u00bb","block_context":{"text":"POLICIALES","link":"https:\/\/larevistadigital.com.ar\/blog\/category\/policiales\/"},"img":{"alt_text":"","src":"https:\/\/i0.wp.com\/larevistadigital.com.ar\/blog\/wp-content\/uploads\/Captura-de-pantalla-2026-03-04-000508.jpg?fit=795%2C444&ssl=1&resize=350%2C200","width":350,"height":200,"srcset":"https:\/\/i0.wp.com\/larevistadigital.com.ar\/blog\/wp-content\/uploads\/Captura-de-pantalla-2026-03-04-000508.jpg?fit=795%2C444&ssl=1&resize=350%2C200 1x, https:\/\/i0.wp.com\/larevistadigital.com.ar\/blog\/wp-content\/uploads\/Captura-de-pantalla-2026-03-04-000508.jpg?fit=795%2C444&ssl=1&resize=525%2C300 1.5x, https:\/\/i0.wp.com\/larevistadigital.com.ar\/blog\/wp-content\/uploads\/Captura-de-pantalla-2026-03-04-000508.jpg?fit=795%2C444&ssl=1&resize=700%2C400 2x"},"classes":[]},{"id":32531,"url":"https:\/\/larevistadigital.com.ar\/blog\/la-plata-choque-y-vuelco-en-camino\/","url_meta":{"origin":37781,"position":2},"title":"LA PLATA: CHOQUE Y VUELCO EN CAMINO","author":"Alejandro Sosa Ruda","date":"21 julio, 2023","format":false,"excerpt":"El accidente ocurri\u00f3 pasado el mediod\u00eda, cuando uno de los veh\u00edculos habr\u00eda cruzado mal sobre el Centenario, llev\u00e1ndose puesto al otro rodado. 20 de julio de 2023 LA PLATA\u00a0 -\u00a0 El Camino Centenario\u00a0suma un nuevo choque en lo que va de la semana, luego del accidente entre un auto y\u2026","rel":"","context":"En \u00abINTERES GENERAL\u00bb","block_context":{"text":"INTERES GENERAL","link":"https:\/\/larevistadigital.com.ar\/blog\/category\/interes-general\/"},"img":{"alt_text":"","src":"https:\/\/i0.wp.com\/larevistadigital.com.ar\/blog\/wp-content\/uploads\/1689883599501.jpeg?fit=1200%2C594&ssl=1&resize=350%2C200","width":350,"height":200,"srcset":"https:\/\/i0.wp.com\/larevistadigital.com.ar\/blog\/wp-content\/uploads\/1689883599501.jpeg?fit=1200%2C594&ssl=1&resize=350%2C200 1x, https:\/\/i0.wp.com\/larevistadigital.com.ar\/blog\/wp-content\/uploads\/1689883599501.jpeg?fit=1200%2C594&ssl=1&resize=525%2C300 1.5x, https:\/\/i0.wp.com\/larevistadigital.com.ar\/blog\/wp-content\/uploads\/1689883599501.jpeg?fit=1200%2C594&ssl=1&resize=700%2C400 2x, https:\/\/i0.wp.com\/larevistadigital.com.ar\/blog\/wp-content\/uploads\/1689883599501.jpeg?fit=1200%2C594&ssl=1&resize=1050%2C600 3x"},"classes":[]},{"id":40470,"url":"https:\/\/larevistadigital.com.ar\/blog\/impactante-triple-choque-en-mar-del-plata-un-auto-quedo-aplastado-entre-un-colectivo-y-un-camion\/","url_meta":{"origin":37781,"position":3},"title":"Impactante triple choque en Mar del Plata: un auto qued\u00f3 aplastado entre un colectivo y un cami\u00f3n","author":"Alejandro Sosa Ruda","date":"14 julio, 2025","format":false,"excerpt":"Ocurri\u00f3 en plena avenida Juan B. Justo. A pesar de lo dram\u00e1tico del siniestro, el conductor del auto logr\u00f3 salir con vida entre los hierros retorcidos. 14 de Julio de 2025 MAR DEL PLATA\u00a0 -\u00a0 \u00a0Una escena digna de una pel\u00edcula de acci\u00f3n se vivi\u00f3 este lunes por la tarde\u2026","rel":"","context":"En \u00abPOLICIALES\u00bb","block_context":{"text":"POLICIALES","link":"https:\/\/larevistadigital.com.ar\/blog\/category\/policiales\/"},"img":{"alt_text":"","src":"https:\/\/i0.wp.com\/larevistadigital.com.ar\/blog\/wp-content\/uploads\/ACCIDENTE-MAR-DEL-PLATA.jpg?fit=644%2C401&ssl=1&resize=350%2C200","width":350,"height":200,"srcset":"https:\/\/i0.wp.com\/larevistadigital.com.ar\/blog\/wp-content\/uploads\/ACCIDENTE-MAR-DEL-PLATA.jpg?fit=644%2C401&ssl=1&resize=350%2C200 1x, https:\/\/i0.wp.com\/larevistadigital.com.ar\/blog\/wp-content\/uploads\/ACCIDENTE-MAR-DEL-PLATA.jpg?fit=644%2C401&ssl=1&resize=525%2C300 1.5x"},"classes":[]},{"id":24441,"url":"https:\/\/larevistadigital.com.ar\/blog\/provocaron-el-choque-del-colectivo-que-intentaron-asaltar\/","url_meta":{"origin":37781,"position":4},"title":"PROVOCARON EL CHOQUE DEL COLECTIVO QUE INTENTARON ASALTAR","author":"Alejandro Sosa Ruda","date":"8 marzo, 2022","format":false,"excerpt":"MAR DEL PLATA\u00a0 -\u00a0 Dos hombres a mano armada\u00a0intentaron robar esta ma\u00f1ana en el\u00a0barrio Parque Palermo\u00a0al chofer de un colectivo de la\u00a0l\u00ednea 523, quien choc\u00f3 el veh\u00edculo mientras era golpeado por los delincuentes. El hecho se registr\u00f3 este martes a la ma\u00f1ana, cuando en la avenida Tetamanti y Garc\u00eda Lorca,\u2026","rel":"","context":"En \u00abPOLICIALES\u00bb","block_context":{"text":"POLICIALES","link":"https:\/\/larevistadigital.com.ar\/blog\/category\/policiales\/"},"img":{"alt_text":"","src":"https:\/\/i0.wp.com\/larevistadigital.com.ar\/blog\/wp-content\/uploads\/Captura-de-pantalla-2022-03-08-121853.jpg?fit=1006%2C477&ssl=1&resize=350%2C200","width":350,"height":200,"srcset":"https:\/\/i0.wp.com\/larevistadigital.com.ar\/blog\/wp-content\/uploads\/Captura-de-pantalla-2022-03-08-121853.jpg?fit=1006%2C477&ssl=1&resize=350%2C200 1x, https:\/\/i0.wp.com\/larevistadigital.com.ar\/blog\/wp-content\/uploads\/Captura-de-pantalla-2022-03-08-121853.jpg?fit=1006%2C477&ssl=1&resize=525%2C300 1.5x, https:\/\/i0.wp.com\/larevistadigital.com.ar\/blog\/wp-content\/uploads\/Captura-de-pantalla-2022-03-08-121853.jpg?fit=1006%2C477&ssl=1&resize=700%2C400 2x"},"classes":[]},{"id":40036,"url":"https:\/\/larevistadigital.com.ar\/blog\/mar-del-plata-un-joven-motociclista-murio-tras-chocar-en-una-zona-en-reparacion-en-la-avenida-independencia\/","url_meta":{"origin":37781,"position":5},"title":"Mar del Plata: Un joven motociclista muri\u00f3 tras chocar en una zona en reparaci\u00f3n en la avenida Independencia","author":"Alejandro Sosa Ruda","date":"9 junio, 2025","format":false,"excerpt":"Ten\u00eda 21 a\u00f1os y viajaba con su pareja, que result\u00f3 gravemente herida. El accidente ocurri\u00f3 en un tramo con obras viales y desniveles. Investigan si eso provoc\u00f3 el siniestro. 09 de Junio de 2025 MAR DEL PLATA\u00a0 -\u00a0 \u00a0Una nueva tragedia vial sacudi\u00f3 a la ciudad este lunes por la\u2026","rel":"","context":"En \u00abPOLICIALES\u00bb","block_context":{"text":"POLICIALES","link":"https:\/\/larevistadigital.com.ar\/blog\/category\/policiales\/"},"img":{"alt_text":"","src":"https:\/\/i0.wp.com\/larevistadigital.com.ar\/blog\/wp-content\/uploads\/Captura-de-pantalla-2025-06-09-225730.jpg?fit=805%2C391&ssl=1&resize=350%2C200","width":350,"height":200,"srcset":"https:\/\/i0.wp.com\/larevistadigital.com.ar\/blog\/wp-content\/uploads\/Captura-de-pantalla-2025-06-09-225730.jpg?fit=805%2C391&ssl=1&resize=350%2C200 1x, https:\/\/i0.wp.com\/larevistadigital.com.ar\/blog\/wp-content\/uploads\/Captura-de-pantalla-2025-06-09-225730.jpg?fit=805%2C391&ssl=1&resize=525%2C300 1.5x, https:\/\/i0.wp.com\/larevistadigital.com.ar\/blog\/wp-content\/uploads\/Captura-de-pantalla-2025-06-09-225730.jpg?fit=805%2C391&ssl=1&resize=700%2C400 2x"},"classes":[]}],"_links":{"self":[{"href":"https:\/\/larevistadigital.com.ar\/blog\/wp-json\/wp\/v2\/posts\/37781","targetHints":{"allow":["GET"]}}],"collection":[{"href":"https:\/\/larevistadigital.com.ar\/blog\/wp-json\/wp\/v2\/posts"}],"about":[{"href":"https:\/\/larevistadigital.com.ar\/blog\/wp-json\/wp\/v2\/types\/post"}],"author":[{"embeddable":true,"href":"https:\/\/larevistadigital.com.ar\/blog\/wp-json\/wp\/v2\/users\/3"}],"replies":[{"embeddable":true,"href":"https:\/\/larevistadigital.com.ar\/blog\/wp-json\/wp\/v2\/comments?post=37781"}],"version-history":[{"count":1,"href":"https:\/\/larevistadigital.com.ar\/blog\/wp-json\/wp\/v2\/posts\/37781\/revisions"}],"predecessor-version":[{"id":37783,"href":"https:\/\/larevistadigital.com.ar\/blog\/wp-json\/wp\/v2\/posts\/37781\/revisions\/37783"}],"wp:featuredmedia":[{"embeddable":true,"href":"https:\/\/larevistadigital.com.ar\/blog\/wp-json\/wp\/v2\/media\/37782"}],"wp:attachment":[{"href":"https:\/\/larevistadigital.com.ar\/blog\/wp-json\/wp\/v2\/media?parent=37781"}],"wp:term":[{"taxonomy":"category","embeddable":true,"href":"https:\/\/larevistadigital.com.ar\/blog\/wp-json\/wp\/v2\/categories?post=37781"},{"taxonomy":"post_tag","embeddable":true,"href":"https:\/\/larevistadigital.com.ar\/blog\/wp-json\/wp\/v2\/tags?post=37781"}],"curies":[{"name":"wp","href":"https:\/\/api.w.org\/{rel}","templated":true}]}}