{"id":37784,"date":"2024-11-07T01:30:22","date_gmt":"2024-11-07T04:30:22","guid":{"rendered":"https:\/\/larevistadigital.com.ar\/blog\/?p=37784"},"modified":"2024-11-20T23:45:56","modified_gmt":"2024-11-21T02:45:56","slug":"reclaman-la-continuidad-de-una-obra-clave-en-la-plata-que-fue-paralizada-por-el-gobierno-nacional","status":"publish","type":"post","link":"https:\/\/larevistadigital.com.ar\/blog\/reclaman-la-continuidad-de-una-obra-clave-en-la-plata-que-fue-paralizada-por-el-gobierno-nacional\/","title":{"rendered":"Reclaman la continuidad de una obra clave en La Plata que fue paralizada por el gobierno nacional"},"content":{"rendered":"<h2>Se trata de la pavimentaci\u00f3n y el ensanche de avenida 131 entre 520 y 514, estrat\u00e9gica para el acceso a Hern\u00e1ndez y beneficiosa para m\u00e1s de 100.000 vecinos.<\/h2>\n<p>7 de Noviembre de 2024<\/p>\n<p><strong>LA PLATA &#8211;\u00a0 \u00a0<\/strong>El Gobernador <strong>Axel Kicillof<\/strong>, conjuntamente con el Municipio de La Plata, solicitaron que se reative un aobra paralizada por el gobierno nacional, que consideran fundamental para el acceso a la localidad de Hern\u00e1ndez y\u00a0beneficia a m\u00e1s de 100.000 vecinos de la capital bonaerense.<\/p>\n<p>Se trata de la pavimentaci\u00f3n y el ensanche de la avenida 131 entre 520 y 514, obra que qued\u00f3 suspendida con un 50% de avance de ejecuci\u00f3n.<\/p>\n<blockquote>\n<h3>El monto del contrato era de m\u00e1s de $667 millones; el del convenio con Naci\u00f3n, de m\u00e1s de $656 millones; y el plazo de ejecuci\u00f3n, de 300 d\u00edas a partir de junio de 2023.<\/h3>\n<\/blockquote>\n<p>Cabe recordar que el Gobierno nacional fren\u00f3 alrededor de 1.000 obras en la provincia de Buenos Aires, muchas de las cuales presentaban un alto grado de avance y resultaban indispensables en sectores cr\u00edticos de vivienda, transporte y seguridad.<\/p>\n","protected":false},"excerpt":{"rendered":"<div class=\"mh-excerpt\"><p>Se trata de la pavimentaci\u00f3n y el ensanche de avenida 131 entre 520 y 514, estrat\u00e9gica para el acceso a Hern\u00e1ndez y beneficiosa para m\u00e1s de 100.000 vecinos. 7 de Noviembre de 2024 LA PLATA <a class=\"mh-excerpt-more\" href=\"https:\/\/larevistadigital.com.ar\/blog\/reclaman-la-continuidad-de-una-obra-clave-en-la-plata-que-fue-paralizada-por-el-gobierno-nacional\/\" title=\"Reclaman la continuidad de una obra clave en La Plata que fue paralizada por el gobierno nacional\">[Leer M\u00e1s]<\/a><\/p>\n<\/div>","protected":false},"author":3,"featured_media":37785,"comment_status":"open","ping_status":"open","sticky":false,"template":"","format":"standard","meta":{"_jetpack_memberships_contains_paid_content":false,"footnotes":"","jetpack_publicize_message":"","jetpack_publicize_feature_enabled":true,"jetpack_social_post_already_shared":true,"jetpack_social_options":{"image_generator_settings":{"template":"highway","default_image_id":0,"font":"","enabled":false},"version":2}},"categories":[12,51],"tags":[],"class_list":{"0":"post-37784","1":"post","2":"type-post","3":"status-publish","4":"format-standard","5":"has-post-thumbnail","7":"category-politica","8":"category-regionales"},"jetpack_publicize_connections":[],"jetpack_featured_media_url":"https:\/\/i0.wp.com\/larevistadigital.com.ar\/blog\/wp-content\/uploads\/Captura-de-pantalla-2024-11-07-012629.png?fit=871%2C523&ssl=1","jetpack_sharing_enabled":true,"jetpack_shortlink":"https:\/\/wp.me\/p8qtrQ-9Pq","jetpack-related-posts":[{"id":17424,"url":"https:\/\/larevistadigital.com.ar\/blog\/lezama-el-viernes-quedara-inaugurada-la-obra-de-pavimentacion-de-calle-rivadavia\/","url_meta":{"origin":37784,"position":0},"title":"LEZAMA: EL VIERNES QUEDAR\u00c1 INAUGURADA LA OBRA DE PAVIMENTACI\u00d3N DE CALLE RIVADAVIA","author":"Alejandro Sosa Ruda","date":"4 noviembre, 2020","format":false,"excerpt":"Se trata de la Cuadra N\u00ba 48 realizada por la gesti\u00f3n municipal en los \u00faltimos cuatro a\u00f1os. Mientras est\u00e1 en ejecuci\u00f3n el pavimento de la calle Pe\u00f1aloza, y se cumplen los plazos de obra en Hern\u00e1ndez y Clara Laborde, el intendente municipal\u00a0Lalo Harispe\u00a0dejar\u00e1 inaugurada este viernes 6 de noviembre la\u2026","rel":"","context":"En \u00abLEZAMA\u00bb","block_context":{"text":"LEZAMA","link":"https:\/\/larevistadigital.com.ar\/blog\/category\/lezama\/"},"img":{"alt_text":"","src":"https:\/\/i0.wp.com\/larevistadigital.com.ar\/blog\/wp-content\/uploads\/123309214_1911684432357582_4498986109427593921_o.jpg?fit=960%2C642&ssl=1&resize=350%2C200","width":350,"height":200,"srcset":"https:\/\/i0.wp.com\/larevistadigital.com.ar\/blog\/wp-content\/uploads\/123309214_1911684432357582_4498986109427593921_o.jpg?fit=960%2C642&ssl=1&resize=350%2C200 1x, https:\/\/i0.wp.com\/larevistadigital.com.ar\/blog\/wp-content\/uploads\/123309214_1911684432357582_4498986109427593921_o.jpg?fit=960%2C642&ssl=1&resize=525%2C300 1.5x, https:\/\/i0.wp.com\/larevistadigital.com.ar\/blog\/wp-content\/uploads\/123309214_1911684432357582_4498986109427593921_o.jpg?fit=960%2C642&ssl=1&resize=700%2C400 2x"},"classes":[]},{"id":39516,"url":"https:\/\/larevistadigital.com.ar\/blog\/kicillof-inauguro-la-nueva-bajada-a-la-avenida-520-de-la-autopista-buenos-aires-la-plata\/","url_meta":{"origin":37784,"position":1},"title":"Kicillof inaugur\u00f3 la nueva bajada a la Avenida 520 de la Autopista Buenos Aires &#8211; La Plata","author":"Alejandro Sosa Ruda","date":"23 abril, 2025","format":false,"excerpt":"Adem\u00e1s, el Gobernador firm\u00f3 convenios para la construcci\u00f3n de viviendas en el barrio El Mercadito y para una nueva sede policial en la zona. 23 de Abril 2025 BUENOS AIRES -\u00a0 El gobernador de la provincia de Buenos Aires, Axel Kicillof, encabez\u00f3 este martes el acto de inauguraci\u00f3n de la\u2026","rel":"","context":"En \u00abDESTACADAS\u00bb","block_context":{"text":"DESTACADAS","link":"https:\/\/larevistadigital.com.ar\/blog\/category\/destacadas\/"},"img":{"alt_text":"","src":"https:\/\/i0.wp.com\/larevistadigital.com.ar\/blog\/wp-content\/uploads\/Axel-Kicillof_95.jpg?fit=743%2C530&ssl=1&resize=350%2C200","width":350,"height":200,"srcset":"https:\/\/i0.wp.com\/larevistadigital.com.ar\/blog\/wp-content\/uploads\/Axel-Kicillof_95.jpg?fit=743%2C530&ssl=1&resize=350%2C200 1x, https:\/\/i0.wp.com\/larevistadigital.com.ar\/blog\/wp-content\/uploads\/Axel-Kicillof_95.jpg?fit=743%2C530&ssl=1&resize=525%2C300 1.5x, https:\/\/i0.wp.com\/larevistadigital.com.ar\/blog\/wp-content\/uploads\/Axel-Kicillof_95.jpg?fit=743%2C530&ssl=1&resize=700%2C400 2x"},"classes":[]},{"id":40973,"url":"https:\/\/larevistadigital.com.ar\/blog\/axel-kicillof-anuncio-un-proyecto-para-reactivar-la-obra-publica-nacional-en-la-provincia\/","url_meta":{"origin":37784,"position":2},"title":"Axel Kicillof anunci\u00f3 un proyecto para reactivar la obra p\u00fablica nacional en la Provincia","author":"Alejandro Sosa Ruda","date":"18 agosto, 2025","format":false,"excerpt":"\"Nunca en la historia pas\u00f3 que, por dos a\u00f1os, est\u00e9 absolutamente parada la obra p\u00fablica a nivel nacional\", expres\u00f3 el mandatario bonaerense. 18 de agosto de 2025 El gobernador de la provincia de Buenos Aires,\u00a0Axel Kicillof, anunci\u00f3 que enviar\u00e1 un proyecto de ley para reactivar la\u00a0obra p\u00fablica, paralizada a nivel\u2026","rel":"","context":"En \u00abINTERES GENERAL\u00bb","block_context":{"text":"INTERES GENERAL","link":"https:\/\/larevistadigital.com.ar\/blog\/category\/interes-general\/"},"img":{"alt_text":"","src":"https:\/\/i0.wp.com\/larevistadigital.com.ar\/blog\/wp-content\/uploads\/Captura-de-pantalla-2025-08-18-232936.jpg?fit=603%2C400&ssl=1&resize=350%2C200","width":350,"height":200,"srcset":"https:\/\/i0.wp.com\/larevistadigital.com.ar\/blog\/wp-content\/uploads\/Captura-de-pantalla-2025-08-18-232936.jpg?fit=603%2C400&ssl=1&resize=350%2C200 1x, https:\/\/i0.wp.com\/larevistadigital.com.ar\/blog\/wp-content\/uploads\/Captura-de-pantalla-2025-08-18-232936.jpg?fit=603%2C400&ssl=1&resize=525%2C300 1.5x"},"classes":[]},{"id":26125,"url":"https:\/\/larevistadigital.com.ar\/blog\/73-km-de-calzada-y-banquinas-inician-la-repavimentacion-de-la-ruta-29-entre-brandsen-y-belgrano\/","url_meta":{"origin":37784,"position":3},"title":"73 KM. DE CALZADA Y BANQUINAS: INICIAN LA REPAVIMENTACI\u00d3N DE LA RUTA 29 ENTRE BRANDSEN Y BELGRANO","author":"Alejandro Sosa Ruda","date":"26 junio, 2022","format":false,"excerpt":"La licitaci\u00f3n de esta obra, que tuvo lugar en septiembre de 2021 en la Direcci\u00f3n de Vialidad de la Provincia de Buenos Aires, con la apertura de sobres, consiste en la repavimentaci\u00f3n de 73 km de calzada y construcci\u00f3n de banquinas pavimentadas en la Ruta Provincial N\u00b0 29, desde Coronel\u2026","rel":"","context":"En \u00abREGIONALES\u00bb","block_context":{"text":"REGIONALES","link":"https:\/\/larevistadigital.com.ar\/blog\/category\/regionales\/"},"img":{"alt_text":"","src":"https:\/\/i0.wp.com\/larevistadigital.com.ar\/blog\/wp-content\/uploads\/20220626165120_ruta-29-repavimentacion-ensanche-rachos.jpg?fit=880%2C512&ssl=1&resize=350%2C200","width":350,"height":200,"srcset":"https:\/\/i0.wp.com\/larevistadigital.com.ar\/blog\/wp-content\/uploads\/20220626165120_ruta-29-repavimentacion-ensanche-rachos.jpg?fit=880%2C512&ssl=1&resize=350%2C200 1x, https:\/\/i0.wp.com\/larevistadigital.com.ar\/blog\/wp-content\/uploads\/20220626165120_ruta-29-repavimentacion-ensanche-rachos.jpg?fit=880%2C512&ssl=1&resize=525%2C300 1.5x, https:\/\/i0.wp.com\/larevistadigital.com.ar\/blog\/wp-content\/uploads\/20220626165120_ruta-29-repavimentacion-ensanche-rachos.jpg?fit=880%2C512&ssl=1&resize=700%2C400 2x"},"classes":[]},{"id":39684,"url":"https:\/\/larevistadigital.com.ar\/blog\/se-licitara-la-pavimentacion-de-28-cuadras-en-el-barrio-escribano\/","url_meta":{"origin":37784,"position":4},"title":"Se licitar\u00e1 la pavimentaci\u00f3n de 28 cuadras en el barrio Escribano","author":"Alejandro Sosa Ruda","date":"6 mayo, 2025","format":false,"excerpt":"La Municipalidad anunci\u00f3 el inicio del proceso licitatorio y, previamente, financiar\u00e1 una obra pluvial necesaria para dar continuidad al proyecto. 06 de Mayo de 2025 CHASCOM\u00daS -\u00a0 El intendente Javier Gast\u00f3n encabez\u00f3 una reuni\u00f3n con vecinos y vecinas del barrio Escribano, a quienes anunci\u00f3 el pr\u00f3ximo llamado a licitaci\u00f3n para\u2026","rel":"","context":"En \u00abCHASCOM\u00daS\u00bb","block_context":{"text":"CHASCOM\u00daS","link":"https:\/\/larevistadigital.com.ar\/blog\/category\/chascomus\/"},"img":{"alt_text":"","src":"https:\/\/i0.wp.com\/larevistadigital.com.ar\/blog\/wp-content\/uploads\/681a450c79f64.png?fit=668%2C445&ssl=1&resize=350%2C200","width":350,"height":200,"srcset":"https:\/\/i0.wp.com\/larevistadigital.com.ar\/blog\/wp-content\/uploads\/681a450c79f64.png?fit=668%2C445&ssl=1&resize=350%2C200 1x, https:\/\/i0.wp.com\/larevistadigital.com.ar\/blog\/wp-content\/uploads\/681a450c79f64.png?fit=668%2C445&ssl=1&resize=525%2C300 1.5x"},"classes":[]},{"id":40479,"url":"https:\/\/larevistadigital.com.ar\/blog\/la-provincia-reactivo-las-obras-de-pavimentacion-en-la-ruta-del-cereal\/","url_meta":{"origin":37784,"position":5},"title":"La Provincia reactiv\u00f3 las obras de pavimentaci\u00f3n en la Ruta del Cereal","author":"Alejandro Sosa Ruda","date":"15 julio, 2025","format":false,"excerpt":"La intervenci\u00f3n en m\u00e1s de 47 km permitir\u00e1 impulsar el desarrollo productivo, mejorar los tiempos de transporte y reducir costos log\u00edsticos beneficiando a la comunidad y al sector rural de toda la regi\u00f3n. 15 de Julio de 2025 BUENOS AIRES -\u00a0 El Ministerio de Infraestructura y Servicios P\u00fablicos, a trav\u00e9s\u2026","rel":"","context":"En \u00abPOLITICA PROVINCIAL\u00bb","block_context":{"text":"POLITICA PROVINCIAL","link":"https:\/\/larevistadigital.com.ar\/blog\/category\/politica\/politica-provincial\/"},"img":{"alt_text":"","src":"https:\/\/i0.wp.com\/larevistadigital.com.ar\/blog\/wp-content\/uploads\/1_19.jpg?fit=540%2C500&ssl=1&resize=350%2C200","width":350,"height":200,"srcset":"https:\/\/i0.wp.com\/larevistadigital.com.ar\/blog\/wp-content\/uploads\/1_19.jpg?fit=540%2C500&ssl=1&resize=350%2C200 1x, https:\/\/i0.wp.com\/larevistadigital.com.ar\/blog\/wp-content\/uploads\/1_19.jpg?fit=540%2C500&ssl=1&resize=525%2C300 1.5x"},"classes":[]}],"_links":{"self":[{"href":"https:\/\/larevistadigital.com.ar\/blog\/wp-json\/wp\/v2\/posts\/37784","targetHints":{"allow":["GET"]}}],"collection":[{"href":"https:\/\/larevistadigital.com.ar\/blog\/wp-json\/wp\/v2\/posts"}],"about":[{"href":"https:\/\/larevistadigital.com.ar\/blog\/wp-json\/wp\/v2\/types\/post"}],"author":[{"embeddable":true,"href":"https:\/\/larevistadigital.com.ar\/blog\/wp-json\/wp\/v2\/users\/3"}],"replies":[{"embeddable":true,"href":"https:\/\/larevistadigital.com.ar\/blog\/wp-json\/wp\/v2\/comments?post=37784"}],"version-history":[{"count":1,"href":"https:\/\/larevistadigital.com.ar\/blog\/wp-json\/wp\/v2\/posts\/37784\/revisions"}],"predecessor-version":[{"id":37786,"href":"https:\/\/larevistadigital.com.ar\/blog\/wp-json\/wp\/v2\/posts\/37784\/revisions\/37786"}],"wp:featuredmedia":[{"embeddable":true,"href":"https:\/\/larevistadigital.com.ar\/blog\/wp-json\/wp\/v2\/media\/37785"}],"wp:attachment":[{"href":"https:\/\/larevistadigital.com.ar\/blog\/wp-json\/wp\/v2\/media?parent=37784"}],"wp:term":[{"taxonomy":"category","embeddable":true,"href":"https:\/\/larevistadigital.com.ar\/blog\/wp-json\/wp\/v2\/categories?post=37784"},{"taxonomy":"post_tag","embeddable":true,"href":"https:\/\/larevistadigital.com.ar\/blog\/wp-json\/wp\/v2\/tags?post=37784"}],"curies":[{"name":"wp","href":"https:\/\/api.w.org\/{rel}","templated":true}]}}