{"id":37787,"date":"2024-11-07T20:47:32","date_gmt":"2024-11-07T23:47:32","guid":{"rendered":"https:\/\/larevistadigital.com.ar\/blog\/?p=37787"},"modified":"2024-11-20T23:45:47","modified_gmt":"2024-11-21T02:45:47","slug":"chascomus-detienen-a-un-sujeto-que-comercializaba-cocaina-en-el-barrio-30-de-mayo","status":"publish","type":"post","link":"https:\/\/larevistadigital.com.ar\/blog\/chascomus-detienen-a-un-sujeto-que-comercializaba-cocaina-en-el-barrio-30-de-mayo\/","title":{"rendered":"Chascom\u00fas: Detienen a un sujeto que comercializaba coca\u00edna en el Barrio 30 de Mayo"},"content":{"rendered":"<h2>Todo se inici\u00f3 con un llamado al Call Center del 911, y se logr\u00f3 dar con el sujeto y aprehenderlo luego de allanamientos con resultado positivo.<\/h2>\n<p>7 de Noviembre de 2024<\/p>\n<p><strong>CHASCOM\u00daS\u00a0 &#8211;<\/strong>\u00a0 \u00a0A ra\u00edz de una denuncia an\u00f3nima realizada al 911, personal de la subdelegaci\u00f3n de investigaciones del Tr\u00e1fico de Drogas Il\u00edcitas\u00a0 luego de las investigaciones de rigor, pudo determinar que una persona de sexo masculino llevaba a cabo el delito de la venta de estupefacientes.<\/p>\n<blockquote>\n<h3>La droga comercializada por el individuo en cuesti\u00f3n era coca\u00edna, en lo que comunmente se da a llamar \u00abmenudeo\u00bb. El delincuente, se dedicaba al delito en distintos puntos de venta, ubicados en el Barrio 30 de Mayo.<\/h3>\n<\/blockquote>\n<p>Se requirieron entonces, dos \u00f3rdenes de allanamiento en el marco de una investigaci\u00f3n a cargo de la Ayudant\u00eda Fiscal de Estupefacientes Chascom\u00fas dirigida por el <strong>Dr Jorge Larrarte<\/strong>\u00a0y juzgado de garant\u00edas N\u00b0 05 del dpto. judicial Dolores.<\/p>\n<blockquote>\n<h3>Dichos registros domiciliarios tuvieron lugar en el \u00e1mbito de la ciudad de Chascom\u00fas, obteniendo como resultado la aprehensi\u00f3n de una persona de sexo masculino, que era la encargada de realizar las maniobras il\u00edcitas.<\/h3>\n<\/blockquote>\n<p>Asimismo, se incautaron diversos elementos probatorios de inter\u00e9s para la investigaci\u00f3n, como ser estupefacientes fraccionados en dosis individuales listas para la venta, tres tel\u00e9fonos celulares, recortes de nylon y sustancias de corte y estiramiento y anotaciones varias.<\/p>\n<p>Todas las actuaciones policiales,\u00a0 fueron la culminaci\u00f3n de arduas tareas de investigaci\u00f3n, las cuales cuentan con tareas de campo como vigilancias, entrevistas encubiertas, seguimientos y registros f\u00edlmicos.<\/p>\n","protected":false},"excerpt":{"rendered":"<div class=\"mh-excerpt\"><p>Todo se inici\u00f3 con un llamado al Call Center del 911, y se logr\u00f3 dar con el sujeto y aprehenderlo luego de allanamientos con resultado positivo. 7 de Noviembre de 2024 CHASCOM\u00daS\u00a0 &#8211;\u00a0 \u00a0A ra\u00edz <a class=\"mh-excerpt-more\" href=\"https:\/\/larevistadigital.com.ar\/blog\/chascomus-detienen-a-un-sujeto-que-comercializaba-cocaina-en-el-barrio-30-de-mayo\/\" title=\"Chascom\u00fas: Detienen a un sujeto que comercializaba coca\u00edna en el Barrio 30 de Mayo\">[Leer M\u00e1s]<\/a><\/p>\n<\/div>","protected":false},"author":3,"featured_media":37788,"comment_status":"open","ping_status":"open","sticky":false,"template":"","format":"standard","meta":{"_jetpack_memberships_contains_paid_content":false,"footnotes":"","jetpack_publicize_message":"","jetpack_publicize_feature_enabled":true,"jetpack_social_post_already_shared":true,"jetpack_social_options":{"image_generator_settings":{"template":"highway","default_image_id":0,"font":"","enabled":false},"version":2}},"categories":[41],"tags":[],"class_list":{"0":"post-37787","1":"post","2":"type-post","3":"status-publish","4":"format-standard","5":"has-post-thumbnail","7":"category-destacadas"},"jetpack_publicize_connections":[],"jetpack_featured_media_url":"https:\/\/i0.wp.com\/larevistadigital.com.ar\/blog\/wp-content\/uploads\/WhatsApp-Image-2024-11-07-at-12.28.46.jpeg?fit=971%2C1280&ssl=1","jetpack_sharing_enabled":true,"jetpack_shortlink":"https:\/\/wp.me\/p8qtrQ-9Pt","jetpack-related-posts":[{"id":37817,"url":"https:\/\/larevistadigital.com.ar\/blog\/chascomus-detectan-y-aprehenden-a-dos-sujetos-por-trafico-y-venta-de-cocaina-en-el-barrio-san-luis\/","url_meta":{"origin":37787,"position":0},"title":"Chascom\u00fas: detectan y aprehenden a dos sujetos por tr\u00e1fico y venta de coca\u00edna en el Barrio San Luis.","author":"Alejandro Sosa Ruda","date":"10 noviembre, 2024","format":false,"excerpt":"Fue el resultado de \u00e1rduas investigaciones y tareas de inteligencia que llegaron a buen fin. Gran trabajo conjunto de polic\u00eda y Secretar\u00eda de Seguridad, con el respaldo pol\u00edtico del Intendente. 10 de Noviembre de 2024 CHASCOM\u00daS -\u00a0 \u00a0Luego de tareas investigativas y de inteligencia, personal de la Subdelegaci\u00f3n de Chascom\u00fas\u2026","rel":"","context":"En \u00abDESTACADAS\u00bb","block_context":{"text":"DESTACADAS","link":"https:\/\/larevistadigital.com.ar\/blog\/category\/destacadas\/"},"img":{"alt_text":"","src":"https:\/\/i0.wp.com\/larevistadigital.com.ar\/blog\/wp-content\/uploads\/WhatsApp-Image-2024-11-09-at-19.16.06-e1731255134604.jpeg?fit=720%2C908&ssl=1&resize=350%2C200","width":350,"height":200,"srcset":"https:\/\/i0.wp.com\/larevistadigital.com.ar\/blog\/wp-content\/uploads\/WhatsApp-Image-2024-11-09-at-19.16.06-e1731255134604.jpeg?fit=720%2C908&ssl=1&resize=350%2C200 1x, https:\/\/i0.wp.com\/larevistadigital.com.ar\/blog\/wp-content\/uploads\/WhatsApp-Image-2024-11-09-at-19.16.06-e1731255134604.jpeg?fit=720%2C908&ssl=1&resize=525%2C300 1.5x, https:\/\/i0.wp.com\/larevistadigital.com.ar\/blog\/wp-content\/uploads\/WhatsApp-Image-2024-11-09-at-19.16.06-e1731255134604.jpeg?fit=720%2C908&ssl=1&resize=700%2C400 2x"},"classes":[]},{"id":38378,"url":"https:\/\/larevistadigital.com.ar\/blog\/chascomus-investigan-allanan-y-detienen-a-sujeto-que-comercializaba-cocaina-en-el-barrio-san-luis\/","url_meta":{"origin":37787,"position":1},"title":"Chascom\u00fas: Investigan, allanan y detienen a sujeto que comercializaba coca\u00edna en el Barrio San Luis","author":"Alejandro Sosa Ruda","date":"21 diciembre, 2024","format":false,"excerpt":"La detenci\u00f3n se produjo luego de investigaciones, trabajos encubiertos y el importante aporte de Monitoreo Municipal de la Secretar\u00eda de Seguridad. 21 de Diciembre de 2024 CHASCOM\u00daS -\u00a0 Con motivo de un oficio judicial emanado de la ayudant\u00eda Fiscal de Estupefacientes de esta Chascom\u00fas, personal de la Sub Delegaci\u00f3n Chascom\u00fas\u2026","rel":"","context":"En \u00abDESTACADAS\u00bb","block_context":{"text":"DESTACADAS","link":"https:\/\/larevistadigital.com.ar\/blog\/category\/destacadas\/"},"img":{"alt_text":"","src":"https:\/\/i0.wp.com\/larevistadigital.com.ar\/blog\/wp-content\/uploads\/POLICIA.png?fit=1002%2C658&ssl=1&resize=350%2C200","width":350,"height":200,"srcset":"https:\/\/i0.wp.com\/larevistadigital.com.ar\/blog\/wp-content\/uploads\/POLICIA.png?fit=1002%2C658&ssl=1&resize=350%2C200 1x, https:\/\/i0.wp.com\/larevistadigital.com.ar\/blog\/wp-content\/uploads\/POLICIA.png?fit=1002%2C658&ssl=1&resize=525%2C300 1.5x, https:\/\/i0.wp.com\/larevistadigital.com.ar\/blog\/wp-content\/uploads\/POLICIA.png?fit=1002%2C658&ssl=1&resize=700%2C400 2x"},"classes":[]},{"id":34340,"url":"https:\/\/larevistadigital.com.ar\/blog\/chascomus-la-subdelegacion-de-trafico-de-drogas-ilicitas-allano-y-secuestro-cocaina-con-ayuda-de-monitoreo\/","url_meta":{"origin":37787,"position":2},"title":"CHASCOM\u00daS: LA SUBDELEGACI\u00d3N DE TR\u00c1FICO DE DROGAS IL\u00cdCITAS ALLAN\u00d3 Y SECUESTR\u00d3 COCA\u00cdNA CON AYUDA DE MONITOREO","author":"Alejandro Sosa Ruda","date":"2 noviembre, 2023","format":false,"excerpt":"Otra investigaci\u00f3n con resultados positivos. 2 de noviembre de 2023 CHASCOM\u00daS -\u00a0 Personal de la Subdelegaci\u00f3n Chascom\u00fas de Investigaciones del Tr\u00e1fico de Drogas Il\u00edcitas, bajo el mando del Comisario Abel De La Cruz cumpli\u00f3 una orden de registro en el barrio San Luis,\u00a0 mas precisamente frente a la del barrio\u2026","rel":"","context":"En \u00abCHASCOM\u00daS\u00bb","block_context":{"text":"CHASCOM\u00daS","link":"https:\/\/larevistadigital.com.ar\/blog\/category\/chascomus\/"},"img":{"alt_text":"","src":"https:\/\/i0.wp.com\/larevistadigital.com.ar\/blog\/wp-content\/uploads\/2018\/03\/Policia-allanamiento-noche.jpg?fit=777%2C498&ssl=1&resize=350%2C200","width":350,"height":200,"srcset":"https:\/\/i0.wp.com\/larevistadigital.com.ar\/blog\/wp-content\/uploads\/2018\/03\/Policia-allanamiento-noche.jpg?fit=777%2C498&ssl=1&resize=350%2C200 1x, https:\/\/i0.wp.com\/larevistadigital.com.ar\/blog\/wp-content\/uploads\/2018\/03\/Policia-allanamiento-noche.jpg?fit=777%2C498&ssl=1&resize=525%2C300 1.5x, https:\/\/i0.wp.com\/larevistadigital.com.ar\/blog\/wp-content\/uploads\/2018\/03\/Policia-allanamiento-noche.jpg?fit=777%2C498&ssl=1&resize=700%2C400 2x"},"classes":[]},{"id":25087,"url":"https:\/\/larevistadigital.com.ar\/blog\/ampliando-informacion-el-individuo-detenido-en-el-barrio-30-de-mayo-estaba-profugo\/","url_meta":{"origin":37787,"position":3},"title":"(AMPLIANDO INFORMACI\u00d3N) EL INDIVIDUO DETENIDO EN EL BARRIO 30 DE MAYO ESTABA PR\u00d3FUGO","author":"Alejandro Sosa Ruda","date":"15 abril, 2022","format":false,"excerpt":"CHASCOM\u00daS -\u00a0 Hoy inform\u00e1bamos como primicia que en horas del mediod\u00eda se procedi\u00f3 en un r\u00e1pido operativo en el barrio 30 de mayo la detenci\u00f3n de un sujeto que hu\u00eda de cometer un hecho, saltando por los fondos de las casas. As\u00ed los vecinos llamaron al 911 y en menos\u2026","rel":"","context":"En \u00abDESTACADAS\u00bb","block_context":{"text":"DESTACADAS","link":"https:\/\/larevistadigital.com.ar\/blog\/category\/destacadas\/"},"img":{"alt_text":"","src":"https:\/\/i0.wp.com\/larevistadigital.com.ar\/blog\/wp-content\/uploads\/AMPLIANDO.jpg?fit=801%2C1200&ssl=1&resize=350%2C200","width":350,"height":200,"srcset":"https:\/\/i0.wp.com\/larevistadigital.com.ar\/blog\/wp-content\/uploads\/AMPLIANDO.jpg?fit=801%2C1200&ssl=1&resize=350%2C200 1x, https:\/\/i0.wp.com\/larevistadigital.com.ar\/blog\/wp-content\/uploads\/AMPLIANDO.jpg?fit=801%2C1200&ssl=1&resize=525%2C300 1.5x, https:\/\/i0.wp.com\/larevistadigital.com.ar\/blog\/wp-content\/uploads\/AMPLIANDO.jpg?fit=801%2C1200&ssl=1&resize=700%2C400 2x"},"classes":[]},{"id":34876,"url":"https:\/\/larevistadigital.com.ar\/blog\/chascomus-se-hicieron-dos-allanamientos-secuestrando-marihuana-cocaina-y-logrando-aprehender-a-un-individuo\/","url_meta":{"origin":37787,"position":4},"title":"CHASCOM\u00daS: SE HICIERON DOS ALLANAMIENTOS, SECUESTRANDO MARIHUANA, COCA\u00cdNA Y LOGRANDO APREHENDER A UN INDIVIDUO.","author":"Alejandro Sosa Ruda","date":"21 diciembre, 2023","format":false,"excerpt":"Los allanamientos fueron en calle Obligado y en el Barrio 30 de Mayo. 21 de diciembre de 2023 CHASCOM\u00daS -\u00a0 Durante la jornada de ayer, se llevaron a cabo dos allanamientos por la SUBDELEGACION DE INV. DEL TR\u00c1FICO DE DROGAS IL\u00cdCITAS CHASCOMUS en el marco de una investigaci\u00f3n relacionada con\u2026","rel":"","context":"En \u00abDESTACADAS\u00bb","block_context":{"text":"DESTACADAS","link":"https:\/\/larevistadigital.com.ar\/blog\/category\/destacadas\/"},"img":{"alt_text":"","src":"https:\/\/i0.wp.com\/larevistadigital.com.ar\/blog\/wp-content\/uploads\/WhatsApp-Image-2023-12-21-at-07.06.23-1-e1703171662789.jpeg?fit=960%2C774&ssl=1&resize=350%2C200","width":350,"height":200,"srcset":"https:\/\/i0.wp.com\/larevistadigital.com.ar\/blog\/wp-content\/uploads\/WhatsApp-Image-2023-12-21-at-07.06.23-1-e1703171662789.jpeg?fit=960%2C774&ssl=1&resize=350%2C200 1x, https:\/\/i0.wp.com\/larevistadigital.com.ar\/blog\/wp-content\/uploads\/WhatsApp-Image-2023-12-21-at-07.06.23-1-e1703171662789.jpeg?fit=960%2C774&ssl=1&resize=525%2C300 1.5x, https:\/\/i0.wp.com\/larevistadigital.com.ar\/blog\/wp-content\/uploads\/WhatsApp-Image-2023-12-21-at-07.06.23-1-e1703171662789.jpeg?fit=960%2C774&ssl=1&resize=700%2C400 2x"},"classes":[]},{"id":37312,"url":"https:\/\/larevistadigital.com.ar\/blog\/chascomus-detienen-a-un-sujeto-que-proferia-amenazas-con-un-arma-de-fuego-en-el-barrio-san-luis\/","url_meta":{"origin":37787,"position":5},"title":"CHASCOM\u00daS: Detienen a un sujeto que profer\u00eda amenazas con un arma de fuego en el Barrio San Luis","author":"Alejandro Sosa Ruda","date":"25 septiembre, 2024","format":false,"excerpt":"El detenido ya estaba imputado por lesiones. 25 de Septiembre de 2024 CHASCOM\u00daS -\u00a0 \u00a0En horas de la madrugada del dia Domingo, personal policial de E.P.C. Chascomus 1ra. procedio a la aprehension en el barrio San Luis, de una persona masculina de 18 a\u00f1os, luego de que fueran convocados por\u2026","rel":"","context":"En \u00abINTERES GENERAL\u00bb","block_context":{"text":"INTERES GENERAL","link":"https:\/\/larevistadigital.com.ar\/blog\/category\/interes-general\/"},"img":{"alt_text":"","src":"https:\/\/i0.wp.com\/larevistadigital.com.ar\/blog\/wp-content\/uploads\/detenido-esposado.jpg?fit=1024%2C683&ssl=1&resize=350%2C200","width":350,"height":200,"srcset":"https:\/\/i0.wp.com\/larevistadigital.com.ar\/blog\/wp-content\/uploads\/detenido-esposado.jpg?fit=1024%2C683&ssl=1&resize=350%2C200 1x, https:\/\/i0.wp.com\/larevistadigital.com.ar\/blog\/wp-content\/uploads\/detenido-esposado.jpg?fit=1024%2C683&ssl=1&resize=525%2C300 1.5x, https:\/\/i0.wp.com\/larevistadigital.com.ar\/blog\/wp-content\/uploads\/detenido-esposado.jpg?fit=1024%2C683&ssl=1&resize=700%2C400 2x"},"classes":[]}],"_links":{"self":[{"href":"https:\/\/larevistadigital.com.ar\/blog\/wp-json\/wp\/v2\/posts\/37787","targetHints":{"allow":["GET"]}}],"collection":[{"href":"https:\/\/larevistadigital.com.ar\/blog\/wp-json\/wp\/v2\/posts"}],"about":[{"href":"https:\/\/larevistadigital.com.ar\/blog\/wp-json\/wp\/v2\/types\/post"}],"author":[{"embeddable":true,"href":"https:\/\/larevistadigital.com.ar\/blog\/wp-json\/wp\/v2\/users\/3"}],"replies":[{"embeddable":true,"href":"https:\/\/larevistadigital.com.ar\/blog\/wp-json\/wp\/v2\/comments?post=37787"}],"version-history":[{"count":1,"href":"https:\/\/larevistadigital.com.ar\/blog\/wp-json\/wp\/v2\/posts\/37787\/revisions"}],"predecessor-version":[{"id":37789,"href":"https:\/\/larevistadigital.com.ar\/blog\/wp-json\/wp\/v2\/posts\/37787\/revisions\/37789"}],"wp:featuredmedia":[{"embeddable":true,"href":"https:\/\/larevistadigital.com.ar\/blog\/wp-json\/wp\/v2\/media\/37788"}],"wp:attachment":[{"href":"https:\/\/larevistadigital.com.ar\/blog\/wp-json\/wp\/v2\/media?parent=37787"}],"wp:term":[{"taxonomy":"category","embeddable":true,"href":"https:\/\/larevistadigital.com.ar\/blog\/wp-json\/wp\/v2\/categories?post=37787"},{"taxonomy":"post_tag","embeddable":true,"href":"https:\/\/larevistadigital.com.ar\/blog\/wp-json\/wp\/v2\/tags?post=37787"}],"curies":[{"name":"wp","href":"https:\/\/api.w.org\/{rel}","templated":true}]}}