{"id":37790,"date":"2024-11-08T19:35:10","date_gmt":"2024-11-08T22:35:10","guid":{"rendered":"https:\/\/larevistadigital.com.ar\/blog\/?p=37790"},"modified":"2024-11-20T23:45:39","modified_gmt":"2024-11-21T02:45:39","slug":"chascomus-tras-un-violento-asalto-a-una-pareja-la-policia-comunal-logro-aprehender","status":"publish","type":"post","link":"https:\/\/larevistadigital.com.ar\/blog\/chascomus-tras-un-violento-asalto-a-una-pareja-la-policia-comunal-logro-aprehender\/","title":{"rendered":"Chascom\u00fas: Tras un violento asalto a una pareja la Polic\u00eda Comunal logr\u00f3 aprehender"},"content":{"rendered":"<h2>Delincuentes provenientes de Claypole atacaron salvajemente a una pareja, le sustrajeron dinero y huyeron. La polic\u00eda logr\u00f3 aprehender a uno de ellos.<\/h2>\n<p>8 de Noviembre de 2024<\/p>\n<p><strong>CHASCOM\u00daS &#8211;<\/strong>\u00a0 Anoche, aproximadamente las 22:00 hs., personal policial de E.P.C. Chascomus se traslado hasta un domicilio de calle Marquez, ya que mediante un aviso al 911 de un vecino alerto, que en el lugar se estaria desarrollando un robo en proceso.<\/p>\n<blockquote>\n<h3>Ya estando proximos al lugar, el personal policial se cruz\u00f3 con cinco personas de sexo masculino, las que al detectar su presencia cambian abruptamente su sentido de circulacion y comenzaron a correr en sentido opuesto.<\/h3>\n<\/blockquote>\n<p>De las cinco personas se logr\u00f3 aprehender a un sujeto mayor de edad oriundo de la localidad de Claypole, mientras que las otras personas tras ingresar a distintos patios de la manzana lograron subir a un vehiculo que los estaba esperando.<\/p>\n<blockquote>\n<h3>No obstante ello, el personal policial advirti\u00f3 esa situacion y logr\u00f3 perseguirlos por distintas calles sin poder interceptarlos ya que la polvareda que generaba la gran velocidad que llevaban en calles de tierra genero que los efectivos no pudieran alcanzarlos.<\/h3>\n<\/blockquote>\n<p>Se establecio que el aprehendido descart\u00f3 en la huida un arma de fuego tipo pistola, un telefono celular y la suma aproximada de seis millones de pesos, elementos que fueron incautados con su respectiva cadena de custodia.<\/p>\n<blockquote>\n<h3>En el lugar se presento personal de la <strong>U.F.I.D. N\u00b0 9<\/strong> de Chascomus, quienes impartieron medidas y directivas para avanzar en la investigacion. En horas de la ma\u00f1ana, se estableci\u00f3 que el aprehendido posee pedido de captura por el delito de <strong>HOMICIDIO CRIMINIS CAUSA<\/strong>.<\/h3>\n<\/blockquote>\n<p>El mismo permanece en sector de calabozos de E.P.C. Chascomus 1ra. imputado del delito de <strong>ROBO CALIFICADO<\/strong>.<\/p>\n","protected":false},"excerpt":{"rendered":"<div class=\"mh-excerpt\"><p>Delincuentes provenientes de Claypole atacaron salvajemente a una pareja, le sustrajeron dinero y huyeron. La polic\u00eda logr\u00f3 aprehender a uno de ellos. 8 de Noviembre de 2024 CHASCOM\u00daS &#8211;\u00a0 Anoche, aproximadamente las 22:00 hs., personal <a class=\"mh-excerpt-more\" href=\"https:\/\/larevistadigital.com.ar\/blog\/chascomus-tras-un-violento-asalto-a-una-pareja-la-policia-comunal-logro-aprehender\/\" title=\"Chascom\u00fas: Tras un violento asalto a una pareja la Polic\u00eda Comunal logr\u00f3 aprehender\">[Leer M\u00e1s]<\/a><\/p>\n<\/div>","protected":false},"author":3,"featured_media":15712,"comment_status":"open","ping_status":"open","sticky":false,"template":"","format":"standard","meta":{"_jetpack_memberships_contains_paid_content":false,"footnotes":"","jetpack_publicize_message":"","jetpack_publicize_feature_enabled":true,"jetpack_social_post_already_shared":true,"jetpack_social_options":{"image_generator_settings":{"template":"highway","default_image_id":0,"font":"","enabled":false},"version":2}},"categories":[41,44],"tags":[],"class_list":{"0":"post-37790","1":"post","2":"type-post","3":"status-publish","4":"format-standard","5":"has-post-thumbnail","7":"category-destacadas","8":"category-policiales"},"jetpack_publicize_connections":[],"jetpack_featured_media_url":"https:\/\/i0.wp.com\/larevistadigital.com.ar\/blog\/wp-content\/uploads\/Screenshot_1-121.jpg?fit=1007%2C565&ssl=1","jetpack_sharing_enabled":true,"jetpack_shortlink":"https:\/\/wp.me\/p8qtrQ-9Pw","jetpack-related-posts":[{"id":33362,"url":"https:\/\/larevistadigital.com.ar\/blog\/chascomus-la-policia-y-personal-de-prevencion-municipal-lograron-aprehender-un-ladron-in-fraganti\/","url_meta":{"origin":37790,"position":0},"title":"CHASCOM\u00daS: LA POLIC\u00cdA Y PERSONAL DE \u00abPREVENCI\u00d3N MUNICIPAL\u00bb LOGRARON APREHENDER UN LADR\u00d3N \u00abIN FRAGANTI\u00bb","author":"Alejandro Sosa Ruda","date":"10 septiembre, 2023","format":false,"excerpt":"Fue descubierto mientras personal policial y de Prevenci\u00f3n Municipal realizaban tareas preventivas, que evidentemente dan buenos resultados. 10 de Septiembre de 2023 CHASCOM\u00daS -\u00a0 El d\u00eda de viernes en horas de la tarde una persona de sexo masculino mayor de edad, aprovechando el descuido de las personas, sustrajo una bicicleta\u2026","rel":"","context":"En \u00abSin categor\u00eda\u00bb","block_context":{"text":"Sin categor\u00eda","link":"https:\/\/larevistadigital.com.ar\/blog\/category\/sin-categoria\/"},"img":{"alt_text":"","src":"https:\/\/i0.wp.com\/larevistadigital.com.ar\/blog\/wp-content\/uploads\/WhatsApp-Image-2023-09-08-at-19.26.40.jpeg?fit=550%2C658&ssl=1&resize=350%2C200","width":350,"height":200,"srcset":"https:\/\/i0.wp.com\/larevistadigital.com.ar\/blog\/wp-content\/uploads\/WhatsApp-Image-2023-09-08-at-19.26.40.jpeg?fit=550%2C658&ssl=1&resize=350%2C200 1x, https:\/\/i0.wp.com\/larevistadigital.com.ar\/blog\/wp-content\/uploads\/WhatsApp-Image-2023-09-08-at-19.26.40.jpeg?fit=550%2C658&ssl=1&resize=525%2C300 1.5x"},"classes":[]},{"id":31981,"url":"https:\/\/larevistadigital.com.ar\/blog\/chascomus-denuncian-un-robo-en-proceso-y-la-policia-logro-aprehender-a-dos-sujetos-en-el-interior-de-la-casa-de-la-victima\/","url_meta":{"origin":37790,"position":1},"title":"CHASCOM\u00daS: DENUNCIAN UN ROBO EN PROCESO Y LA POLIC\u00cdA LOGR\u00d3 APREHENDER A DOS SUJETOS EN EL INTERIOR DE LA CASA DE LA V\u00cdCTIMA","author":"Alejandro Sosa Ruda","date":"13 junio, 2023","format":false,"excerpt":"Uno de los sujetos estaba en la cocina, y el otro escondido en la ducha. 13 de junio de 2023 CHASCOM\u00daS -\u00a0 En horas de la tarde de hoy, se recibi\u00f3 en la Estaci\u00f3n de Polic\u00eda Comunal,\u00a0 un aviso mediante el cual requer\u00edan personal policial en un domicilio de calle\u2026","rel":"","context":"En \u00abCHASCOM\u00daS\u00bb","block_context":{"text":"CHASCOM\u00daS","link":"https:\/\/larevistadigital.com.ar\/blog\/category\/chascomus\/"},"img":{"alt_text":"","src":"https:\/\/i0.wp.com\/larevistadigital.com.ar\/blog\/wp-content\/uploads\/POLICIA.png?fit=1002%2C658&ssl=1&resize=350%2C200","width":350,"height":200,"srcset":"https:\/\/i0.wp.com\/larevistadigital.com.ar\/blog\/wp-content\/uploads\/POLICIA.png?fit=1002%2C658&ssl=1&resize=350%2C200 1x, https:\/\/i0.wp.com\/larevistadigital.com.ar\/blog\/wp-content\/uploads\/POLICIA.png?fit=1002%2C658&ssl=1&resize=525%2C300 1.5x, https:\/\/i0.wp.com\/larevistadigital.com.ar\/blog\/wp-content\/uploads\/POLICIA.png?fit=1002%2C658&ssl=1&resize=700%2C400 2x"},"classes":[]},{"id":33368,"url":"https:\/\/larevistadigital.com.ar\/blog\/chascomus-durante-recorrida-preventiva-la-policia-y-la-patrulla-de-prevencion-municipal-encuentran-a-un-hombre-herido-de-gravedad-en-la-via-publica-y-tras-una-rapida-investigacion-logran-aprehender\/","url_meta":{"origin":37790,"position":2},"title":"CHASCOM\u00daS: DURANTE RECORRIDA PREVENTIVA, LA POLIC\u00cdA Y LA PATRULLA DE PREVENCI\u00d3N MUNICIPAL ENCUENTRAN A UN HOMBRE HERIDO DE GRAVEDAD EN LA V\u00cdA P\u00daBLICA, Y TRAS UNA R\u00c1PIDA INVESTIGACI\u00d3N LOGRAN APREHENDER AL AUTOR.","author":"Alejandro Sosa Ruda","date":"10 septiembre, 2023","format":false,"excerpt":"Nuevamente las tareas preventivas arrojan un buen resultado. A punto tal que en esta oportunidad lograron salvar la vida de una persona que hab\u00eda sido brutalmente agredida y se encontraba tendida en el piso. 10 de Septiembre de 2023 CHASCOM\u00daS -\u00a0 En horas de la madrugada del dia de ayer,\u2026","rel":"","context":"En \u00abDESTACADAS\u00bb","block_context":{"text":"DESTACADAS","link":"https:\/\/larevistadigital.com.ar\/blog\/category\/destacadas\/"},"img":{"alt_text":"","src":"https:\/\/i0.wp.com\/larevistadigital.com.ar\/blog\/wp-content\/uploads\/WhatsApp-Image-2023-09-10-at-00.19.44-e1694360493421.jpeg?fit=916%2C892&ssl=1&resize=350%2C200","width":350,"height":200,"srcset":"https:\/\/i0.wp.com\/larevistadigital.com.ar\/blog\/wp-content\/uploads\/WhatsApp-Image-2023-09-10-at-00.19.44-e1694360493421.jpeg?fit=916%2C892&ssl=1&resize=350%2C200 1x, https:\/\/i0.wp.com\/larevistadigital.com.ar\/blog\/wp-content\/uploads\/WhatsApp-Image-2023-09-10-at-00.19.44-e1694360493421.jpeg?fit=916%2C892&ssl=1&resize=525%2C300 1.5x, https:\/\/i0.wp.com\/larevistadigital.com.ar\/blog\/wp-content\/uploads\/WhatsApp-Image-2023-09-10-at-00.19.44-e1694360493421.jpeg?fit=916%2C892&ssl=1&resize=700%2C400 2x"},"classes":[]},{"id":40653,"url":"https:\/\/larevistadigital.com.ar\/blog\/chascomus-allanamiento-y-detencion-de-una-pareja-por-robo\/","url_meta":{"origin":37790,"position":3},"title":"Chascom\u00fas: Allanamiento y detenci\u00f3n de una pareja por robo","author":"Alejandro Sosa Ruda","date":"29 julio, 2025","format":false,"excerpt":"Tras una r\u00e1pida investigaci\u00f3n, lograron recuperar una moto, garrafas y televisores. La Justicia ya los tiene bajo su control. 29 de Julio de 2025 CHASCOM\u00daS\u00a0 -\u00a0 \u00a0Una pareja fue detenida en las \u00faltimas horas tras una serie de procedimientos encabezados por personal policial de Chascom\u00fas, que permitieron esclarecer un robo\u2026","rel":"","context":"En \u00abDESTACADAS\u00bb","block_context":{"text":"DESTACADAS","link":"https:\/\/larevistadigital.com.ar\/blog\/category\/destacadas\/"},"img":{"alt_text":"","src":"https:\/\/i0.wp.com\/larevistadigital.com.ar\/blog\/wp-content\/uploads\/POLICIA.png?fit=1002%2C658&ssl=1&resize=350%2C200","width":350,"height":200,"srcset":"https:\/\/i0.wp.com\/larevistadigital.com.ar\/blog\/wp-content\/uploads\/POLICIA.png?fit=1002%2C658&ssl=1&resize=350%2C200 1x, https:\/\/i0.wp.com\/larevistadigital.com.ar\/blog\/wp-content\/uploads\/POLICIA.png?fit=1002%2C658&ssl=1&resize=525%2C300 1.5x, https:\/\/i0.wp.com\/larevistadigital.com.ar\/blog\/wp-content\/uploads\/POLICIA.png?fit=1002%2C658&ssl=1&resize=700%2C400 2x"},"classes":[]},{"id":25066,"url":"https:\/\/larevistadigital.com.ar\/blog\/chascomus-fotos-luego-de-tres-meses-de-trabajo-se-logro-secuestrar-drogas-y-aprehender-a-dos-individuos\/","url_meta":{"origin":37790,"position":4},"title":"CHASCOM\u00daS: [FOTOS) LUEGO DE TRES MESES DE TRABAJO, SE LOGR\u00d3 SECUESTRAR DROGAS, Y APREHENDER A DOS INDIVIDUOS","author":"Alejandro Sosa Ruda","date":"15 abril, 2022","format":false,"excerpt":"Luego de tres meses de trabajo investigativo conjunto, se logr\u00f3 un resultado positivo respecto de un lugar donde se comercializaban drogas il\u00edcitas. CHASCOM\u00daS -\u00a0\u00a0Tres meses de trabajo conjunto y una Secretaria de Seguridad con una f\u00e9rrea decisi\u00f3n pol\u00edtica de llevar tranquilidad a los vecinos, y solucionar un problema que sin\u2026","rel":"","context":"En \u00abDESTACADAS\u00bb","block_context":{"text":"DESTACADAS","link":"https:\/\/larevistadigital.com.ar\/blog\/category\/destacadas\/"},"img":{"alt_text":"","src":"https:\/\/i0.wp.com\/larevistadigital.com.ar\/blog\/wp-content\/uploads\/WhatsApp-Image-2022-04-14-at-11.02.26-PM-3.jpeg?fit=1000%2C750&ssl=1&resize=350%2C200","width":350,"height":200,"srcset":"https:\/\/i0.wp.com\/larevistadigital.com.ar\/blog\/wp-content\/uploads\/WhatsApp-Image-2022-04-14-at-11.02.26-PM-3.jpeg?fit=1000%2C750&ssl=1&resize=350%2C200 1x, https:\/\/i0.wp.com\/larevistadigital.com.ar\/blog\/wp-content\/uploads\/WhatsApp-Image-2022-04-14-at-11.02.26-PM-3.jpeg?fit=1000%2C750&ssl=1&resize=525%2C300 1.5x, https:\/\/i0.wp.com\/larevistadigital.com.ar\/blog\/wp-content\/uploads\/WhatsApp-Image-2022-04-14-at-11.02.26-PM-3.jpeg?fit=1000%2C750&ssl=1&resize=700%2C400 2x"},"classes":[]},{"id":31841,"url":"https:\/\/larevistadigital.com.ar\/blog\/chascomus-la-policia-aprehendio-a-un-sujeto-que-robo-elementos-de-la-escuela-2-y-recupero-lo-sustraido\/","url_meta":{"origin":37790,"position":5},"title":"CHASCOM\u00daS: LA POLIC\u00cdA APREHENDI\u00d3 A UN SUJETO QUE ROB\u00d3 ELEMENTOS DE LA ESCUELA 2 Y RECUPER\u00d3 LO SUSTRA\u00cdDO","author":"Alejandro Sosa Ruda","date":"4 junio, 2023","format":false,"excerpt":"Eran 3 de los cuales pudieron detener a uno, tras subir a los techos. Recuperaron lo robado. 4 de Junio de 2023 CHASCOM\u00daS -\u00a0\u00a0 Durante el d\u00eda de ayer, alrededor de las siete horas, personal policial se traslad\u00f3 a la escuela n 2 ubicada en la calle Franklin, dado a\u2026","rel":"","context":"En \u00abDESTACADAS\u00bb","block_context":{"text":"DESTACADAS","link":"https:\/\/larevistadigital.com.ar\/blog\/category\/destacadas\/"},"img":{"alt_text":"","src":"https:\/\/i0.wp.com\/larevistadigital.com.ar\/blog\/wp-content\/uploads\/WhatsApp-Image-2023-06-03-at-19.31.06-1.jpeg?fit=898%2C1200&ssl=1&resize=350%2C200","width":350,"height":200,"srcset":"https:\/\/i0.wp.com\/larevistadigital.com.ar\/blog\/wp-content\/uploads\/WhatsApp-Image-2023-06-03-at-19.31.06-1.jpeg?fit=898%2C1200&ssl=1&resize=350%2C200 1x, https:\/\/i0.wp.com\/larevistadigital.com.ar\/blog\/wp-content\/uploads\/WhatsApp-Image-2023-06-03-at-19.31.06-1.jpeg?fit=898%2C1200&ssl=1&resize=525%2C300 1.5x, https:\/\/i0.wp.com\/larevistadigital.com.ar\/blog\/wp-content\/uploads\/WhatsApp-Image-2023-06-03-at-19.31.06-1.jpeg?fit=898%2C1200&ssl=1&resize=700%2C400 2x"},"classes":[]}],"_links":{"self":[{"href":"https:\/\/larevistadigital.com.ar\/blog\/wp-json\/wp\/v2\/posts\/37790","targetHints":{"allow":["GET"]}}],"collection":[{"href":"https:\/\/larevistadigital.com.ar\/blog\/wp-json\/wp\/v2\/posts"}],"about":[{"href":"https:\/\/larevistadigital.com.ar\/blog\/wp-json\/wp\/v2\/types\/post"}],"author":[{"embeddable":true,"href":"https:\/\/larevistadigital.com.ar\/blog\/wp-json\/wp\/v2\/users\/3"}],"replies":[{"embeddable":true,"href":"https:\/\/larevistadigital.com.ar\/blog\/wp-json\/wp\/v2\/comments?post=37790"}],"version-history":[{"count":1,"href":"https:\/\/larevistadigital.com.ar\/blog\/wp-json\/wp\/v2\/posts\/37790\/revisions"}],"predecessor-version":[{"id":37791,"href":"https:\/\/larevistadigital.com.ar\/blog\/wp-json\/wp\/v2\/posts\/37790\/revisions\/37791"}],"wp:featuredmedia":[{"embeddable":true,"href":"https:\/\/larevistadigital.com.ar\/blog\/wp-json\/wp\/v2\/media\/15712"}],"wp:attachment":[{"href":"https:\/\/larevistadigital.com.ar\/blog\/wp-json\/wp\/v2\/media?parent=37790"}],"wp:term":[{"taxonomy":"category","embeddable":true,"href":"https:\/\/larevistadigital.com.ar\/blog\/wp-json\/wp\/v2\/categories?post=37790"},{"taxonomy":"post_tag","embeddable":true,"href":"https:\/\/larevistadigital.com.ar\/blog\/wp-json\/wp\/v2\/tags?post=37790"}],"curies":[{"name":"wp","href":"https:\/\/api.w.org\/{rel}","templated":true}]}}