{"id":37793,"date":"2024-11-08T20:25:24","date_gmt":"2024-11-08T23:25:24","guid":{"rendered":"https:\/\/larevistadigital.com.ar\/blog\/?p=37793"},"modified":"2024-11-20T23:45:25","modified_gmt":"2024-11-21T02:45:25","slug":"chascomus-seguridad-lacustre-debio-rescatar-a-una-persona-que-tras-perder-el-equilibrio-cayo-al-agua-frente-al-howard-johnson","status":"publish","type":"post","link":"https:\/\/larevistadigital.com.ar\/blog\/chascomus-seguridad-lacustre-debio-rescatar-a-una-persona-que-tras-perder-el-equilibrio-cayo-al-agua-frente-al-howard-johnson\/","title":{"rendered":"Chascom\u00fas: Seguridad Lacustre debi\u00f3 rescatar a una persona que tras perder el equilibrio cay\u00f3 al agua frente al Howard Johnson"},"content":{"rendered":"<h2>Se trat\u00f3 de un hombre que fue internado porque trag\u00f3 agua.<\/h2>\n<p>8 de Noviembre de 2024<\/p>\n<p><strong>CHASCOM\u00daS &#8211;<\/strong>\u00a0 El Subcomisario <strong>Gerardo Ferreyra<\/strong> en di\u00e1logo con <strong>Alejandro \u201cEl Tano\u201d Sosa<\/strong> durante el programa \u201cAtaque de Radio\u201d que se emite por la FM 102.7 cont\u00f3 una situaci\u00f3n ocurrida el d\u00eda jueves donde una persona termin\u00f3 hospitalizada.<\/p>\n<p><strong>Ferreyra<\/strong>, narr\u00f3 que en la costanera, aproximadamente frente al Hotel Howard Jhonson, una persona que se encontraba bajo los efectos del alcohol, perdi\u00f3 estabilidad y cay\u00f3 al agua, por lo que debi\u00f3 ser rescatado.<\/p>\n<p>El rescate fue llevado a cabo por personal de Seguridad Lacustre y el hombre fue trasladado al Hospital Municipal San Vicente de Paul para su mejor atenci\u00f3n, porque adem\u00e1s el hombre hab\u00eda ingerido agua y en horas de la noche, sufri\u00f3 un paro card\u00edaco, del que pudo salir, gracias a la atenci\u00f3n de los profesionales m\u00e9dicos.<\/p>\n","protected":false},"excerpt":{"rendered":"<div class=\"mh-excerpt\"><p>Se trat\u00f3 de un hombre que fue internado porque trag\u00f3 agua. 8 de Noviembre de 2024 CHASCOM\u00daS &#8211;\u00a0 El Subcomisario Gerardo Ferreyra en di\u00e1logo con Alejandro \u201cEl Tano\u201d Sosa durante el programa \u201cAtaque de Radio\u201d <a class=\"mh-excerpt-more\" href=\"https:\/\/larevistadigital.com.ar\/blog\/chascomus-seguridad-lacustre-debio-rescatar-a-una-persona-que-tras-perder-el-equilibrio-cayo-al-agua-frente-al-howard-johnson\/\" title=\"Chascom\u00fas: Seguridad Lacustre debi\u00f3 rescatar a una persona que tras perder el equilibrio cay\u00f3 al agua frente al Howard Johnson\">[Leer M\u00e1s]<\/a><\/p>\n<\/div>","protected":false},"author":3,"featured_media":12370,"comment_status":"open","ping_status":"open","sticky":false,"template":"","format":"standard","meta":{"_jetpack_memberships_contains_paid_content":false,"footnotes":"","jetpack_publicize_message":"","jetpack_publicize_feature_enabled":true,"jetpack_social_post_already_shared":true,"jetpack_social_options":{"image_generator_settings":{"template":"highway","default_image_id":0,"font":"","enabled":false},"version":2}},"categories":[1],"tags":[],"class_list":{"0":"post-37793","1":"post","2":"type-post","3":"status-publish","4":"format-standard","5":"has-post-thumbnail","7":"category-sin-categoria"},"jetpack_publicize_connections":[],"jetpack_featured_media_url":"https:\/\/i0.wp.com\/larevistadigital.com.ar\/blog\/wp-content\/uploads\/Policia-Local-Dolores-678x381.jpg?fit=678%2C381&ssl=1","jetpack_sharing_enabled":true,"jetpack_shortlink":"https:\/\/wp.me\/p8qtrQ-9Pz","jetpack-related-posts":[{"id":37955,"url":"https:\/\/larevistadigital.com.ar\/blog\/informan-que-fallecio-la-persona-que-habia-caido-al-agua-frente-al-hotel-howard-johnson\/","url_meta":{"origin":37793,"position":0},"title":"Chascom\u00fas: Informan que falleci\u00f3 la persona que hab\u00eda ca\u00eddo al agua frente al hotel Howard Johnson","author":"Alejandro Sosa Ruda","date":"23 noviembre, 2024","format":false,"excerpt":"Hab\u00eda sido socorrido d\u00edas atr\u00e1s y se encontraba internado en el Hospital Municipal. 23 de Noviembre de 2024 CHASCOM\u00daS -\u00a0\u00a0La Polic\u00eda Comunal, inform\u00f3 el fallecimiento de una persona de sexo masculino, que hace unos d\u00edas fue rescatada frente al Hotel Howard Johnson, en ocasi\u00f3n que hab\u00eda ca\u00eddo a la laguna\u2026","rel":"","context":"En \u00abINTERES GENERAL\u00bb","block_context":{"text":"INTERES GENERAL","link":"https:\/\/larevistadigital.com.ar\/blog\/category\/interes-general\/"},"img":{"alt_text":"","src":"https:\/\/i0.wp.com\/larevistadigital.com.ar\/blog\/wp-content\/uploads\/HOSPITAL-DE-CHASCOMUS-1.jpg?fit=1200%2C675&ssl=1&resize=350%2C200","width":350,"height":200,"srcset":"https:\/\/i0.wp.com\/larevistadigital.com.ar\/blog\/wp-content\/uploads\/HOSPITAL-DE-CHASCOMUS-1.jpg?fit=1200%2C675&ssl=1&resize=350%2C200 1x, https:\/\/i0.wp.com\/larevistadigital.com.ar\/blog\/wp-content\/uploads\/HOSPITAL-DE-CHASCOMUS-1.jpg?fit=1200%2C675&ssl=1&resize=525%2C300 1.5x, https:\/\/i0.wp.com\/larevistadigital.com.ar\/blog\/wp-content\/uploads\/HOSPITAL-DE-CHASCOMUS-1.jpg?fit=1200%2C675&ssl=1&resize=700%2C400 2x, https:\/\/i0.wp.com\/larevistadigital.com.ar\/blog\/wp-content\/uploads\/HOSPITAL-DE-CHASCOMUS-1.jpg?fit=1200%2C675&ssl=1&resize=1050%2C600 3x"},"classes":[]},{"id":42725,"url":"https:\/\/larevistadigital.com.ar\/blog\/chascomus-laguna-en-nivel-critico-advierten-por-riesgos-y-piden-extremar-cuidados\/","url_meta":{"origin":37793,"position":1},"title":"Chascom\u00fas: Laguna en nivel cr\u00edtico&#8230; advierten por riesgos y piden extremar cuidados","author":"Alejandro Sosa Ruda","date":"3 diciembre, 2025","format":false,"excerpt":"Marcelo Opici, responsable de Seguridad Lacustre, explic\u00f3 en \u201cAtaque de Radio\u201d por qu\u00e9 la laguna est\u00e1 tan alta y qu\u00e9 medidas deben tomar vecinos y turistas. 03 de Diciembre de 2025 CHASCOM\u00daS -\u00a0 \u00a0El notable incremento en el nivel del agua de la laguna de Chascom\u00fas no pas\u00f3 desapercibido en\u2026","rel":"","context":"En \u00abATAQUE DE RADIO\u00bb","block_context":{"text":"ATAQUE DE RADIO","link":"https:\/\/larevistadigital.com.ar\/blog\/category\/ataque-de-radio\/"},"img":{"alt_text":"","src":"https:\/\/i0.wp.com\/larevistadigital.com.ar\/blog\/wp-content\/uploads\/Captura-de-pantalla-2025-12-03-204055.jpg?fit=686%2C379&ssl=1&resize=350%2C200","width":350,"height":200,"srcset":"https:\/\/i0.wp.com\/larevistadigital.com.ar\/blog\/wp-content\/uploads\/Captura-de-pantalla-2025-12-03-204055.jpg?fit=686%2C379&ssl=1&resize=350%2C200 1x, https:\/\/i0.wp.com\/larevistadigital.com.ar\/blog\/wp-content\/uploads\/Captura-de-pantalla-2025-12-03-204055.jpg?fit=686%2C379&ssl=1&resize=525%2C300 1.5x"},"classes":[]},{"id":3501,"url":"https:\/\/larevistadigital.com.ar\/blog\/chascomus-hombre-fallecio-ahogado-luego-tropezar-golpearse-la-cabeza\/","url_meta":{"origin":37793,"position":2},"title":"CHASCOM\u00daS: UN HOMBRE FALLECI\u00d3 AHOGADO LUEGO DE TROPEZAR Y GOLPEARSE LA CABEZA","author":"Alejandro Sosa Ruda","date":"17 octubre, 2017","format":false,"excerpt":"Lamentablemente, un hombre de 58 a\u00f1os de edad, llamado Mario Manuel V\u00e1zquez, oriundo de la localidad de Adrogu\u00e9, partido de Almirante Brown, falleci\u00f3 en la laguna, por ahogamiento, luego de haber tropezado y sufrido un golpe en su cabeza que le habr\u00eda provocado la p\u00e9rdida del conocimiento. El infausto suceso,\u2026","rel":"","context":"En \u00abCHASCOM\u00daS\u00bb","block_context":{"text":"CHASCOM\u00daS","link":"https:\/\/larevistadigital.com.ar\/blog\/category\/chascomus\/"},"img":{"alt_text":"","src":"","width":0,"height":0},"classes":[]},{"id":43722,"url":"https:\/\/larevistadigital.com.ar\/blog\/chascomus-el-equipo-municipal-de-guardavidas-intervino-en-un-rescate-durante-el-fin-de-semana-en-la-laguna\/","url_meta":{"origin":37793,"position":3},"title":"Chascom\u00fas: El equipo municipal de guardavidas intervino en un rescate durante el fin de semana en la laguna","author":"Alejandro Sosa Ruda","date":"2 febrero, 2026","format":false,"excerpt":"La situaci\u00f3n ocurri\u00f3 el s\u00e1bado por la ma\u00f1ana, antes del inicio del horario del servicio. Adem\u00e1s, se registraron m\u00faltiples intervenciones preventivas por actividades n\u00e1uticas no autorizadas. 02 de febrero de 2026 CHASCOM\u00daS -\u00a0 \u00a0El equipo municipal de Guardavidas y Seguridad Lacustre desarroll\u00f3 una intensa actividad durante el \u00faltimo fin de\u2026","rel":"","context":"En \u00abDESTACADAS\u00bb","block_context":{"text":"DESTACADAS","link":"https:\/\/larevistadigital.com.ar\/blog\/category\/destacadas\/"},"img":{"alt_text":"","src":"https:\/\/i0.wp.com\/larevistadigital.com.ar\/blog\/wp-content\/uploads\/6980d5de60be7.png?fit=668%2C445&ssl=1&resize=350%2C200","width":350,"height":200,"srcset":"https:\/\/i0.wp.com\/larevistadigital.com.ar\/blog\/wp-content\/uploads\/6980d5de60be7.png?fit=668%2C445&ssl=1&resize=350%2C200 1x, https:\/\/i0.wp.com\/larevistadigital.com.ar\/blog\/wp-content\/uploads\/6980d5de60be7.png?fit=668%2C445&ssl=1&resize=525%2C300 1.5x"},"classes":[]},{"id":44116,"url":"https:\/\/larevistadigital.com.ar\/blog\/galeria-de-fotos-insolito-accidente-en-la-laguna-de-chascomus-cayo-una-lancha-voladora-y-debieron-rescatar-al-conductor\/","url_meta":{"origin":37793,"position":4},"title":"[Galer\u00eda de Fotos] Ins\u00f3lito accidente en la laguna de Chascom\u00fas: cay\u00f3 una \u201clancha voladora\u201d y debieron rescatar al conductor","author":"Alejandro Sosa Ruda","date":"22 febrero, 2026","format":false,"excerpt":"El hecho ocurri\u00f3 pasado el mediod\u00eda en el sector de Parque Girado. El veh\u00edculo qued\u00f3 con el casco partido y las alas destrozadas. El conductor, un turista de CABA, fue rescatado sin lesiones. 22 de febrero de 2026 CHASCOM\u00daS\u00a0 -\u00a0 \u00a0 Este 22 de febrero, alrededor de las 13:10, desde\u2026","rel":"","context":"En \u00abDESTACADAS\u00bb","block_context":{"text":"DESTACADAS","link":"https:\/\/larevistadigital.com.ar\/blog\/category\/destacadas\/"},"img":{"alt_text":"","src":"https:\/\/i0.wp.com\/larevistadigital.com.ar\/blog\/wp-content\/uploads\/rescate-0.jpg?fit=961%2C650&ssl=1&resize=350%2C200","width":350,"height":200,"srcset":"https:\/\/i0.wp.com\/larevistadigital.com.ar\/blog\/wp-content\/uploads\/rescate-0.jpg?fit=961%2C650&ssl=1&resize=350%2C200 1x, https:\/\/i0.wp.com\/larevistadigital.com.ar\/blog\/wp-content\/uploads\/rescate-0.jpg?fit=961%2C650&ssl=1&resize=525%2C300 1.5x, https:\/\/i0.wp.com\/larevistadigital.com.ar\/blog\/wp-content\/uploads\/rescate-0.jpg?fit=961%2C650&ssl=1&resize=700%2C400 2x"},"classes":[]},{"id":7945,"url":"https:\/\/larevistadigital.com.ar\/blog\/chascomus-encuentran-persona-ahogada-en-la-laguna\/","url_meta":{"origin":37793,"position":5},"title":"CHASCOMUS: ENCUENTRAN PERSONA AHOGADA EN LA LAGUNA","author":"Alejandro Sosa Ruda","date":"25 enero, 2019","format":false,"excerpt":"Hace aproximadamente una hora en su perfil de la red social Fecebook, el vecino Miguel Angel Tocci dio a conocer una situaci\u00f3n que le toc\u00f3 vivir, cuando seg\u00fan narr\u00f3 \"finaliz\u00e1bamos junto a Oscar Berrueta y Gabriel Grimaldi de hacer 3000 mts. de fondo, y\u00a0una moto de agua se acerca a\u2026","rel":"","context":"En \u00abCHASCOM\u00daS\u00bb","block_context":{"text":"CHASCOM\u00daS","link":"https:\/\/larevistadigital.com.ar\/blog\/category\/chascomus\/"},"img":{"alt_text":"","src":"https:\/\/i0.wp.com\/larevistadigital.com.ar\/blog\/wp-content\/uploads\/2019\/01\/50398067_2308129095899072_931611971671818240_n.jpg?fit=960%2C566&ssl=1&resize=350%2C200","width":350,"height":200,"srcset":"https:\/\/i0.wp.com\/larevistadigital.com.ar\/blog\/wp-content\/uploads\/2019\/01\/50398067_2308129095899072_931611971671818240_n.jpg?fit=960%2C566&ssl=1&resize=350%2C200 1x, https:\/\/i0.wp.com\/larevistadigital.com.ar\/blog\/wp-content\/uploads\/2019\/01\/50398067_2308129095899072_931611971671818240_n.jpg?fit=960%2C566&ssl=1&resize=525%2C300 1.5x, https:\/\/i0.wp.com\/larevistadigital.com.ar\/blog\/wp-content\/uploads\/2019\/01\/50398067_2308129095899072_931611971671818240_n.jpg?fit=960%2C566&ssl=1&resize=700%2C400 2x"},"classes":[]}],"_links":{"self":[{"href":"https:\/\/larevistadigital.com.ar\/blog\/wp-json\/wp\/v2\/posts\/37793","targetHints":{"allow":["GET"]}}],"collection":[{"href":"https:\/\/larevistadigital.com.ar\/blog\/wp-json\/wp\/v2\/posts"}],"about":[{"href":"https:\/\/larevistadigital.com.ar\/blog\/wp-json\/wp\/v2\/types\/post"}],"author":[{"embeddable":true,"href":"https:\/\/larevistadigital.com.ar\/blog\/wp-json\/wp\/v2\/users\/3"}],"replies":[{"embeddable":true,"href":"https:\/\/larevistadigital.com.ar\/blog\/wp-json\/wp\/v2\/comments?post=37793"}],"version-history":[{"count":1,"href":"https:\/\/larevistadigital.com.ar\/blog\/wp-json\/wp\/v2\/posts\/37793\/revisions"}],"predecessor-version":[{"id":37794,"href":"https:\/\/larevistadigital.com.ar\/blog\/wp-json\/wp\/v2\/posts\/37793\/revisions\/37794"}],"wp:featuredmedia":[{"embeddable":true,"href":"https:\/\/larevistadigital.com.ar\/blog\/wp-json\/wp\/v2\/media\/12370"}],"wp:attachment":[{"href":"https:\/\/larevistadigital.com.ar\/blog\/wp-json\/wp\/v2\/media?parent=37793"}],"wp:term":[{"taxonomy":"category","embeddable":true,"href":"https:\/\/larevistadigital.com.ar\/blog\/wp-json\/wp\/v2\/categories?post=37793"},{"taxonomy":"post_tag","embeddable":true,"href":"https:\/\/larevistadigital.com.ar\/blog\/wp-json\/wp\/v2\/tags?post=37793"}],"curies":[{"name":"wp","href":"https:\/\/api.w.org\/{rel}","templated":true}]}}