{"id":37802,"date":"2024-11-09T13:25:50","date_gmt":"2024-11-09T16:25:50","guid":{"rendered":"https:\/\/larevistadigital.com.ar\/blog\/?p=37802"},"modified":"2024-11-20T23:45:18","modified_gmt":"2024-11-21T02:45:18","slug":"bordalecou-sobre-la-oferta-por-el-edificio-del-turista-tiene-su-lado-atractivo-pero-hay-partes-que-no-cierran-al-conjunto-de-concejales","status":"publish","type":"post","link":"https:\/\/larevistadigital.com.ar\/blog\/bordalecou-sobre-la-oferta-por-el-edificio-del-turista-tiene-su-lado-atractivo-pero-hay-partes-que-no-cierran-al-conjunto-de-concejales\/","title":{"rendered":"Bordalecou sobre la oferta por el edificio del turista: \u00abtiene su lado atractivo, pero hay partes que no cierran al conjunto de concejales\u00bb"},"content":{"rendered":"<h2>El concejal se mostr\u00f3 optimista respecto de la posibilidad de concordar y preparar una propuesta de la totalidad de los bloques del Concejo.<\/h2>\n<p>8 de Noviembre de 2024<\/p>\n<p><strong>CHASCOM\u00daS &#8211;<\/strong>\u00a0 El concejal de Unidad por Chascom\u00fas, <strong>Leandro Bordalecou<\/strong>, mantuvo una entrevista con <strong>Alejandro \u00abEl Tano\u00bb Sosa<\/strong>, durante el programa <strong>\u00abAtaque de Radio\u00bb<\/strong> que se emite en simult\u00e1neo por la <strong>FM 102.7 y por streeming de You Tube, en el canal de @radiopowerch de 10 a 13 hs.<\/strong><\/p>\n<p>En la nota, el edil mencion\u00f3 que respecto de la propuesta que la firma GyC elev\u00f3 al ejecutivo para la explotaci\u00f3n del Edificio del Turista, los concejales en su totalidad est\u00e1n trabajando \u00abcodo a codo\u00bb y realizar\u00e1n un plenario el d\u00eda l\u00fanes pr\u00f3ximo, y que conf\u00eda que se llegar\u00e1 a un punto de acuerdo entre todos, de manera un\u00e1nime para hacer una \u00abcontraoferta\u00bb a la firma mencionada. <strong><em>\u00abCreo que todos, estamos trabajando obtener la mejor soluci\u00f3n para los vecinos de chascom\u00fas\u00bb<\/em><\/strong>, afirm\u00f3.<\/p>\n<p>Dijo que la propuesta tiene su lado atractivo, por la puesta en valor significativa del lugar, con una fuerte inversi\u00f3n, pero que hay parte de la propuesta empresaria en referencia a los plazos, el no pago de canon y el uso de parte de espacio p\u00fablico para hacer un estacionamiento que no cierran al conjunto de concejales, pero que tratar\u00e1n de acordar entre todos los bloques una propuesta para hac\u00e9rla llegar a los posibles inversores.<\/p>\n<blockquote>\n<h3>Bordalecou, asegur\u00f3 que <em>\u00abpor m\u00e1s que podamos tener distintas opiniones, distintas visiones, ac\u00e1 se trabaja desde la buena fe y desde el intento de buscar y constru\u00edr concensos\u00bb.<\/em><\/h3>\n<\/blockquote>\n<p>Agreg\u00f3 que los pro y los contras, si le pregunt\u00e1s a cualquiera de los concejales te va a decir lo mismo, luego, <em><strong>\u00abhay cuestiones de la oferta que nos parece que deber\u00edan ser de otra manera\u00bb<\/strong><\/em>, exclam\u00f3, asegurando que en eso est\u00e1n todos de acuerdo, pero apostando al concenso y resaltando que <strong><em>\u00abnos parece muy importante que tengamos la posibilidad de definir este tema lo m\u00e1s r\u00e1pido posible\u00bb.<\/em><\/strong><\/p>\n<blockquote>\n<h3>Mencion\u00f3 que el a\u00f1o 2024 fue p\u00e9simo en materia econ\u00f3mica y que esto afect\u00f3 seriamente a la actividad tur\u00edstica, donde la enorme ca\u00edda del consumo afect\u00f3 a toda la sociedad, pero principalmente al turismo por lo que asegur\u00f3<strong><em> \u00abesperemos que esta temporada nos permita reactivar la actividad tur\u00edstica de Chascom\u00fas\u00bb<\/em><\/strong>.<\/h3>\n<\/blockquote>\n<p>Para terminar, <strong>Bordalecou<\/strong> dijo que <strong><em>\u00abTenemos que llegar a un equilibrio, y si no lo conseguimos, deberemos explorar otras opciones\u00bb<\/em><\/strong>.<\/p>\n","protected":false},"excerpt":{"rendered":"<div class=\"mh-excerpt\"><p>El concejal se mostr\u00f3 optimista respecto de la posibilidad de concordar y preparar una propuesta de la totalidad de los bloques del Concejo. 8 de Noviembre de 2024 CHASCOM\u00daS &#8211;\u00a0 El concejal de Unidad por <a class=\"mh-excerpt-more\" href=\"https:\/\/larevistadigital.com.ar\/blog\/bordalecou-sobre-la-oferta-por-el-edificio-del-turista-tiene-su-lado-atractivo-pero-hay-partes-que-no-cierran-al-conjunto-de-concejales\/\" title=\"Bordalecou sobre la oferta por el edificio del turista: \u00abtiene su lado atractivo, pero hay partes que no cierran al conjunto de concejales\u00bb\">[Leer M\u00e1s]<\/a><\/p>\n<\/div>","protected":false},"author":3,"featured_media":37796,"comment_status":"open","ping_status":"open","sticky":false,"template":"","format":"standard","meta":{"_jetpack_memberships_contains_paid_content":false,"footnotes":"","jetpack_publicize_message":"","jetpack_publicize_feature_enabled":true,"jetpack_social_post_already_shared":true,"jetpack_social_options":{"image_generator_settings":{"template":"highway","default_image_id":0,"font":"","enabled":false},"version":2}},"categories":[247,50,23],"tags":[],"class_list":{"0":"post-37802","1":"post","2":"type-post","3":"status-publish","4":"format-standard","5":"has-post-thumbnail","7":"category-ataque-de-radio","8":"category-interes-general","9":"category-politica-local"},"jetpack_publicize_connections":[],"jetpack_featured_media_url":"https:\/\/i0.wp.com\/larevistadigital.com.ar\/blog\/wp-content\/uploads\/2-3.png?fit=937%2C530&ssl=1","jetpack_sharing_enabled":true,"jetpack_shortlink":"https:\/\/wp.me\/p8qtrQ-9PI","jetpack-related-posts":[{"id":39348,"url":"https:\/\/larevistadigital.com.ar\/blog\/leandro-bordalecou-lo-del-ed-del-turista-fue-una-operacion-politica-y-la-empresa-que-protesta-la-adjudicacion-del-edificio-del-turista-no-podia-participar\/","url_meta":{"origin":37802,"position":0},"title":"Leandro Bordalecou: \u00abLo del Ed. del Turista fue una operaci\u00f3n pol\u00edtica\u00bb y \u00abla empresa que protesta la adjudicaci\u00f3n del Edificio del Turista no pod\u00eda participar\u00bb","author":"Alejandro Sosa Ruda","date":"9 abril, 2025","format":false,"excerpt":"El concejal oficialista defendi\u00f3 el accionar del Ejecutivo, asegur\u00f3 que la firma denunciante no cumple con los requisitos legales y denunci\u00f3 una operaci\u00f3n pol\u00edtica para frenar la concesi\u00f3n. 09 de Abril de 2025 CHASCOM\u00daS -\u00a0 El concejal oficialista y presidente de Unidad por Chascom\u00fas, Leandro Bordalecou, \u200b\u200bse refiri\u00f3 a la\u2026","rel":"","context":"En \u00abCHASCOM\u00daS\u00bb","block_context":{"text":"CHASCOM\u00daS","link":"https:\/\/larevistadigital.com.ar\/blog\/category\/chascomus\/"},"img":{"alt_text":"","src":"https:\/\/i0.wp.com\/larevistadigital.com.ar\/blog\/wp-content\/uploads\/Leandro-Bordalecou-1-e1744227121158.jpg?fit=739%2C479&ssl=1&resize=350%2C200","width":350,"height":200,"srcset":"https:\/\/i0.wp.com\/larevistadigital.com.ar\/blog\/wp-content\/uploads\/Leandro-Bordalecou-1-e1744227121158.jpg?fit=739%2C479&ssl=1&resize=350%2C200 1x, https:\/\/i0.wp.com\/larevistadigital.com.ar\/blog\/wp-content\/uploads\/Leandro-Bordalecou-1-e1744227121158.jpg?fit=739%2C479&ssl=1&resize=525%2C300 1.5x, https:\/\/i0.wp.com\/larevistadigital.com.ar\/blog\/wp-content\/uploads\/Leandro-Bordalecou-1-e1744227121158.jpg?fit=739%2C479&ssl=1&resize=700%2C400 2x"},"classes":[]},{"id":36991,"url":"https:\/\/larevistadigital.com.ar\/blog\/el-concejal-leandro-bordalecou-asumira-como-intendente-interino\/","url_meta":{"origin":37802,"position":1},"title":"EL CONCEJAL LEANDRO BORDALECOU, ASUMIR\u00c1 COMO INTENDENTE INTERINO","author":"Alejandro Sosa Ruda","date":"18 agosto, 2024","format":false,"excerpt":"El intendente Javier Gast\u00f3n har\u00e1 uso de una licencia en su cargo, desde el domingo 18 hasta el s\u00e1bado 31 de agosto inclusive. 18 de Agosto de 2024 CHASCOM\u00daS -\u00a0 Durante su ausencia, asumir\u00e1 el cargo de forma interina, el concejal Leandro Bordalecou, quien ocup\u00f3 el primer lugar en la\u2026","rel":"","context":"En \u00abCHASCOM\u00daS\u00bb","block_context":{"text":"CHASCOM\u00daS","link":"https:\/\/larevistadigital.com.ar\/blog\/category\/chascomus\/"},"img":{"alt_text":"","src":"https:\/\/i0.wp.com\/larevistadigital.com.ar\/blog\/wp-content\/uploads\/66bf8ca259d48.png?fit=668%2C445&ssl=1&resize=350%2C200","width":350,"height":200,"srcset":"https:\/\/i0.wp.com\/larevistadigital.com.ar\/blog\/wp-content\/uploads\/66bf8ca259d48.png?fit=668%2C445&ssl=1&resize=350%2C200 1x, https:\/\/i0.wp.com\/larevistadigital.com.ar\/blog\/wp-content\/uploads\/66bf8ca259d48.png?fit=668%2C445&ssl=1&resize=525%2C300 1.5x"},"classes":[]},{"id":38195,"url":"https:\/\/larevistadigital.com.ar\/blog\/jorge-macchi-cuestiona-la-cesion-del-edificio-del-turista-no-hay-seguridad-juridica\/","url_meta":{"origin":37802,"position":2},"title":"Jorge Macchi cuestiona la cesi\u00f3n del \u00abEdificio del Turista\u00bb: \u00abNo hay seguridad jur\u00eddica\u00bb","author":"Alejandro Sosa Ruda","date":"11 diciembre, 2024","format":false,"excerpt":"Dijo que hay una ordenanza vigente que si se aplica, no es necesario ceder el lugar a nadie, y que el tema es \"algo oscuro\". 11 de Diciembre de 2024 CHASCOM\u00daS -\u00a0 En una contundente entrevista realizada durante el programa \u201cAtaque de Radio\u201d , que se emite simult\u00e1neamente por FM\u2026","rel":"","context":"En \u00abATAQUE DE RADIO\u00bb","block_context":{"text":"ATAQUE DE RADIO","link":"https:\/\/larevistadigital.com.ar\/blog\/category\/ataque-de-radio\/"},"img":{"alt_text":"","src":"https:\/\/i0.wp.com\/larevistadigital.com.ar\/blog\/wp-content\/uploads\/1-4.png?fit=680%2C367&ssl=1&resize=350%2C200","width":350,"height":200,"srcset":"https:\/\/i0.wp.com\/larevistadigital.com.ar\/blog\/wp-content\/uploads\/1-4.png?fit=680%2C367&ssl=1&resize=350%2C200 1x, https:\/\/i0.wp.com\/larevistadigital.com.ar\/blog\/wp-content\/uploads\/1-4.png?fit=680%2C367&ssl=1&resize=525%2C300 1.5x"},"classes":[]},{"id":40871,"url":"https:\/\/larevistadigital.com.ar\/blog\/se-concreto-la-concesion-del-edificio-del-turista\/","url_meta":{"origin":37802,"position":3},"title":"Se concret\u00f3 la concesi\u00f3n del Edificio del Turista","author":"Alejandro Sosa Ruda","date":"13 agosto, 2025","format":false,"excerpt":"El lugar se llamar\u00e1 ahora \u201cCentro Cultural y Comercial Malvinas Argentinas\u201d. 13 de Agosto de 2025 CHASCOM\u00daS -\u00a0 \u00a0El intendente Javier Gast\u00f3n formaliz\u00f3 la concesi\u00f3n del Edificio del Turista, que a partir de ahora llevar\u00e1 el nombre de \u201cCentro Cultural y Comercial Malvinas Argentinas\u201d. La adjudicaci\u00f3n, que tendr\u00e1 una extensi\u00f3n\u2026","rel":"","context":"En \u00abINTERES GENERAL\u00bb","block_context":{"text":"INTERES GENERAL","link":"https:\/\/larevistadigital.com.ar\/blog\/category\/interes-general\/"},"img":{"alt_text":"","src":"https:\/\/i0.wp.com\/larevistadigital.com.ar\/blog\/wp-content\/uploads\/689b82beaafc4.png?fit=668%2C445&ssl=1&resize=350%2C200","width":350,"height":200,"srcset":"https:\/\/i0.wp.com\/larevistadigital.com.ar\/blog\/wp-content\/uploads\/689b82beaafc4.png?fit=668%2C445&ssl=1&resize=350%2C200 1x, https:\/\/i0.wp.com\/larevistadigital.com.ar\/blog\/wp-content\/uploads\/689b82beaafc4.png?fit=668%2C445&ssl=1&resize=525%2C300 1.5x"},"classes":[]},{"id":38584,"url":"https:\/\/larevistadigital.com.ar\/blog\/leandro-bordalecou-hay-concejales-que-se-nutren-de-pasto-mojado-porque-solo-generan-humo\/","url_meta":{"origin":37802,"position":4},"title":"Leandro Bordalecou: \u00abHay concejales que se nutren de pasto mojado, porque solo generan humo\u00bb&#8230;","author":"Alejandro Sosa Ruda","date":"1 febrero, 2025","format":false,"excerpt":"Una entrevista picante, donde el edil oficialista, fiel a su estilo, no se call\u00f3 absolutamente nada. 01 de Febrero de 2025 CHASCOM\u00daS -\u00a0 El concejal de Unidad por Chascom\u00fas, Leandro Bordalecou, dialog\u00f3 con\u00a0 Alejandro \u201cEl Tano\u201d Sosa hablando de pol\u00edtica local, y lo que viene para este a\u00f1o electoral. Esto\u2026","rel":"","context":"En \u00abATAQUE DE RADIO\u00bb","block_context":{"text":"ATAQUE DE RADIO","link":"https:\/\/larevistadigital.com.ar\/blog\/category\/ataque-de-radio\/"},"img":{"alt_text":"","src":"https:\/\/i0.wp.com\/larevistadigital.com.ar\/blog\/wp-content\/uploads\/Captura-de-pantalla-2025-02-01-110205.jpg?fit=1154%2C524&ssl=1&resize=350%2C200","width":350,"height":200,"srcset":"https:\/\/i0.wp.com\/larevistadigital.com.ar\/blog\/wp-content\/uploads\/Captura-de-pantalla-2025-02-01-110205.jpg?fit=1154%2C524&ssl=1&resize=350%2C200 1x, https:\/\/i0.wp.com\/larevistadigital.com.ar\/blog\/wp-content\/uploads\/Captura-de-pantalla-2025-02-01-110205.jpg?fit=1154%2C524&ssl=1&resize=525%2C300 1.5x, https:\/\/i0.wp.com\/larevistadigital.com.ar\/blog\/wp-content\/uploads\/Captura-de-pantalla-2025-02-01-110205.jpg?fit=1154%2C524&ssl=1&resize=700%2C400 2x, https:\/\/i0.wp.com\/larevistadigital.com.ar\/blog\/wp-content\/uploads\/Captura-de-pantalla-2025-02-01-110205.jpg?fit=1154%2C524&ssl=1&resize=1050%2C600 3x"},"classes":[]},{"id":39346,"url":"https:\/\/larevistadigital.com.ar\/blog\/chascomus-denuncia-de-un-empresario-por-el-decreto-que-adjudico-el-edificio-del-turista\/","url_meta":{"origin":37802,"position":5},"title":"Chascom\u00fas: Denuncia de un empresario, por el decreto que adjudic\u00f3 el Edificio del Turista","author":"Alejandro Sosa Ruda","date":"9 abril, 2025","format":false,"excerpt":"Un inversor pidi\u00f3 la intervenci\u00f3n del Concejo Deliberante tras denunciar que el Ejecutivo actu\u00f3 por fuera del marco legal, adjudicando el inmueble sin respetar la ordenanza vigente. 09 de Abril de 2025 CHASCOM\u00daS -\u00a0 La reciente adjudicaci\u00f3n del hist\u00f3rico Edificio del Turista en Chascom\u00fas provoc\u00f3 la reacci\u00f3n de un empresario\u2026","rel":"","context":"En \u00abATAQUE DE RADIO\u00bb","block_context":{"text":"ATAQUE DE RADIO","link":"https:\/\/larevistadigital.com.ar\/blog\/category\/ataque-de-radio\/"},"img":{"alt_text":"","src":"https:\/\/i0.wp.com\/larevistadigital.com.ar\/blog\/wp-content\/uploads\/turista-elfuerte-21deoctubre.png?fit=737%2C415&ssl=1&resize=350%2C200","width":350,"height":200,"srcset":"https:\/\/i0.wp.com\/larevistadigital.com.ar\/blog\/wp-content\/uploads\/turista-elfuerte-21deoctubre.png?fit=737%2C415&ssl=1&resize=350%2C200 1x, https:\/\/i0.wp.com\/larevistadigital.com.ar\/blog\/wp-content\/uploads\/turista-elfuerte-21deoctubre.png?fit=737%2C415&ssl=1&resize=525%2C300 1.5x, https:\/\/i0.wp.com\/larevistadigital.com.ar\/blog\/wp-content\/uploads\/turista-elfuerte-21deoctubre.png?fit=737%2C415&ssl=1&resize=700%2C400 2x"},"classes":[]}],"_links":{"self":[{"href":"https:\/\/larevistadigital.com.ar\/blog\/wp-json\/wp\/v2\/posts\/37802","targetHints":{"allow":["GET"]}}],"collection":[{"href":"https:\/\/larevistadigital.com.ar\/blog\/wp-json\/wp\/v2\/posts"}],"about":[{"href":"https:\/\/larevistadigital.com.ar\/blog\/wp-json\/wp\/v2\/types\/post"}],"author":[{"embeddable":true,"href":"https:\/\/larevistadigital.com.ar\/blog\/wp-json\/wp\/v2\/users\/3"}],"replies":[{"embeddable":true,"href":"https:\/\/larevistadigital.com.ar\/blog\/wp-json\/wp\/v2\/comments?post=37802"}],"version-history":[{"count":1,"href":"https:\/\/larevistadigital.com.ar\/blog\/wp-json\/wp\/v2\/posts\/37802\/revisions"}],"predecessor-version":[{"id":37803,"href":"https:\/\/larevistadigital.com.ar\/blog\/wp-json\/wp\/v2\/posts\/37802\/revisions\/37803"}],"wp:featuredmedia":[{"embeddable":true,"href":"https:\/\/larevistadigital.com.ar\/blog\/wp-json\/wp\/v2\/media\/37796"}],"wp:attachment":[{"href":"https:\/\/larevistadigital.com.ar\/blog\/wp-json\/wp\/v2\/media?parent=37802"}],"wp:term":[{"taxonomy":"category","embeddable":true,"href":"https:\/\/larevistadigital.com.ar\/blog\/wp-json\/wp\/v2\/categories?post=37802"},{"taxonomy":"post_tag","embeddable":true,"href":"https:\/\/larevistadigital.com.ar\/blog\/wp-json\/wp\/v2\/tags?post=37802"}],"curies":[{"name":"wp","href":"https:\/\/api.w.org\/{rel}","templated":true}]}}