{"id":37805,"date":"2024-11-09T14:41:39","date_gmt":"2024-11-09T17:41:39","guid":{"rendered":"https:\/\/larevistadigital.com.ar\/blog\/?p=37805"},"modified":"2024-11-20T23:45:10","modified_gmt":"2024-11-21T02:45:10","slug":"carbap-salio-a-responderle-a-francos-por-la-polemica-de-las-silobolsas","status":"publish","type":"post","link":"https:\/\/larevistadigital.com.ar\/blog\/carbap-salio-a-responderle-a-francos-por-la-polemica-de-las-silobolsas\/","title":{"rendered":"Carbap sali\u00f3 a responderle a Francos por la pol\u00e9mica de las silobolsas"},"content":{"rendered":"<h2 class=\"fparrafo ctext fz18 lh25\">La Confederaci\u00f3n de Asociaciones Rurales de Buenos Aires y La Pampa (CARBAP) respondi\u00f3 a los comentarios del jefe de Gabinete, Guillermo Francos, calific\u00e1ndolos de \u00abinjustos e indebidos\u00bb y reiterando su pedido de reducci\u00f3n en las retenciones.<\/h2>\n<p>9 de Noviembre de 2024<\/p>\n<p><strong>BUENOS AIRES &#8211;\u00a0<\/strong> Las autoridades de CARBAP expresaron su rechazo a las recientes declaraciones de Francos, quien critic\u00f3 a los productores rurales por no haber vendido la cosecha y retenerla en silobolsas.<\/p>\n<p>La entidad se\u00f1al\u00f3 que la afirmaci\u00f3n del jefe de Gabinete, hecha con la aparente complicidad del ministro de Econom\u00eda, al referirse a las silobolsas en los campos, resulta desafortunada y decepcionante, sobre todo viniendo de funcionarios de un gobierno que dice defender la libertad.<\/p>\n<blockquote>\n<h3>En un comunicado titulado \u201cvemos funcionarios que no la ven\u201d, CARBAP describi\u00f3 las declaraciones de Francos como \u00abinjustas e indebidas\u00bb hacia un sector que es uno de los mayores generadores de divisas para el pa\u00eds, especialmente en un octubre que registr\u00f3 el mayor ingreso de divisas desde 2002.<\/h3>\n<\/blockquote>\n<p>Francos y el ministro de Econom\u00eda, <strong>Luis Caputo<\/strong>, hab\u00edan visitado la obra del gasoducto La Carlota-T\u00edo Pujio en C\u00f3rdoba y, en ese contexto, <strong>Francos<\/strong> coment\u00f3: <em><strong>\u201cVimos muchas silobolsas, \u00bfno? Hay quienes a\u00fan no liquidaron, pero no importa, es un detalle\u201d<\/strong><\/em>. Esta observaci\u00f3n gener\u00f3 respuestas de rechazo de parte de CARBAP, que se sum\u00f3 al malestar de otras organizaciones del sector y pidi\u00f3 que se implemente una pol\u00edtica para reducir gradualmente las retenciones hasta eliminarlas.<\/p>\n<blockquote>\n<h3>CARBAP tambi\u00e9n se\u00f1al\u00f3 que, en el contexto de precios internacionales bajos y escasa rentabilidad, la posibilidad de que el sector agr\u00edcola crezca depende de la capacidad de inversi\u00f3n de los productores, que hoy se encuentra limitada.<\/h3>\n<\/blockquote>\n<h3><span style=\"color: #ff0000\"><b>Desmentida<\/b><\/span><\/h3>\n<p>Por otro lado, <strong>Elbio Laucirica<\/strong>, presidente de CONINAGRO, aclar\u00f3 en una entrevista que no es cierto que los productores acumulen m\u00e1s grano del habitual en silobolsas, y explic\u00f3 que la venta se realiza conforme a las necesidades del sector.<\/p>\n<h3><span style=\"color: #ff0000\"><b>Silobolsa: una forma de resguardar valor<\/b><\/span><\/h3>\n<p>Seg\u00fan<strong> Laucirica<\/strong>, <strong><em>\u00abla silobolsa es una forma de resguardar valor; uno no vende si no tiene en qu\u00e9 gastar\u00bb<\/em><\/strong>. Adem\u00e1s, reconoci\u00f3 que, aunque la inflaci\u00f3n ha disminuido, los productores utilizan este sistema como una medida de protecci\u00f3n del valor de sus recursos, concluy\u00f3 el presidente de CONINAGRO.\u00a0<b>(InfoGEI)Ac<\/b><\/p>\n","protected":false},"excerpt":{"rendered":"<div class=\"mh-excerpt\"><p>La Confederaci\u00f3n de Asociaciones Rurales de Buenos Aires y La Pampa (CARBAP) respondi\u00f3 a los comentarios del jefe de Gabinete, Guillermo Francos, calific\u00e1ndolos de \u00abinjustos e indebidos\u00bb y reiterando su pedido de reducci\u00f3n en las <a class=\"mh-excerpt-more\" href=\"https:\/\/larevistadigital.com.ar\/blog\/carbap-salio-a-responderle-a-francos-por-la-polemica-de-las-silobolsas\/\" title=\"Carbap sali\u00f3 a responderle a Francos por la pol\u00e9mica de las silobolsas\">[Leer M\u00e1s]<\/a><\/p>\n<\/div>","protected":false},"author":3,"featured_media":37806,"comment_status":"open","ping_status":"open","sticky":false,"template":"","format":"standard","meta":{"_jetpack_memberships_contains_paid_content":false,"footnotes":"","jetpack_publicize_message":"","jetpack_publicize_feature_enabled":true,"jetpack_social_post_already_shared":true,"jetpack_social_options":{"image_generator_settings":{"template":"highway","default_image_id":0,"font":"","enabled":false},"version":2}},"categories":[50],"tags":[],"class_list":{"0":"post-37805","1":"post","2":"type-post","3":"status-publish","4":"format-standard","5":"has-post-thumbnail","7":"category-interes-general"},"jetpack_publicize_connections":[],"jetpack_featured_media_url":"https:\/\/i0.wp.com\/larevistadigital.com.ar\/blog\/wp-content\/uploads\/20241108162534_carbap-francos-silobolsas-w.jpg?fit=880%2C512&ssl=1","jetpack_sharing_enabled":true,"jetpack_shortlink":"https:\/\/wp.me\/p8qtrQ-9PL","jetpack-related-posts":[{"id":40129,"url":"https:\/\/larevistadigital.com.ar\/blog\/contra-la-motosierra-en-el-inta-carbap-le-pide-al-gobierno-nacional-dialogo-y-respecto-institucional\/","url_meta":{"origin":37805,"position":0},"title":"Contra la \u00abmotosierra\u00bb en el INTA: Carbap le pide al gobierno nacional \u201cdi\u00e1logo y respecto institucional\u201d","author":"Alejandro Sosa Ruda","date":"23 junio, 2025","format":false,"excerpt":"La Confederaci\u00f3n de Asociaciones Rurales de Buenos Aires y La Pampa (CARBAP) manifest\u00f3 su inquietud respecto a los rumores sobre una posible reestructuraci\u00f3n del INTA promovida por el Gobierno Nacional. No se oponen a la modernizaci\u00f3n, pero enfatizan que cualquier modificaci\u00f3n debe realizarse con planificaci\u00f3n estrat\u00e9gica, di\u00e1logo abierto y mirada\u2026","rel":"","context":"En \u00abSin categor\u00eda\u00bb","block_context":{"text":"Sin categor\u00eda","link":"https:\/\/larevistadigital.com.ar\/blog\/category\/sin-categoria\/"},"img":{"alt_text":"","src":"https:\/\/i0.wp.com\/larevistadigital.com.ar\/blog\/wp-content\/uploads\/20250621184720_inta-modernizarse-respeto-institucional.jpg?fit=880%2C512&ssl=1&resize=350%2C200","width":350,"height":200,"srcset":"https:\/\/i0.wp.com\/larevistadigital.com.ar\/blog\/wp-content\/uploads\/20250621184720_inta-modernizarse-respeto-institucional.jpg?fit=880%2C512&ssl=1&resize=350%2C200 1x, https:\/\/i0.wp.com\/larevistadigital.com.ar\/blog\/wp-content\/uploads\/20250621184720_inta-modernizarse-respeto-institucional.jpg?fit=880%2C512&ssl=1&resize=525%2C300 1.5x, https:\/\/i0.wp.com\/larevistadigital.com.ar\/blog\/wp-content\/uploads\/20250621184720_inta-modernizarse-respeto-institucional.jpg?fit=880%2C512&ssl=1&resize=700%2C400 2x"},"classes":[]},{"id":3283,"url":"https:\/\/larevistadigital.com.ar\/blog\/inundaciones-informe-de-carbap-habla-del-alcance-y-sus-consecuencias\/","url_meta":{"origin":37805,"position":1},"title":"INUNDACIONES: INFORME DE CARBAP HABLA DEL ALCANCE Y SUS CONSECUENCIAS","author":"Alejandro Sosa Ruda","date":"11 septiembre, 2017","format":false,"excerpt":"Con partidos como General Villegas, que lleva 15 meses con sus campos inundados, la situaci\u00f3n del campo bonaerense por las inundaciones es calificada como \u201cdesesperante\u201d por un reciente informe sobre el tema elaborado por Carbap (Confederaci\u00f3n de Asociaciones Rurales de Buenos Aires y La Pampa). Se habla de diez millones\u2026","rel":"","context":"En \u00abDESTACADAS\u00bb","block_context":{"text":"DESTACADAS","link":"https:\/\/larevistadigital.com.ar\/blog\/category\/destacadas\/"},"img":{"alt_text":"","src":"https:\/\/i0.wp.com\/larevistadigital.com.ar\/blog\/wp-content\/uploads\/2017\/09\/tambo.jpg?fit=960%2C540&ssl=1&resize=350%2C200","width":350,"height":200,"srcset":"https:\/\/i0.wp.com\/larevistadigital.com.ar\/blog\/wp-content\/uploads\/2017\/09\/tambo.jpg?fit=960%2C540&ssl=1&resize=350%2C200 1x, https:\/\/i0.wp.com\/larevistadigital.com.ar\/blog\/wp-content\/uploads\/2017\/09\/tambo.jpg?fit=960%2C540&ssl=1&resize=525%2C300 1.5x, https:\/\/i0.wp.com\/larevistadigital.com.ar\/blog\/wp-content\/uploads\/2017\/09\/tambo.jpg?fit=960%2C540&ssl=1&resize=700%2C400 2x"},"classes":[]},{"id":42308,"url":"https:\/\/larevistadigital.com.ar\/blog\/empezaron-los-cambios-renuncio-guillermo-francos-y-manuel-adorni-sera-el-nuevo-jefe-de-gabinete\/","url_meta":{"origin":37805,"position":2},"title":"Empezaron los cambios: renunci\u00f3 Guillermo Francos y Manuel Adorni ser\u00e1 el nuevo jefe de Gabinete","author":"Alejandro Sosa Ruda","date":"31 octubre, 2025","format":false,"excerpt":"A casi una semana del triunfo legislativo de La Libertad Avanza, el Gobierno de Javier Milei atraviesa una fuerte reconfiguraci\u00f3n interna. Francos present\u00f3 su renuncia en medio de tensiones con el asesor presidencial Santiago Caputo. Tambi\u00e9n dej\u00f3 su cargo el ministro del Interior, Lisandro Catal\u00e1n. 31 de Octubre de 2025\u2026","rel":"","context":"En \u00abDESTACADAS\u00bb","block_context":{"text":"DESTACADAS","link":"https:\/\/larevistadigital.com.ar\/blog\/category\/destacadas\/"},"img":{"alt_text":"","src":"https:\/\/i0.wp.com\/larevistadigital.com.ar\/blog\/wp-content\/uploads\/Captura-de-pantalla-2025-10-31-215643.jpg?fit=735%2C509&ssl=1&resize=350%2C200","width":350,"height":200,"srcset":"https:\/\/i0.wp.com\/larevistadigital.com.ar\/blog\/wp-content\/uploads\/Captura-de-pantalla-2025-10-31-215643.jpg?fit=735%2C509&ssl=1&resize=350%2C200 1x, https:\/\/i0.wp.com\/larevistadigital.com.ar\/blog\/wp-content\/uploads\/Captura-de-pantalla-2025-10-31-215643.jpg?fit=735%2C509&ssl=1&resize=525%2C300 1.5x, https:\/\/i0.wp.com\/larevistadigital.com.ar\/blog\/wp-content\/uploads\/Captura-de-pantalla-2025-10-31-215643.jpg?fit=735%2C509&ssl=1&resize=700%2C400 2x"},"classes":[]},{"id":41749,"url":"https:\/\/larevistadigital.com.ar\/blog\/productores-bonaerenses-convocan-a-un-tractorazo-en-rechazo-a-la-vuelta-de-las-retenciones\/","url_meta":{"origin":37805,"position":3},"title":"Productores bonaerenses convocan a un \u201ctractorazo\u201d en rechazo a la vuelta de las retenciones","author":"Alejandro Sosa Ruda","date":"3 octubre, 2025","format":false,"excerpt":"La protesta se realizar\u00e1 el s\u00e1bado 4 de octubre en distintos puntos de la provincia. Reclaman por la reinstauraci\u00f3n del tributo, el mal estado de los caminos rurales y la falta de obras p\u00fablicas. 03 de Octubre de 2025 BUENOS AIRES -\u00a0 \u00a0Productores agropecuarios de distintos distritos de la provincia\u2026","rel":"","context":"En \u00abREGIONALES\u00bb","block_context":{"text":"REGIONALES","link":"https:\/\/larevistadigital.com.ar\/blog\/category\/regionales\/"},"img":{"alt_text":"","src":"https:\/\/i0.wp.com\/larevistadigital.com.ar\/blog\/wp-content\/uploads\/Captura-de-pantalla-2025-10-03-170829.jpg?fit=701%2C389&ssl=1&resize=350%2C200","width":350,"height":200,"srcset":"https:\/\/i0.wp.com\/larevistadigital.com.ar\/blog\/wp-content\/uploads\/Captura-de-pantalla-2025-10-03-170829.jpg?fit=701%2C389&ssl=1&resize=350%2C200 1x, https:\/\/i0.wp.com\/larevistadigital.com.ar\/blog\/wp-content\/uploads\/Captura-de-pantalla-2025-10-03-170829.jpg?fit=701%2C389&ssl=1&resize=525%2C300 1.5x, https:\/\/i0.wp.com\/larevistadigital.com.ar\/blog\/wp-content\/uploads\/Captura-de-pantalla-2025-10-03-170829.jpg?fit=701%2C389&ssl=1&resize=700%2C400 2x"},"classes":[]},{"id":25569,"url":"https:\/\/larevistadigital.com.ar\/blog\/pehuajo-declararon-la-emergencia-y-desastre-agropecuario\/","url_meta":{"origin":37805,"position":4},"title":"PEHUAJ\u00d3: DECLARARON LA EMERGENCIA Y DES\u00c1STRE AGROPECUARIO","author":"Alejandro Sosa Ruda","date":"2 junio, 2022","format":false,"excerpt":"Lo confirm\u00f3 el Jefe Comunal del distrito, Pablo Zurro, luego de recibir la informaci\u00f3n desde provincia. La emergencia ser\u00e1 aplicada desde el 1 de abril y el 30 septiembre del 2022. Pehuaj\u00f3 es uno de los distritos m\u00e1s afectados por las inundaciones, seg\u00fan un informe de Carbap. PEHUAJ\u00d3 - La\u2026","rel":"","context":"En \u00abREGIONALES\u00bb","block_context":{"text":"REGIONALES","link":"https:\/\/larevistadigital.com.ar\/blog\/category\/regionales\/"},"img":{"alt_text":"","src":"https:\/\/i0.wp.com\/larevistadigital.com.ar\/blog\/wp-content\/uploads\/20220602084704_inundaciones-pehuajo-emergencia.jpg?fit=880%2C512&ssl=1&resize=350%2C200","width":350,"height":200,"srcset":"https:\/\/i0.wp.com\/larevistadigital.com.ar\/blog\/wp-content\/uploads\/20220602084704_inundaciones-pehuajo-emergencia.jpg?fit=880%2C512&ssl=1&resize=350%2C200 1x, https:\/\/i0.wp.com\/larevistadigital.com.ar\/blog\/wp-content\/uploads\/20220602084704_inundaciones-pehuajo-emergencia.jpg?fit=880%2C512&ssl=1&resize=525%2C300 1.5x, https:\/\/i0.wp.com\/larevistadigital.com.ar\/blog\/wp-content\/uploads\/20220602084704_inundaciones-pehuajo-emergencia.jpg?fit=880%2C512&ssl=1&resize=700%2C400 2x"},"classes":[]},{"id":6848,"url":"https:\/\/larevistadigital.com.ar\/blog\/dolores-se-inauguro-la-expo-rural-2018\/","url_meta":{"origin":37805,"position":5},"title":"DOLORES: SE INAUGUR\u00d3 LA EXPO RURAL 2018","author":"Alejandro Sosa Ruda","date":"14 octubre, 2018","format":false,"excerpt":"Con la presencia del intendente Camilo Etchevarren e integrantes del gabinete municipal, qued\u00f3 inaugurada la EXPO RURAL 2018 en la ciudad de Dolores. Se encontraban presentes el Presidente de la Sociedad Rural Dolores Guillermo Tramontini, miembros de la Comisi\u00f3n, el Protesorero de CARBAP\u00a0\u00a0Federico Petreine y las jovenes que representan a\u2026","rel":"","context":"En \u00abDOLORES\u00bb","block_context":{"text":"DOLORES","link":"https:\/\/larevistadigital.com.ar\/blog\/category\/dolores\/"},"img":{"alt_text":"","src":"https:\/\/i0.wp.com\/larevistadigital.com.ar\/blog\/wp-content\/uploads\/2018\/10\/Screenshot_1.jpg?fit=859%2C576&ssl=1&resize=350%2C200","width":350,"height":200,"srcset":"https:\/\/i0.wp.com\/larevistadigital.com.ar\/blog\/wp-content\/uploads\/2018\/10\/Screenshot_1.jpg?fit=859%2C576&ssl=1&resize=350%2C200 1x, https:\/\/i0.wp.com\/larevistadigital.com.ar\/blog\/wp-content\/uploads\/2018\/10\/Screenshot_1.jpg?fit=859%2C576&ssl=1&resize=525%2C300 1.5x, https:\/\/i0.wp.com\/larevistadigital.com.ar\/blog\/wp-content\/uploads\/2018\/10\/Screenshot_1.jpg?fit=859%2C576&ssl=1&resize=700%2C400 2x"},"classes":[]}],"_links":{"self":[{"href":"https:\/\/larevistadigital.com.ar\/blog\/wp-json\/wp\/v2\/posts\/37805","targetHints":{"allow":["GET"]}}],"collection":[{"href":"https:\/\/larevistadigital.com.ar\/blog\/wp-json\/wp\/v2\/posts"}],"about":[{"href":"https:\/\/larevistadigital.com.ar\/blog\/wp-json\/wp\/v2\/types\/post"}],"author":[{"embeddable":true,"href":"https:\/\/larevistadigital.com.ar\/blog\/wp-json\/wp\/v2\/users\/3"}],"replies":[{"embeddable":true,"href":"https:\/\/larevistadigital.com.ar\/blog\/wp-json\/wp\/v2\/comments?post=37805"}],"version-history":[{"count":1,"href":"https:\/\/larevistadigital.com.ar\/blog\/wp-json\/wp\/v2\/posts\/37805\/revisions"}],"predecessor-version":[{"id":37807,"href":"https:\/\/larevistadigital.com.ar\/blog\/wp-json\/wp\/v2\/posts\/37805\/revisions\/37807"}],"wp:featuredmedia":[{"embeddable":true,"href":"https:\/\/larevistadigital.com.ar\/blog\/wp-json\/wp\/v2\/media\/37806"}],"wp:attachment":[{"href":"https:\/\/larevistadigital.com.ar\/blog\/wp-json\/wp\/v2\/media?parent=37805"}],"wp:term":[{"taxonomy":"category","embeddable":true,"href":"https:\/\/larevistadigital.com.ar\/blog\/wp-json\/wp\/v2\/categories?post=37805"},{"taxonomy":"post_tag","embeddable":true,"href":"https:\/\/larevistadigital.com.ar\/blog\/wp-json\/wp\/v2\/tags?post=37805"}],"curies":[{"name":"wp","href":"https:\/\/api.w.org\/{rel}","templated":true}]}}