{"id":37808,"date":"2024-11-09T14:50:24","date_gmt":"2024-11-09T17:50:24","guid":{"rendered":"https:\/\/larevistadigital.com.ar\/blog\/?p=37808"},"modified":"2024-11-20T23:45:02","modified_gmt":"2024-11-21T02:45:02","slug":"un-nuevo-paradigma-en-la-produccion-de-alimentos-de-calidad","status":"publish","type":"post","link":"https:\/\/larevistadigital.com.ar\/blog\/un-nuevo-paradigma-en-la-produccion-de-alimentos-de-calidad\/","title":{"rendered":"Un nuevo paradigma en la producci\u00f3n de alimentos de calidad"},"content":{"rendered":"<h2 class=\"fparrafo ctext fz18 lh25\">El gobernador de la provincia de Buenos Aires, Axel Kicillof, inaugur\u00f3 este viernes el primer Congreso Provincial de Agroecolog\u00eda, del que participaron representantes productivos, instituciones y organizaciones del sector.<\/h2>\n<p>9 de Noviembre de 2024<\/p>\n<p><strong>BUENOS AIRES &#8211;\u00a0<\/strong> \u00a0Durante la apertura, <strong>Kicillof<\/strong> destac\u00f3:<strong><em> \u201cHace algunos a\u00f1os, contar con lineamientos de agroecolog\u00eda en la provincia de Buenos Aires era algo inimaginable; hoy, gracias a pol\u00edticas p\u00fablicas, somos parte de un encuentro que demuestra nuestro avance hacia la construcci\u00f3n de sistemas agroalimentarios sostenibles\u201d.<\/em><\/strong><\/p>\n<blockquote>\n<h3>Tambi\u00e9n, el mandatario subray\u00f3 que el modelo productivo debe incluir valor agregado, sostenibilidad ambiental, ciencia e innovaci\u00f3n tecnol\u00f3gica, y que est\u00e1 orientado hacia un cambio en el modelo de alimentaci\u00f3n con soberan\u00eda nacional.<\/h3>\n<\/blockquote>\n<p>Asimismo, el Gobernador resalt\u00f3 la importancia del papel de las universidades p\u00fablicas, que realizan un gran trabajo de extensi\u00f3n y est\u00e1n presentes en las comunidades, reflejando la situaci\u00f3n social y productiva en cada regi\u00f3n de la provincia. <strong><em>\u201cMientras el Gobierno nacional abandona y ataca a las universidades, nosotros invertimos en ellas, ya que entendemos que son clave para el desarrollo y el futuro del pa\u00eds\u201d<\/em><\/strong>, afirm\u00f3 <strong>Kicillof<\/strong>.<\/p>\n<h3><span style=\"color: #ff0000\"><b>Espacio de di\u00e1logo y construcci\u00f3n<\/b><\/span><\/h3>\n<blockquote>\n<h3>El congreso servir\u00e1 como un espacio de di\u00e1logo y construcci\u00f3n colectiva para enfrentar los retos de la producci\u00f3n agroecol\u00f3gica, con el objetivo de fomentar un sistema alimentario m\u00e1s justo y sostenible.<\/h3>\n<\/blockquote>\n<p>Por su parte, <strong>Rodr\u00edguez<\/strong> enfatiz\u00f3 que Buenos Aires es la primera provincia con un plan integral de promoci\u00f3n de la agroecolog\u00eda, basado en la necesidad de producir garantizando la sostenibilidad. <strong><em>\u201cContamos con incentivos para la implementaci\u00f3n de buenas pr\u00e1cticas agr\u00edcolas, l\u00edneas de financiamiento para apoyar a quienes quieran transitar hacia la agroecolog\u00eda, y llevamos a cabo investigaciones en nuestras Chacras Experimentales para avanzar hacia una producci\u00f3n m\u00e1s sustentable\u201d<\/em><\/strong>, explic\u00f3.<\/p>\n<h3><span style=\"color: #ff0000\"><b>\u201cNuevo paradigma en producci\u00f3n de alimentos\u201d<\/b><\/span><\/h3>\n<p>En tanto, <strong>Boto<\/strong> asegur\u00f3: <strong><em>\u201cEste congreso responde al nuevo paradigma de producir alimentos de calidad, reducir el impacto ambiental y promover una alimentaci\u00f3n m\u00e1s sana y sostenible para la sociedad\u201d<\/em><\/strong>. Destac\u00f3 tambi\u00e9n el apoyo continuo de la Provincia que permiti\u00f3 la realizaci\u00f3n del evento.<\/p>\n<p>Durante las dos jornadas del congreso, se llevar\u00e1n a cabo mesas de debate, intercambio de experiencias y presentaci\u00f3n de proyectos agroecol\u00f3gicos enfocados en temas como sistemas productivos, comercializaci\u00f3n y valor agregado, acceso a la tierra, h\u00e1bitat y medio ambiente, entre otros.<\/p>\n<h3><span style=\"color: #ff0000\"><b>\u201cEl respaldo de la provincia es fundamental\u201d<\/b><\/span><\/h3>\n<blockquote>\n<h3>El rector Panessi expres\u00f3 que el encuentro permite dialogar sobre la calidad de los alimentos, las producciones amigables con el ambiente y la ecolog\u00eda, elementos esenciales para la universidad. Se\u00f1al\u00f3 que, en un momento complejo para la educaci\u00f3n p\u00fablica, contar con el respaldo de la provincia es fundamental.<\/h3>\n<\/blockquote>\n<p>Para concluir, <span style=\"color: #ff0000\">Kicillof<\/span> afirm\u00f3: <em><strong>\u201cEn este contexto de crecientes desigualdades, debemos fortalecer un Estado presente para que millones de personas no queden sin acceso a la salud, la educaci\u00f3n y la alimentaci\u00f3n\u201d<\/strong><\/em>. Y a\u00f1adi\u00f3: <strong><em>\u201cEn la provincia de Buenos Aires, estamos orgullosos de tener una visi\u00f3n inclusiva, de desarrollo y de soberan\u00eda alimentaria para construir una sociedad m\u00e1s justa\u201d.<\/em><\/strong><\/p>\n<h3><span style=\"color: #ff0000\"><b>Participantes<\/b><\/span><\/h3>\n<p>Participaron la jefa de Gabinete del Ministerio de Desarrollo Agrario, <strong>Viviana Di Marzio<\/strong>; la subsecretaria de Agricultura, Ganader\u00eda y Pesca, <strong>Carla Seain<\/strong>; y su par de Desarrollo Agrario y Calidad Agroalimentaria, <strong>Cristian Amarilla<\/strong>; la vicerrectora de la UNLu, <strong>Mar\u00eda Ester Leguizam\u00f3n<\/strong>; autoridades provinciales y funcionarios locales.\u00a0<b>(InfoGEI)Ac<\/b><\/p>\n","protected":false},"excerpt":{"rendered":"<div class=\"mh-excerpt\"><p>El gobernador de la provincia de Buenos Aires, Axel Kicillof, inaugur\u00f3 este viernes el primer Congreso Provincial de Agroecolog\u00eda, del que participaron representantes productivos, instituciones y organizaciones del sector. 9 de Noviembre de 2024 BUENOS <a class=\"mh-excerpt-more\" href=\"https:\/\/larevistadigital.com.ar\/blog\/un-nuevo-paradigma-en-la-produccion-de-alimentos-de-calidad\/\" title=\"Un nuevo paradigma en la producci\u00f3n de alimentos de calidad\">[Leer M\u00e1s]<\/a><\/p>\n<\/div>","protected":false},"author":3,"featured_media":37809,"comment_status":"open","ping_status":"open","sticky":false,"template":"","format":"standard","meta":{"_jetpack_memberships_contains_paid_content":false,"footnotes":"","jetpack_publicize_message":"","jetpack_publicize_feature_enabled":true,"jetpack_social_post_already_shared":true,"jetpack_social_options":{"image_generator_settings":{"template":"highway","default_image_id":0,"font":"","enabled":false},"version":2}},"categories":[24,51],"tags":[],"class_list":{"0":"post-37808","1":"post","2":"type-post","3":"status-publish","4":"format-standard","5":"has-post-thumbnail","7":"category-politica-provincial","8":"category-regionales"},"jetpack_publicize_connections":[],"jetpack_featured_media_url":"https:\/\/i0.wp.com\/larevistadigital.com.ar\/blog\/wp-content\/uploads\/20241108160833_kicillof-congreso-provincial-agroecologia-unlu-boto.jpg?fit=880%2C512&ssl=1","jetpack_sharing_enabled":true,"jetpack_shortlink":"https:\/\/wp.me\/p8qtrQ-9PO","jetpack-related-posts":[{"id":27300,"url":"https:\/\/larevistadigital.com.ar\/blog\/kicillof-le-tomo-juramento-al-nuevo-ministro-de-trabajo-de-la-ciudad-de-buenos-aires\/","url_meta":{"origin":37808,"position":0},"title":"KICILLOF LE TOM\u00d3 JURAMENTO AL NUEVO MINISTRO DE TRABAJO DE LA CIUDAD DE BUENOS AIRES","author":"Alejandro Sosa Ruda","date":"25 agosto, 2022","format":false,"excerpt":"Estuvieron presentes integrantes del gabinete provincial, representantes de todas las centrales obreras, m\u00e1s de 80 sindicatos, intendentes bonaerenses, legisladores y legisladoras nacionales y provinciales; y representantes de organizaciones sindicales. El gobernador de la provincia de Buenos Aires, Axel Kicillof, le tom\u00f3 juramento al nuevo ministro de Trabajo, Walter Correa. En\u2026","rel":"","context":"En \u00abPOLITICA PROVINCIAL\u00bb","block_context":{"text":"POLITICA PROVINCIAL","link":"https:\/\/larevistadigital.com.ar\/blog\/category\/politica\/politica-provincial\/"},"img":{"alt_text":"","src":"https:\/\/i0.wp.com\/larevistadigital.com.ar\/blog\/wp-content\/uploads\/20220824153301_2022-08-24-ak-jura-trabajo-sge9222.jpg?fit=880%2C512&ssl=1&resize=350%2C200","width":350,"height":200,"srcset":"https:\/\/i0.wp.com\/larevistadigital.com.ar\/blog\/wp-content\/uploads\/20220824153301_2022-08-24-ak-jura-trabajo-sge9222.jpg?fit=880%2C512&ssl=1&resize=350%2C200 1x, https:\/\/i0.wp.com\/larevistadigital.com.ar\/blog\/wp-content\/uploads\/20220824153301_2022-08-24-ak-jura-trabajo-sge9222.jpg?fit=880%2C512&ssl=1&resize=525%2C300 1.5x, https:\/\/i0.wp.com\/larevistadigital.com.ar\/blog\/wp-content\/uploads\/20220824153301_2022-08-24-ak-jura-trabajo-sge9222.jpg?fit=880%2C512&ssl=1&resize=700%2C400 2x"},"classes":[]},{"id":45334,"url":"https:\/\/larevistadigital.com.ar\/blog\/kicillof-presidente-del-pj-bonaerense-el-peronismo-va-a-terminar-con-este-modelo-de-destruccion\/","url_meta":{"origin":37808,"position":1},"title":"Kicillof presidente del PJ bonaerense: \u201cEl peronismo va a terminar con este modelo de destrucci\u00f3n\u201d","author":"Alejandro Sosa Ruda","date":"25 abril, 2026","format":false,"excerpt":"El gobernador provincial asumi\u00f3 el mando frente al Partido Justicialista bonaerense, en un acto rodeado de dirigentes kicillofistas en la capital de la Provincia de Buenos Aires. 25 de abril de 2026 Axel Kicillof, gobernador de la\u00a0Provincia de Buenos Aires, asumi\u00f3 el mando frente al\u00a0Partido Justicialista bonaerense, en un acto\u2026","rel":"","context":"En \u00abPOLITICA\u00bb","block_context":{"text":"POLITICA","link":"https:\/\/larevistadigital.com.ar\/blog\/category\/politica\/"},"img":{"alt_text":"","src":"https:\/\/i0.wp.com\/larevistadigital.com.ar\/blog\/wp-content\/uploads\/Captura-de-pantalla-2026-04-25-171400.jpg?fit=870%2C375&ssl=1&resize=350%2C200","width":350,"height":200,"srcset":"https:\/\/i0.wp.com\/larevistadigital.com.ar\/blog\/wp-content\/uploads\/Captura-de-pantalla-2026-04-25-171400.jpg?fit=870%2C375&ssl=1&resize=350%2C200 1x, https:\/\/i0.wp.com\/larevistadigital.com.ar\/blog\/wp-content\/uploads\/Captura-de-pantalla-2026-04-25-171400.jpg?fit=870%2C375&ssl=1&resize=525%2C300 1.5x, https:\/\/i0.wp.com\/larevistadigital.com.ar\/blog\/wp-content\/uploads\/Captura-de-pantalla-2026-04-25-171400.jpg?fit=870%2C375&ssl=1&resize=700%2C400 2x"},"classes":[]},{"id":35080,"url":"https:\/\/larevistadigital.com.ar\/blog\/el-ex-diputado-chascomunense-jose-ignacio-cote-rossi-asumio-como-viceministro-de-cultura-de-la-provincia-de-buenos-aires\/","url_meta":{"origin":37808,"position":2},"title":"EL EX DIPUTADO CHASCOMUNENSE JOSE IGNACIO \u00abCOTE\u00bb ROSSI ASUMI\u00d3 COMO VICEMINISTRO DE CULTURA DE LA PROVINCIA DE BUENOS AIRES","author":"Alejandro Sosa Ruda","date":"22 enero, 2024","format":false,"excerpt":"Otra vez un representante de Chascom\u00fas ocupa una importante posici\u00f3n pol\u00edtica, ahora en el gabinete de Axel Kicillof. 22 de enero de 2023 BUENOS AIRES -\u00a0 Originario de Chascom\u00fas, \"Cote\" Rossi, quien ocup\u00f3 el cargo de legislador provincial hasta el 10 de diciembre, ha sido seleccionado para desempe\u00f1ar el rol\u2026","rel":"","context":"En \u00abINTERES GENERAL\u00bb","block_context":{"text":"INTERES GENERAL","link":"https:\/\/larevistadigital.com.ar\/blog\/category\/interes-general\/"},"img":{"alt_text":"","src":"https:\/\/i0.wp.com\/larevistadigital.com.ar\/blog\/wp-content\/uploads\/WhatsApp-Image-2024-01-22-at-20.23.03.jpeg?fit=600%2C400&ssl=1&resize=350%2C200","width":350,"height":200,"srcset":"https:\/\/i0.wp.com\/larevistadigital.com.ar\/blog\/wp-content\/uploads\/WhatsApp-Image-2024-01-22-at-20.23.03.jpeg?fit=600%2C400&ssl=1&resize=350%2C200 1x, https:\/\/i0.wp.com\/larevistadigital.com.ar\/blog\/wp-content\/uploads\/WhatsApp-Image-2024-01-22-at-20.23.03.jpeg?fit=600%2C400&ssl=1&resize=525%2C300 1.5x"},"classes":[]},{"id":34283,"url":"https:\/\/larevistadigital.com.ar\/blog\/destacan-el-notable-acompanamiento-migrante-al-gobernador-kicillof-en-la-pcia-de-bs-as\/","url_meta":{"origin":37808,"position":3},"title":"DESTACAN EL \u00abNOTABLE ACOMPA\u00d1AMIENTO MIGRANTE\u00bb AL GOBERNADOR KICILLOF EN LA PCIA. DE BS.AS.","author":"Alejandro Sosa Ruda","date":"31 octubre, 2023","format":false,"excerpt":"As\u00ed lo expres\u00f3 la directora de Migraciones Internacionales bonaerense, Manuela Hoya. Record\u00f3 que en territorio provincial, \"hay un mill\u00f3n de electores\" extranjeros \"tienen derecho a votar a todos los cuerpos provinciales\". 31 de Octubre de 2023 BUENOS AIRES -\u00a0 Manuela Hoya, la directora de Migraciones Internacionales de la provincia de\u2026","rel":"","context":"En \u00abDESTACADAS\u00bb","block_context":{"text":"DESTACADAS","link":"https:\/\/larevistadigital.com.ar\/blog\/category\/destacadas\/"},"img":{"alt_text":"","src":"https:\/\/i0.wp.com\/larevistadigital.com.ar\/blog\/wp-content\/uploads\/Captura-de-pantalla-2023-10-31-143707.png?fit=1060%2C529&ssl=1&resize=350%2C200","width":350,"height":200,"srcset":"https:\/\/i0.wp.com\/larevistadigital.com.ar\/blog\/wp-content\/uploads\/Captura-de-pantalla-2023-10-31-143707.png?fit=1060%2C529&ssl=1&resize=350%2C200 1x, https:\/\/i0.wp.com\/larevistadigital.com.ar\/blog\/wp-content\/uploads\/Captura-de-pantalla-2023-10-31-143707.png?fit=1060%2C529&ssl=1&resize=525%2C300 1.5x, https:\/\/i0.wp.com\/larevistadigital.com.ar\/blog\/wp-content\/uploads\/Captura-de-pantalla-2023-10-31-143707.png?fit=1060%2C529&ssl=1&resize=700%2C400 2x, https:\/\/i0.wp.com\/larevistadigital.com.ar\/blog\/wp-content\/uploads\/Captura-de-pantalla-2023-10-31-143707.png?fit=1060%2C529&ssl=1&resize=1050%2C600 3x"},"classes":[]},{"id":25383,"url":"https:\/\/larevistadigital.com.ar\/blog\/provincia-de-buenos-aires-aumentan-60-el-valor-de-los-programas-sociales\/","url_meta":{"origin":37808,"position":4},"title":"PROVINCIA DE BUENOS AIRES: AUMENTAN 60% EL VALOR DE LOS PROGRAMAS SOCIALES","author":"Alejandro Sosa Ruda","date":"24 mayo, 2022","format":false,"excerpt":"El gobernador de la provincia de Buenos Aires, Axel Kicillof, y el ministro de Desarrollo de la Comunidad, Andr\u00e9s Larroque, anunciaron este lunes aumentos del 60% en programas sociales que est\u00e1n bajo la \u00f3rbita del Ministerio de Desarrollo de la Comunidad. Listado completo de Programas alcanzados por el aumento. El\u2026","rel":"","context":"En \u00abPOLITICA PROVINCIAL\u00bb","block_context":{"text":"POLITICA PROVINCIAL","link":"https:\/\/larevistadigital.com.ar\/blog\/category\/politica\/politica-provincial\/"},"img":{"alt_text":"","src":"https:\/\/i0.wp.com\/larevistadigital.com.ar\/blog\/wp-content\/uploads\/20220523174122_kicillof-larroque-aumento-prestaciones.jpg?fit=880%2C512&ssl=1&resize=350%2C200","width":350,"height":200,"srcset":"https:\/\/i0.wp.com\/larevistadigital.com.ar\/blog\/wp-content\/uploads\/20220523174122_kicillof-larroque-aumento-prestaciones.jpg?fit=880%2C512&ssl=1&resize=350%2C200 1x, https:\/\/i0.wp.com\/larevistadigital.com.ar\/blog\/wp-content\/uploads\/20220523174122_kicillof-larroque-aumento-prestaciones.jpg?fit=880%2C512&ssl=1&resize=525%2C300 1.5x, https:\/\/i0.wp.com\/larevistadigital.com.ar\/blog\/wp-content\/uploads\/20220523174122_kicillof-larroque-aumento-prestaciones.jpg?fit=880%2C512&ssl=1&resize=700%2C400 2x"},"classes":[]},{"id":34654,"url":"https:\/\/larevistadigital.com.ar\/blog\/axel-kicillof-se-reunio-con-intendentes-bonaerenses-y-les-llevo-tranquilidad\/","url_meta":{"origin":37808,"position":5},"title":"AXEL KICILLOF SE REUNI\u00d3 CON INTENDENTES BONAERENSES Y LES LLEV\u00d3 TRANQUILIDAD","author":"Alejandro Sosa Ruda","date":"27 noviembre, 2023","format":false,"excerpt":"Los intendentes peronistas desembarcaron en La Plata con la intenci\u00f3n de dialogar en busca de respuestas para los tiempos que se avecinan a ra\u00edz del plan de ajuste que propone La Libertad Avanza. 27 de Noviembre de 2023 BUENOS AIRES -\u00a0 Este lunes, el gobernador de la provincia de Buenos\u2026","rel":"","context":"En \u00abDESTACADAS\u00bb","block_context":{"text":"DESTACADAS","link":"https:\/\/larevistadigital.com.ar\/blog\/category\/destacadas\/"},"img":{"alt_text":"","src":"https:\/\/i0.wp.com\/larevistadigital.com.ar\/blog\/wp-content\/uploads\/20231127173251_kicillof.jpg?fit=880%2C512&ssl=1&resize=350%2C200","width":350,"height":200,"srcset":"https:\/\/i0.wp.com\/larevistadigital.com.ar\/blog\/wp-content\/uploads\/20231127173251_kicillof.jpg?fit=880%2C512&ssl=1&resize=350%2C200 1x, https:\/\/i0.wp.com\/larevistadigital.com.ar\/blog\/wp-content\/uploads\/20231127173251_kicillof.jpg?fit=880%2C512&ssl=1&resize=525%2C300 1.5x, https:\/\/i0.wp.com\/larevistadigital.com.ar\/blog\/wp-content\/uploads\/20231127173251_kicillof.jpg?fit=880%2C512&ssl=1&resize=700%2C400 2x"},"classes":[]}],"_links":{"self":[{"href":"https:\/\/larevistadigital.com.ar\/blog\/wp-json\/wp\/v2\/posts\/37808","targetHints":{"allow":["GET"]}}],"collection":[{"href":"https:\/\/larevistadigital.com.ar\/blog\/wp-json\/wp\/v2\/posts"}],"about":[{"href":"https:\/\/larevistadigital.com.ar\/blog\/wp-json\/wp\/v2\/types\/post"}],"author":[{"embeddable":true,"href":"https:\/\/larevistadigital.com.ar\/blog\/wp-json\/wp\/v2\/users\/3"}],"replies":[{"embeddable":true,"href":"https:\/\/larevistadigital.com.ar\/blog\/wp-json\/wp\/v2\/comments?post=37808"}],"version-history":[{"count":1,"href":"https:\/\/larevistadigital.com.ar\/blog\/wp-json\/wp\/v2\/posts\/37808\/revisions"}],"predecessor-version":[{"id":37810,"href":"https:\/\/larevistadigital.com.ar\/blog\/wp-json\/wp\/v2\/posts\/37808\/revisions\/37810"}],"wp:featuredmedia":[{"embeddable":true,"href":"https:\/\/larevistadigital.com.ar\/blog\/wp-json\/wp\/v2\/media\/37809"}],"wp:attachment":[{"href":"https:\/\/larevistadigital.com.ar\/blog\/wp-json\/wp\/v2\/media?parent=37808"}],"wp:term":[{"taxonomy":"category","embeddable":true,"href":"https:\/\/larevistadigital.com.ar\/blog\/wp-json\/wp\/v2\/categories?post=37808"},{"taxonomy":"post_tag","embeddable":true,"href":"https:\/\/larevistadigital.com.ar\/blog\/wp-json\/wp\/v2\/tags?post=37808"}],"curies":[{"name":"wp","href":"https:\/\/api.w.org\/{rel}","templated":true}]}}