{"id":37811,"date":"2024-11-09T14:54:26","date_gmt":"2024-11-09T17:54:26","guid":{"rendered":"https:\/\/larevistadigital.com.ar\/blog\/?p=37811"},"modified":"2024-11-20T23:44:33","modified_gmt":"2024-11-21T02:44:33","slug":"detienen-al-taxista-que-atropello-a-una-mujer-y-su-hijo-en-la-matanza","status":"publish","type":"post","link":"https:\/\/larevistadigital.com.ar\/blog\/detienen-al-taxista-que-atropello-a-una-mujer-y-su-hijo-en-la-matanza\/","title":{"rendered":"Detienen al taxista que atropell\u00f3 a una mujer y su hijo en La Matanza"},"content":{"rendered":"<h2 class=\"fparrafo ctext fz18 lh25\">Un taxista que hab\u00eda atropellado a una mujer y su hijo de un a\u00f1o en el partido bonaerense de La Matanza fue arrestado en el barrio de San Telmo, en Buenos Aires. Estaba pr\u00f3fugo desde el 1 de noviembre pasado.<\/h2>\n<p>9 de Noviembre de 2024<\/p>\n<p><strong>BUENOS AIRES &#8211;\u00a0<\/strong> El incidente ocurri\u00f3 el 1 de noviembre, cuando el conductor embisti\u00f3 a las v\u00edctimas en la localidad de Gonz\u00e1lez Cat\u00e1n, partido de La Matanza, y se dio a la fuga sin brindarles asistencia.<\/p>\n<blockquote>\n<h3>Desde entonces, el taxista permanec\u00eda pr\u00f3fugo y era intensamente buscado por la polic\u00eda. Finalmente, personal de la Divisi\u00f3n de Investigaciones Comunales (DIC) 1 Sur logr\u00f3 interceptarlo en la avenida Independencia al 800, en San Telmo, al identificar el veh\u00edculo, un taxi Chevrolet Meriva, como el implicado en el hecho.<\/h3>\n<\/blockquote>\n<p>Seg\u00fan reporta La Noticia1, tras confirmar que el conductor era el responsable del incidente, las autoridades procedieron a su detenci\u00f3n.<\/p>\n<blockquote>\n<h3>Se notific\u00f3 a la Unidad Funcional de Instrucci\u00f3n n\u00famero 9 del Departamento Judicial de La Matanza, que hab\u00eda emitido la orden de captura bajo la acusaci\u00f3n de &#8216;lesiones culposas&#8217;.<\/h3>\n<\/blockquote>\n<p>Como diera cuenta InfoGEI este jueves, afortunadamente, a pesar del tremendo golpe que sufrieron al ser atropelladas que las hizo volar por el aire, las v\u00edctimas solo sufrieron heridas leves.\u00a0<b>(InfoGEI)Ac<\/b><\/p>\n","protected":false},"excerpt":{"rendered":"<div class=\"mh-excerpt\"><p>Un taxista que hab\u00eda atropellado a una mujer y su hijo de un a\u00f1o en el partido bonaerense de La Matanza fue arrestado en el barrio de San Telmo, en Buenos Aires. Estaba pr\u00f3fugo desde <a class=\"mh-excerpt-more\" href=\"https:\/\/larevistadigital.com.ar\/blog\/detienen-al-taxista-que-atropello-a-una-mujer-y-su-hijo-en-la-matanza\/\" title=\"Detienen al taxista que atropell\u00f3 a una mujer y su hijo en La Matanza\">[Leer M\u00e1s]<\/a><\/p>\n<\/div>","protected":false},"author":3,"featured_media":37812,"comment_status":"open","ping_status":"open","sticky":false,"template":"","format":"standard","meta":{"_jetpack_memberships_contains_paid_content":false,"footnotes":"","jetpack_publicize_message":"","jetpack_publicize_feature_enabled":true,"jetpack_social_post_already_shared":true,"jetpack_social_options":{"image_generator_settings":{"template":"highway","default_image_id":0,"font":"","enabled":false},"version":2}},"categories":[44,51],"tags":[],"class_list":{"0":"post-37811","1":"post","2":"type-post","3":"status-publish","4":"format-standard","5":"has-post-thumbnail","7":"category-policiales","8":"category-regionales"},"jetpack_publicize_connections":[],"jetpack_featured_media_url":"https:\/\/i0.wp.com\/larevistadigital.com.ar\/blog\/wp-content\/uploads\/20241108143846_taxista-detenido.jpg?fit=880%2C512&ssl=1","jetpack_sharing_enabled":true,"jetpack_shortlink":"https:\/\/wp.me\/p8qtrQ-9PR","jetpack-related-posts":[{"id":33863,"url":"https:\/\/larevistadigital.com.ar\/blog\/axel-kicillof-encabezara-una-caravana-desde-berisso-hasta-la-matanza\/","url_meta":{"origin":37811,"position":0},"title":"AXEL KICILLOF ENCABEZAR\u00c1 UNA CARAVANA DESDE BERISSO HASTA LA MATANZA","author":"Alejandro Sosa Ruda","date":"5 octubre, 2023","format":false,"excerpt":"La movilizaci\u00f3n partir\u00e1 desde el famoso \"kil\u00f3metro cero del peronismo\". Axel Kicillof dar\u00e1 un discurso junto a Julio Alak y Fabi\u00e1n Cagliardi. 05 de Otubre de 2023 BUENOS AIRES -\u00a0 El gobernador y candidato a la reelecci\u00f3n de la provincia de Buenos Aires por Uni\u00f3n por la Patria (UxP), Axel\u2026","rel":"","context":"En \u00abDESTACADAS\u00bb","block_context":{"text":"DESTACADAS","link":"https:\/\/larevistadigital.com.ar\/blog\/category\/destacadas\/"},"img":{"alt_text":"","src":"https:\/\/i0.wp.com\/larevistadigital.com.ar\/blog\/wp-content\/uploads\/Captura-de-pantalla-2023-10-05-210030.png?fit=887%2C520&ssl=1&resize=350%2C200","width":350,"height":200,"srcset":"https:\/\/i0.wp.com\/larevistadigital.com.ar\/blog\/wp-content\/uploads\/Captura-de-pantalla-2023-10-05-210030.png?fit=887%2C520&ssl=1&resize=350%2C200 1x, https:\/\/i0.wp.com\/larevistadigital.com.ar\/blog\/wp-content\/uploads\/Captura-de-pantalla-2023-10-05-210030.png?fit=887%2C520&ssl=1&resize=525%2C300 1.5x, https:\/\/i0.wp.com\/larevistadigital.com.ar\/blog\/wp-content\/uploads\/Captura-de-pantalla-2023-10-05-210030.png?fit=887%2C520&ssl=1&resize=700%2C400 2x"},"classes":[]},{"id":29110,"url":"https:\/\/larevistadigital.com.ar\/blog\/delibery-atropellado-en-la-matanza-destruyeron-una-familia-dijo-el-hermano\/","url_meta":{"origin":37811,"position":1},"title":"DELIBERY ATROPELLADO EN LA MATANZA \u00abDESTRUYERON UNA FAMILIA\u00bb, DIJO EL HERMANO","author":"Alejandro Sosa Ruda","date":"27 noviembre, 2022","format":false,"excerpt":"Thiago Rold\u00e1n ten\u00eda 21 a\u00f1os.\u00a0Estaba trabajando de repartidor en su motocicleta cuando fue embestido por delincuentes que escapaban de la Polic\u00eda tras robar una camioneta en Villa Luzuriaga. Por el caso detuvieron a un sospechoso. La\u00a0familia de la v\u00edctima reclama Justicia: \"Hoy fue mi hermano, ma\u00f1ana puede ser el tuyo\".\u00a0\u2026","rel":"","context":"En \u00abSin categor\u00eda\u00bb","block_context":{"text":"Sin categor\u00eda","link":"https:\/\/larevistadigital.com.ar\/blog\/category\/sin-categoria\/"},"img":{"alt_text":"","src":"https:\/\/i0.wp.com\/larevistadigital.com.ar\/blog\/wp-content\/uploads\/LA-MATANZA.jpg?fit=786%2C500&ssl=1&resize=350%2C200","width":350,"height":200,"srcset":"https:\/\/i0.wp.com\/larevistadigital.com.ar\/blog\/wp-content\/uploads\/LA-MATANZA.jpg?fit=786%2C500&ssl=1&resize=350%2C200 1x, https:\/\/i0.wp.com\/larevistadigital.com.ar\/blog\/wp-content\/uploads\/LA-MATANZA.jpg?fit=786%2C500&ssl=1&resize=525%2C300 1.5x, https:\/\/i0.wp.com\/larevistadigital.com.ar\/blog\/wp-content\/uploads\/LA-MATANZA.jpg?fit=786%2C500&ssl=1&resize=700%2C400 2x"},"classes":[]},{"id":42085,"url":"https:\/\/larevistadigital.com.ar\/blog\/horror-en-gonzalez-catan-una-madre-fue-detenida-acusada-de-asesinar-a-su-bebe\/","url_meta":{"origin":37811,"position":2},"title":"Horror en Gonz\u00e1lez Cat\u00e1n: una madre fue detenida acusada de asesinar a su beb\u00e9","author":"Alejandro Sosa Ruda","date":"19 octubre, 2025","format":false,"excerpt":"El hecho ocurri\u00f3 en una vivienda del barrio Villa Dorrego. La mujer, de 37 a\u00f1os, fue hallada junto al cuerpo sin vida de su hijo de dos meses dentro de un balde con agua. La Justicia investiga su estado mental. 19 de Octubre de 2025 Gonz\u00e1lez Cat\u00e1n.- BUENOS AIRES -\u00a0\u2026","rel":"","context":"En \u00abPOLICIALES\u00bb","block_context":{"text":"POLICIALES","link":"https:\/\/larevistadigital.com.ar\/blog\/category\/policiales\/"},"img":{"alt_text":"Policia","src":"https:\/\/i0.wp.com\/larevistadigital.com.ar\/blog\/wp-content\/uploads\/9cbd904e9763bc4a3e20cf7957a64d14ee37bd3a.jpeg?fit=1140%2C710&ssl=1&resize=350%2C200","width":350,"height":200,"srcset":"https:\/\/i0.wp.com\/larevistadigital.com.ar\/blog\/wp-content\/uploads\/9cbd904e9763bc4a3e20cf7957a64d14ee37bd3a.jpeg?fit=1140%2C710&ssl=1&resize=350%2C200 1x, https:\/\/i0.wp.com\/larevistadigital.com.ar\/blog\/wp-content\/uploads\/9cbd904e9763bc4a3e20cf7957a64d14ee37bd3a.jpeg?fit=1140%2C710&ssl=1&resize=525%2C300 1.5x, https:\/\/i0.wp.com\/larevistadigital.com.ar\/blog\/wp-content\/uploads\/9cbd904e9763bc4a3e20cf7957a64d14ee37bd3a.jpeg?fit=1140%2C710&ssl=1&resize=700%2C400 2x, https:\/\/i0.wp.com\/larevistadigital.com.ar\/blog\/wp-content\/uploads\/9cbd904e9763bc4a3e20cf7957a64d14ee37bd3a.jpeg?fit=1140%2C710&ssl=1&resize=1050%2C600 3x"},"classes":[]},{"id":28893,"url":"https:\/\/larevistadigital.com.ar\/blog\/la-matanza-paritarias-se-alcanzo-un-83-anual-para-los-municipales\/","url_meta":{"origin":37811,"position":3},"title":"LA MATANZA: PARITARIAS&#8230; SE ALCANZ\u00d3 UN 83% ANUAL PARA LOS MUNICIPALES","author":"Alejandro Sosa Ruda","date":"20 noviembre, 2022","format":false,"excerpt":"El intendente Fernando Espinoza reabri\u00f3 las paritarias municipales. El aumento de este a\u00f1o estaba en un 55%, ahora, a partir del cobro del mes de octubre retroactivo, recibir\u00e1n un 10% de aumento; en noviembre ser\u00e1 otro 10%, en tanto que en diciembre percibir\u00e1n un 8%. 19 de noviembre de 2022\u2026","rel":"","context":"En \u00abPOLITICA\u00bb","block_context":{"text":"POLITICA","link":"https:\/\/larevistadigital.com.ar\/blog\/category\/politica\/"},"img":{"alt_text":"","src":"https:\/\/i0.wp.com\/larevistadigital.com.ar\/blog\/wp-content\/uploads\/fernando-espinoza-actual-titular-del-pj-0838-g1.jpg?fit=1200%2C675&ssl=1&resize=350%2C200","width":350,"height":200,"srcset":"https:\/\/i0.wp.com\/larevistadigital.com.ar\/blog\/wp-content\/uploads\/fernando-espinoza-actual-titular-del-pj-0838-g1.jpg?fit=1200%2C675&ssl=1&resize=350%2C200 1x, https:\/\/i0.wp.com\/larevistadigital.com.ar\/blog\/wp-content\/uploads\/fernando-espinoza-actual-titular-del-pj-0838-g1.jpg?fit=1200%2C675&ssl=1&resize=525%2C300 1.5x, https:\/\/i0.wp.com\/larevistadigital.com.ar\/blog\/wp-content\/uploads\/fernando-espinoza-actual-titular-del-pj-0838-g1.jpg?fit=1200%2C675&ssl=1&resize=700%2C400 2x, https:\/\/i0.wp.com\/larevistadigital.com.ar\/blog\/wp-content\/uploads\/fernando-espinoza-actual-titular-del-pj-0838-g1.jpg?fit=1200%2C675&ssl=1&resize=1050%2C600 3x"},"classes":[]},{"id":16403,"url":"https:\/\/larevistadigital.com.ar\/blog\/detienen-a-taxista-que-intento-abusar-de-una-pasajera-en-berisso\/","url_meta":{"origin":37811,"position":4},"title":"DETIENEN A TAXISTA QUE INTENT\u00d3 ABUSAR DE UNA PASAJERA EN BERISSO","author":"Alejandro Sosa Ruda","date":"18 septiembre, 2020","format":false,"excerpt":"La mujer logr\u00f3 escapar del veh\u00edculo pese a que este hombre de 40 a\u00f1os le hab\u00eda trabado las puertas. Qued\u00f3 a disposici\u00f3n de la Justicia Un hombre de 40 a\u00f1os fue detenido por la Polic\u00eda luego de la denuncia de una mujer de 21, que lo acus\u00f3 por un intento\u2026","rel":"","context":"En \u00abREGIONALES\u00bb","block_context":{"text":"REGIONALES","link":"https:\/\/larevistadigital.com.ar\/blog\/category\/regionales\/"},"img":{"alt_text":"","src":"https:\/\/i0.wp.com\/larevistadigital.com.ar\/blog\/wp-content\/uploads\/1600443185649-1.jpeg?fit=650%2C1158&ssl=1&resize=350%2C200","width":350,"height":200,"srcset":"https:\/\/i0.wp.com\/larevistadigital.com.ar\/blog\/wp-content\/uploads\/1600443185649-1.jpeg?fit=650%2C1158&ssl=1&resize=350%2C200 1x, https:\/\/i0.wp.com\/larevistadigital.com.ar\/blog\/wp-content\/uploads\/1600443185649-1.jpeg?fit=650%2C1158&ssl=1&resize=525%2C300 1.5x"},"classes":[]},{"id":29004,"url":"https:\/\/larevistadigital.com.ar\/blog\/canuelas-brutal-femicidio-y-masacre-conmociona-la-ciudad\/","url_meta":{"origin":37811,"position":5},"title":"CA\u00d1UELAS: BRUTAL FEMICIDIO Y MASACRE CONMOCIONA LA CIUDAD","author":"Alejandro Sosa Ruda","date":"23 noviembre, 2022","format":false,"excerpt":"Mar\u00eda Alejandra Gim\u00e9nez D\u00edaz sufr\u00eda violencia de g\u00e9nero y hab\u00eda decidido dejar su hogar en La Matanza para mudarse con sus dos hijos a Ca\u00f1uelas en busca de paz. Pero\u00a0Jos\u00e9 Averio Na\u00f3n, que ten\u00eda una perimetral, decidi\u00f3 acabar con su vida. Viaj\u00f3 hasta esa ciudad y asesin\u00f3 a la mujer\u2026","rel":"","context":"En \u00abPOLICIALES\u00bb","block_context":{"text":"POLICIALES","link":"https:\/\/larevistadigital.com.ar\/blog\/category\/policiales\/"},"img":{"alt_text":"","src":"https:\/\/i0.wp.com\/larevistadigital.com.ar\/blog\/wp-content\/uploads\/081941_whatsapp-image-20221123-at-08.17.45.jpeg?fit=799%2C529&ssl=1&resize=350%2C200","width":350,"height":200,"srcset":"https:\/\/i0.wp.com\/larevistadigital.com.ar\/blog\/wp-content\/uploads\/081941_whatsapp-image-20221123-at-08.17.45.jpeg?fit=799%2C529&ssl=1&resize=350%2C200 1x, https:\/\/i0.wp.com\/larevistadigital.com.ar\/blog\/wp-content\/uploads\/081941_whatsapp-image-20221123-at-08.17.45.jpeg?fit=799%2C529&ssl=1&resize=525%2C300 1.5x, https:\/\/i0.wp.com\/larevistadigital.com.ar\/blog\/wp-content\/uploads\/081941_whatsapp-image-20221123-at-08.17.45.jpeg?fit=799%2C529&ssl=1&resize=700%2C400 2x"},"classes":[]}],"_links":{"self":[{"href":"https:\/\/larevistadigital.com.ar\/blog\/wp-json\/wp\/v2\/posts\/37811","targetHints":{"allow":["GET"]}}],"collection":[{"href":"https:\/\/larevistadigital.com.ar\/blog\/wp-json\/wp\/v2\/posts"}],"about":[{"href":"https:\/\/larevistadigital.com.ar\/blog\/wp-json\/wp\/v2\/types\/post"}],"author":[{"embeddable":true,"href":"https:\/\/larevistadigital.com.ar\/blog\/wp-json\/wp\/v2\/users\/3"}],"replies":[{"embeddable":true,"href":"https:\/\/larevistadigital.com.ar\/blog\/wp-json\/wp\/v2\/comments?post=37811"}],"version-history":[{"count":1,"href":"https:\/\/larevistadigital.com.ar\/blog\/wp-json\/wp\/v2\/posts\/37811\/revisions"}],"predecessor-version":[{"id":37813,"href":"https:\/\/larevistadigital.com.ar\/blog\/wp-json\/wp\/v2\/posts\/37811\/revisions\/37813"}],"wp:featuredmedia":[{"embeddable":true,"href":"https:\/\/larevistadigital.com.ar\/blog\/wp-json\/wp\/v2\/media\/37812"}],"wp:attachment":[{"href":"https:\/\/larevistadigital.com.ar\/blog\/wp-json\/wp\/v2\/media?parent=37811"}],"wp:term":[{"taxonomy":"category","embeddable":true,"href":"https:\/\/larevistadigital.com.ar\/blog\/wp-json\/wp\/v2\/categories?post=37811"},{"taxonomy":"post_tag","embeddable":true,"href":"https:\/\/larevistadigital.com.ar\/blog\/wp-json\/wp\/v2\/tags?post=37811"}],"curies":[{"name":"wp","href":"https:\/\/api.w.org\/{rel}","templated":true}]}}