{"id":37814,"date":"2024-11-09T15:06:09","date_gmt":"2024-11-09T18:06:09","guid":{"rendered":"https:\/\/larevistadigital.com.ar\/blog\/?p=37814"},"modified":"2024-11-20T23:44:25","modified_gmt":"2024-11-21T02:44:25","slug":"apartan-a-sacerdote-de-una-parroquia-de-quilmes-acusado-de-abuso-sexual","status":"publish","type":"post","link":"https:\/\/larevistadigital.com.ar\/blog\/apartan-a-sacerdote-de-una-parroquia-de-quilmes-acusado-de-abuso-sexual\/","title":{"rendered":"Apartan a sacerdote de una parroquia de Quilmes acusado de abuso sexual"},"content":{"rendered":"<h2 class=\"fparrafo ctext fz18 lh25\">El Obispo de la Di\u00f3cesis de Quilmes, Mons. Tissera, apart\u00f3 al Presb. Franco L\u00fctens de su parroquia y de todas sus actividades pastorales. Tambi\u00e9n, dio inicio a la investigaci\u00f3n en el \u00e1mbito eclesial, m\u00e1s all\u00e1 de la instancia civil.<\/h2>\n<p>9 de Noviembre de 2024<\/p>\n<p><strong>QUILMES &#8211;\u00a0<\/strong> El presb\u00edtero <strong>L\u00fctens<\/strong> fue denunciado por tres presuntas v\u00edctimas, las cuales fueron identificadas en una causa investigada desde la Fiscal\u00eda N\u00b0 8 del Departamento Judicial Quilmes, a cargo de <strong>B\u00e1rbara Velazco<\/strong>.<\/p>\n<blockquote>\n<h3>Dicha investigaci\u00f3n lleva como car\u00e1tula <em>\u201cabuso sexual doblemente ultrajante, con acceso carnal, agravada por haber sido cometido por un ministro de culto\u201d.<\/em><\/h3>\n<\/blockquote>\n<p>Respecto de la situaci\u00f3n del presb\u00edtero <strong>Franco L\u00fctens<\/strong>, el Equipo para la Protecci\u00f3n de Menores y Adultos Vulnerables de la di\u00f3cesis de Quilmes explic\u00f3 que, <strong><em>\u00abante las grav\u00edsimas denuncias publicadas en redes sociales y ante la constataci\u00f3n del inicio de la causa penal en la Justicia civil, el obispo de Quilmes, Carlos Jos\u00e9 Tissera, apart\u00f3 al sacerdote denunciado de la parroquia y de todas las actividades pastorales\u00bb<\/em><\/strong>.<\/p>\n<blockquote>\n<h3>Adem\u00e1s, el obispo dio inicio a la investigaci\u00f3n formal en el \u00e1mbito eclesial, siguiendo las recomendaciones dadas por el Papa Francisco a todas las conferencias episcopales del mundo.<\/h3>\n<\/blockquote>\n<p>El comunicado concluye se\u00f1alando que <strong><em>\u201cMons. Tissera lamenta profundamente estos hechos, ofrece ese equipo diocesano para la recepci\u00f3n de denuncias y para acompa\u00f1ar a las posibles v\u00edctimas y sus familias, y se pone a disposici\u00f3n de la Justicia civil para colaborar de manera activa\u201d.<\/em><\/strong><\/p>\n<h3><span style=\"color: #ff0000\"><b>Los denunciantes<\/b><\/span><\/h3>\n<p>Desde la red social de \u201cSobrevivientes argentina\u201d se denunci\u00f3: <strong><em>\u201cSeguimos aguardando y reclamando que el cura denunciado, Franco L\u00fctens, quien deb\u00eda presentarse a la segunda convocatoria de pericias ordenadas por la Fiscal\u00eda N\u00b08 de Quilmes\u201d.<\/em><\/strong><\/p>\n<p>Se\u00f1alan adem\u00e1s que el cura denunciado, <strong>Franco L\u00fctens<\/strong>, <strong><em>\u201csigue haciendo lo que quiere y ha evadido la citaci\u00f3n a las pericias en su primera convocatoria\u201d<\/em><\/strong>, el 17 y 19 de septiembre pasado.<\/p>\n<h3><span style=\"color: #ff0000\"><b>Como Pancho por su casa<\/b><\/span><\/h3>\n<p>Dicha red social sostuvo que <em><strong>\u201cPese a que esta red inform\u00f3 y notific\u00f3 oportunamente a la Universidad Abierta Interamericana de la existencia de las denuncias contra L\u00fctens, nos hemos enterado que, adem\u00e1s de haber participado en una conferencia sobre Fobias en la Infancia, el denunciado concurrir\u00e1\u2026 a visitar al Hospital Borda en el marco de la C\u00e1tedra de Psicopatogia Psicoanal\u00edtica de la misma Universidad\u201d<\/strong><\/em> donde estudia, se precis\u00f3 en un posteo de Instagram.<\/p>\n<p>Por \u00faltimo, indican que<em><strong> \u201chabr\u00eda 3 v\u00edctimas del sacerdote, dispuestos a declarar en su contra\u201d<\/strong><\/em>. Sin embargo, aseguran que el expediente judicial no avanz\u00f3, seg\u00fan los denunciantes ya que la denuncia judicial se formaliz\u00f3 en julio de 2024.\u00a0<b>(InfoGEI)Ac<\/b><\/p>\n","protected":false},"excerpt":{"rendered":"<div class=\"mh-excerpt\"><p>El Obispo de la Di\u00f3cesis de Quilmes, Mons. Tissera, apart\u00f3 al Presb. Franco L\u00fctens de su parroquia y de todas sus actividades pastorales. Tambi\u00e9n, dio inicio a la investigaci\u00f3n en el \u00e1mbito eclesial, m\u00e1s all\u00e1 <a class=\"mh-excerpt-more\" href=\"https:\/\/larevistadigital.com.ar\/blog\/apartan-a-sacerdote-de-una-parroquia-de-quilmes-acusado-de-abuso-sexual\/\" title=\"Apartan a sacerdote de una parroquia de Quilmes acusado de abuso sexual\">[Leer M\u00e1s]<\/a><\/p>\n<\/div>","protected":false},"author":3,"featured_media":37815,"comment_status":"open","ping_status":"open","sticky":false,"template":"","format":"standard","meta":{"_jetpack_memberships_contains_paid_content":false,"footnotes":"","jetpack_publicize_message":"","jetpack_publicize_feature_enabled":true,"jetpack_social_post_already_shared":true,"jetpack_social_options":{"image_generator_settings":{"template":"highway","default_image_id":0,"font":"","enabled":false},"version":2}},"categories":[44,51],"tags":[],"class_list":{"0":"post-37814","1":"post","2":"type-post","3":"status-publish","4":"format-standard","5":"has-post-thumbnail","7":"category-policiales","8":"category-regionales"},"jetpack_publicize_connections":[],"jetpack_featured_media_url":"https:\/\/i0.wp.com\/larevistadigital.com.ar\/blog\/wp-content\/uploads\/20241108141845_presbitero-franco-lutens.jpg?fit=880%2C512&ssl=1","jetpack_sharing_enabled":true,"jetpack_shortlink":"https:\/\/wp.me\/p8qtrQ-9PU","jetpack-related-posts":[{"id":37837,"url":"https:\/\/larevistadigital.com.ar\/blog\/allanan-prostibulo-en-quilmes-y-rescatan-ninas-y-mujeres-secuestradas\/","url_meta":{"origin":37814,"position":0},"title":"Allanan prost\u00edbulo en Quilmes y rescatan ni\u00f1as y mujeres secuestradas","author":"Alejandro Sosa Ruda","date":"12 noviembre, 2024","format":false,"excerpt":"Personal de Infanter\u00eda, UTOI y la Comisar\u00eda de la Mujer y la Familia de Quilmes, bajo la orden del fiscal Ernesto Daniel Ichazo realiz\u00f3 un operativo en un inmueble denunciado como prost\u00edbulo. Rescataron a un grupo no cuantificado de mujeres, algunas menores de edad, siendo una de ellas de escasos\u2026","rel":"","context":"En \u00abPOLICIALES\u00bb","block_context":{"text":"POLICIALES","link":"https:\/\/larevistadigital.com.ar\/blog\/category\/policiales\/"},"img":{"alt_text":"","src":"https:\/\/i0.wp.com\/larevistadigital.com.ar\/blog\/wp-content\/uploads\/20241111145236_allanan-prostibulo-quilmes-rescataron-ninas-y-mujeres-secuestradas.jpg?fit=880%2C512&ssl=1&resize=350%2C200","width":350,"height":200,"srcset":"https:\/\/i0.wp.com\/larevistadigital.com.ar\/blog\/wp-content\/uploads\/20241111145236_allanan-prostibulo-quilmes-rescataron-ninas-y-mujeres-secuestradas.jpg?fit=880%2C512&ssl=1&resize=350%2C200 1x, https:\/\/i0.wp.com\/larevistadigital.com.ar\/blog\/wp-content\/uploads\/20241111145236_allanan-prostibulo-quilmes-rescataron-ninas-y-mujeres-secuestradas.jpg?fit=880%2C512&ssl=1&resize=525%2C300 1.5x, https:\/\/i0.wp.com\/larevistadigital.com.ar\/blog\/wp-content\/uploads\/20241111145236_allanan-prostibulo-quilmes-rescataron-ninas-y-mujeres-secuestradas.jpg?fit=880%2C512&ssl=1&resize=700%2C400 2x"},"classes":[]},{"id":30397,"url":"https:\/\/larevistadigital.com.ar\/blog\/una-adolescente-acuso-a-un-hombre-por-abuso-sexual-y-un-familiar-de-la-joven-lo-mato-de-un-balazo\/","url_meta":{"origin":37814,"position":1},"title":"UNA ADOLESCENTE ACUS\u00d3 A UN HOMBRE POR ABUSO SEXUAL, Y UN FAMILIAR DE LA JOVEN LO MAT\u00d3 DE UN BALAZO","author":"Alejandro Sosa Ruda","date":"6 marzo, 2023","format":false,"excerpt":"Ocurri\u00f3 en Quilmes. Detuvieron al presunto asesino y buscan a otros 3 sospechosos de haber participado del ataque. 6 de marzo de 2023 QUILMES -\u00a0Un joven fue\u00a0asesinado de un balazo\u00a0en el pecho ayer en\u00a0Quilmes\u00a0y por el crimen los investigadores detuvieron a un familiar de una adolescente que hab\u00eda acusado al\u2026","rel":"","context":"En \u00abPOLICIALES\u00bb","block_context":{"text":"POLICIALES","link":"https:\/\/larevistadigital.com.ar\/blog\/category\/policiales\/"},"img":{"alt_text":"","src":"https:\/\/i0.wp.com\/larevistadigital.com.ar\/blog\/wp-content\/uploads\/88381adc587fa8a1e6a1dc82a6ca4e1b93ba1bbe-2.jpg?fit=1140%2C757&ssl=1&resize=350%2C200","width":350,"height":200,"srcset":"https:\/\/i0.wp.com\/larevistadigital.com.ar\/blog\/wp-content\/uploads\/88381adc587fa8a1e6a1dc82a6ca4e1b93ba1bbe-2.jpg?fit=1140%2C757&ssl=1&resize=350%2C200 1x, https:\/\/i0.wp.com\/larevistadigital.com.ar\/blog\/wp-content\/uploads\/88381adc587fa8a1e6a1dc82a6ca4e1b93ba1bbe-2.jpg?fit=1140%2C757&ssl=1&resize=525%2C300 1.5x, https:\/\/i0.wp.com\/larevistadigital.com.ar\/blog\/wp-content\/uploads\/88381adc587fa8a1e6a1dc82a6ca4e1b93ba1bbe-2.jpg?fit=1140%2C757&ssl=1&resize=700%2C400 2x, https:\/\/i0.wp.com\/larevistadigital.com.ar\/blog\/wp-content\/uploads\/88381adc587fa8a1e6a1dc82a6ca4e1b93ba1bbe-2.jpg?fit=1140%2C757&ssl=1&resize=1050%2C600 3x"},"classes":[]},{"id":31797,"url":"https:\/\/larevistadigital.com.ar\/blog\/quilmes-una-mujer-encontro-una-yarara-en-su-placard\/","url_meta":{"origin":37814,"position":2},"title":"QUILMES: UNA MUJER ENCONTR\u00d3 UNA YARAR\u00c1 EN SU PLACARD","author":"Alejandro Sosa Ruda","date":"29 mayo, 2023","format":false,"excerpt":"Una mujer se llev\u00f3 la desagradable sorpresa, y alert\u00f3 a los vecinos de la zona. El ins\u00f3lito hallazgo ocurri\u00f3 en una vivienda cercana a la ribera de Quilmes. No hubo heridos por el animal. 28 DE MAYO DE 2023 QUILMES -\u00a0 Vecinos de la Ribera de Quilmes sufrieron un gran\u2026","rel":"","context":"En \u00abREGIONALES\u00bb","block_context":{"text":"REGIONALES","link":"https:\/\/larevistadigital.com.ar\/blog\/category\/regionales\/"},"img":{"alt_text":"","src":"https:\/\/i0.wp.com\/larevistadigital.com.ar\/blog\/wp-content\/uploads\/20230525072639_quilmes-yayara-placard.jpg?fit=880%2C512&ssl=1&resize=350%2C200","width":350,"height":200,"srcset":"https:\/\/i0.wp.com\/larevistadigital.com.ar\/blog\/wp-content\/uploads\/20230525072639_quilmes-yayara-placard.jpg?fit=880%2C512&ssl=1&resize=350%2C200 1x, https:\/\/i0.wp.com\/larevistadigital.com.ar\/blog\/wp-content\/uploads\/20230525072639_quilmes-yayara-placard.jpg?fit=880%2C512&ssl=1&resize=525%2C300 1.5x, https:\/\/i0.wp.com\/larevistadigital.com.ar\/blog\/wp-content\/uploads\/20230525072639_quilmes-yayara-placard.jpg?fit=880%2C512&ssl=1&resize=700%2C400 2x"},"classes":[]},{"id":28488,"url":"https:\/\/larevistadigital.com.ar\/blog\/quilmes-condenan-al-ex-jefe-de-policia-de-martiniano-molina-por-aceptar-coimas\/","url_meta":{"origin":37814,"position":3},"title":"QUILMES: CONDENAN AL EX JEFE DE POLIC\u00cdA DE MARTINIANO MOLINA POR ACEPTAR COIMAS","author":"Alejandro Sosa Ruda","date":"18 octubre, 2022","format":false,"excerpt":"La Justicia de Quilmes declar\u00f3 culpable al excomisario Andr\u00e9s Delicia, quien fuera designado en marzo de 2016 como Jefe de la Polic\u00eda Local de Quilmes, durante el mandato como intendente de Martiniano Molina. 18 de octubre de 2022 El Tribunal Oral en lo Criminal (TOC) N\u00b01 de Quilmes conden\u00f3 a\u2026","rel":"","context":"En \u00abPOLICIALES\u00bb","block_context":{"text":"POLICIALES","link":"https:\/\/larevistadigital.com.ar\/blog\/category\/policiales\/"},"img":{"alt_text":"","src":"https:\/\/i0.wp.com\/larevistadigital.com.ar\/blog\/wp-content\/uploads\/20221017111516_martiniano-delicia-850-565-80-s-c1.jpg?fit=880%2C512&ssl=1&resize=350%2C200","width":350,"height":200,"srcset":"https:\/\/i0.wp.com\/larevistadigital.com.ar\/blog\/wp-content\/uploads\/20221017111516_martiniano-delicia-850-565-80-s-c1.jpg?fit=880%2C512&ssl=1&resize=350%2C200 1x, https:\/\/i0.wp.com\/larevistadigital.com.ar\/blog\/wp-content\/uploads\/20221017111516_martiniano-delicia-850-565-80-s-c1.jpg?fit=880%2C512&ssl=1&resize=525%2C300 1.5x, https:\/\/i0.wp.com\/larevistadigital.com.ar\/blog\/wp-content\/uploads\/20221017111516_martiniano-delicia-850-565-80-s-c1.jpg?fit=880%2C512&ssl=1&resize=700%2C400 2x"},"classes":[]},{"id":31592,"url":"https:\/\/larevistadigital.com.ar\/blog\/finalmente-fallecio-la-concejal-de-quilmes-que-sufrio-quemaduras-luego-de-discutir-con-su-pareja\/","url_meta":{"origin":37814,"position":4},"title":"FINALMENTE FALLECI\u00d3 LA CONCEJAL DE QUILMES QUE SUFRI\u00d3 QUEMADURAS LUEGO DE DISCUTIR CON SU PAREJA","author":"Alejandro Sosa Ruda","date":"16 mayo, 2023","format":false,"excerpt":"La mujer hab\u00eda discutido con su pareja y result\u00f3 con quemaduras de gravedad. La justicia trata de determinar c\u00f3mo ocurrieron los hechos. 16 de mayo de 2023 La legisladora del Frente de Todos, Nair Abad, no pudo superar las graves quemaduras en su cuerpo y falleci\u00f3 tras un paro cadiorespiratorio\u2026","rel":"","context":"En \u00abPOLICIALES\u00bb","block_context":{"text":"POLICIALES","link":"https:\/\/larevistadigital.com.ar\/blog\/category\/policiales\/"},"img":{"alt_text":"","src":"https:\/\/i0.wp.com\/larevistadigital.com.ar\/blog\/wp-content\/uploads\/descarga-23.jpg?fit=700%2C524&ssl=1&resize=350%2C200","width":350,"height":200,"srcset":"https:\/\/i0.wp.com\/larevistadigital.com.ar\/blog\/wp-content\/uploads\/descarga-23.jpg?fit=700%2C524&ssl=1&resize=350%2C200 1x, https:\/\/i0.wp.com\/larevistadigital.com.ar\/blog\/wp-content\/uploads\/descarga-23.jpg?fit=700%2C524&ssl=1&resize=525%2C300 1.5x, https:\/\/i0.wp.com\/larevistadigital.com.ar\/blog\/wp-content\/uploads\/descarga-23.jpg?fit=700%2C524&ssl=1&resize=700%2C400 2x"},"classes":[]},{"id":42296,"url":"https:\/\/larevistadigital.com.ar\/blog\/tragedia-en-quilmes-fallecio-benicio-farji-el-nino-de-8-anos-golpeado-por-un-arco-de-handball\/","url_meta":{"origin":37814,"position":5},"title":"Tragedia en Quilmes: falleci\u00f3 Benicio Farji, el ni\u00f1o de 8 a\u00f1os golpeado por un arco de handball","author":"Alejandro Sosa Ruda","date":"30 octubre, 2025","format":false,"excerpt":"El peque\u00f1o, jugador de b\u00e1squet infantil del Club Argentino de Quilmes, permanec\u00eda internado con muerte cerebral tras el accidente ocurrido el martes. La comunidad deportiva y educativa expres\u00f3 su dolor y acompa\u00f1amiento a la familia. 30 de Octubre de 2025 El Club Atl\u00e9tico Argentino de Quilmes confirm\u00f3 este jueves el\u2026","rel":"","context":"En \u00abREGIONALES\u00bb","block_context":{"text":"REGIONALES","link":"https:\/\/larevistadigital.com.ar\/blog\/category\/regionales\/"},"img":{"alt_text":"","src":"https:\/\/i0.wp.com\/larevistadigital.com.ar\/blog\/wp-content\/uploads\/f57c689e9b2bfb258dbb582cfeea6d97474d7d07.png?fit=1140%2C636&ssl=1&resize=350%2C200","width":350,"height":200,"srcset":"https:\/\/i0.wp.com\/larevistadigital.com.ar\/blog\/wp-content\/uploads\/f57c689e9b2bfb258dbb582cfeea6d97474d7d07.png?fit=1140%2C636&ssl=1&resize=350%2C200 1x, https:\/\/i0.wp.com\/larevistadigital.com.ar\/blog\/wp-content\/uploads\/f57c689e9b2bfb258dbb582cfeea6d97474d7d07.png?fit=1140%2C636&ssl=1&resize=525%2C300 1.5x, https:\/\/i0.wp.com\/larevistadigital.com.ar\/blog\/wp-content\/uploads\/f57c689e9b2bfb258dbb582cfeea6d97474d7d07.png?fit=1140%2C636&ssl=1&resize=700%2C400 2x, https:\/\/i0.wp.com\/larevistadigital.com.ar\/blog\/wp-content\/uploads\/f57c689e9b2bfb258dbb582cfeea6d97474d7d07.png?fit=1140%2C636&ssl=1&resize=1050%2C600 3x"},"classes":[]}],"_links":{"self":[{"href":"https:\/\/larevistadigital.com.ar\/blog\/wp-json\/wp\/v2\/posts\/37814","targetHints":{"allow":["GET"]}}],"collection":[{"href":"https:\/\/larevistadigital.com.ar\/blog\/wp-json\/wp\/v2\/posts"}],"about":[{"href":"https:\/\/larevistadigital.com.ar\/blog\/wp-json\/wp\/v2\/types\/post"}],"author":[{"embeddable":true,"href":"https:\/\/larevistadigital.com.ar\/blog\/wp-json\/wp\/v2\/users\/3"}],"replies":[{"embeddable":true,"href":"https:\/\/larevistadigital.com.ar\/blog\/wp-json\/wp\/v2\/comments?post=37814"}],"version-history":[{"count":1,"href":"https:\/\/larevistadigital.com.ar\/blog\/wp-json\/wp\/v2\/posts\/37814\/revisions"}],"predecessor-version":[{"id":37816,"href":"https:\/\/larevistadigital.com.ar\/blog\/wp-json\/wp\/v2\/posts\/37814\/revisions\/37816"}],"wp:featuredmedia":[{"embeddable":true,"href":"https:\/\/larevistadigital.com.ar\/blog\/wp-json\/wp\/v2\/media\/37815"}],"wp:attachment":[{"href":"https:\/\/larevistadigital.com.ar\/blog\/wp-json\/wp\/v2\/media?parent=37814"}],"wp:term":[{"taxonomy":"category","embeddable":true,"href":"https:\/\/larevistadigital.com.ar\/blog\/wp-json\/wp\/v2\/categories?post=37814"},{"taxonomy":"post_tag","embeddable":true,"href":"https:\/\/larevistadigital.com.ar\/blog\/wp-json\/wp\/v2\/tags?post=37814"}],"curies":[{"name":"wp","href":"https:\/\/api.w.org\/{rel}","templated":true}]}}