{"id":37817,"date":"2024-11-10T13:23:26","date_gmt":"2024-11-10T16:23:26","guid":{"rendered":"https:\/\/larevistadigital.com.ar\/blog\/?p=37817"},"modified":"2024-11-20T23:44:16","modified_gmt":"2024-11-21T02:44:16","slug":"chascomus-detectan-y-aprehenden-a-dos-sujetos-por-trafico-y-venta-de-cocaina-en-el-barrio-san-luis","status":"publish","type":"post","link":"https:\/\/larevistadigital.com.ar\/blog\/chascomus-detectan-y-aprehenden-a-dos-sujetos-por-trafico-y-venta-de-cocaina-en-el-barrio-san-luis\/","title":{"rendered":"Chascom\u00fas: detectan y aprehenden a dos sujetos por tr\u00e1fico y venta de coca\u00edna en el Barrio San Luis."},"content":{"rendered":"<h2>Fue el resultado de \u00e1rduas investigaciones y tareas de inteligencia que llegaron a buen fin. Gran trabajo conjunto de polic\u00eda y Secretar\u00eda de Seguridad, con el respaldo pol\u00edtico del Intendente.<\/h2>\n<p>10 de Noviembre de 2024<\/p>\n<p><strong>CHASCOM\u00daS &#8211;<\/strong>\u00a0 \u00a0Luego de tareas investigativas y de inteligencia, personal de la Subdelegaci\u00f3n de Chascom\u00fas de investigaci\u00f3n del Tr\u00e1fico de Drogas Il\u00edcitas, se consigui\u00f3 determinar que una persona de sexo masculino y en el Barrio San Luis, se dedicaba a tareas de venta de estupefacientes m\u00e1s precisamente <strong>coca\u00edna<\/strong> en modalidad menudeo en la via publica.<\/p>\n<blockquote>\n<h3>El sujeto en cuesti\u00f3n, utilizaba para ello a varias personas que desarrollaban la tarea de soldaditos o vig\u00edas, quienes suministran seguridad y dan aviso de los movimientos extra\u00f1os en el barrio.<\/h3>\n<\/blockquote>\n<p>Como consecuencia de estas investigaciones, se solicit\u00f3 una orden de allanamiento en el marco de la investigaci\u00f3n a cargo de la Ayudant\u00eda Fiscal de Estupefacientes Chascom\u00fas dirigida por el <strong>Dr. Jorge Larrarte <\/strong>\u00a0y juzgado de garant\u00edas N\u00b0 05 del dpto. judicial Dolores.<\/p>\n<blockquote>\n<h3>La diligencia, di\u00f3 como resultado la aprehensi\u00f3n de dos personas de sexo masculino, que eran las encargadas de realizar las maniobras il\u00edcitas.<\/h3>\n<\/blockquote>\n<p>Tambi\u00e9n, se pudo incautar,\u00a0diversos elementos probatorios de inter\u00e9s para la investigaci\u00f3n, como ser estupefacientes fraccionados en dosis individuales listas para la venta, dos tel\u00e9fonos celulares, un arma de fabricaci\u00f3n casera, recortes de nylon y sustancias de corte y estiramiento.<\/p>\n<p><img data-recalc-dims=\"1\" loading=\"lazy\" decoding=\"async\" class=\"wp-image-37819 alignright\" src=\"https:\/\/i0.wp.com\/larevistadigital.com.ar\/blog\/wp-content\/uploads\/WhatsApp-Image-2024-11-09-at-19.16.09.jpeg?resize=382%2C509&#038;ssl=1\" alt=\"\" width=\"382\" height=\"509\" srcset=\"https:\/\/i0.wp.com\/larevistadigital.com.ar\/blog\/wp-content\/uploads\/WhatsApp-Image-2024-11-09-at-19.16.09.jpeg?resize=225%2C300&amp;ssl=1 225w, https:\/\/i0.wp.com\/larevistadigital.com.ar\/blog\/wp-content\/uploads\/WhatsApp-Image-2024-11-09-at-19.16.09.jpeg?resize=768%2C1024&amp;ssl=1 768w, https:\/\/i0.wp.com\/larevistadigital.com.ar\/blog\/wp-content\/uploads\/WhatsApp-Image-2024-11-09-at-19.16.09.jpeg?w=960&amp;ssl=1 960w\" sizes=\"auto, (max-width: 382px) 100vw, 382px\" \/>El procedimiento policial fue la culminaci\u00f3n de arduas tareas de investigaci\u00f3n, las cuales cuentan con tareas de campo como vigilancias, entrevistas encubiertas, seguimientos y registros f\u00edlmicos y diversas tareas en coordinaci\u00f3n con el Centro de Monitoreo y la Secretaria de Seguridad del Municipio, a cargo de <strong>Mariela Moscarella<\/strong>.<\/p>\n<p>&nbsp;<\/p>\n<h3><span style=\"color: #ff0000\">OTRA DETENCI\u00d3N<\/span><\/h3>\n<p>Adem\u00e1s, el d\u00eda 09 de noviembre pasado, y luego de arduas tareas de investigaci\u00f3n desarrolladas por el personal policial de referencia, se logr\u00f3 dar con una persona de sexo femenino que pose\u00eda pedido de detenci\u00f3n por el delito de tenencia de estupefacientes con fines de comercializaci\u00f3n.<\/p>\n<p>La mujer, ya se encuentra a la disposici\u00f3n de la justicia.<\/p>\n<p><img data-recalc-dims=\"1\" loading=\"lazy\" decoding=\"async\" class=\"wp-image-37820 aligncenter\" src=\"https:\/\/i0.wp.com\/larevistadigital.com.ar\/blog\/wp-content\/uploads\/WhatsApp-Image-2024-11-09-at-19.16.07.jpeg?resize=482%2C643&#038;ssl=1\" alt=\"\" width=\"482\" height=\"643\" srcset=\"https:\/\/i0.wp.com\/larevistadigital.com.ar\/blog\/wp-content\/uploads\/WhatsApp-Image-2024-11-09-at-19.16.07.jpeg?resize=225%2C300&amp;ssl=1 225w, https:\/\/i0.wp.com\/larevistadigital.com.ar\/blog\/wp-content\/uploads\/WhatsApp-Image-2024-11-09-at-19.16.07.jpeg?resize=768%2C1024&amp;ssl=1 768w, https:\/\/i0.wp.com\/larevistadigital.com.ar\/blog\/wp-content\/uploads\/WhatsApp-Image-2024-11-09-at-19.16.07.jpeg?w=960&amp;ssl=1 960w\" sizes=\"auto, (max-width: 482px) 100vw, 482px\" \/><\/p>\n","protected":false},"excerpt":{"rendered":"<div class=\"mh-excerpt\"><p>Fue el resultado de \u00e1rduas investigaciones y tareas de inteligencia que llegaron a buen fin. Gran trabajo conjunto de polic\u00eda y Secretar\u00eda de Seguridad, con el respaldo pol\u00edtico del Intendente. 10 de Noviembre de 2024 <a class=\"mh-excerpt-more\" href=\"https:\/\/larevistadigital.com.ar\/blog\/chascomus-detectan-y-aprehenden-a-dos-sujetos-por-trafico-y-venta-de-cocaina-en-el-barrio-san-luis\/\" title=\"Chascom\u00fas: detectan y aprehenden a dos sujetos por tr\u00e1fico y venta de coca\u00edna en el Barrio San Luis.\">[Leer M\u00e1s]<\/a><\/p>\n<\/div>","protected":false},"author":3,"featured_media":37818,"comment_status":"open","ping_status":"open","sticky":false,"template":"","format":"standard","meta":{"_jetpack_memberships_contains_paid_content":false,"footnotes":"","jetpack_publicize_message":"","jetpack_publicize_feature_enabled":true,"jetpack_social_post_already_shared":true,"jetpack_social_options":{"image_generator_settings":{"template":"highway","default_image_id":0,"font":"","enabled":false},"version":2}},"categories":[41,44],"tags":[],"class_list":{"0":"post-37817","1":"post","2":"type-post","3":"status-publish","4":"format-standard","5":"has-post-thumbnail","7":"category-destacadas","8":"category-policiales"},"jetpack_publicize_connections":[],"jetpack_featured_media_url":"https:\/\/i0.wp.com\/larevistadigital.com.ar\/blog\/wp-content\/uploads\/WhatsApp-Image-2024-11-09-at-19.16.06-e1731255134604.jpeg?fit=720%2C908&ssl=1","jetpack_sharing_enabled":true,"jetpack_shortlink":"https:\/\/wp.me\/p8qtrQ-9PX","jetpack-related-posts":[{"id":34340,"url":"https:\/\/larevistadigital.com.ar\/blog\/chascomus-la-subdelegacion-de-trafico-de-drogas-ilicitas-allano-y-secuestro-cocaina-con-ayuda-de-monitoreo\/","url_meta":{"origin":37817,"position":0},"title":"CHASCOM\u00daS: LA SUBDELEGACI\u00d3N DE TR\u00c1FICO DE DROGAS IL\u00cdCITAS ALLAN\u00d3 Y SECUESTR\u00d3 COCA\u00cdNA CON AYUDA DE MONITOREO","author":"Alejandro Sosa Ruda","date":"2 noviembre, 2023","format":false,"excerpt":"Otra investigaci\u00f3n con resultados positivos. 2 de noviembre de 2023 CHASCOM\u00daS -\u00a0 Personal de la Subdelegaci\u00f3n Chascom\u00fas de Investigaciones del Tr\u00e1fico de Drogas Il\u00edcitas, bajo el mando del Comisario Abel De La Cruz cumpli\u00f3 una orden de registro en el barrio San Luis,\u00a0 mas precisamente frente a la del barrio\u2026","rel":"","context":"En \u00abCHASCOM\u00daS\u00bb","block_context":{"text":"CHASCOM\u00daS","link":"https:\/\/larevistadigital.com.ar\/blog\/category\/chascomus\/"},"img":{"alt_text":"","src":"https:\/\/i0.wp.com\/larevistadigital.com.ar\/blog\/wp-content\/uploads\/2018\/03\/Policia-allanamiento-noche.jpg?fit=777%2C498&ssl=1&resize=350%2C200","width":350,"height":200,"srcset":"https:\/\/i0.wp.com\/larevistadigital.com.ar\/blog\/wp-content\/uploads\/2018\/03\/Policia-allanamiento-noche.jpg?fit=777%2C498&ssl=1&resize=350%2C200 1x, https:\/\/i0.wp.com\/larevistadigital.com.ar\/blog\/wp-content\/uploads\/2018\/03\/Policia-allanamiento-noche.jpg?fit=777%2C498&ssl=1&resize=525%2C300 1.5x, https:\/\/i0.wp.com\/larevistadigital.com.ar\/blog\/wp-content\/uploads\/2018\/03\/Policia-allanamiento-noche.jpg?fit=777%2C498&ssl=1&resize=700%2C400 2x"},"classes":[]},{"id":38378,"url":"https:\/\/larevistadigital.com.ar\/blog\/chascomus-investigan-allanan-y-detienen-a-sujeto-que-comercializaba-cocaina-en-el-barrio-san-luis\/","url_meta":{"origin":37817,"position":1},"title":"Chascom\u00fas: Investigan, allanan y detienen a sujeto que comercializaba coca\u00edna en el Barrio San Luis","author":"Alejandro Sosa Ruda","date":"21 diciembre, 2024","format":false,"excerpt":"La detenci\u00f3n se produjo luego de investigaciones, trabajos encubiertos y el importante aporte de Monitoreo Municipal de la Secretar\u00eda de Seguridad. 21 de Diciembre de 2024 CHASCOM\u00daS -\u00a0 Con motivo de un oficio judicial emanado de la ayudant\u00eda Fiscal de Estupefacientes de esta Chascom\u00fas, personal de la Sub Delegaci\u00f3n Chascom\u00fas\u2026","rel":"","context":"En \u00abDESTACADAS\u00bb","block_context":{"text":"DESTACADAS","link":"https:\/\/larevistadigital.com.ar\/blog\/category\/destacadas\/"},"img":{"alt_text":"","src":"https:\/\/i0.wp.com\/larevistadigital.com.ar\/blog\/wp-content\/uploads\/POLICIA.png?fit=1002%2C658&ssl=1&resize=350%2C200","width":350,"height":200,"srcset":"https:\/\/i0.wp.com\/larevistadigital.com.ar\/blog\/wp-content\/uploads\/POLICIA.png?fit=1002%2C658&ssl=1&resize=350%2C200 1x, https:\/\/i0.wp.com\/larevistadigital.com.ar\/blog\/wp-content\/uploads\/POLICIA.png?fit=1002%2C658&ssl=1&resize=525%2C300 1.5x, https:\/\/i0.wp.com\/larevistadigital.com.ar\/blog\/wp-content\/uploads\/POLICIA.png?fit=1002%2C658&ssl=1&resize=700%2C400 2x"},"classes":[]},{"id":37787,"url":"https:\/\/larevistadigital.com.ar\/blog\/chascomus-detienen-a-un-sujeto-que-comercializaba-cocaina-en-el-barrio-30-de-mayo\/","url_meta":{"origin":37817,"position":2},"title":"Chascom\u00fas: Detienen a un sujeto que comercializaba coca\u00edna en el Barrio 30 de Mayo","author":"Alejandro Sosa Ruda","date":"7 noviembre, 2024","format":false,"excerpt":"Todo se inici\u00f3 con un llamado al Call Center del 911, y se logr\u00f3 dar con el sujeto y aprehenderlo luego de allanamientos con resultado positivo. 7 de Noviembre de 2024 CHASCOM\u00daS\u00a0 -\u00a0 \u00a0A ra\u00edz de una denuncia an\u00f3nima realizada al 911, personal de la subdelegaci\u00f3n de investigaciones del Tr\u00e1fico\u2026","rel":"","context":"En \u00abDESTACADAS\u00bb","block_context":{"text":"DESTACADAS","link":"https:\/\/larevistadigital.com.ar\/blog\/category\/destacadas\/"},"img":{"alt_text":"","src":"https:\/\/i0.wp.com\/larevistadigital.com.ar\/blog\/wp-content\/uploads\/WhatsApp-Image-2024-11-07-at-12.28.46.jpeg?fit=910%2C1200&ssl=1&resize=350%2C200","width":350,"height":200,"srcset":"https:\/\/i0.wp.com\/larevistadigital.com.ar\/blog\/wp-content\/uploads\/WhatsApp-Image-2024-11-07-at-12.28.46.jpeg?fit=910%2C1200&ssl=1&resize=350%2C200 1x, https:\/\/i0.wp.com\/larevistadigital.com.ar\/blog\/wp-content\/uploads\/WhatsApp-Image-2024-11-07-at-12.28.46.jpeg?fit=910%2C1200&ssl=1&resize=525%2C300 1.5x, https:\/\/i0.wp.com\/larevistadigital.com.ar\/blog\/wp-content\/uploads\/WhatsApp-Image-2024-11-07-at-12.28.46.jpeg?fit=910%2C1200&ssl=1&resize=700%2C400 2x"},"classes":[]},{"id":40405,"url":"https:\/\/larevistadigital.com.ar\/blog\/golpe-al-narcomenudeo-en-chascomus-dos-detenidos-por-venta-y-distribucion-de-drogas\/","url_meta":{"origin":37817,"position":3},"title":"Golpe al narcomenudeo en Chascom\u00fas: dos detenidos por venta y distribuci\u00f3n de drogas","author":"Alejandro Sosa Ruda","date":"10 julio, 2025","format":false,"excerpt":"Tras una intensa investigaci\u00f3n policial y con apoyo del Centro de Monitoreo local, se desbarat\u00f3 un punto de venta de estupefacientes en la ciudad. Hubo allanamientos simult\u00e1neos, secuestro de drogas y elementos clave para la causa. 10 de Julio de 2025 CHASCOM\u00daS -\u00a0 \u00a0Una investigaci\u00f3n judicial por comercializaci\u00f3n de estupefacientes\u2026","rel":"","context":"En \u00abDESTACADAS\u00bb","block_context":{"text":"DESTACADAS","link":"https:\/\/larevistadigital.com.ar\/blog\/category\/destacadas\/"},"img":{"alt_text":"","src":"https:\/\/i0.wp.com\/larevistadigital.com.ar\/blog\/wp-content\/uploads\/WhatsApp-Image-2025-07-10-at-16.16.07.jpeg?fit=1200%2C675&ssl=1&resize=350%2C200","width":350,"height":200,"srcset":"https:\/\/i0.wp.com\/larevistadigital.com.ar\/blog\/wp-content\/uploads\/WhatsApp-Image-2025-07-10-at-16.16.07.jpeg?fit=1200%2C675&ssl=1&resize=350%2C200 1x, https:\/\/i0.wp.com\/larevistadigital.com.ar\/blog\/wp-content\/uploads\/WhatsApp-Image-2025-07-10-at-16.16.07.jpeg?fit=1200%2C675&ssl=1&resize=525%2C300 1.5x, https:\/\/i0.wp.com\/larevistadigital.com.ar\/blog\/wp-content\/uploads\/WhatsApp-Image-2025-07-10-at-16.16.07.jpeg?fit=1200%2C675&ssl=1&resize=700%2C400 2x, https:\/\/i0.wp.com\/larevistadigital.com.ar\/blog\/wp-content\/uploads\/WhatsApp-Image-2025-07-10-at-16.16.07.jpeg?fit=1200%2C675&ssl=1&resize=1050%2C600 3x"},"classes":[]},{"id":34549,"url":"https:\/\/larevistadigital.com.ar\/blog\/chascomus-desarticulan-un-kiosco-que-se-dedicaba-a-la-venta-de-drogas-al-menudeo\/","url_meta":{"origin":37817,"position":4},"title":"CHASCOM\u00daS: DESARTICULAN UN KIOSCO QUE SE DEDICABA A LA VENTA DE DROGAS AL \u00abMENUDEO\u00bb","author":"Alejandro Sosa Ruda","date":"16 noviembre, 2023","format":false,"excerpt":"Fue un trabajo de la Sub Delegaci\u00f3n Chascom\u00fas del tr\u00e1fico de Drogas Il\u00edcitas. Colabor\u00f3 Inspecci\u00f3n Municipal de Chascom\u00fas. 16 de Noviembre de 2023 CHASCOM\u00daS -\u00a0\u00a0El grupo de hombres, a cargo del comisario Abel De La Cruz,\u00a0consigui\u00f3 desarticular una organizaci\u00f3n criminal que utilizaba un comercio del rubro kiosco como fachada para\u2026","rel":"","context":"En \u00abDESTACADAS\u00bb","block_context":{"text":"DESTACADAS","link":"https:\/\/larevistadigital.com.ar\/blog\/category\/destacadas\/"},"img":{"alt_text":"","src":"https:\/\/i0.wp.com\/larevistadigital.com.ar\/blog\/wp-content\/uploads\/Policia-Local-Dolores-678x381.jpg?fit=678%2C381&ssl=1&resize=350%2C200","width":350,"height":200,"srcset":"https:\/\/i0.wp.com\/larevistadigital.com.ar\/blog\/wp-content\/uploads\/Policia-Local-Dolores-678x381.jpg?fit=678%2C381&ssl=1&resize=350%2C200 1x, https:\/\/i0.wp.com\/larevistadigital.com.ar\/blog\/wp-content\/uploads\/Policia-Local-Dolores-678x381.jpg?fit=678%2C381&ssl=1&resize=525%2C300 1.5x"},"classes":[]},{"id":34876,"url":"https:\/\/larevistadigital.com.ar\/blog\/chascomus-se-hicieron-dos-allanamientos-secuestrando-marihuana-cocaina-y-logrando-aprehender-a-un-individuo\/","url_meta":{"origin":37817,"position":5},"title":"CHASCOM\u00daS: SE HICIERON DOS ALLANAMIENTOS, SECUESTRANDO MARIHUANA, COCA\u00cdNA Y LOGRANDO APREHENDER A UN INDIVIDUO.","author":"Alejandro Sosa Ruda","date":"21 diciembre, 2023","format":false,"excerpt":"Los allanamientos fueron en calle Obligado y en el Barrio 30 de Mayo. 21 de diciembre de 2023 CHASCOM\u00daS -\u00a0 Durante la jornada de ayer, se llevaron a cabo dos allanamientos por la SUBDELEGACION DE INV. DEL TR\u00c1FICO DE DROGAS IL\u00cdCITAS CHASCOMUS en el marco de una investigaci\u00f3n relacionada con\u2026","rel":"","context":"En \u00abDESTACADAS\u00bb","block_context":{"text":"DESTACADAS","link":"https:\/\/larevistadigital.com.ar\/blog\/category\/destacadas\/"},"img":{"alt_text":"","src":"https:\/\/i0.wp.com\/larevistadigital.com.ar\/blog\/wp-content\/uploads\/WhatsApp-Image-2023-12-21-at-07.06.23-1-e1703171662789.jpeg?fit=960%2C774&ssl=1&resize=350%2C200","width":350,"height":200,"srcset":"https:\/\/i0.wp.com\/larevistadigital.com.ar\/blog\/wp-content\/uploads\/WhatsApp-Image-2023-12-21-at-07.06.23-1-e1703171662789.jpeg?fit=960%2C774&ssl=1&resize=350%2C200 1x, https:\/\/i0.wp.com\/larevistadigital.com.ar\/blog\/wp-content\/uploads\/WhatsApp-Image-2023-12-21-at-07.06.23-1-e1703171662789.jpeg?fit=960%2C774&ssl=1&resize=525%2C300 1.5x, https:\/\/i0.wp.com\/larevistadigital.com.ar\/blog\/wp-content\/uploads\/WhatsApp-Image-2023-12-21-at-07.06.23-1-e1703171662789.jpeg?fit=960%2C774&ssl=1&resize=700%2C400 2x"},"classes":[]}],"_links":{"self":[{"href":"https:\/\/larevistadigital.com.ar\/blog\/wp-json\/wp\/v2\/posts\/37817","targetHints":{"allow":["GET"]}}],"collection":[{"href":"https:\/\/larevistadigital.com.ar\/blog\/wp-json\/wp\/v2\/posts"}],"about":[{"href":"https:\/\/larevistadigital.com.ar\/blog\/wp-json\/wp\/v2\/types\/post"}],"author":[{"embeddable":true,"href":"https:\/\/larevistadigital.com.ar\/blog\/wp-json\/wp\/v2\/users\/3"}],"replies":[{"embeddable":true,"href":"https:\/\/larevistadigital.com.ar\/blog\/wp-json\/wp\/v2\/comments?post=37817"}],"version-history":[{"count":3,"href":"https:\/\/larevistadigital.com.ar\/blog\/wp-json\/wp\/v2\/posts\/37817\/revisions"}],"predecessor-version":[{"id":37823,"href":"https:\/\/larevistadigital.com.ar\/blog\/wp-json\/wp\/v2\/posts\/37817\/revisions\/37823"}],"wp:featuredmedia":[{"embeddable":true,"href":"https:\/\/larevistadigital.com.ar\/blog\/wp-json\/wp\/v2\/media\/37818"}],"wp:attachment":[{"href":"https:\/\/larevistadigital.com.ar\/blog\/wp-json\/wp\/v2\/media?parent=37817"}],"wp:term":[{"taxonomy":"category","embeddable":true,"href":"https:\/\/larevistadigital.com.ar\/blog\/wp-json\/wp\/v2\/categories?post=37817"},{"taxonomy":"post_tag","embeddable":true,"href":"https:\/\/larevistadigital.com.ar\/blog\/wp-json\/wp\/v2\/tags?post=37817"}],"curies":[{"name":"wp","href":"https:\/\/api.w.org\/{rel}","templated":true}]}}