{"id":37825,"date":"2024-11-12T22:16:38","date_gmt":"2024-11-13T01:16:38","guid":{"rendered":"https:\/\/larevistadigital.com.ar\/blog\/?p=37825"},"modified":"2024-11-20T23:44:10","modified_gmt":"2024-11-21T02:44:10","slug":"alerta-en-la-industria-en-2024-cerraron-16-500-pymes","status":"publish","type":"post","link":"https:\/\/larevistadigital.com.ar\/blog\/alerta-en-la-industria-en-2024-cerraron-16-500-pymes\/","title":{"rendered":"Alerta en la industria: en 2024 cerraron 16.500 PyMEs"},"content":{"rendered":"<h2 class=\"fparrafo ctext fz18 lh25\">En 2024, la crisis econ\u00f3mica ha llevado al cierre de 16.500 PyMEs, siendo el sector industrial uno de los m\u00e1s golpeados, seg\u00fan datos del Frente Productivo Nacional.<\/h2>\n<p>12 de Noviembre de 2024<\/p>\n<p><strong>BUENOS AIRES &#8211;\u00a0 <\/strong>Adem\u00e1s, se reporta el cierre de 10.000 kioscos y almacenes y la p\u00e9rdida de 160.000 empleos en este sector. La Asociaci\u00f3n de Empresarios Nacionales (ENAC) indic\u00f3 que la crisis se intensific\u00f3 en el segundo semestre, con 6.500 empresas que dejaron de operar entre julio y octubre, sum\u00e1ndose a las 10.000 cerradas durante el primer semestre.<\/p>\n<blockquote>\n<h3>La recesi\u00f3n y la ca\u00edda del consumo de productos b\u00e1sicos afectan severamente a las peque\u00f1as empresas. Un ejemplo es el descenso del 12,3% en las ventas de carne vacuna en los primeros nueve meses del a\u00f1o, seg\u00fan Ciccra, alcanzando el nivel de ventas m\u00e1s bajo en 26 a\u00f1os.<\/h3>\n<\/blockquote>\n<p>La Confederaci\u00f3n Federal PyME se\u00f1al\u00f3 que el incremento en los costos de servicios y los impuestos representan una carga insostenible para los peque\u00f1os empresarios.<\/p>\n<h3><span style=\"color: #ff0000\"><b>Expectativa en la industria por la \u00abLey PyME\u00bb<\/b><\/span><\/h3>\n<p>Ante este panorama adverso, los empresarios insisten en la necesidad de aprobar una \u00abLey PyME\u00bb que implique un alivio fiscal y mejores condiciones para el sector. Por el momento, no hubo respuestas al respecto por parte del Poder Legislativo.<\/p>\n<p>El \u00fanico interlocutor activo entre el Gobierno y el sector fue el jefe de Gabinete, Guillermo Francos, quien se comprometi\u00f3 a trabajar en un R\u00e9gimen de Incentivo y Generaci\u00f3n de Ingresos (RIGI) para las pymes, un proyecto que, seg\u00fan los empresarios, parece dif\u00edcil que se concrete en el corto plazo.<\/p>\n<h3><span style=\"color: #ff0000\"><b>Optimismo infundado<\/b><\/span><\/h3>\n<p>Mientras tanto, el presidente Javier Milei mantiene un discurso optimista sobre la econom\u00eda y afirm\u00f3 que \u00abla recesi\u00f3n ha terminado y el pa\u00eds ha comenzado a crecer\u00bb. En un reciente acto de la C\u00e1mara Argentina de Comercio y Servicios (CAC), Milei sostuvo que la econom\u00eda experimentar\u00e1 un crecimiento r\u00e1pido, aunque sus palabras generaron escepticismo en el sector pyme.<\/p>\n<p>Los datos muestran que la econom\u00eda argentina sigue en una senda de contracci\u00f3n. En agosto se registr\u00f3 una ca\u00edda interanual del 3,8% y, aunque mostr\u00f3 un leve avance del 0,2% en comparaci\u00f3n con julio, el acumulado del a\u00f1o presenta una baja del 3,1%. (<b>InfoGEI<\/b>)Ac<\/p>\n","protected":false},"excerpt":{"rendered":"<div class=\"mh-excerpt\"><p>En 2024, la crisis econ\u00f3mica ha llevado al cierre de 16.500 PyMEs, siendo el sector industrial uno de los m\u00e1s golpeados, seg\u00fan datos del Frente Productivo Nacional. 12 de Noviembre de 2024 BUENOS AIRES &#8211;\u00a0 <a class=\"mh-excerpt-more\" href=\"https:\/\/larevistadigital.com.ar\/blog\/alerta-en-la-industria-en-2024-cerraron-16-500-pymes\/\" title=\"Alerta en la industria: en 2024 cerraron 16.500 PyMEs\">[Leer M\u00e1s]<\/a><\/p>\n<\/div>","protected":false},"author":3,"featured_media":37826,"comment_status":"open","ping_status":"open","sticky":false,"template":"","format":"standard","meta":{"_jetpack_memberships_contains_paid_content":false,"footnotes":"","jetpack_publicize_message":"","jetpack_publicize_feature_enabled":true,"jetpack_social_post_already_shared":true,"jetpack_social_options":{"image_generator_settings":{"template":"highway","default_image_id":0,"font":"","enabled":false},"version":2}},"categories":[50],"tags":[],"class_list":{"0":"post-37825","1":"post","2":"type-post","3":"status-publish","4":"format-standard","5":"has-post-thumbnail","7":"category-interes-general"},"jetpack_publicize_connections":[],"jetpack_featured_media_url":"https:\/\/i0.wp.com\/larevistadigital.com.ar\/blog\/wp-content\/uploads\/20241112172203_alerta-industria-cerraron-16-500-pymes.jpg?fit=880%2C512&ssl=1","jetpack_sharing_enabled":true,"jetpack_shortlink":"https:\/\/wp.me\/p8qtrQ-9Q5","jetpack-related-posts":[{"id":37718,"url":"https:\/\/larevistadigital.com.ar\/blog\/para-los-empresarios-argentinos-la-economia-sigue-en-recesion\/","url_meta":{"origin":37825,"position":0},"title":"Para los empresarios argentinos, la econom\u00eda sigue en recesi\u00f3n","author":"Alejandro Sosa Ruda","date":"5 noviembre, 2024","format":false,"excerpt":"La Asociaci\u00f3n de Empresarios y Empresarias Nacionales para el Desarrollo Argentino (ENAC) realiz\u00f3 la Encuesta Radar Pyme del tercer trimestre de 2024, recabaron datos de 400 empresas en 22 provincias. Los resultados reflejan que un 84,2% de los empresarios percibe la econom\u00eda en recesi\u00f3n o depresi\u00f3n. Sin embargo, el sector\u2026","rel":"","context":"En \u00abDESTACADAS\u00bb","block_context":{"text":"DESTACADAS","link":"https:\/\/larevistadigital.com.ar\/blog\/category\/destacadas\/"},"img":{"alt_text":"","src":"https:\/\/i0.wp.com\/larevistadigital.com.ar\/blog\/wp-content\/uploads\/20241104172442_radar-pyme-empresarios-economia-real-recesion.jpg?fit=880%2C512&ssl=1&resize=350%2C200","width":350,"height":200,"srcset":"https:\/\/i0.wp.com\/larevistadigital.com.ar\/blog\/wp-content\/uploads\/20241104172442_radar-pyme-empresarios-economia-real-recesion.jpg?fit=880%2C512&ssl=1&resize=350%2C200 1x, https:\/\/i0.wp.com\/larevistadigital.com.ar\/blog\/wp-content\/uploads\/20241104172442_radar-pyme-empresarios-economia-real-recesion.jpg?fit=880%2C512&ssl=1&resize=525%2C300 1.5x, https:\/\/i0.wp.com\/larevistadigital.com.ar\/blog\/wp-content\/uploads\/20241104172442_radar-pyme-empresarios-economia-real-recesion.jpg?fit=880%2C512&ssl=1&resize=700%2C400 2x"},"classes":[]},{"id":35679,"url":"https:\/\/larevistadigital.com.ar\/blog\/convocan-a-las-pymes-a-la-marcha-del-24-en-defensa-de-la-patria\/","url_meta":{"origin":37825,"position":1},"title":"CONVOCAN A LAS PYMES A LA MARCHA DEL 24 EN DEFENSA DE LA PATRIA","author":"Alejandro Sosa Ruda","date":"23 marzo, 2024","format":false,"excerpt":"A 100 d\u00edas del actual Gobierno de Milei y Caputo la Asociaci\u00f3n de Empresarios y Empresarias Nacionales Para el Desarrollo Argentino (ENAC), convoc\u00f3 a las pymes de la industria, del comercio y la agricultura a la marcha del 24 de Marzo a \u201cdefender a la Patria y para que nunca\u2026","rel":"","context":"En \u00abINTERES GENERAL\u00bb","block_context":{"text":"INTERES GENERAL","link":"https:\/\/larevistadigital.com.ar\/blog\/category\/interes-general\/"},"img":{"alt_text":"","src":"https:\/\/i0.wp.com\/larevistadigital.com.ar\/blog\/wp-content\/uploads\/20240322153305_leo-bilanski-enac.jpg?fit=880%2C512&ssl=1&resize=350%2C200","width":350,"height":200,"srcset":"https:\/\/i0.wp.com\/larevistadigital.com.ar\/blog\/wp-content\/uploads\/20240322153305_leo-bilanski-enac.jpg?fit=880%2C512&ssl=1&resize=350%2C200 1x, https:\/\/i0.wp.com\/larevistadigital.com.ar\/blog\/wp-content\/uploads\/20240322153305_leo-bilanski-enac.jpg?fit=880%2C512&ssl=1&resize=525%2C300 1.5x, https:\/\/i0.wp.com\/larevistadigital.com.ar\/blog\/wp-content\/uploads\/20240322153305_leo-bilanski-enac.jpg?fit=880%2C512&ssl=1&resize=700%2C400 2x"},"classes":[]},{"id":33060,"url":"https:\/\/larevistadigital.com.ar\/blog\/exito-total-en-su-primer-semestre-la-tienda-del-banco-provincia-tuvo-70-millones-de-pesos-en-ventas\/","url_meta":{"origin":37825,"position":2},"title":"\u00c9XITO TOTAL: EN SU PRIMER SEMESTRE LA TIENDA DEL BANCO PROVINCIA TUVO 70 MILLONES DE PESOS EN VENTAS","author":"Alejandro Sosa Ruda","date":"27 agosto, 2023","format":false,"excerpt":"Desde su lanzamiento, el 15 de marzo, Provincia Compras registr\u00f3 m\u00e1s de 617 mil ventas por un total de 70.000 millones de pesos, con un ticket promedio de 112 mil pesos por operaci\u00f3n. El 80% de las compras fueron financiadas en 24 cuotas sin inter\u00e9s. Adem\u00e1s, a trav\u00e9s de la\u2026","rel":"","context":"En \u00abINTERES GENERAL\u00bb","block_context":{"text":"INTERES GENERAL","link":"https:\/\/larevistadigital.com.ar\/blog\/category\/interes-general\/"},"img":{"alt_text":"","src":"https:\/\/i0.wp.com\/larevistadigital.com.ar\/blog\/wp-content\/uploads\/20230826145902_compras.jpg?fit=880%2C512&ssl=1&resize=350%2C200","width":350,"height":200,"srcset":"https:\/\/i0.wp.com\/larevistadigital.com.ar\/blog\/wp-content\/uploads\/20230826145902_compras.jpg?fit=880%2C512&ssl=1&resize=350%2C200 1x, https:\/\/i0.wp.com\/larevistadigital.com.ar\/blog\/wp-content\/uploads\/20230826145902_compras.jpg?fit=880%2C512&ssl=1&resize=525%2C300 1.5x, https:\/\/i0.wp.com\/larevistadigital.com.ar\/blog\/wp-content\/uploads\/20230826145902_compras.jpg?fit=880%2C512&ssl=1&resize=700%2C400 2x"},"classes":[]},{"id":28632,"url":"https:\/\/larevistadigital.com.ar\/blog\/historico-reclamo-del-sector-se-modifica-el-iva-para-las-producciones-periodisticas\/","url_meta":{"origin":37825,"position":3},"title":"HIST\u00d3RICO RECLAMO DEL SECTOR: SE MODIFICA EL IVA PARA LAS PRODUCCIONES PERIOD\u00cdSTICAS","author":"Alejandro Sosa Ruda","date":"27 octubre, 2022","format":false,"excerpt":"La medida beneficia a cientos de peque\u00f1as empresas period\u00edsticas dedicadas a la producci\u00f3n editorial, la locaci\u00f3n de espacios publicitarios y las ediciones period\u00edsticas en l\u00ednea. A finales de 2018 el gobierno hab\u00eda aumentado el IVA del 2,5% al 10,5%, a ese sector lo que provoc\u00f3 cierre de m\u00e1s de 30\u2026","rel":"","context":"En \u00abECONOMIA\u00bb","block_context":{"text":"ECONOMIA","link":"https:\/\/larevistadigital.com.ar\/blog\/category\/economia\/"},"img":{"alt_text":"","src":"https:\/\/i0.wp.com\/larevistadigital.com.ar\/blog\/wp-content\/uploads\/PC8NFL3aH_1300x655__1.jpg?fit=1200%2C605&ssl=1&resize=350%2C200","width":350,"height":200,"srcset":"https:\/\/i0.wp.com\/larevistadigital.com.ar\/blog\/wp-content\/uploads\/PC8NFL3aH_1300x655__1.jpg?fit=1200%2C605&ssl=1&resize=350%2C200 1x, https:\/\/i0.wp.com\/larevistadigital.com.ar\/blog\/wp-content\/uploads\/PC8NFL3aH_1300x655__1.jpg?fit=1200%2C605&ssl=1&resize=525%2C300 1.5x, https:\/\/i0.wp.com\/larevistadigital.com.ar\/blog\/wp-content\/uploads\/PC8NFL3aH_1300x655__1.jpg?fit=1200%2C605&ssl=1&resize=700%2C400 2x, https:\/\/i0.wp.com\/larevistadigital.com.ar\/blog\/wp-content\/uploads\/PC8NFL3aH_1300x655__1.jpg?fit=1200%2C605&ssl=1&resize=1050%2C600 3x"},"classes":[]},{"id":36933,"url":"https:\/\/larevistadigital.com.ar\/blog\/chascomus-continua-la-baja-en-la-actividad-comercial-minorista-que-afecta-a-la-economia-local\/","url_meta":{"origin":37825,"position":4},"title":"CHASCOM\u00daS: CONTIN\u00daA LA BAJA EN LA ACTIVIDAD COMERCIAL MINORISTA QUE AFECTA A LA ECONOM\u00cdA LOCAL","author":"Alejandro Sosa Ruda","date":"11 agosto, 2024","format":false,"excerpt":"Los \u00faltimos relevamientos indican que las pymes enfrentan una ca\u00edda del 15,7% en julio. Mientras que en Chascom\u00fas hubo un leve repunte durante las vacaciones de invierno, el panorama general contin\u00faa siendo preocupante. 11 de Agosto de 2024 CHASCOM\u00daS -\u00a0 Las ventas minoristas de las pymes tuvieron una nueva baja\u2026","rel":"","context":"En \u00abCHASCOM\u00daS\u00bb","block_context":{"text":"CHASCOM\u00daS","link":"https:\/\/larevistadigital.com.ar\/blog\/category\/chascomus\/"},"img":{"alt_text":"","src":"https:\/\/i0.wp.com\/larevistadigital.com.ar\/blog\/wp-content\/uploads\/66b765275385e.png?fit=668%2C445&ssl=1&resize=350%2C200","width":350,"height":200,"srcset":"https:\/\/i0.wp.com\/larevistadigital.com.ar\/blog\/wp-content\/uploads\/66b765275385e.png?fit=668%2C445&ssl=1&resize=350%2C200 1x, https:\/\/i0.wp.com\/larevistadigital.com.ar\/blog\/wp-content\/uploads\/66b765275385e.png?fit=668%2C445&ssl=1&resize=525%2C300 1.5x"},"classes":[]},{"id":1676,"url":"https:\/\/larevistadigital.com.ar\/blog\/una-comitiva-de-la-came-pide-que-se-compense-a-las-pymes-de-zonas-de-frontera\/","url_meta":{"origin":37825,"position":5},"title":"Una comitiva de la CAME pide que se compense a las pymes de zonas de frontera","author":"editor","date":"27 marzo, 2017","format":false,"excerpt":"Luego de otro fin de semana largo en el que miles argentinos acudieron hacia pa\u00edses vecinos en busca de precios m\u00e1s competitivos, una comitiva de la Confederaci\u00f3n Argentina de la Mediana Empresa (CAME), expusieron su preocupaci\u00f3n y reclamaron que se reglamente el art\u00edculo 10 de la ley Pyme. Se trata\u2026","rel":"","context":"En \u00abGREMIALES\u00bb","block_context":{"text":"GREMIALES","link":"https:\/\/larevistadigital.com.ar\/blog\/category\/gremiales\/"},"img":{"alt_text":"","src":"https:\/\/i0.wp.com\/larevistadigital.com.ar\/blog\/wp-content\/uploads\/2017\/03\/20170327131721_compras_chile.jpg?fit=620%2C370&ssl=1&resize=350%2C200","width":350,"height":200,"srcset":"https:\/\/i0.wp.com\/larevistadigital.com.ar\/blog\/wp-content\/uploads\/2017\/03\/20170327131721_compras_chile.jpg?fit=620%2C370&ssl=1&resize=350%2C200 1x, https:\/\/i0.wp.com\/larevistadigital.com.ar\/blog\/wp-content\/uploads\/2017\/03\/20170327131721_compras_chile.jpg?fit=620%2C370&ssl=1&resize=525%2C300 1.5x"},"classes":[]}],"_links":{"self":[{"href":"https:\/\/larevistadigital.com.ar\/blog\/wp-json\/wp\/v2\/posts\/37825","targetHints":{"allow":["GET"]}}],"collection":[{"href":"https:\/\/larevistadigital.com.ar\/blog\/wp-json\/wp\/v2\/posts"}],"about":[{"href":"https:\/\/larevistadigital.com.ar\/blog\/wp-json\/wp\/v2\/types\/post"}],"author":[{"embeddable":true,"href":"https:\/\/larevistadigital.com.ar\/blog\/wp-json\/wp\/v2\/users\/3"}],"replies":[{"embeddable":true,"href":"https:\/\/larevistadigital.com.ar\/blog\/wp-json\/wp\/v2\/comments?post=37825"}],"version-history":[{"count":1,"href":"https:\/\/larevistadigital.com.ar\/blog\/wp-json\/wp\/v2\/posts\/37825\/revisions"}],"predecessor-version":[{"id":37827,"href":"https:\/\/larevistadigital.com.ar\/blog\/wp-json\/wp\/v2\/posts\/37825\/revisions\/37827"}],"wp:featuredmedia":[{"embeddable":true,"href":"https:\/\/larevistadigital.com.ar\/blog\/wp-json\/wp\/v2\/media\/37826"}],"wp:attachment":[{"href":"https:\/\/larevistadigital.com.ar\/blog\/wp-json\/wp\/v2\/media?parent=37825"}],"wp:term":[{"taxonomy":"category","embeddable":true,"href":"https:\/\/larevistadigital.com.ar\/blog\/wp-json\/wp\/v2\/categories?post=37825"},{"taxonomy":"post_tag","embeddable":true,"href":"https:\/\/larevistadigital.com.ar\/blog\/wp-json\/wp\/v2\/tags?post=37825"}],"curies":[{"name":"wp","href":"https:\/\/api.w.org\/{rel}","templated":true}]}}