{"id":37828,"date":"2024-11-12T22:24:41","date_gmt":"2024-11-13T01:24:41","guid":{"rendered":"https:\/\/larevistadigital.com.ar\/blog\/?p=37828"},"modified":"2024-11-20T23:44:02","modified_gmt":"2024-11-21T02:44:02","slug":"presentan-en-diputados-proyecto-de-presupuesto-y-ley-impositiva-2025","status":"publish","type":"post","link":"https:\/\/larevistadigital.com.ar\/blog\/presentan-en-diputados-proyecto-de-presupuesto-y-ley-impositiva-2025\/","title":{"rendered":"Presentan en Diputados proyecto de presupuesto y ley impositiva 2025"},"content":{"rendered":"<h2 class=\"fparrafo ctext fz18 lh25\">El presidente de la C\u00e1mara de Diputados de Buenos Aires, Alejandro Dichiara, junto a la vicegobernadora Ver\u00f3nica Magario, recibi\u00f3 al ministro de Econom\u00eda provincial, Pablo L\u00f3pez, quien present\u00f3 el proyecto de Ley de Presupuesto e Impositiva para 2025.<\/h2>\n<p>12 De Noviembre de 2024<\/p>\n<p><strong>BUENOS AIRES &#8211;\u00a0 \u00a0<\/strong>El ministro <strong>L\u00f3pez<\/strong> detall\u00f3 los ejes principales de un presupuesto provincial que suma $34,3 billones, priorizando inversiones en \u00e1reas clave como infraestructura, salud, educaci\u00f3n y seguridad.<\/p>\n<blockquote>\n<h3>La proyecci\u00f3n de recursos para 2025 busca fortalecer pol\u00edticas p\u00fablicas que respondan a necesidades estructurales de la provincia, manteniendo un equilibrio fiscal sostenible.<\/h3>\n<\/blockquote>\n<p>Adem\u00e1s, el proyecto prev\u00e9 un aumento en la inversi\u00f3n p\u00fablica y adopta un enfoque progresivo en la Ley Impositiva para evitar mayores cargas tributarias.<\/p>\n<blockquote>\n<h3>En el inicio del encuentro, Alejandro Dichiara destac\u00f3 que este presupuesto permite sostener pol\u00edticas clave y trabajar en conjunto con todos los bloques legislativos para promover la inclusi\u00f3n social y el desarrollo productivo en la provincia.<\/h3>\n<\/blockquote>\n<p><strong>L\u00f3pez<\/strong> explic\u00f3 tres ejes fundamentales: el impacto de las pol\u00edticas nacionales en Buenos Aires, el papel de la provincia como un respaldo para garantizar servicios esenciales, y los lineamientos de la Ley Impositiva y del Presupuesto 2025. Estos objetivos se orientan a proteger a los sectores m\u00e1s vulnerables, sostener la inversi\u00f3n en \u00e1reas cr\u00edticas y garantizar una gesti\u00f3n fiscal progresiva.<\/p>\n<p><em><strong>\u201cEl presupuesto 2025 est\u00e1 dise\u00f1ado para proteger a los bonaerenses, impulsar la infraestructura y respaldar a los sectores productivos. A la vez, cumpliremos con nuestras obligaciones financieras y mantendremos la sostenibilidad fiscal, esenciales para alcanzar nuestras metas. Espero que podamos tener un debate productivo para avanzar en estas leyes\u201d,<\/strong><\/em> se\u00f1al\u00f3 el ministro.<\/p>\n<h3><span style=\"color: #ff0000\"><b>\u00c1reas prioritarias<\/b><\/span><\/h3>\n<p>Entre las prioridades, el presupuesto asigna m\u00e1s de $2,68 billones para obras en transporte, vivienda, agua potable, saneamiento, energ\u00eda, salud, seguridad y educaci\u00f3n, aumentando en un 73,5% el gasto de capital respecto a 2024.<\/p>\n<p>En cuanto a producci\u00f3n y empleo, el presupuesto destina $206.945 millones, un 29,3% m\u00e1s que el a\u00f1o anterior. Incluye programas como el fortalecimiento de industrias y PyMEs con $5.645 millones, Mercados y Ferias Bonaerenses con $2.266 millones y el Plan de Mejora de Caminos Rurales con $1.063 millones.<\/p>\n<h3><span style=\"color: #ff0000\"><b>Promoci\u00f3n y Asistencia Social<\/b><\/span><\/h3>\n<p>En el \u00e1rea de Promoci\u00f3n y Asistencia Social, se prev\u00e9 una inversi\u00f3n de $1.463.431 millones para fortalecer programas que disminuyan la vulnerabilidad social en la provincia.<\/p>\n<blockquote>\n<h3>En salud, el presupuesto asigna $1.262.011 millones para infraestructura, equipamiento e insumos hospitalarios, consolidando avances en salud p\u00fablica.<\/h3>\n<\/blockquote>\n<p>Para educaci\u00f3n, el 29% del presupuesto se destinar\u00e1 a programas como \u201cEscuelas a la Obra\u201d, tecnolog\u00eda educativa y comedores escolares, con una inversi\u00f3n de $1.287.061 millones para mejorar infraestructura y recursos en las escuelas de la provincia.<\/p>\n<h3><span style=\"color: #ff0000\"><b>Seguridad y Justicia<\/b><\/span><\/h3>\n<p>En el \u00e1mbito de Seguridad y Justicia, se proyecta una inversi\u00f3n de $1.157.075 millones para fortalecer la Fuerza Barrial de Aproximaci\u00f3n y crear nuevas unidades de investigaci\u00f3n especializada, abordando problemas de seguridad.<\/p>\n<p>El presupuesto con enfoque de g\u00e9nero representa el 2,5% del total, destinando $1,4 billones a programas de reducci\u00f3n de brechas de g\u00e9nero. En el aspecto ambiental, se prev\u00e9 un gasto de $747.844 millones para atender necesidades socioambientales de la provincia.<\/p>\n<h3><span style=\"color: #ff0000\"><b>Pol\u00edtica tributaria de 2025<\/b><\/span><\/h3>\n<p>La pol\u00edtica tributaria de 2025 reconoce el esfuerzo de los trabajadores y sectores productivos de la provincia, evitando una mayor presi\u00f3n fiscal. En Ingresos Brutos, se mantienen los alcances y al\u00edcuotas sin aumentar la carga sobre la producci\u00f3n. Los impuestos patrimoniales se ajustar\u00e1n de manera moderada, consolidando la progresividad tributaria, y se implementar\u00e1 una pol\u00edtica de incentivos para el pago anticipado y el cumplimiento fiscal.<\/p>\n<p>Durante la presentaci\u00f3n estuvieron presentes el vicepresidente de la C\u00e1mara de Diputados, Alexis Guerrera; el secretario legislativo, Gervasio Bozzano; y miembros de la Comisi\u00f3n de Presupuesto e Impuestos de ambas c\u00e1maras, junto con legisladores y autoridades de distintos bloques. (<b>InfoGEI<\/b>)Ac<\/p>\n","protected":false},"excerpt":{"rendered":"<div class=\"mh-excerpt\"><p>El presidente de la C\u00e1mara de Diputados de Buenos Aires, Alejandro Dichiara, junto a la vicegobernadora Ver\u00f3nica Magario, recibi\u00f3 al ministro de Econom\u00eda provincial, Pablo L\u00f3pez, quien present\u00f3 el proyecto de Ley de Presupuesto e <a class=\"mh-excerpt-more\" href=\"https:\/\/larevistadigital.com.ar\/blog\/presentan-en-diputados-proyecto-de-presupuesto-y-ley-impositiva-2025\/\" title=\"Presentan en Diputados proyecto de presupuesto y ley impositiva 2025\">[Leer M\u00e1s]<\/a><\/p>\n<\/div>","protected":false},"author":3,"featured_media":37829,"comment_status":"open","ping_status":"open","sticky":false,"template":"","format":"standard","meta":{"_jetpack_memberships_contains_paid_content":false,"footnotes":"","jetpack_publicize_message":"","jetpack_publicize_feature_enabled":true,"jetpack_social_post_already_shared":true,"jetpack_social_options":{"image_generator_settings":{"template":"highway","default_image_id":0,"font":"","enabled":false},"version":2}},"categories":[24,51],"tags":[],"class_list":{"0":"post-37828","1":"post","2":"type-post","3":"status-publish","4":"format-standard","5":"has-post-thumbnail","7":"category-politica-provincial","8":"category-regionales"},"jetpack_publicize_connections":[],"jetpack_featured_media_url":"https:\/\/i0.wp.com\/larevistadigital.com.ar\/blog\/wp-content\/uploads\/20241112163335_lopez-magario-dichiara-diputados-presupuesto-ley-impositiva-2025.jpg?fit=880%2C512&ssl=1","jetpack_sharing_enabled":true,"jetpack_shortlink":"https:\/\/wp.me\/p8qtrQ-9Q8","jetpack-related-posts":[{"id":7061,"url":"https:\/\/larevistadigital.com.ar\/blog\/diputados-radicales-piden-explicaciones-por-el-juego-online\/","url_meta":{"origin":37828,"position":0},"title":"DIPUTADOS RADICALES PIDEN EXPLICACIONES POR EL JUEGO ONLINE","author":"Alejandro Sosa Ruda","date":"30 noviembre, 2018","format":false,"excerpt":"Diputados del radicalismo salieron a hacer planteos sobre la decisi\u00f3n de la gobernadora Mar\u00eda Eugenia Vidal de habilitar el juego online en la provincia de Buenos Aires, y ahora solicitan que el titular del Instituto Provincial de Loter\u00eda y Casinos (IPLyC), Mat\u00edas Lanusse, vaya a la Legislatura a explicar la\u2026","rel":"","context":"En \u00abPOLITICA\u00bb","block_context":{"text":"POLITICA","link":"https:\/\/larevistadigital.com.ar\/blog\/category\/politica\/"},"img":{"alt_text":"","src":"https:\/\/i0.wp.com\/larevistadigital.com.ar\/blog\/wp-content\/uploads\/2018\/11\/5a0b8296bdb43.jpg?fit=1200%2C806&ssl=1&resize=350%2C200","width":350,"height":200,"srcset":"https:\/\/i0.wp.com\/larevistadigital.com.ar\/blog\/wp-content\/uploads\/2018\/11\/5a0b8296bdb43.jpg?fit=1200%2C806&ssl=1&resize=350%2C200 1x, https:\/\/i0.wp.com\/larevistadigital.com.ar\/blog\/wp-content\/uploads\/2018\/11\/5a0b8296bdb43.jpg?fit=1200%2C806&ssl=1&resize=525%2C300 1.5x, https:\/\/i0.wp.com\/larevistadigital.com.ar\/blog\/wp-content\/uploads\/2018\/11\/5a0b8296bdb43.jpg?fit=1200%2C806&ssl=1&resize=700%2C400 2x, https:\/\/i0.wp.com\/larevistadigital.com.ar\/blog\/wp-content\/uploads\/2018\/11\/5a0b8296bdb43.jpg?fit=1200%2C806&ssl=1&resize=1050%2C600 3x"},"classes":[]},{"id":38184,"url":"https:\/\/larevistadigital.com.ar\/blog\/dan-detalles-sobre-la-creacion-del-centro-de-industria-farmaceutica-bonaerense\/","url_meta":{"origin":37828,"position":1},"title":"Dan detalles sobre la creaci\u00f3n del Centro de Industria Farmace\u00fatica Bonaerense","author":"Alejandro Sosa Ruda","date":"9 diciembre, 2024","format":false,"excerpt":"Durante una reuni\u00f3n conjunta de las comisiones de Legislaci\u00f3n General, Salud P\u00fablica y Presupuesto e Impuestos de la C\u00e1mara de Diputados de la provincia de Buenos Aires, se debati\u00f3 el proyecto impulsado por el gobernador Axel Kicillof para establecer el Centro de Industria Farmac\u00e9utica Bonaerense. 09 de diciembre de 2024\u2026","rel":"","context":"En \u00abINTERES GENERAL\u00bb","block_context":{"text":"INTERES GENERAL","link":"https:\/\/larevistadigital.com.ar\/blog\/category\/interes-general\/"},"img":{"alt_text":"","src":"https:\/\/i0.wp.com\/larevistadigital.com.ar\/blog\/wp-content\/uploads\/20241207162159_laura-aloisi-centro-de-industria-farmaceutica.jpg?fit=880%2C512&ssl=1&resize=350%2C200","width":350,"height":200,"srcset":"https:\/\/i0.wp.com\/larevistadigital.com.ar\/blog\/wp-content\/uploads\/20241207162159_laura-aloisi-centro-de-industria-farmaceutica.jpg?fit=880%2C512&ssl=1&resize=350%2C200 1x, https:\/\/i0.wp.com\/larevistadigital.com.ar\/blog\/wp-content\/uploads\/20241207162159_laura-aloisi-centro-de-industria-farmaceutica.jpg?fit=880%2C512&ssl=1&resize=525%2C300 1.5x, https:\/\/i0.wp.com\/larevistadigital.com.ar\/blog\/wp-content\/uploads\/20241207162159_laura-aloisi-centro-de-industria-farmaceutica.jpg?fit=880%2C512&ssl=1&resize=700%2C400 2x"},"classes":[]},{"id":42378,"url":"https:\/\/larevistadigital.com.ar\/blog\/chascomus-el-intendente-interino-leandro-bordalecou-participo-de-la-presentacion-del-proyecto-de-presupuesto-provincial-2026\/","url_meta":{"origin":37828,"position":2},"title":"Chascom\u00fas: El intendente interino, Leandro Bordalecou particip\u00f3 de la presentaci\u00f3n del proyecto de Presupuesto provincial 2026","author":"Alejandro Sosa Ruda","date":"5 noviembre, 2025","format":false,"excerpt":"El acto encabezado por el gobernador Axel Kicillof tuvo lugar este lunes en el Sal\u00f3n Dorado de la Casa de Gobierno, en La Plata. El intendente interino Leandro Bordalecou acompa\u00f1\u00f3 al gobernador Axel Kicillof en la exposici\u00f3n de los proyectos de las leyes de Presupuesto, Impositiva y Financiamiento 2026, junto\u2026","rel":"","context":"En \u00abPOLITICA PROVINCIAL\u00bb","block_context":{"text":"POLITICA PROVINCIAL","link":"https:\/\/larevistadigital.com.ar\/blog\/category\/politica\/politica-provincial\/"},"img":{"alt_text":"","src":"https:\/\/i0.wp.com\/larevistadigital.com.ar\/blog\/wp-content\/uploads\/690a2f0b5d21e.png?fit=668%2C445&ssl=1&resize=350%2C200","width":350,"height":200,"srcset":"https:\/\/i0.wp.com\/larevistadigital.com.ar\/blog\/wp-content\/uploads\/690a2f0b5d21e.png?fit=668%2C445&ssl=1&resize=350%2C200 1x, https:\/\/i0.wp.com\/larevistadigital.com.ar\/blog\/wp-content\/uploads\/690a2f0b5d21e.png?fit=668%2C445&ssl=1&resize=525%2C300 1.5x"},"classes":[]},{"id":18168,"url":"https:\/\/larevistadigital.com.ar\/blog\/la-provincia-presento-el-proyecto-de-ley-que-autoriza-el-autocultivo-de-cannabis-medicinal\/","url_meta":{"origin":37828,"position":3},"title":"LA PROVINCIA PRESENT\u00d3 EL PROYECTO DE LEY QUE AUTORIZA EL AUTOCULTIVO DE CANNABIS MEDICINAL","author":"Alejandro Sosa Ruda","date":"16 diciembre, 2020","format":false,"excerpt":"La iniciativa de la provincia de Buenos Aires crea la Agencia y el Registro del Cannabis adem\u00e1s del programa \"Cultivo Solidario\" para particulares. El Gobierno de la provincia de Buenos Aires, \u00a0envi\u00f3 a la legislatura un proyecto de ley que\u00a0autoriza el autocultivo de Cannabis para uso medicinal\u00a0e incorpora el\u00a0aceite como\u2026","rel":"","context":"En \u00abINTERES GENERAL\u00bb","block_context":{"text":"INTERES GENERAL","link":"https:\/\/larevistadigital.com.ar\/blog\/category\/interes-general\/"},"img":{"alt_text":"","src":"https:\/\/i0.wp.com\/larevistadigital.com.ar\/blog\/wp-content\/uploads\/cannabis-medicinal.jpg?fit=1140%2C640&ssl=1&resize=350%2C200","width":350,"height":200,"srcset":"https:\/\/i0.wp.com\/larevistadigital.com.ar\/blog\/wp-content\/uploads\/cannabis-medicinal.jpg?fit=1140%2C640&ssl=1&resize=350%2C200 1x, https:\/\/i0.wp.com\/larevistadigital.com.ar\/blog\/wp-content\/uploads\/cannabis-medicinal.jpg?fit=1140%2C640&ssl=1&resize=525%2C300 1.5x, https:\/\/i0.wp.com\/larevistadigital.com.ar\/blog\/wp-content\/uploads\/cannabis-medicinal.jpg?fit=1140%2C640&ssl=1&resize=700%2C400 2x, https:\/\/i0.wp.com\/larevistadigital.com.ar\/blog\/wp-content\/uploads\/cannabis-medicinal.jpg?fit=1140%2C640&ssl=1&resize=1050%2C600 3x"},"classes":[]},{"id":20270,"url":"https:\/\/larevistadigital.com.ar\/blog\/un-viejo-sueno-que-se-esta-haciendo-realidad\/","url_meta":{"origin":37828,"position":4},"title":"UN VIEJO SUE\u00d1O QUE SE EST\u00c1 HACIENDO REALIDAD","author":"Alejandro Sosa Ruda","date":"15 mayo, 2021","format":false,"excerpt":"ZONA FRIA: Un Gran Sue\u00f1o y Anhelo que se esta concretando.Un reclamo Historico por cumplir. Carlos Rajoy dirigente costero, y uno de los impulsores e integrante de la Red Nacional de Multisectoriales participar\u00e1 del apoyo de Proyecto de Ley de Zona Fria. Sera presentado hoy a las 18 hs en\u2026","rel":"","context":"En \u00abINTERES GENERAL\u00bb","block_context":{"text":"INTERES GENERAL","link":"https:\/\/larevistadigital.com.ar\/blog\/category\/interes-general\/"},"img":{"alt_text":"","src":"https:\/\/i0.wp.com\/larevistadigital.com.ar\/blog\/wp-content\/uploads\/zona-fria.png?fit=1200%2C612&ssl=1&resize=350%2C200","width":350,"height":200,"srcset":"https:\/\/i0.wp.com\/larevistadigital.com.ar\/blog\/wp-content\/uploads\/zona-fria.png?fit=1200%2C612&ssl=1&resize=350%2C200 1x, https:\/\/i0.wp.com\/larevistadigital.com.ar\/blog\/wp-content\/uploads\/zona-fria.png?fit=1200%2C612&ssl=1&resize=525%2C300 1.5x, https:\/\/i0.wp.com\/larevistadigital.com.ar\/blog\/wp-content\/uploads\/zona-fria.png?fit=1200%2C612&ssl=1&resize=700%2C400 2x, https:\/\/i0.wp.com\/larevistadigital.com.ar\/blog\/wp-content\/uploads\/zona-fria.png?fit=1200%2C612&ssl=1&resize=1050%2C600 3x"},"classes":[]},{"id":4285,"url":"https:\/\/larevistadigital.com.ar\/blog\/chascomus-concejo-aprobo-presupuesto-la-fiscal-impositiva-2018\/","url_meta":{"origin":37828,"position":5},"title":"CHASCOM\u00daS: EL CONCEJO APROB\u00d3 EL PRESUPUESTO Y LA FISCAL IMPOSITIVA PARA 2018","author":"Alejandro Sosa Ruda","date":"22 diciembre, 2017","format":false,"excerpt":"En la sesi\u00f3n de pr\u00f3rroga llevada a cabo anoche en el Concejo Deliberante de Ch\u00e1scom\u00fas, finalmente se aprobaron tanto el Presupuesto de Gastos y C\u00e1lculo de Recursos 2018, como tambi\u00e9n la Ordenanza Fiscal e Impositiva, luego de un debate que se extendi\u00f3 hasta la medianoche. En primera instancia, se aprob\u00f3\u2026","rel":"","context":"En \u00abDESTACADAS\u00bb","block_context":{"text":"DESTACADAS","link":"https:\/\/larevistadigital.com.ar\/blog\/category\/destacadas\/"},"img":{"alt_text":"","src":"https:\/\/i0.wp.com\/larevistadigital.com.ar\/blog\/wp-content\/uploads\/2017\/12\/consejales_21dediciembrede2017_elfuerte.jpg?fit=600%2C338&ssl=1&resize=350%2C200","width":350,"height":200,"srcset":"https:\/\/i0.wp.com\/larevistadigital.com.ar\/blog\/wp-content\/uploads\/2017\/12\/consejales_21dediciembrede2017_elfuerte.jpg?fit=600%2C338&ssl=1&resize=350%2C200 1x, https:\/\/i0.wp.com\/larevistadigital.com.ar\/blog\/wp-content\/uploads\/2017\/12\/consejales_21dediciembrede2017_elfuerte.jpg?fit=600%2C338&ssl=1&resize=525%2C300 1.5x"},"classes":[]}],"_links":{"self":[{"href":"https:\/\/larevistadigital.com.ar\/blog\/wp-json\/wp\/v2\/posts\/37828","targetHints":{"allow":["GET"]}}],"collection":[{"href":"https:\/\/larevistadigital.com.ar\/blog\/wp-json\/wp\/v2\/posts"}],"about":[{"href":"https:\/\/larevistadigital.com.ar\/blog\/wp-json\/wp\/v2\/types\/post"}],"author":[{"embeddable":true,"href":"https:\/\/larevistadigital.com.ar\/blog\/wp-json\/wp\/v2\/users\/3"}],"replies":[{"embeddable":true,"href":"https:\/\/larevistadigital.com.ar\/blog\/wp-json\/wp\/v2\/comments?post=37828"}],"version-history":[{"count":1,"href":"https:\/\/larevistadigital.com.ar\/blog\/wp-json\/wp\/v2\/posts\/37828\/revisions"}],"predecessor-version":[{"id":37830,"href":"https:\/\/larevistadigital.com.ar\/blog\/wp-json\/wp\/v2\/posts\/37828\/revisions\/37830"}],"wp:featuredmedia":[{"embeddable":true,"href":"https:\/\/larevistadigital.com.ar\/blog\/wp-json\/wp\/v2\/media\/37829"}],"wp:attachment":[{"href":"https:\/\/larevistadigital.com.ar\/blog\/wp-json\/wp\/v2\/media?parent=37828"}],"wp:term":[{"taxonomy":"category","embeddable":true,"href":"https:\/\/larevistadigital.com.ar\/blog\/wp-json\/wp\/v2\/categories?post=37828"},{"taxonomy":"post_tag","embeddable":true,"href":"https:\/\/larevistadigital.com.ar\/blog\/wp-json\/wp\/v2\/tags?post=37828"}],"curies":[{"name":"wp","href":"https:\/\/api.w.org\/{rel}","templated":true}]}}