{"id":37831,"date":"2024-11-12T22:32:53","date_gmt":"2024-11-13T01:32:53","guid":{"rendered":"https:\/\/larevistadigital.com.ar\/blog\/?p=37831"},"modified":"2024-11-20T23:43:56","modified_gmt":"2024-11-21T02:43:56","slug":"micro-de-larga-distancia-se-incendio-en-la-ruta","status":"publish","type":"post","link":"https:\/\/larevistadigital.com.ar\/blog\/micro-de-larga-distancia-se-incendio-en-la-ruta\/","title":{"rendered":"Micro de larga distancia se incendi\u00f3 en la Ruta"},"content":{"rendered":"<h2 class=\"fparrafo ctext fz18 lh25\">Un \u00f3mnibus de larga distancia, de la empresa V\u00eda TAC, que desde la terminal de Villa Gesell circulaba hacia la Ciudad de Buenos Aires, sufri\u00f3 un incendio a la altura del kil\u00f3metro 292 de la Ruta Provincial 11, en jurisdicci\u00f3n del distrito de General Lavalle.<\/h2>\n<p>12 De Noviembre de 2024<\/p>\n<p><strong>GENERAL LAVALLE &#8211;\u00a0 <\/strong>Un micro de la empresa V\u00eda TAC que viajaba desde Villa Gesell hacia la Capital Federal se incendi\u00f3 en el kil\u00f3metro 292 de la Ruta Provincial 11, en la jurisdicci\u00f3n de General Lavalle.<\/p>\n<blockquote>\n<h3>Seg\u00fan da cuenta La Noticia1, afortunadamente, no hubo heridos, ya que tanto los pasajeros como los conductores lograron evacuar a tiempo.<\/h3>\n<\/blockquote>\n<p>Varias dotaciones de Bomberos Voluntarios de General Lavalle acudieron al lugar para apagar las llamas y realizar tareas de enfriamiento, asegurando la zona y evitando que el fuego se propagara.<\/p>\n<p>El micro estaba detenido en la banquina, lo que facilit\u00f3 la evacuaci\u00f3n de los ocupantes, y aunque las p\u00e9rdidas materiales fueron totales, el incidente no caus\u00f3 da\u00f1os mayores.(<a href=\"https:\/\/www.facebook.com\/watch\/?v=1248730262909431\" target=\"_blank\" rel=\"noopener\"><strong>Ver video<\/strong><\/a>).(<b>InfoGEI<\/b>)Ac<\/p>\n<p>Video FM La Marea<\/p>\n<p>&nbsp;<\/p>\n<p>&nbsp;<\/p>\n<p>&nbsp;<\/p>\n","protected":false},"excerpt":{"rendered":"<div class=\"mh-excerpt\"><p>Un \u00f3mnibus de larga distancia, de la empresa V\u00eda TAC, que desde la terminal de Villa Gesell circulaba hacia la Ciudad de Buenos Aires, sufri\u00f3 un incendio a la altura del kil\u00f3metro 292 de la <a class=\"mh-excerpt-more\" href=\"https:\/\/larevistadigital.com.ar\/blog\/micro-de-larga-distancia-se-incendio-en-la-ruta\/\" title=\"Micro de larga distancia se incendi\u00f3 en la Ruta\">[Leer M\u00e1s]<\/a><\/p>\n<\/div>","protected":false},"author":3,"featured_media":37832,"comment_status":"open","ping_status":"open","sticky":false,"template":"","format":"standard","meta":{"_jetpack_memberships_contains_paid_content":false,"footnotes":"","jetpack_publicize_message":"","jetpack_publicize_feature_enabled":true,"jetpack_social_post_already_shared":true,"jetpack_social_options":{"image_generator_settings":{"template":"highway","default_image_id":0,"font":"","enabled":false},"version":2}},"categories":[44,51],"tags":[],"class_list":{"0":"post-37831","1":"post","2":"type-post","3":"status-publish","4":"format-standard","5":"has-post-thumbnail","7":"category-policiales","8":"category-regionales"},"jetpack_publicize_connections":[],"jetpack_featured_media_url":"https:\/\/i0.wp.com\/larevistadigital.com.ar\/blog\/wp-content\/uploads\/20241112162123_micro-incendiado-ruta-11.jpg?fit=880%2C512&ssl=1","jetpack_sharing_enabled":true,"jetpack_shortlink":"https:\/\/wp.me\/p8qtrQ-9Qb","jetpack-related-posts":[{"id":34453,"url":"https:\/\/larevistadigital.com.ar\/blog\/un-micro-fue-consumido-por-las-llamas-en-plena-ruta-11\/","url_meta":{"origin":37831,"position":0},"title":"UN MICRO FUE CONSUMIDO POR LAS LLAMAS EN PLENA RUTA 11","author":"Alejandro Sosa Ruda","date":"8 noviembre, 2023","format":false,"excerpt":"Ocurri\u00f3 en el kil\u00f3metro 370, a la altura de Punta M\u00e9danos. Los 5 pasajeros y el chofer resultaron ilesos. 8 de Noviembre de 2023 PUNTA M\u00c9DANOS -\u00a0 \u00a0 Un micro de dos pisos de larga distancia se incendi\u00f3 el martes por la tarde en la Ruta Provincial N\u00ba 11, en\u2026","rel":"","context":"En \u00abREGIONALES\u00bb","block_context":{"text":"REGIONALES","link":"https:\/\/larevistadigital.com.ar\/blog\/category\/regionales\/"},"img":{"alt_text":"","src":"https:\/\/i0.wp.com\/larevistadigital.com.ar\/blog\/wp-content\/uploads\/20231108165533_micro.png?fit=880%2C512&ssl=1&resize=350%2C200","width":350,"height":200,"srcset":"https:\/\/i0.wp.com\/larevistadigital.com.ar\/blog\/wp-content\/uploads\/20231108165533_micro.png?fit=880%2C512&ssl=1&resize=350%2C200 1x, https:\/\/i0.wp.com\/larevistadigital.com.ar\/blog\/wp-content\/uploads\/20231108165533_micro.png?fit=880%2C512&ssl=1&resize=525%2C300 1.5x, https:\/\/i0.wp.com\/larevistadigital.com.ar\/blog\/wp-content\/uploads\/20231108165533_micro.png?fit=880%2C512&ssl=1&resize=700%2C400 2x"},"classes":[]},{"id":14265,"url":"https:\/\/larevistadigital.com.ar\/blog\/fuerte-accidente-en-la-ruta-11-hay-cuatro-heridos\/","url_meta":{"origin":37831,"position":1},"title":"FUERTE ACCIDENTE EN LA RUTA 11, HAY CUATRO HERIDOS","author":"Alejandro Sosa Ruda","date":"19 enero, 2020","format":false,"excerpt":"El choque se produjo esta madrugada en General Lavalle Tres veh\u00edculos fueron protagonistas de un fuerte accidente en el kil\u00f3metro 286 de la Ruta 11 en jurisdicci\u00f3n de General Lavalle. Por cuestiones que se tratan de establecer chocaron un Audi, que se dirig\u00eda hacia la Costa Atl\u00e1ntica con un Peugeot\u2026","rel":"","context":"En \u00abREGIONALES\u00bb","block_context":{"text":"REGIONALES","link":"https:\/\/larevistadigital.com.ar\/blog\/category\/regionales\/"},"img":{"alt_text":"","src":"https:\/\/i0.wp.com\/larevistadigital.com.ar\/blog\/wp-content\/uploads\/6cd5ac345b13a46b367ca1bbe42871306efc1410.jpg?fit=675%2C900&ssl=1&resize=350%2C200","width":350,"height":200,"srcset":"https:\/\/i0.wp.com\/larevistadigital.com.ar\/blog\/wp-content\/uploads\/6cd5ac345b13a46b367ca1bbe42871306efc1410.jpg?fit=675%2C900&ssl=1&resize=350%2C200 1x, https:\/\/i0.wp.com\/larevistadigital.com.ar\/blog\/wp-content\/uploads\/6cd5ac345b13a46b367ca1bbe42871306efc1410.jpg?fit=675%2C900&ssl=1&resize=525%2C300 1.5x"},"classes":[]},{"id":34483,"url":"https:\/\/larevistadigital.com.ar\/blog\/ruta-3-incendio-de-un-camion-que-provoco-una-fuerte-explosion-que-afecto-a-un-micro\/","url_meta":{"origin":37831,"position":2},"title":"RUTA 3: INCENDIO DE UN CAMI\u00d3N QUE PROVOC\u00d3 UNA FUERTE EXPLOSI\u00d3N QUE AFECT\u00d3 A UN MICRO","author":"Alejandro Sosa Ruda","date":"10 noviembre, 2023","format":false,"excerpt":"El micro sufri\u00f3 la rotura de cuatro ventanales. Afortunadamente, no se reportaron heridos entre los pasajeros del micro, que se hab\u00eda salido de la ciudad de Azul y se dirig\u00eda a La Plata. 10 de Noviembre de 2023 LAS FLORES -\u00a0 En la ma\u00f1ana de este jueves aproximadamente a las\u2026","rel":"","context":"En \u00abPOLICIALES\u00bb","block_context":{"text":"POLICIALES","link":"https:\/\/larevistadigital.com.ar\/blog\/category\/policiales\/"},"img":{"alt_text":"","src":"https:\/\/i0.wp.com\/larevistadigital.com.ar\/blog\/wp-content\/uploads\/20231109180711_camion.jpg?fit=880%2C512&ssl=1&resize=350%2C200","width":350,"height":200,"srcset":"https:\/\/i0.wp.com\/larevistadigital.com.ar\/blog\/wp-content\/uploads\/20231109180711_camion.jpg?fit=880%2C512&ssl=1&resize=350%2C200 1x, https:\/\/i0.wp.com\/larevistadigital.com.ar\/blog\/wp-content\/uploads\/20231109180711_camion.jpg?fit=880%2C512&ssl=1&resize=525%2C300 1.5x, https:\/\/i0.wp.com\/larevistadigital.com.ar\/blog\/wp-content\/uploads\/20231109180711_camion.jpg?fit=880%2C512&ssl=1&resize=700%2C400 2x"},"classes":[]},{"id":18589,"url":"https:\/\/larevistadigital.com.ar\/blog\/vuelco-en-la-ruta-11-con-saldo-de-3-heridos\/","url_meta":{"origin":37831,"position":3},"title":"VUELCO EN LA RUTA 11 CON SALDO DE 3 HERIDOS","author":"Alejandro Sosa Ruda","date":"12 enero, 2021","format":false,"excerpt":"El accidente se produjo a la altura de General Lavalle. Los ocupantes del veh\u00edculo fueron trasladados al hospital de San Clemente. GENERAL LAVALLE - Un impactante vuelco tuvo lugar a la altura del kil\u00f3metro 304 de la Ruta N\u00b0 11, en inmediaciones de General Lavalle. El accidente se produjo cuando,\u2026","rel":"","context":"En \u00abPOLICIALES\u00bb","block_context":{"text":"POLICIALES","link":"https:\/\/larevistadigital.com.ar\/blog\/category\/policiales\/"},"img":{"alt_text":"","src":"https:\/\/i0.wp.com\/larevistadigital.com.ar\/blog\/wp-content\/uploads\/6709646fa076b0d1d90ba6e8c91f662f0322919e.jpg?fit=1140%2C641&ssl=1&resize=350%2C200","width":350,"height":200,"srcset":"https:\/\/i0.wp.com\/larevistadigital.com.ar\/blog\/wp-content\/uploads\/6709646fa076b0d1d90ba6e8c91f662f0322919e.jpg?fit=1140%2C641&ssl=1&resize=350%2C200 1x, https:\/\/i0.wp.com\/larevistadigital.com.ar\/blog\/wp-content\/uploads\/6709646fa076b0d1d90ba6e8c91f662f0322919e.jpg?fit=1140%2C641&ssl=1&resize=525%2C300 1.5x, https:\/\/i0.wp.com\/larevistadigital.com.ar\/blog\/wp-content\/uploads\/6709646fa076b0d1d90ba6e8c91f662f0322919e.jpg?fit=1140%2C641&ssl=1&resize=700%2C400 2x, https:\/\/i0.wp.com\/larevistadigital.com.ar\/blog\/wp-content\/uploads\/6709646fa076b0d1d90ba6e8c91f662f0322919e.jpg?fit=1140%2C641&ssl=1&resize=1050%2C600 3x"},"classes":[]},{"id":23847,"url":"https:\/\/larevistadigital.com.ar\/blog\/dolores-detienen-a-un-hombre-que-viajaba-a-gral-lavalle-con-medio-kilo-de-cocaina\/","url_meta":{"origin":37831,"position":4},"title":"DOLORES: DETIENEN A UN HOMBRE QUE VIAJABA A GRAL. LAVALLE CON MEDIO KILO DE COCA\u00cdNA","author":"Alejandro Sosa Ruda","date":"5 febrero, 2022","format":false,"excerpt":"Fue interceptado mientras circulaba con su auto por la Ruta 63, a la altura del kil\u00f3metro 0. Ten\u00eda 475,5 gramos de clorhidrato de coca\u00edna discriminados en 50 envoltorios de distinto peso. Esta madrugada, fue interceptado un veh\u00edculo de un hombre que llevaba droga mientras circulaba por la\u00a0Ruta 63, a la\u2026","rel":"","context":"En \u00abDOLORES\u00bb","block_context":{"text":"DOLORES","link":"https:\/\/larevistadigital.com.ar\/blog\/category\/dolores\/"},"img":{"alt_text":"","src":"https:\/\/i0.wp.com\/larevistadigital.com.ar\/blog\/wp-content\/uploads\/816e5014569c5124203c4e4b62659a9efc0aae61.jpg?fit=1140%2C686&ssl=1&resize=350%2C200","width":350,"height":200,"srcset":"https:\/\/i0.wp.com\/larevistadigital.com.ar\/blog\/wp-content\/uploads\/816e5014569c5124203c4e4b62659a9efc0aae61.jpg?fit=1140%2C686&ssl=1&resize=350%2C200 1x, https:\/\/i0.wp.com\/larevistadigital.com.ar\/blog\/wp-content\/uploads\/816e5014569c5124203c4e4b62659a9efc0aae61.jpg?fit=1140%2C686&ssl=1&resize=525%2C300 1.5x, https:\/\/i0.wp.com\/larevistadigital.com.ar\/blog\/wp-content\/uploads\/816e5014569c5124203c4e4b62659a9efc0aae61.jpg?fit=1140%2C686&ssl=1&resize=700%2C400 2x, https:\/\/i0.wp.com\/larevistadigital.com.ar\/blog\/wp-content\/uploads\/816e5014569c5124203c4e4b62659a9efc0aae61.jpg?fit=1140%2C686&ssl=1&resize=1050%2C600 3x"},"classes":[]},{"id":38492,"url":"https:\/\/larevistadigital.com.ar\/blog\/ruta-11-vandalizan-radares-ubicados-del-lado-de-general-lavalle\/","url_meta":{"origin":37831,"position":5},"title":"Ruta 11: Vandalizan radares ubicados del lado de General Lavalle","author":"Alejandro Sosa Ruda","date":"20 enero, 2025","format":false,"excerpt":"Se trata de dos radares colocados por la Municipalidad de General Lavalle y hab\u00edan sido objeto de cr\u00edticas. 20 de Enero de 2025 GENERAL LAVALLE-\u00a0 Seg\u00fan menciona el portal \"Entrel\u00edneas\", n la madrugada de este domingo, los radares de velocidad instalados sobre la Ruta 11, en jurisdicci\u00f3n de General Lavalle,\u2026","rel":"","context":"En \u00abPOLICIALES\u00bb","block_context":{"text":"POLICIALES","link":"https:\/\/larevistadigital.com.ar\/blog\/category\/policiales\/"},"img":{"alt_text":"","src":"https:\/\/i0.wp.com\/larevistadigital.com.ar\/blog\/wp-content\/uploads\/4e65ac60e1173835117836afacf896f1b310d46a.jpg?fit=1140%2C642&ssl=1&resize=350%2C200","width":350,"height":200,"srcset":"https:\/\/i0.wp.com\/larevistadigital.com.ar\/blog\/wp-content\/uploads\/4e65ac60e1173835117836afacf896f1b310d46a.jpg?fit=1140%2C642&ssl=1&resize=350%2C200 1x, https:\/\/i0.wp.com\/larevistadigital.com.ar\/blog\/wp-content\/uploads\/4e65ac60e1173835117836afacf896f1b310d46a.jpg?fit=1140%2C642&ssl=1&resize=525%2C300 1.5x, https:\/\/i0.wp.com\/larevistadigital.com.ar\/blog\/wp-content\/uploads\/4e65ac60e1173835117836afacf896f1b310d46a.jpg?fit=1140%2C642&ssl=1&resize=700%2C400 2x, https:\/\/i0.wp.com\/larevistadigital.com.ar\/blog\/wp-content\/uploads\/4e65ac60e1173835117836afacf896f1b310d46a.jpg?fit=1140%2C642&ssl=1&resize=1050%2C600 3x"},"classes":[]}],"_links":{"self":[{"href":"https:\/\/larevistadigital.com.ar\/blog\/wp-json\/wp\/v2\/posts\/37831","targetHints":{"allow":["GET"]}}],"collection":[{"href":"https:\/\/larevistadigital.com.ar\/blog\/wp-json\/wp\/v2\/posts"}],"about":[{"href":"https:\/\/larevistadigital.com.ar\/blog\/wp-json\/wp\/v2\/types\/post"}],"author":[{"embeddable":true,"href":"https:\/\/larevistadigital.com.ar\/blog\/wp-json\/wp\/v2\/users\/3"}],"replies":[{"embeddable":true,"href":"https:\/\/larevistadigital.com.ar\/blog\/wp-json\/wp\/v2\/comments?post=37831"}],"version-history":[{"count":1,"href":"https:\/\/larevistadigital.com.ar\/blog\/wp-json\/wp\/v2\/posts\/37831\/revisions"}],"predecessor-version":[{"id":37833,"href":"https:\/\/larevistadigital.com.ar\/blog\/wp-json\/wp\/v2\/posts\/37831\/revisions\/37833"}],"wp:featuredmedia":[{"embeddable":true,"href":"https:\/\/larevistadigital.com.ar\/blog\/wp-json\/wp\/v2\/media\/37832"}],"wp:attachment":[{"href":"https:\/\/larevistadigital.com.ar\/blog\/wp-json\/wp\/v2\/media?parent=37831"}],"wp:term":[{"taxonomy":"category","embeddable":true,"href":"https:\/\/larevistadigital.com.ar\/blog\/wp-json\/wp\/v2\/categories?post=37831"},{"taxonomy":"post_tag","embeddable":true,"href":"https:\/\/larevistadigital.com.ar\/blog\/wp-json\/wp\/v2\/tags?post=37831"}],"curies":[{"name":"wp","href":"https:\/\/api.w.org\/{rel}","templated":true}]}}