{"id":37834,"date":"2024-11-12T22:36:40","date_gmt":"2024-11-13T01:36:40","guid":{"rendered":"https:\/\/larevistadigital.com.ar\/blog\/?p=37834"},"modified":"2024-11-20T23:43:48","modified_gmt":"2024-11-21T02:43:48","slug":"turistas-se-sacaban-una-selfie-y-al-ceder-una-baranda-cayeron-desde-2-metros","status":"publish","type":"post","link":"https:\/\/larevistadigital.com.ar\/blog\/turistas-se-sacaban-una-selfie-y-al-ceder-una-baranda-cayeron-desde-2-metros\/","title":{"rendered":"Turistas se sacaban una selfie y al ceder una baranda cayeron desde 2 metros"},"content":{"rendered":"<h2 class=\"fparrafo ctext fz18 lh25\">Un accidente en la Escollera Norte de Mar del Plata dej\u00f3 heridos a dos turistas que cayeron desde una altura de dos metros tras ceder una baranda mientras se tomaban una selfie. El hecho ocurri\u00f3 este lunes a las 8:30, cuando tres hermanos provenientes de Escobar se encontraban en esa zona se\u00f1alizada de la costa.<\/h2>\n<p>12 de Noviembre de 2024<\/p>\n<p><strong>MAR DEL PLATA &#8211;\u00a0 \u00a0<\/strong>Ocurri\u00f3 este lunes en la Escollera Norte marplatense, e involucr\u00f3 a tres turistas de Escobar. Dos de ellos debieron ser trasladados al Hospital Interzonal con diversas heridas.<\/p>\n<blockquote>\n<h3>Para sacarse una foto con fonde del mar, al apoyarse sobre una baranda de hierro, \u00e9sta cedi\u00f3 y provoc\u00f3 la ca\u00edda al vac\u00edo de dos de los tres turistas.<\/h3>\n<\/blockquote>\n<p>Seg\u00fan reporta 0223, la mujer cay\u00f3 primero y, al intentar sostenerla, su hermano tambi\u00e9n perdi\u00f3 el equilibrio, cayendo ambos sobre el piso de hormig\u00f3n.<\/p>\n<p>Como resultado, la mujer de 55 a\u00f1os sufri\u00f3 un corte en la cabeza y su hermano de 57 tuvo politraumatismos. Ambos fueron atendidos por el Same y trasladados al Hospital Interzonal General de Agudos. La mujer permanecer\u00e1 en observaci\u00f3n por algunos d\u00edas, aunque ambos est\u00e1n fuera de peligro.<\/p>\n<h3><span style=\"color: #ff0000\"><b>Aclaraci\u00f3n del municipio<\/b><\/span><\/h3>\n<p>Desde el Municipio se\u00f1alaron que este sector depende de la jurisdicci\u00f3n provincial, pero que se encuentra en obras y cuenta con carteles de advertencia. (<b>InfoGEI<\/b>)Ac<\/p>\n","protected":false},"excerpt":{"rendered":"<div class=\"mh-excerpt\"><p>Un accidente en la Escollera Norte de Mar del Plata dej\u00f3 heridos a dos turistas que cayeron desde una altura de dos metros tras ceder una baranda mientras se tomaban una selfie. El hecho ocurri\u00f3 <a class=\"mh-excerpt-more\" href=\"https:\/\/larevistadigital.com.ar\/blog\/turistas-se-sacaban-una-selfie-y-al-ceder-una-baranda-cayeron-desde-2-metros\/\" title=\"Turistas se sacaban una selfie y al ceder una baranda cayeron desde 2 metros\">[Leer M\u00e1s]<\/a><\/p>\n<\/div>","protected":false},"author":3,"featured_media":37835,"comment_status":"open","ping_status":"open","sticky":false,"template":"","format":"standard","meta":{"_jetpack_memberships_contains_paid_content":false,"footnotes":"","jetpack_publicize_message":"","jetpack_publicize_feature_enabled":true,"jetpack_social_post_already_shared":true,"jetpack_social_options":{"image_generator_settings":{"template":"highway","default_image_id":0,"font":"","enabled":false},"version":2}},"categories":[51],"tags":[],"class_list":{"0":"post-37834","1":"post","2":"type-post","3":"status-publish","4":"format-standard","5":"has-post-thumbnail","7":"category-regionales"},"jetpack_publicize_connections":[],"jetpack_featured_media_url":"https:\/\/i0.wp.com\/larevistadigital.com.ar\/blog\/wp-content\/uploads\/20241112140753_caida-turistas-selfie-escollera-norte.png?fit=880%2C512&ssl=1","jetpack_sharing_enabled":true,"jetpack_shortlink":"https:\/\/wp.me\/p8qtrQ-9Qe","jetpack-related-posts":[{"id":24018,"url":"https:\/\/larevistadigital.com.ar\/blog\/mar-del-plata-una-joven-cayo-desde-la-baranda-de-un-boliche-en-la-costa-se-encuentra-en-grave-estado\/","url_meta":{"origin":37834,"position":0},"title":"MAR DEL PLATA: UNA JOVEN CAY\u00d3 DESDE LA BARANDA DE UN BOLICHE EN LA COSTA. SE ENCUENTRA EN GRAVE ESTADO","author":"Alejandro Sosa Ruda","date":"16 febrero, 2022","format":false,"excerpt":"Sucedi\u00f3 esta madrugada en Ituzaingo y la costa. Sufri\u00f3 un traumatismo de cr\u00e1neo y fue trasladada de urgencia al hospital. MAR DEL PLATA -\u00a0 Una joven fue trasladada de urgencia esta madrugada desde un boliche en Ituzaingo y la costa\u00a0al Hospital Interzonal General de Agudos (Higa) tras caer a la\u2026","rel":"","context":"En \u00abPOLICIALES\u00bb","block_context":{"text":"POLICIALES","link":"https:\/\/larevistadigital.com.ar\/blog\/category\/policiales\/"},"img":{"alt_text":"","src":"https:\/\/i0.wp.com\/larevistadigital.com.ar\/blog\/wp-content\/uploads\/Captura-de-pantalla-2022-02-16-120609.jpg?fit=916%2C497&ssl=1&resize=350%2C200","width":350,"height":200,"srcset":"https:\/\/i0.wp.com\/larevistadigital.com.ar\/blog\/wp-content\/uploads\/Captura-de-pantalla-2022-02-16-120609.jpg?fit=916%2C497&ssl=1&resize=350%2C200 1x, https:\/\/i0.wp.com\/larevistadigital.com.ar\/blog\/wp-content\/uploads\/Captura-de-pantalla-2022-02-16-120609.jpg?fit=916%2C497&ssl=1&resize=525%2C300 1.5x, https:\/\/i0.wp.com\/larevistadigital.com.ar\/blog\/wp-content\/uploads\/Captura-de-pantalla-2022-02-16-120609.jpg?fit=916%2C497&ssl=1&resize=700%2C400 2x"},"classes":[]},{"id":24141,"url":"https:\/\/larevistadigital.com.ar\/blog\/video-mar-del-plata-filman-a-un-tiburon-de-mas-de-100-kilos-en-la-escollera-sur\/","url_meta":{"origin":37834,"position":1},"title":"[VIDEO]  MAR DEL PLATA: FILMAN A UN TIBUR\u00d3N DE M\u00c1S DE 100 KILOS EN LA ESCOLLERA SUR","author":"Alejandro Sosa Ruda","date":"22 febrero, 2022","format":false,"excerpt":"Fue filmado este lunes a la noche por un grupo de pescadores. Afirman que la presencia de escualos en la zona es habitual pero no de esa envergadura. MAR DEL PLATA -\u00a0Un\u00a0tibur\u00f3n\u00a0de\u00a0grandes dimensiones\u00a0fue filmado este lunes a la noche en cercan\u00eda de la\u00a0Escollera Sur\u00a0de\u00a0Mar del Plata. Los pescadores que lo\u2026","rel":"","context":"En \u00abINTERES GENERAL\u00bb","block_context":{"text":"INTERES GENERAL","link":"https:\/\/larevistadigital.com.ar\/blog\/category\/interes-general\/"},"img":{"alt_text":"","src":"https:\/\/i0.wp.com\/larevistadigital.com.ar\/blog\/wp-content\/uploads\/Captura-de-pantalla-2022-02-22-132643.jpg?fit=907%2C497&ssl=1&resize=350%2C200","width":350,"height":200,"srcset":"https:\/\/i0.wp.com\/larevistadigital.com.ar\/blog\/wp-content\/uploads\/Captura-de-pantalla-2022-02-22-132643.jpg?fit=907%2C497&ssl=1&resize=350%2C200 1x, https:\/\/i0.wp.com\/larevistadigital.com.ar\/blog\/wp-content\/uploads\/Captura-de-pantalla-2022-02-22-132643.jpg?fit=907%2C497&ssl=1&resize=525%2C300 1.5x, https:\/\/i0.wp.com\/larevistadigital.com.ar\/blog\/wp-content\/uploads\/Captura-de-pantalla-2022-02-22-132643.jpg?fit=907%2C497&ssl=1&resize=700%2C400 2x"},"classes":[]},{"id":15106,"url":"https:\/\/larevistadigital.com.ar\/blog\/interceptan-a-35-turistas-que-pretendian-vacacionar-en-la-costa-atlantica\/","url_meta":{"origin":37834,"position":2},"title":"INTERCEPTAN A 35 TURISTAS QUE PRETEND\u00cdAN VACACIONAR EN LA COSTA ATL\u00c1NTICA","author":"Alejandro Sosa Ruda","date":"1 mayo, 2020","format":false,"excerpt":"Fueron detectados en los distintos controles que hay en las diferentes rutas para evitar el ingreso de turistas a Mar del Plata, La Costa, Gesell, Pinamar y otras localidades de la zona. Al menos 35 automovilistas con intenciones de \u201cvacacionar\u201d en la Costa Atl\u00e1ntica fueron interceptados este jueves a la\u2026","rel":"","context":"En \u00abREGIONALES\u00bb","block_context":{"text":"REGIONALES","link":"https:\/\/larevistadigital.com.ar\/blog\/category\/regionales\/"},"img":{"alt_text":"","src":"https:\/\/i0.wp.com\/larevistadigital.com.ar\/blog\/wp-content\/uploads\/ef5ecd87863f83b1c99692d2617209ba5655340f.jpg?fit=1140%2C758&ssl=1&resize=350%2C200","width":350,"height":200,"srcset":"https:\/\/i0.wp.com\/larevistadigital.com.ar\/blog\/wp-content\/uploads\/ef5ecd87863f83b1c99692d2617209ba5655340f.jpg?fit=1140%2C758&ssl=1&resize=350%2C200 1x, https:\/\/i0.wp.com\/larevistadigital.com.ar\/blog\/wp-content\/uploads\/ef5ecd87863f83b1c99692d2617209ba5655340f.jpg?fit=1140%2C758&ssl=1&resize=525%2C300 1.5x, https:\/\/i0.wp.com\/larevistadigital.com.ar\/blog\/wp-content\/uploads\/ef5ecd87863f83b1c99692d2617209ba5655340f.jpg?fit=1140%2C758&ssl=1&resize=700%2C400 2x, https:\/\/i0.wp.com\/larevistadigital.com.ar\/blog\/wp-content\/uploads\/ef5ecd87863f83b1c99692d2617209ba5655340f.jpg?fit=1140%2C758&ssl=1&resize=1050%2C600 3x"},"classes":[]},{"id":4887,"url":"https:\/\/larevistadigital.com.ar\/blog\/miles-turistas-eligieron-retornar-lunes\/","url_meta":{"origin":37834,"position":3},"title":"MILES DE TURISTAS ELIGIERON RETORNAR EL LUNES","author":"Alejandro Sosa Ruda","date":"13 febrero, 2018","format":false,"excerpt":"Miles de turistas que eligieron como destino la costa atl\u00e1ntica, tomaron la decisi\u00f3n de retornar a sus hogares el d\u00eda lunes, es decir un d\u00eda antes del \u00faltimo feriado de la semana, por los festejos correspondientes al carnaval. Por eso, durante too el d\u00eda hubo gran afluencia de tr\u00e1nsito en\u2026","rel":"","context":"En \u00abDESTACADAS\u00bb","block_context":{"text":"DESTACADAS","link":"https:\/\/larevistadigital.com.ar\/blog\/category\/destacadas\/"},"img":{"alt_text":"","src":"https:\/\/i0.wp.com\/larevistadigital.com.ar\/blog\/wp-content\/uploads\/2018\/02\/WhatsApp-Image-2018-02-12-at-23.03.43.jpeg?fit=888%2C306&ssl=1&resize=350%2C200","width":350,"height":200,"srcset":"https:\/\/i0.wp.com\/larevistadigital.com.ar\/blog\/wp-content\/uploads\/2018\/02\/WhatsApp-Image-2018-02-12-at-23.03.43.jpeg?fit=888%2C306&ssl=1&resize=350%2C200 1x, https:\/\/i0.wp.com\/larevistadigital.com.ar\/blog\/wp-content\/uploads\/2018\/02\/WhatsApp-Image-2018-02-12-at-23.03.43.jpeg?fit=888%2C306&ssl=1&resize=525%2C300 1.5x, https:\/\/i0.wp.com\/larevistadigital.com.ar\/blog\/wp-content\/uploads\/2018\/02\/WhatsApp-Image-2018-02-12-at-23.03.43.jpeg?fit=888%2C306&ssl=1&resize=700%2C400 2x"},"classes":[]},{"id":24685,"url":"https:\/\/larevistadigital.com.ar\/blog\/mar-de-plata-ultimo-momento-identificaron-a-la-persona-hallada-en-la-escollera-norte\/","url_meta":{"origin":37834,"position":4},"title":"MAR DE PLATA ULTIMO MOMENTO: IDENTIFICARON A LA PERSONA HALLADA EN LA ESCOLLERA NORTE","author":"Alejandro Sosa Ruda","date":"20 marzo, 2022","format":false,"excerpt":"Su cuerpo fue encontrado esta ma\u00f1ana entre las piedras, a la altura de R\u00edo Negro y la costa. La v\u00edctima, de 65 a\u00f1os, se habr\u00eda dirigido hacia ese punto de la playa para quitarse la vida. MAR DEL PLATA -\u00a0 El cuerpo sin vida hallado en horas de la ma\u00f1ana\u2026","rel":"","context":"En \u00abPOLICIALES\u00bb","block_context":{"text":"POLICIALES","link":"https:\/\/larevistadigital.com.ar\/blog\/category\/policiales\/"},"img":{"alt_text":"","src":"https:\/\/i0.wp.com\/larevistadigital.com.ar\/blog\/wp-content\/uploads\/Captura-de-pantalla-2022-03-20-125203.jpg?fit=738%2C483&ssl=1&resize=350%2C200","width":350,"height":200,"srcset":"https:\/\/i0.wp.com\/larevistadigital.com.ar\/blog\/wp-content\/uploads\/Captura-de-pantalla-2022-03-20-125203.jpg?fit=738%2C483&ssl=1&resize=350%2C200 1x, https:\/\/i0.wp.com\/larevistadigital.com.ar\/blog\/wp-content\/uploads\/Captura-de-pantalla-2022-03-20-125203.jpg?fit=738%2C483&ssl=1&resize=525%2C300 1.5x, https:\/\/i0.wp.com\/larevistadigital.com.ar\/blog\/wp-content\/uploads\/Captura-de-pantalla-2022-03-20-125203.jpg?fit=738%2C483&ssl=1&resize=700%2C400 2x"},"classes":[]},{"id":24682,"url":"https:\/\/larevistadigital.com.ar\/blog\/mar-del-plata-encontraron-un-cadaver-en-la-escollera-de-la-zona-norte\/","url_meta":{"origin":37834,"position":5},"title":"MAR DEL PLATA: ENCONTRARON UN CADAVER EN LA ESCOLLERA DE LA ZONA NORTE","author":"Alejandro Sosa Ruda","date":"20 marzo, 2022","format":false,"excerpt":"El cuerpo fue encontrado esta ma\u00f1ana en la zona de La Perla, a la altura de R\u00edo Negro y la costa. La Polic\u00eda Cient\u00edfica trabaja en el lugar en colaboraci\u00f3n con la Prefectura Naval Argentina. MAR DEL PLATA -\u00a0 Un cuerpo sin vida fue hallado en horas de la ma\u00f1ana\u2026","rel":"","context":"En \u00abPOLICIALES\u00bb","block_context":{"text":"POLICIALES","link":"https:\/\/larevistadigital.com.ar\/blog\/category\/policiales\/"},"img":{"alt_text":"","src":"https:\/\/i0.wp.com\/larevistadigital.com.ar\/blog\/wp-content\/uploads\/Captura-de-pantalla-2022-03-20-115938.jpg?fit=1012%2C666&ssl=1&resize=350%2C200","width":350,"height":200,"srcset":"https:\/\/i0.wp.com\/larevistadigital.com.ar\/blog\/wp-content\/uploads\/Captura-de-pantalla-2022-03-20-115938.jpg?fit=1012%2C666&ssl=1&resize=350%2C200 1x, https:\/\/i0.wp.com\/larevistadigital.com.ar\/blog\/wp-content\/uploads\/Captura-de-pantalla-2022-03-20-115938.jpg?fit=1012%2C666&ssl=1&resize=525%2C300 1.5x, https:\/\/i0.wp.com\/larevistadigital.com.ar\/blog\/wp-content\/uploads\/Captura-de-pantalla-2022-03-20-115938.jpg?fit=1012%2C666&ssl=1&resize=700%2C400 2x"},"classes":[]}],"_links":{"self":[{"href":"https:\/\/larevistadigital.com.ar\/blog\/wp-json\/wp\/v2\/posts\/37834","targetHints":{"allow":["GET"]}}],"collection":[{"href":"https:\/\/larevistadigital.com.ar\/blog\/wp-json\/wp\/v2\/posts"}],"about":[{"href":"https:\/\/larevistadigital.com.ar\/blog\/wp-json\/wp\/v2\/types\/post"}],"author":[{"embeddable":true,"href":"https:\/\/larevistadigital.com.ar\/blog\/wp-json\/wp\/v2\/users\/3"}],"replies":[{"embeddable":true,"href":"https:\/\/larevistadigital.com.ar\/blog\/wp-json\/wp\/v2\/comments?post=37834"}],"version-history":[{"count":1,"href":"https:\/\/larevistadigital.com.ar\/blog\/wp-json\/wp\/v2\/posts\/37834\/revisions"}],"predecessor-version":[{"id":37836,"href":"https:\/\/larevistadigital.com.ar\/blog\/wp-json\/wp\/v2\/posts\/37834\/revisions\/37836"}],"wp:featuredmedia":[{"embeddable":true,"href":"https:\/\/larevistadigital.com.ar\/blog\/wp-json\/wp\/v2\/media\/37835"}],"wp:attachment":[{"href":"https:\/\/larevistadigital.com.ar\/blog\/wp-json\/wp\/v2\/media?parent=37834"}],"wp:term":[{"taxonomy":"category","embeddable":true,"href":"https:\/\/larevistadigital.com.ar\/blog\/wp-json\/wp\/v2\/categories?post=37834"},{"taxonomy":"post_tag","embeddable":true,"href":"https:\/\/larevistadigital.com.ar\/blog\/wp-json\/wp\/v2\/tags?post=37834"}],"curies":[{"name":"wp","href":"https:\/\/api.w.org\/{rel}","templated":true}]}}