{"id":37837,"date":"2024-11-12T22:48:33","date_gmt":"2024-11-13T01:48:33","guid":{"rendered":"https:\/\/larevistadigital.com.ar\/blog\/?p=37837"},"modified":"2024-11-20T23:43:42","modified_gmt":"2024-11-21T02:43:42","slug":"allanan-prostibulo-en-quilmes-y-rescatan-ninas-y-mujeres-secuestradas","status":"publish","type":"post","link":"https:\/\/larevistadigital.com.ar\/blog\/allanan-prostibulo-en-quilmes-y-rescatan-ninas-y-mujeres-secuestradas\/","title":{"rendered":"Allanan prost\u00edbulo en Quilmes y rescatan ni\u00f1as y mujeres secuestradas"},"content":{"rendered":"<h2 class=\"fparrafo ctext fz18 lh25\">Personal de Infanter\u00eda, UTOI y la Comisar\u00eda de la Mujer y la Familia de Quilmes, bajo la orden del fiscal Ernesto Daniel Ichazo realiz\u00f3 un operativo en un inmueble denunciado como prost\u00edbulo. Rescataron a un grupo no cuantificado de mujeres, algunas menores de edad, siendo una de ellas de escasos 13 a\u00f1os. Hay 3 detenidos.<\/h2>\n<p>12 de Noviembre de 2024<\/p>\n<p><strong>BUENOS AIRES &#8211;<\/strong>\u00a0 En un operativo en Quilmes, las fuerzas de seguridad, junto con la Comisar\u00eda de la Mujer y la Familia, rescataron a varias mujeres, incluyendo menores de edad, quienes estaban siendo explotadas sexualmente en una propiedad que funcionaba como prost\u00edbulo.<\/p>\n<p>La intervenci\u00f3n fue dirigida por el fiscal Ernesto Daniel Ichazo, y respond\u00eda a una denuncia hecha por el equipo de Rescate de V\u00edctimas de Trata de Personas de Buenos Aires, alertados por la actividad nocturna del lugar, donde hombres entraban y sal\u00edan con frecuencia bajo la cl\u00e1sica luz roja de identificaci\u00f3n de estos sitios.<\/p>\n<blockquote>\n<h3>Durante el allanamiento, las autoridades encontraron a las v\u00edctimas en espacios reducidos, sin documentaci\u00f3n y con signos de abuso sexual y violencia.<\/h3>\n<\/blockquote>\n<p>Tres personas fueron arrestadas, acusadas de delitos graves como explotaci\u00f3n sexual de menores y adultos, abuso sexual, lesiones agravadas, privaci\u00f3n de la libertad mediante amenazas y violencia, y reducci\u00f3n a la servidumbre.<\/p>\n<h3><span style=\"color: #ff0000\"><b>Investigan conexi\u00f3n internacional<\/b><\/span><\/h3>\n<p>Las autoridades sospechan que este caso podr\u00eda estar vinculado a una red de prostituci\u00f3n internacional y continuar\u00e1n con la investigaci\u00f3n para esclarecer el alcance de la operaci\u00f3n y proteger a las v\u00edctimas involucradas.\u00a0<b>(InfoGEI)Ac<\/b><\/p>\n","protected":false},"excerpt":{"rendered":"<div class=\"mh-excerpt\"><p>Personal de Infanter\u00eda, UTOI y la Comisar\u00eda de la Mujer y la Familia de Quilmes, bajo la orden del fiscal Ernesto Daniel Ichazo realiz\u00f3 un operativo en un inmueble denunciado como prost\u00edbulo. Rescataron a un <a class=\"mh-excerpt-more\" href=\"https:\/\/larevistadigital.com.ar\/blog\/allanan-prostibulo-en-quilmes-y-rescatan-ninas-y-mujeres-secuestradas\/\" title=\"Allanan prost\u00edbulo en Quilmes y rescatan ni\u00f1as y mujeres secuestradas\">[Leer M\u00e1s]<\/a><\/p>\n<\/div>","protected":false},"author":3,"featured_media":37838,"comment_status":"open","ping_status":"open","sticky":false,"template":"","format":"standard","meta":{"_jetpack_memberships_contains_paid_content":false,"footnotes":"","jetpack_publicize_message":"","jetpack_publicize_feature_enabled":true,"jetpack_social_post_already_shared":true,"jetpack_social_options":{"image_generator_settings":{"template":"highway","default_image_id":0,"font":"","enabled":false},"version":2}},"categories":[44,51],"tags":[],"class_list":{"0":"post-37837","1":"post","2":"type-post","3":"status-publish","4":"format-standard","5":"has-post-thumbnail","7":"category-policiales","8":"category-regionales"},"jetpack_publicize_connections":[],"jetpack_featured_media_url":"https:\/\/i0.wp.com\/larevistadigital.com.ar\/blog\/wp-content\/uploads\/20241111145236_allanan-prostibulo-quilmes-rescataron-ninas-y-mujeres-secuestradas.jpg?fit=880%2C512&ssl=1","jetpack_sharing_enabled":true,"jetpack_shortlink":"https:\/\/wp.me\/p8qtrQ-9Qh","jetpack-related-posts":[{"id":14796,"url":"https:\/\/larevistadigital.com.ar\/blog\/trasladan-a-quilmes-a-una-mujer-detenida-e-implicada-en-varias-causas\/","url_meta":{"origin":37837,"position":0},"title":"TRASLADAN A QUILMES A UNA MUJER DETENIDA E IMPLICADA EN VARIAS CAUSAS","author":"Alejandro Sosa Ruda","date":"13 febrero, 2020","format":false,"excerpt":"En el d\u00eda de ayer, la mujer de 44 a\u00f1os implicada en varias causas, fue trasladada a la Comisar\u00eda de la Mujer de la ciudad de Quilmes, seg\u00fan informaron desde la estaci\u00f3n de Polic\u00eda Comunal. Cabe recordar que la femenina, imputada en seis hechos, fue detenida en el Barrio San\u2026","rel":"","context":"En \u00abINTERES GENERAL\u00bb","block_context":{"text":"INTERES GENERAL","link":"https:\/\/larevistadigital.com.ar\/blog\/category\/interes-general\/"},"img":{"alt_text":"","src":"https:\/\/i0.wp.com\/larevistadigital.com.ar\/blog\/wp-content\/uploads\/2019\/01\/bbx_755050019_comisaria_chasco_01.jpg?fit=800%2C579&ssl=1&resize=350%2C200","width":350,"height":200,"srcset":"https:\/\/i0.wp.com\/larevistadigital.com.ar\/blog\/wp-content\/uploads\/2019\/01\/bbx_755050019_comisaria_chasco_01.jpg?fit=800%2C579&ssl=1&resize=350%2C200 1x, https:\/\/i0.wp.com\/larevistadigital.com.ar\/blog\/wp-content\/uploads\/2019\/01\/bbx_755050019_comisaria_chasco_01.jpg?fit=800%2C579&ssl=1&resize=525%2C300 1.5x, https:\/\/i0.wp.com\/larevistadigital.com.ar\/blog\/wp-content\/uploads\/2019\/01\/bbx_755050019_comisaria_chasco_01.jpg?fit=800%2C579&ssl=1&resize=700%2C400 2x"},"classes":[]},{"id":13324,"url":"https:\/\/larevistadigital.com.ar\/blog\/brandsen-la-comisaria-de-la-mujer-y-la-familia-tendran-movil-propio\/","url_meta":{"origin":37837,"position":1},"title":"BRANDSEN: LA COMISAR\u00cdA DE LA MUJER Y LA FAMILIA TENDR\u00c1N M\u00d3VIL PROPIO","author":"Alejandro Sosa Ruda","date":"21 noviembre, 2019","format":false,"excerpt":"Ser\u00e1 entregado en el marco de una presentaci\u00f3n de tres m\u00f3viles nuevos que har\u00e1 la Secretar\u00eda de Proteccion Ciudadana y Habilitaciones ma\u00f1ana jueves frente al municipio Dos de los m\u00f3viles a presentar son recuperados, mientras que el tercero fue gestionado 0km ante el Ministerio de Seguridad de la provincia de\u2026","rel":"","context":"En \u00abREGIONALES\u00bb","block_context":{"text":"REGIONALES","link":"https:\/\/larevistadigital.com.ar\/blog\/category\/regionales\/"},"img":{"alt_text":"","src":"https:\/\/i0.wp.com\/larevistadigital.com.ar\/blog\/wp-content\/uploads\/20191120_142221-1024x610.jpg?fit=1024%2C610&ssl=1&resize=350%2C200","width":350,"height":200,"srcset":"https:\/\/i0.wp.com\/larevistadigital.com.ar\/blog\/wp-content\/uploads\/20191120_142221-1024x610.jpg?fit=1024%2C610&ssl=1&resize=350%2C200 1x, https:\/\/i0.wp.com\/larevistadigital.com.ar\/blog\/wp-content\/uploads\/20191120_142221-1024x610.jpg?fit=1024%2C610&ssl=1&resize=525%2C300 1.5x, https:\/\/i0.wp.com\/larevistadigital.com.ar\/blog\/wp-content\/uploads\/20191120_142221-1024x610.jpg?fit=1024%2C610&ssl=1&resize=700%2C400 2x"},"classes":[]},{"id":31592,"url":"https:\/\/larevistadigital.com.ar\/blog\/finalmente-fallecio-la-concejal-de-quilmes-que-sufrio-quemaduras-luego-de-discutir-con-su-pareja\/","url_meta":{"origin":37837,"position":2},"title":"FINALMENTE FALLECI\u00d3 LA CONCEJAL DE QUILMES QUE SUFRI\u00d3 QUEMADURAS LUEGO DE DISCUTIR CON SU PAREJA","author":"Alejandro Sosa Ruda","date":"16 mayo, 2023","format":false,"excerpt":"La mujer hab\u00eda discutido con su pareja y result\u00f3 con quemaduras de gravedad. La justicia trata de determinar c\u00f3mo ocurrieron los hechos. 16 de mayo de 2023 La legisladora del Frente de Todos, Nair Abad, no pudo superar las graves quemaduras en su cuerpo y falleci\u00f3 tras un paro cadiorespiratorio\u2026","rel":"","context":"En \u00abPOLICIALES\u00bb","block_context":{"text":"POLICIALES","link":"https:\/\/larevistadigital.com.ar\/blog\/category\/policiales\/"},"img":{"alt_text":"","src":"https:\/\/i0.wp.com\/larevistadigital.com.ar\/blog\/wp-content\/uploads\/descarga-23.jpg?fit=700%2C524&ssl=1&resize=350%2C200","width":350,"height":200,"srcset":"https:\/\/i0.wp.com\/larevistadigital.com.ar\/blog\/wp-content\/uploads\/descarga-23.jpg?fit=700%2C524&ssl=1&resize=350%2C200 1x, https:\/\/i0.wp.com\/larevistadigital.com.ar\/blog\/wp-content\/uploads\/descarga-23.jpg?fit=700%2C524&ssl=1&resize=525%2C300 1.5x, https:\/\/i0.wp.com\/larevistadigital.com.ar\/blog\/wp-content\/uploads\/descarga-23.jpg?fit=700%2C524&ssl=1&resize=700%2C400 2x"},"classes":[]},{"id":29336,"url":"https:\/\/larevistadigital.com.ar\/blog\/choque-y-vuelco-en-la-ruta-2\/","url_meta":{"origin":37837,"position":3},"title":"CHOQUE Y VUELCO EN LA RUTA 2.","author":"Alejandro Sosa Ruda","date":"9 diciembre, 2022","format":false,"excerpt":"En el siniestro se vieron involucradas familias de Quilmes y Jos\u00e9 C. Paz. No hubo heridos aunque dos menores fueron trasladados a un centro asistencial para su observaci\u00f3n. 8 de diciembre de 2022 MAR DEL PLATA -\u00a0 Dos familias, una oriunda de Jos\u00e9 C. Paz y otra de Quilmes, vieron\u2026","rel":"","context":"En \u00abPOLICIALES\u00bb","block_context":{"text":"POLICIALES","link":"https:\/\/larevistadigital.com.ar\/blog\/category\/policiales\/"},"img":{"alt_text":"","src":"https:\/\/i0.wp.com\/larevistadigital.com.ar\/blog\/wp-content\/uploads\/VUELCO-2.jpg?fit=806%2C399&ssl=1&resize=350%2C200","width":350,"height":200,"srcset":"https:\/\/i0.wp.com\/larevistadigital.com.ar\/blog\/wp-content\/uploads\/VUELCO-2.jpg?fit=806%2C399&ssl=1&resize=350%2C200 1x, https:\/\/i0.wp.com\/larevistadigital.com.ar\/blog\/wp-content\/uploads\/VUELCO-2.jpg?fit=806%2C399&ssl=1&resize=525%2C300 1.5x, https:\/\/i0.wp.com\/larevistadigital.com.ar\/blog\/wp-content\/uploads\/VUELCO-2.jpg?fit=806%2C399&ssl=1&resize=700%2C400 2x"},"classes":[]},{"id":13115,"url":"https:\/\/larevistadigital.com.ar\/blog\/como-se-fugaron-de-la-comisaria-de-quilmes-y-quienes-son-los-profugos\/","url_meta":{"origin":37837,"position":4},"title":"C\u00d3MO SE FUGARON DE LA COMISAR\u00cdA DE QUILMES Y QUIENES SON LOS PR\u00d3FUGOS","author":"Alejandro Sosa Ruda","date":"7 noviembre, 2019","format":false,"excerpt":"En total, escaparon 11 hombres. Uno fue recapturado a los pocos minutos en su casa. Por el hecho, el titular de la dependencia policial fue removido de su cargo Una estampida de presos, un port\u00f3n sin llave y un escape improvisado. As\u00ed podr\u00eda resumirse la masiva fuga de 11 internos\u2026","rel":"","context":"En \u00abINTERES GENERAL\u00bb","block_context":{"text":"INTERES GENERAL","link":"https:\/\/larevistadigital.com.ar\/blog\/category\/interes-general\/"},"img":{"alt_text":"","src":"https:\/\/i0.wp.com\/larevistadigital.com.ar\/blog\/wp-content\/uploads\/Screenshot_1-62.jpg?fit=918%2C850&ssl=1&resize=350%2C200","width":350,"height":200,"srcset":"https:\/\/i0.wp.com\/larevistadigital.com.ar\/blog\/wp-content\/uploads\/Screenshot_1-62.jpg?fit=918%2C850&ssl=1&resize=350%2C200 1x, https:\/\/i0.wp.com\/larevistadigital.com.ar\/blog\/wp-content\/uploads\/Screenshot_1-62.jpg?fit=918%2C850&ssl=1&resize=525%2C300 1.5x, https:\/\/i0.wp.com\/larevistadigital.com.ar\/blog\/wp-content\/uploads\/Screenshot_1-62.jpg?fit=918%2C850&ssl=1&resize=700%2C400 2x"},"classes":[]},{"id":29050,"url":"https:\/\/larevistadigital.com.ar\/blog\/aparecio-ema-la-nena-de-13-anos-que-era-intensamente-buscada\/","url_meta":{"origin":37837,"position":5},"title":"\u00a1APARECI\u00d3 EMA! LA NENA DE 13 A\u00d1OS QUE ERA INTENSAMENTE BUSCADA.","author":"Alejandro Sosa Ruda","date":"25 noviembre, 2022","format":false,"excerpt":"Su familia la buscaba con desesperaci\u00f3n y la gente colabor\u00f3 compartiendo el hecho en las redes sociales. Afortunadamente apareci\u00f3 en CABA. 25 de noviembre de 2022 La menor de edad hab\u00eda sido vista este martes al mediod\u00eda por \u00faltima vez y era buscada por su familia luego de que no\u2026","rel":"","context":"En \u00abDESTACADAS\u00bb","block_context":{"text":"DESTACADAS","link":"https:\/\/larevistadigital.com.ar\/blog\/category\/destacadas\/"},"img":{"alt_text":"","src":"https:\/\/i0.wp.com\/larevistadigital.com.ar\/blog\/wp-content\/uploads\/APARECIO-EMA.jpg?fit=1080%2C1080&ssl=1&resize=350%2C200","width":350,"height":200,"srcset":"https:\/\/i0.wp.com\/larevistadigital.com.ar\/blog\/wp-content\/uploads\/APARECIO-EMA.jpg?fit=1080%2C1080&ssl=1&resize=350%2C200 1x, https:\/\/i0.wp.com\/larevistadigital.com.ar\/blog\/wp-content\/uploads\/APARECIO-EMA.jpg?fit=1080%2C1080&ssl=1&resize=525%2C300 1.5x, https:\/\/i0.wp.com\/larevistadigital.com.ar\/blog\/wp-content\/uploads\/APARECIO-EMA.jpg?fit=1080%2C1080&ssl=1&resize=700%2C400 2x, https:\/\/i0.wp.com\/larevistadigital.com.ar\/blog\/wp-content\/uploads\/APARECIO-EMA.jpg?fit=1080%2C1080&ssl=1&resize=1050%2C600 3x"},"classes":[]}],"_links":{"self":[{"href":"https:\/\/larevistadigital.com.ar\/blog\/wp-json\/wp\/v2\/posts\/37837","targetHints":{"allow":["GET"]}}],"collection":[{"href":"https:\/\/larevistadigital.com.ar\/blog\/wp-json\/wp\/v2\/posts"}],"about":[{"href":"https:\/\/larevistadigital.com.ar\/blog\/wp-json\/wp\/v2\/types\/post"}],"author":[{"embeddable":true,"href":"https:\/\/larevistadigital.com.ar\/blog\/wp-json\/wp\/v2\/users\/3"}],"replies":[{"embeddable":true,"href":"https:\/\/larevistadigital.com.ar\/blog\/wp-json\/wp\/v2\/comments?post=37837"}],"version-history":[{"count":1,"href":"https:\/\/larevistadigital.com.ar\/blog\/wp-json\/wp\/v2\/posts\/37837\/revisions"}],"predecessor-version":[{"id":37839,"href":"https:\/\/larevistadigital.com.ar\/blog\/wp-json\/wp\/v2\/posts\/37837\/revisions\/37839"}],"wp:featuredmedia":[{"embeddable":true,"href":"https:\/\/larevistadigital.com.ar\/blog\/wp-json\/wp\/v2\/media\/37838"}],"wp:attachment":[{"href":"https:\/\/larevistadigital.com.ar\/blog\/wp-json\/wp\/v2\/media?parent=37837"}],"wp:term":[{"taxonomy":"category","embeddable":true,"href":"https:\/\/larevistadigital.com.ar\/blog\/wp-json\/wp\/v2\/categories?post=37837"},{"taxonomy":"post_tag","embeddable":true,"href":"https:\/\/larevistadigital.com.ar\/blog\/wp-json\/wp\/v2\/tags?post=37837"}],"curies":[{"name":"wp","href":"https:\/\/api.w.org\/{rel}","templated":true}]}}