{"id":37840,"date":"2024-11-12T23:02:28","date_gmt":"2024-11-13T02:02:28","guid":{"rendered":"https:\/\/larevistadigital.com.ar\/blog\/?p=37840"},"modified":"2024-11-20T23:43:35","modified_gmt":"2024-11-21T02:43:35","slug":"rescatan-a-un-trabajador-atrapado-en-silo-de-cereal","status":"publish","type":"post","link":"https:\/\/larevistadigital.com.ar\/blog\/rescatan-a-un-trabajador-atrapado-en-silo-de-cereal\/","title":{"rendered":"Rescatan a un trabajador atrapado en silo de cereal"},"content":{"rendered":"<h2 class=\"fparrafo ctext fz18 lh25\">Un operario de 40 a\u00f1os fue rescatado por sus compa\u00f1eros y Bomberos Voluntarios, tras caer en una celda de acopio de cereal en la planta de silos de la localidad de El Para\u00edso, partido de Ramallo, al noreste de la Provincia de Buenoos Aires. Se encuentra fuera de peligro.<\/h2>\n<p>12 de Noviembre de 2024<\/p>\n<p><strong>RAMALLO &#8211;\u00a0 <\/strong>Un trabajador de 40 a\u00f1os fue rescatado en una planta de silos en El Para\u00edso despu\u00e9s de quedar atrapado en una celda subterr\u00e1nea de almacenamiento de cereal. El incidente ocurri\u00f3 este viernes al mediod\u00eda en la planta de silos ubicada en la calle Vel\u00e1zquez, y la r\u00e1pida intervenci\u00f3n de sus compa\u00f1eros y de los Bomberos Voluntarios de Villa Ramallo fue clave para su rescate.<\/p>\n<blockquote>\n<h3>Seg\u00fan da cuenta Primera Plana, las autoridades informaron que el trabajador cay\u00f3 dentro del silo y permaneci\u00f3 atrapado durante unos minutos. Sus compa\u00f1eros lograron reducir la presi\u00f3n en el \u00e1rea hasta la llegada de los bomberos, quienes procedieron a inmovilizarlo y estabilizarlo en el lugar antes de trasladarlo a una unidad m\u00e9dica.<\/h3>\n<\/blockquote>\n<p>Posteriormente, fue derivado al Hospital Jos\u00e9 Mar\u00eda Gomendio en Ramallo, donde qued\u00f3 bajo observaci\u00f3n. El director adjunto del hospital, Dr. Mart\u00edn Gil Miranda, se\u00f1al\u00f3 que el trabajador ingres\u00f3 sin lesiones graves y permanece en el \u00e1rea de guardia para su evaluaci\u00f3n y recuperaci\u00f3n.<\/p>\n<p>La planta de silos donde ocurri\u00f3 el accidente es propiedad de la Cooperativa Agr\u00edcola de La Violeta Limitada.\u00a0<b>(InfoGEI)Ac<\/b><\/p>\n","protected":false},"excerpt":{"rendered":"<div class=\"mh-excerpt\"><p>Un operario de 40 a\u00f1os fue rescatado por sus compa\u00f1eros y Bomberos Voluntarios, tras caer en una celda de acopio de cereal en la planta de silos de la localidad de El Para\u00edso, partido de <a class=\"mh-excerpt-more\" href=\"https:\/\/larevistadigital.com.ar\/blog\/rescatan-a-un-trabajador-atrapado-en-silo-de-cereal\/\" title=\"Rescatan a un trabajador atrapado en silo de cereal\">[Leer M\u00e1s]<\/a><\/p>\n<\/div>","protected":false},"author":3,"featured_media":37841,"comment_status":"open","ping_status":"open","sticky":false,"template":"","format":"standard","meta":{"_jetpack_memberships_contains_paid_content":false,"footnotes":"","jetpack_publicize_message":"","jetpack_publicize_feature_enabled":true,"jetpack_social_post_already_shared":true,"jetpack_social_options":{"image_generator_settings":{"template":"highway","default_image_id":0,"font":"","enabled":false},"version":2}},"categories":[51],"tags":[],"class_list":{"0":"post-37840","1":"post","2":"type-post","3":"status-publish","4":"format-standard","5":"has-post-thumbnail","7":"category-regionales"},"jetpack_publicize_connections":[],"jetpack_featured_media_url":"https:\/\/i0.wp.com\/larevistadigital.com.ar\/blog\/wp-content\/uploads\/20241111151710_ramallo-rescatan-trabajador-atrapado-silo.jpg?fit=880%2C512&ssl=1","jetpack_sharing_enabled":true,"jetpack_shortlink":"https:\/\/wp.me\/p8qtrQ-9Qk","jetpack-related-posts":[{"id":42545,"url":"https:\/\/larevistadigital.com.ar\/blog\/general-madariaga-un-trabajador-rural-fallecio-tras-quedar-atrapado-en-un-silo\/","url_meta":{"origin":37840,"position":0},"title":"General Madariaga: un trabajador rural falleci\u00f3 tras quedar atrapado en un silo","author":"Alejandro Sosa Ruda","date":"20 noviembre, 2025","format":false,"excerpt":"Ten\u00eda 65 a\u00f1os y realizaba tareas laborales en un establecimiento rural ubicado a pocos metros del aeropuerto de Villa Gesell cuando ocurri\u00f3 el mortal accidente. 20 de Noviembre de 2025 GRAL. MADARIAGA -\u00a0 \u00a0Un hombre de 65 a\u00f1os muri\u00f3 este jueves por la tarde luego de quedar atrapado dentro de\u2026","rel":"","context":"En \u00abPOLICIALES\u00bb","block_context":{"text":"POLICIALES","link":"https:\/\/larevistadigital.com.ar\/blog\/category\/policiales\/"},"img":{"alt_text":"","src":"https:\/\/i0.wp.com\/larevistadigital.com.ar\/blog\/wp-content\/uploads\/666a8027af7381a1e5cdbaa3a66971e4320311a0.jpg?fit=1140%2C681&ssl=1&resize=350%2C200","width":350,"height":200,"srcset":"https:\/\/i0.wp.com\/larevistadigital.com.ar\/blog\/wp-content\/uploads\/666a8027af7381a1e5cdbaa3a66971e4320311a0.jpg?fit=1140%2C681&ssl=1&resize=350%2C200 1x, https:\/\/i0.wp.com\/larevistadigital.com.ar\/blog\/wp-content\/uploads\/666a8027af7381a1e5cdbaa3a66971e4320311a0.jpg?fit=1140%2C681&ssl=1&resize=525%2C300 1.5x, https:\/\/i0.wp.com\/larevistadigital.com.ar\/blog\/wp-content\/uploads\/666a8027af7381a1e5cdbaa3a66971e4320311a0.jpg?fit=1140%2C681&ssl=1&resize=700%2C400 2x, https:\/\/i0.wp.com\/larevistadigital.com.ar\/blog\/wp-content\/uploads\/666a8027af7381a1e5cdbaa3a66971e4320311a0.jpg?fit=1140%2C681&ssl=1&resize=1050%2C600 3x"},"classes":[]},{"id":31287,"url":"https:\/\/larevistadigital.com.ar\/blog\/muere-aplastado-un-trabajador-rural-por-el-tractor-con-acoplado-que-conducia\/","url_meta":{"origin":37840,"position":1},"title":"MUERE APLASTADO UN TRABAJADOR RURAL, POR EL TRACTOR CON ACOPLADO QUE CONDUC\u00cdA","author":"Alejandro Sosa Ruda","date":"28 abril, 2023","format":false,"excerpt":"El siniestro se produjo en el paraje \u201cCinco Cerros\u201d de Balcarce. El trabajador muri\u00f3 en el acto. 28 de abril de 2023 BALCARCE -\u00a0 Un trabajador rural perdi\u00f3 la vida al volcar el tractor que conduc\u00eda en un camino rural de Balcarce, que conduce desde la Ruta Nacional 226 hacia\u2026","rel":"","context":"En \u00abPOLICIALES\u00bb","block_context":{"text":"POLICIALES","link":"https:\/\/larevistadigital.com.ar\/blog\/category\/policiales\/"},"img":{"alt_text":"","src":"https:\/\/i0.wp.com\/larevistadigital.com.ar\/blog\/wp-content\/uploads\/Captura-de-pantalla-2023-04-28-133604.png?fit=809%2C432&ssl=1&resize=350%2C200","width":350,"height":200,"srcset":"https:\/\/i0.wp.com\/larevistadigital.com.ar\/blog\/wp-content\/uploads\/Captura-de-pantalla-2023-04-28-133604.png?fit=809%2C432&ssl=1&resize=350%2C200 1x, https:\/\/i0.wp.com\/larevistadigital.com.ar\/blog\/wp-content\/uploads\/Captura-de-pantalla-2023-04-28-133604.png?fit=809%2C432&ssl=1&resize=525%2C300 1.5x, https:\/\/i0.wp.com\/larevistadigital.com.ar\/blog\/wp-content\/uploads\/Captura-de-pantalla-2023-04-28-133604.png?fit=809%2C432&ssl=1&resize=700%2C400 2x"},"classes":[]},{"id":11126,"url":"https:\/\/larevistadigital.com.ar\/blog\/belgrano-los-bomberos-trabajaron-varias-horas-para-extinguir-incendio-en-silo\/","url_meta":{"origin":37840,"position":2},"title":"BELGRANO: LOS BOMBEROS TRABAJARON VARIAS HORAS PARA EXTINGUIR INCENDIO EN SILO","author":"Alejandro Sosa Ruda","date":"7 julio, 2019","format":false,"excerpt":"Un arduo trabajo desplegaron durante varias horas en la noche de ayer y madrugada de este s\u00e1bado, los Bomberos Voluntarios de General Belgrano\u00a0tras el incendio de una secadora de semillas en una planta de silos ubicada a pocos metros de la ruta provincial 41. Dos dotaciones en las unidades 19\u2026","rel":"","context":"En \u00abREGIONALES\u00bb","block_context":{"text":"REGIONALES","link":"https:\/\/larevistadigital.com.ar\/blog\/category\/regionales\/"},"img":{"alt_text":"","src":"https:\/\/i0.wp.com\/larevistadigital.com.ar\/blog\/wp-content\/uploads\/incendio-belgrano.png?fit=900%2C448&ssl=1&resize=350%2C200","width":350,"height":200,"srcset":"https:\/\/i0.wp.com\/larevistadigital.com.ar\/blog\/wp-content\/uploads\/incendio-belgrano.png?fit=900%2C448&ssl=1&resize=350%2C200 1x, https:\/\/i0.wp.com\/larevistadigital.com.ar\/blog\/wp-content\/uploads\/incendio-belgrano.png?fit=900%2C448&ssl=1&resize=525%2C300 1.5x, https:\/\/i0.wp.com\/larevistadigital.com.ar\/blog\/wp-content\/uploads\/incendio-belgrano.png?fit=900%2C448&ssl=1&resize=700%2C400 2x"},"classes":[]},{"id":42088,"url":"https:\/\/larevistadigital.com.ar\/blog\/violento-vuelco-en-la-ruta-74-un-hombre-fue-rescatado-por-los-bomberos-en-general-madariaga\/","url_meta":{"origin":37840,"position":3},"title":"Violento vuelco en la Ruta 74: un hombre fue rescatado por los bomberos en General Madariaga","author":"Alejandro Sosa Ruda","date":"19 octubre, 2025","format":false,"excerpt":"El accidente ocurri\u00f3 este s\u00e1bado a la altura del kil\u00f3metro 12, en direcci\u00f3n a Pinamar. El conductor del veh\u00edculo perdi\u00f3 el control y termin\u00f3 volcando. Fue trasladado al hospital con heridas. 19 de Octubre de 2025 BUENOS AIRES\u00a0 -\u00a0 \u00a0Un fuerte accidente de tr\u00e1nsito se registr\u00f3 este s\u00e1bado en el\u2026","rel":"","context":"En \u00abPOLICIALES\u00bb","block_context":{"text":"POLICIALES","link":"https:\/\/larevistadigital.com.ar\/blog\/category\/policiales\/"},"img":{"alt_text":"","src":"https:\/\/i0.wp.com\/larevistadigital.com.ar\/blog\/wp-content\/uploads\/70d730c690df241f6cecf68fe30a0e13dfa6a0ba.jpg?fit=900%2C900&ssl=1&resize=350%2C200","width":350,"height":200,"srcset":"https:\/\/i0.wp.com\/larevistadigital.com.ar\/blog\/wp-content\/uploads\/70d730c690df241f6cecf68fe30a0e13dfa6a0ba.jpg?fit=900%2C900&ssl=1&resize=350%2C200 1x, https:\/\/i0.wp.com\/larevistadigital.com.ar\/blog\/wp-content\/uploads\/70d730c690df241f6cecf68fe30a0e13dfa6a0ba.jpg?fit=900%2C900&ssl=1&resize=525%2C300 1.5x, https:\/\/i0.wp.com\/larevistadigital.com.ar\/blog\/wp-content\/uploads\/70d730c690df241f6cecf68fe30a0e13dfa6a0ba.jpg?fit=900%2C900&ssl=1&resize=700%2C400 2x"},"classes":[]},{"id":36220,"url":"https:\/\/larevistadigital.com.ar\/blog\/la-plata-se-derrumbo-un-edificio-en-construccion-y-un-obrero-quedo-atrapado-bajo-los-escombros\/","url_meta":{"origin":37840,"position":4},"title":"LA PLATA: SE DERRUMB\u00d3 UN EDIFICIO EN CONSTRUCCI\u00d3N Y UN OBRERO QUED\u00d3 ATRAPADO BAJO LOS ESCOMBROS","author":"Alejandro Sosa Ruda","date":"5 junio, 2024","format":false,"excerpt":"Momentos de tensi\u00f3n se vivieron en un obra de 46 entre 15 y 16, cuando un joven qued\u00f3 atrapado. Lo rescataron y trasladaron al Hospital San Mart\u00edn. 5 de Junio de 2024 LA PLATA\u00a0 -\u00a0 Un obrero de La Plata sufri\u00f3 un grave accidente mientras realizaba sus tareas en una\u2026","rel":"","context":"En \u00abREGIONALES\u00bb","block_context":{"text":"REGIONALES","link":"https:\/\/larevistadigital.com.ar\/blog\/category\/regionales\/"},"img":{"alt_text":"","src":"https:\/\/i0.wp.com\/larevistadigital.com.ar\/blog\/wp-content\/uploads\/Captura-de-pantalla-2024-06-05-001944.png?fit=904%2C491&ssl=1&resize=350%2C200","width":350,"height":200,"srcset":"https:\/\/i0.wp.com\/larevistadigital.com.ar\/blog\/wp-content\/uploads\/Captura-de-pantalla-2024-06-05-001944.png?fit=904%2C491&ssl=1&resize=350%2C200 1x, https:\/\/i0.wp.com\/larevistadigital.com.ar\/blog\/wp-content\/uploads\/Captura-de-pantalla-2024-06-05-001944.png?fit=904%2C491&ssl=1&resize=525%2C300 1.5x, https:\/\/i0.wp.com\/larevistadigital.com.ar\/blog\/wp-content\/uploads\/Captura-de-pantalla-2024-06-05-001944.png?fit=904%2C491&ssl=1&resize=700%2C400 2x"},"classes":[]},{"id":43338,"url":"https:\/\/larevistadigital.com.ar\/blog\/volco-en-la-ruta-y-quedo-atrapado-dentro-de-su-auto\/","url_meta":{"origin":37840,"position":5},"title":"Volc\u00f3 en la ruta y qued\u00f3 atrapado dentro de su auto.","author":"Alejandro Sosa Ruda","date":"14 enero, 2026","format":false,"excerpt":"El accidente ocurri\u00f3 en plena hora pico sobre la Ruta Interbalnearia 11, en el tramo que une Villa Gesell con Mar Azul. El conductor debi\u00f3 ser rescatado por los bomberos. 14 de enero de 2026 BUENOS AIRES -\u00a0 \u00a0Un grave accidente de tr\u00e1nsito se registr\u00f3 este martes por la tarde\u2026","rel":"","context":"En \u00abPOLICIALES\u00bb","block_context":{"text":"POLICIALES","link":"https:\/\/larevistadigital.com.ar\/blog\/category\/policiales\/"},"img":{"alt_text":"","src":"https:\/\/i0.wp.com\/larevistadigital.com.ar\/blog\/wp-content\/uploads\/A-6.jpg?fit=785%2C487&ssl=1&resize=350%2C200","width":350,"height":200,"srcset":"https:\/\/i0.wp.com\/larevistadigital.com.ar\/blog\/wp-content\/uploads\/A-6.jpg?fit=785%2C487&ssl=1&resize=350%2C200 1x, https:\/\/i0.wp.com\/larevistadigital.com.ar\/blog\/wp-content\/uploads\/A-6.jpg?fit=785%2C487&ssl=1&resize=525%2C300 1.5x, https:\/\/i0.wp.com\/larevistadigital.com.ar\/blog\/wp-content\/uploads\/A-6.jpg?fit=785%2C487&ssl=1&resize=700%2C400 2x"},"classes":[]}],"_links":{"self":[{"href":"https:\/\/larevistadigital.com.ar\/blog\/wp-json\/wp\/v2\/posts\/37840","targetHints":{"allow":["GET"]}}],"collection":[{"href":"https:\/\/larevistadigital.com.ar\/blog\/wp-json\/wp\/v2\/posts"}],"about":[{"href":"https:\/\/larevistadigital.com.ar\/blog\/wp-json\/wp\/v2\/types\/post"}],"author":[{"embeddable":true,"href":"https:\/\/larevistadigital.com.ar\/blog\/wp-json\/wp\/v2\/users\/3"}],"replies":[{"embeddable":true,"href":"https:\/\/larevistadigital.com.ar\/blog\/wp-json\/wp\/v2\/comments?post=37840"}],"version-history":[{"count":1,"href":"https:\/\/larevistadigital.com.ar\/blog\/wp-json\/wp\/v2\/posts\/37840\/revisions"}],"predecessor-version":[{"id":37842,"href":"https:\/\/larevistadigital.com.ar\/blog\/wp-json\/wp\/v2\/posts\/37840\/revisions\/37842"}],"wp:featuredmedia":[{"embeddable":true,"href":"https:\/\/larevistadigital.com.ar\/blog\/wp-json\/wp\/v2\/media\/37841"}],"wp:attachment":[{"href":"https:\/\/larevistadigital.com.ar\/blog\/wp-json\/wp\/v2\/media?parent=37840"}],"wp:term":[{"taxonomy":"category","embeddable":true,"href":"https:\/\/larevistadigital.com.ar\/blog\/wp-json\/wp\/v2\/categories?post=37840"},{"taxonomy":"post_tag","embeddable":true,"href":"https:\/\/larevistadigital.com.ar\/blog\/wp-json\/wp\/v2\/tags?post=37840"}],"curies":[{"name":"wp","href":"https:\/\/api.w.org\/{rel}","templated":true}]}}