{"id":37843,"date":"2024-11-12T23:10:21","date_gmt":"2024-11-13T02:10:21","guid":{"rendered":"https:\/\/larevistadigital.com.ar\/blog\/?p=37843"},"modified":"2024-11-20T23:43:27","modified_gmt":"2024-11-21T02:43:27","slug":"inscripcion-para-la-residencia-universitaria-y-renovacion-de-becas","status":"publish","type":"post","link":"https:\/\/larevistadigital.com.ar\/blog\/inscripcion-para-la-residencia-universitaria-y-renovacion-de-becas\/","title":{"rendered":"Inscripci\u00f3n para la residencia universitaria y renovaci\u00f3n de becas"},"content":{"rendered":"<h2 class=\"excerpt\">Los interesados podr\u00e1n inscribirse desde el 11 de noviembre hasta el 13 de diciembre inclusive.<\/h2>\n<p>12 de Noviembre de 2024<\/p>\n<div id=\"miDiv1\" class=\"text\">\n<p><strong>CHASCOM\u00daS &#8211;\u00a0<\/strong> Se encuentra abierta la inscripci\u00f3n y renovaci\u00f3n para las Becas y Residencia Universitaria de la Municipalidad, un beneficio destinado a estudiantes de estudios superiores o universitarios, residentes de Chascom\u00fas.<\/p>\n<p>Actualmente en la residencia universitaria se alojan 17 estudiantes, varones y mujeres que cursan diferentes carreras dependientes de la Universidad Nacional La Plata (UNLP). Est\u00e1 ubicada en calle 8 y Av. 60, cuenta con espacios comunes (2 comedores, cocina y sala de estudio) y habitaciones de 3 o 4 integrantes.<\/p>\n<blockquote>\n<h3>Tanto las renovaciones como inscripciones son evaluadas por la comisi\u00f3n administrativa la cual est\u00e1 compuesta por personal municipal de la Direcci\u00f3n de Educaci\u00f3n, un representante de cada bloque pol\u00edtico del Concejo Deliberante, y dos representantes de los residentes universitarios.<\/h3>\n<\/blockquote>\n<p>Por otra parte, se entregan mensualmente veinticinco becas universitarias, cuyo monto equivale a doce m\u00f3dulos municipales. En el caso espec\u00edfico de las renovaciones, tanto de becas como de plazas en la residencia, los estudiantes deben cumplir con un porcentaje de materias aprobadas.<\/p>\n<blockquote>\n<h3>Los interesados deber\u00e1n adquirir las planillas en Casa Mazzaro o Copycenter, y presentar la documentaci\u00f3n en papel, con hojas numeradas (ej.: 1\/5, 2\/5, 3\/5, etc.), dentro de un folio\/sobre que ser\u00e1 depositado en la urna verde colocada para tal fin en la entrada de Mendoza 95, de lunes a viernes de 8 a 13.30 hs.<\/h3>\n<\/blockquote>\n<p>Por consultas podr\u00e1n comunicarse al n\u00famero 43-0332 o al mail inscripcionbecaresidencia@gmail.com<\/p>\n<\/div>\n","protected":false},"excerpt":{"rendered":"<div class=\"mh-excerpt\"><p>Los interesados podr\u00e1n inscribirse desde el 11 de noviembre hasta el 13 de diciembre inclusive. 12 de Noviembre de 2024 CHASCOM\u00daS &#8211;\u00a0 Se encuentra abierta la inscripci\u00f3n y renovaci\u00f3n para las Becas y Residencia Universitaria <a class=\"mh-excerpt-more\" href=\"https:\/\/larevistadigital.com.ar\/blog\/inscripcion-para-la-residencia-universitaria-y-renovacion-de-becas\/\" title=\"Inscripci\u00f3n para la residencia universitaria y renovaci\u00f3n de becas\">[Leer M\u00e1s]<\/a><\/p>\n<\/div>","protected":false},"author":3,"featured_media":37844,"comment_status":"open","ping_status":"open","sticky":false,"template":"","format":"standard","meta":{"_jetpack_memberships_contains_paid_content":false,"footnotes":"","jetpack_publicize_message":"","jetpack_publicize_feature_enabled":true,"jetpack_social_post_already_shared":true,"jetpack_social_options":{"image_generator_settings":{"template":"highway","default_image_id":0,"font":"","enabled":false},"version":2}},"categories":[6],"tags":[],"class_list":{"0":"post-37843","1":"post","2":"type-post","3":"status-publish","4":"format-standard","5":"has-post-thumbnail","7":"category-chascomus"},"jetpack_publicize_connections":[],"jetpack_featured_media_url":"https:\/\/i0.wp.com\/larevistadigital.com.ar\/blog\/wp-content\/uploads\/67323ad3e8c99.png?fit=668%2C445&ssl=1","jetpack_sharing_enabled":true,"jetpack_shortlink":"https:\/\/wp.me\/p8qtrQ-9Qn","jetpack-related-posts":[{"id":34732,"url":"https:\/\/larevistadigital.com.ar\/blog\/continua-la-inscripcion-para-la-residencia-universitaria-y-renovacion-de-becas\/","url_meta":{"origin":37843,"position":0},"title":"CONTIN\u00daA LA INSCRIPCI\u00d3N PARA LA RESIDENCIA UNIVERSITARIA Y RENOVACI\u00d3N DE BECAS","author":"Alejandro Sosa Ruda","date":"4 diciembre, 2023","format":false,"excerpt":"El registro de aspirantes para ocupar plazas en la Residencia Universitaria de la ciudad de La Plata contin\u00faa abierto hasta el 15 de diciembre. Adem\u00e1s, se informa que tambi\u00e9n se est\u00e1 llevando a cabo el proceso de renovaci\u00f3n de becas para los residentes universitarios. 4 de Diciembre de 2023 CHASCOM\u00daS\u2026","rel":"","context":"En \u00abCHASCOM\u00daS\u00bb","block_context":{"text":"CHASCOM\u00daS","link":"https:\/\/larevistadigital.com.ar\/blog\/category\/chascomus\/"},"img":{"alt_text":"","src":"https:\/\/i0.wp.com\/larevistadigital.com.ar\/blog\/wp-content\/uploads\/2023_12_05_00_44_43_6607250.jpg?fit=800%2C700&ssl=1&resize=350%2C200","width":350,"height":200,"srcset":"https:\/\/i0.wp.com\/larevistadigital.com.ar\/blog\/wp-content\/uploads\/2023_12_05_00_44_43_6607250.jpg?fit=800%2C700&ssl=1&resize=350%2C200 1x, https:\/\/i0.wp.com\/larevistadigital.com.ar\/blog\/wp-content\/uploads\/2023_12_05_00_44_43_6607250.jpg?fit=800%2C700&ssl=1&resize=525%2C300 1.5x, https:\/\/i0.wp.com\/larevistadigital.com.ar\/blog\/wp-content\/uploads\/2023_12_05_00_44_43_6607250.jpg?fit=800%2C700&ssl=1&resize=700%2C400 2x"},"classes":[]},{"id":575,"url":"https:\/\/larevistadigital.com.ar\/blog\/becas-para-nuestros-estudiantes\/","url_meta":{"origin":37843,"position":1},"title":"Becas para nuestros estudiantes.","author":"editor","date":"6 marzo, 2017","format":false,"excerpt":"La Direcci\u00f3n de Acci\u00f3n Social de la Municipalidad de Pila informa que se encuentra abierta la Inscripci\u00f3n y renovaci\u00f3n de las Becas Municipales de nivel universitario y terciario. Debiendo presentar certificado de alumno regular y fotocopia de DNI en esta Direcci\u00f3n, con fecha l\u00edmite hasta el jueves 23 de marzo\u2026","rel":"","context":"En \u00abPILA\u00bb","block_context":{"text":"PILA","link":"https:\/\/larevistadigital.com.ar\/blog\/category\/pila\/"},"img":{"alt_text":"","src":"https:\/\/i0.wp.com\/larevistadigital.com.ar\/blog\/wp-content\/uploads\/2017\/03\/Gustavo-Walker-1.jpg?fit=630%2C612&ssl=1&resize=350%2C200","width":350,"height":200,"srcset":"https:\/\/i0.wp.com\/larevistadigital.com.ar\/blog\/wp-content\/uploads\/2017\/03\/Gustavo-Walker-1.jpg?fit=630%2C612&ssl=1&resize=350%2C200 1x, https:\/\/i0.wp.com\/larevistadigital.com.ar\/blog\/wp-content\/uploads\/2017\/03\/Gustavo-Walker-1.jpg?fit=630%2C612&ssl=1&resize=525%2C300 1.5x"},"classes":[]},{"id":28863,"url":"https:\/\/larevistadigital.com.ar\/blog\/importante-abrieron-las-inscripciones-para-las-becas-de-estudiantes-en-la-unlp\/","url_meta":{"origin":37843,"position":2},"title":"IMPORTANTE: ABRIERON LAS INSCRIPCIONES PARA LAS  BECAS DE ESTUDIANTES EN LA UNLP","author":"Alejandro Sosa Ruda","date":"18 noviembre, 2022","format":false,"excerpt":"Los beneficios que se implementan est\u00e1n destinados a ingresantes y estudiantes regulares, a fin de garantizar el ingreso, el progreso y la culminaci\u00f3n de la carrera de grado. El cierre de la convocatoria var\u00eda de acuerdo al beneficio. 18 de noviembre de 2022 Se encuentra abierta la inscripci\u00f3n a las\u2026","rel":"","context":"En \u00abCULTURA\u00bb","block_context":{"text":"CULTURA","link":"https:\/\/larevistadigital.com.ar\/blog\/category\/cultura\/"},"img":{"alt_text":"","src":"https:\/\/i0.wp.com\/larevistadigital.com.ar\/blog\/wp-content\/uploads\/20221118183248_unlp.jpg?fit=880%2C512&ssl=1&resize=350%2C200","width":350,"height":200,"srcset":"https:\/\/i0.wp.com\/larevistadigital.com.ar\/blog\/wp-content\/uploads\/20221118183248_unlp.jpg?fit=880%2C512&ssl=1&resize=350%2C200 1x, https:\/\/i0.wp.com\/larevistadigital.com.ar\/blog\/wp-content\/uploads\/20221118183248_unlp.jpg?fit=880%2C512&ssl=1&resize=525%2C300 1.5x, https:\/\/i0.wp.com\/larevistadigital.com.ar\/blog\/wp-content\/uploads\/20221118183248_unlp.jpg?fit=880%2C512&ssl=1&resize=700%2C400 2x"},"classes":[]},{"id":40800,"url":"https:\/\/larevistadigital.com.ar\/blog\/chascomus-se-abre-la-segunda-convocatoria-para-las-becas-progresar\/","url_meta":{"origin":37843,"position":3},"title":"Chascom\u00fas: Se abre la segunda convocatoria para las becas Progresar","author":"Alejandro Sosa Ruda","date":"6 agosto, 2025","format":false,"excerpt":"Para el tr\u00e1mite los interesados deben validar identidad digital de la aplicaci\u00f3n Mi Argentina. 06 de Agosto de 2025 CHASCOM\u00daS -\u00a0 \u00a0La pr\u00f3xima semana se abrir\u00e1 la inscripci\u00f3n a las becas Progresar. La misma tendr\u00e1 lugar en el CIC 30 de Mayo (Serantes y Carmona) de manera escalonada de acuerdo\u2026","rel":"","context":"En \u00abCHASCOM\u00daS\u00bb","block_context":{"text":"CHASCOM\u00daS","link":"https:\/\/larevistadigital.com.ar\/blog\/category\/chascomus\/"},"img":{"alt_text":"","src":"https:\/\/i0.wp.com\/larevistadigital.com.ar\/blog\/wp-content\/uploads\/6893848d150ea.png?fit=668%2C445&ssl=1&resize=350%2C200","width":350,"height":200,"srcset":"https:\/\/i0.wp.com\/larevistadigital.com.ar\/blog\/wp-content\/uploads\/6893848d150ea.png?fit=668%2C445&ssl=1&resize=350%2C200 1x, https:\/\/i0.wp.com\/larevistadigital.com.ar\/blog\/wp-content\/uploads\/6893848d150ea.png?fit=668%2C445&ssl=1&resize=525%2C300 1.5x"},"classes":[]},{"id":19049,"url":"https:\/\/larevistadigital.com.ar\/blog\/informacion-importante-se-inscribe-para-acceder-a-vacantes-en-la-residencia-universitaria-de-lezama-en-la-plata\/","url_meta":{"origin":37843,"position":4},"title":"INFORMACI\u00d3N IMPORTANTE: SE INSCRIBE PARA ACCEDER A VACANTES EN LA RESIDENCIA UNIVERSITARIA DE LEZAMA EN LA PLATA","author":"Alejandro Sosa Ruda","date":"26 febrero, 2021","format":false,"excerpt":"","rel":"","context":"En \u00abLEZAMA\u00bb","block_context":{"text":"LEZAMA","link":"https:\/\/larevistadigital.com.ar\/blog\/category\/lezama\/"},"img":{"alt_text":"","src":"https:\/\/i0.wp.com\/larevistadigital.com.ar\/blog\/wp-content\/uploads\/154413272_2001654783360546_5742675748172643462_o.jpg?resize=350%2C200&ssl=1","width":350,"height":200,"srcset":"https:\/\/i0.wp.com\/larevistadigital.com.ar\/blog\/wp-content\/uploads\/154413272_2001654783360546_5742675748172643462_o.jpg?resize=350%2C200&ssl=1 1x, https:\/\/i0.wp.com\/larevistadigital.com.ar\/blog\/wp-content\/uploads\/154413272_2001654783360546_5742675748172643462_o.jpg?resize=525%2C300&ssl=1 1.5x, https:\/\/i0.wp.com\/larevistadigital.com.ar\/blog\/wp-content\/uploads\/154413272_2001654783360546_5742675748172643462_o.jpg?resize=700%2C400&ssl=1 2x, https:\/\/i0.wp.com\/larevistadigital.com.ar\/blog\/wp-content\/uploads\/154413272_2001654783360546_5742675748172643462_o.jpg?resize=1050%2C600&ssl=1 3x"},"classes":[]},{"id":42474,"url":"https:\/\/larevistadigital.com.ar\/blog\/chascomus-este-lunes-y-martes-se-realizara-un-nuevo-operativo-gratuito-de-renovacion-de-dni\/","url_meta":{"origin":37843,"position":5},"title":"Chascom\u00fas: Este lunes y martes se realizar\u00e1 un nuevo operativo gratuito de renovaci\u00f3n de DNI","author":"Alejandro Sosa Ruda","date":"14 noviembre, 2025","format":false,"excerpt":"Ser\u00e1 en la Plaza Independencia, frente a la Municipalidad, y se sumar\u00e1n iglesias, clubes locales y entidades sociales. 14 de Noviembre de 2025 CHASCOM\u00daS -\u00a0 \u00a0El pr\u00f3ximo lunes 17 y el martes 18 de noviembre, se llevar\u00e1 a cabo un nuevo operativo especial dedicado a la renovaci\u00f3n del Documento Nacional\u2026","rel":"","context":"En \u00abCHASCOM\u00daS\u00bb","block_context":{"text":"CHASCOM\u00daS","link":"https:\/\/larevistadigital.com.ar\/blog\/category\/chascomus\/"},"img":{"alt_text":"","src":"https:\/\/i0.wp.com\/larevistadigital.com.ar\/blog\/wp-content\/uploads\/69176d86ada62.png?fit=668%2C445&ssl=1&resize=350%2C200","width":350,"height":200,"srcset":"https:\/\/i0.wp.com\/larevistadigital.com.ar\/blog\/wp-content\/uploads\/69176d86ada62.png?fit=668%2C445&ssl=1&resize=350%2C200 1x, https:\/\/i0.wp.com\/larevistadigital.com.ar\/blog\/wp-content\/uploads\/69176d86ada62.png?fit=668%2C445&ssl=1&resize=525%2C300 1.5x"},"classes":[]}],"_links":{"self":[{"href":"https:\/\/larevistadigital.com.ar\/blog\/wp-json\/wp\/v2\/posts\/37843","targetHints":{"allow":["GET"]}}],"collection":[{"href":"https:\/\/larevistadigital.com.ar\/blog\/wp-json\/wp\/v2\/posts"}],"about":[{"href":"https:\/\/larevistadigital.com.ar\/blog\/wp-json\/wp\/v2\/types\/post"}],"author":[{"embeddable":true,"href":"https:\/\/larevistadigital.com.ar\/blog\/wp-json\/wp\/v2\/users\/3"}],"replies":[{"embeddable":true,"href":"https:\/\/larevistadigital.com.ar\/blog\/wp-json\/wp\/v2\/comments?post=37843"}],"version-history":[{"count":1,"href":"https:\/\/larevistadigital.com.ar\/blog\/wp-json\/wp\/v2\/posts\/37843\/revisions"}],"predecessor-version":[{"id":37845,"href":"https:\/\/larevistadigital.com.ar\/blog\/wp-json\/wp\/v2\/posts\/37843\/revisions\/37845"}],"wp:featuredmedia":[{"embeddable":true,"href":"https:\/\/larevistadigital.com.ar\/blog\/wp-json\/wp\/v2\/media\/37844"}],"wp:attachment":[{"href":"https:\/\/larevistadigital.com.ar\/blog\/wp-json\/wp\/v2\/media?parent=37843"}],"wp:term":[{"taxonomy":"category","embeddable":true,"href":"https:\/\/larevistadigital.com.ar\/blog\/wp-json\/wp\/v2\/categories?post=37843"},{"taxonomy":"post_tag","embeddable":true,"href":"https:\/\/larevistadigital.com.ar\/blog\/wp-json\/wp\/v2\/tags?post=37843"}],"curies":[{"name":"wp","href":"https:\/\/api.w.org\/{rel}","templated":true}]}}