{"id":37846,"date":"2024-11-12T23:18:30","date_gmt":"2024-11-13T02:18:30","guid":{"rendered":"https:\/\/larevistadigital.com.ar\/blog\/?p=37846"},"modified":"2024-11-20T23:43:18","modified_gmt":"2024-11-21T02:43:18","slug":"javier-gaston-recibio-a-las-nuevas-autoridades-de-la-fes","status":"publish","type":"post","link":"https:\/\/larevistadigital.com.ar\/blog\/javier-gaston-recibio-a-las-nuevas-autoridades-de-la-fes\/","title":{"rendered":"Javier Gast\u00f3n recibi\u00f3 a las nuevas autoridades de la FES"},"content":{"rendered":"<h2 class=\"excerpt\">El intendente destac\u00f3 el compromiso juvenil con la educaci\u00f3n local y el trabajo conjunto entre el municipio y los estudiantes para seguir construyendo una comunidad m\u00e1s participativa.<\/h2>\n<p>12 de Noviembre de 2024<\/p>\n<div id=\"miDiv1\" class=\"text\">\n<p><strong>CHASCOM\u00daS &#8211;\u00a0<\/strong> En el despacho comunal, el intendente Javier Gast\u00f3n recibi\u00f3 este lunes a las nuevas autoridades de la Federaci\u00f3n de Estudiantes Secundarios (FES) recientemente elegidos para presidir durante el pr\u00f3ximo a\u00f1o a la entidad que agrupa a las instituciones educativas chascomunenses.<\/p>\n<blockquote>\n<h3>En el encuentro, que tambi\u00e9n cont\u00f3 con la presencia de la jefa distrital de Educaci\u00f3n, Julia Ugarte, los estudiantes detallaron los proyectos que impulsar\u00e1n en el futuro cercano.<\/h3>\n<\/blockquote>\n<p>La nueva mesa directiva de la FES est\u00e1 encabezada por <strong>Mart\u00edn Katulskas<\/strong>, alumno del Instituto Divino Coraz\u00f3n (IDC). Lo acompa\u00f1an <strong>Agust\u00edn Ram\u00edrez<\/strong> (Secundaria 1) como vicepresidente, <strong>Fiorella Cejas<\/strong> como secretaria, <strong>Felipe Olivero<\/strong> (Secundaria Municipal) como tesorero, y los vocales <strong>Jazm\u00edn Bejarano<\/strong> y <strong>Santiago Ferrari<\/strong> (Nuestra Se\u00f1ora de Luj\u00e1n), <strong>Nahuel Villar<\/strong> y <strong>Celeste Pav\u00f3n<\/strong> (Secundaria 7), <strong>Tatiana Larralde, Marina Bidart y Francisco Lazarte<\/strong> (Secundaria 8), <strong>Bautista Pozzi y Elo\u00edsa Gualazzini<\/strong> (IDC), <strong>Josefina Etchepare y Santiago Barrera<\/strong> (ICM) y <strong>Martina Amaral y Sheila Villalb<\/strong>a (Secundaria 1).<\/p>\n<blockquote>\n<h3>El encuentro fue una oportunidad para que los estudiantes presentaran sus proyectos, que buscan fortalecer la participaci\u00f3n juvenil y mejorar las condiciones educativas en el \u00e1mbito local.<\/h3>\n<\/blockquote>\n<p>Al finalizar la reuni\u00f3n, el intendente, junto a los miembros de la nueva comisi\u00f3n directiva de la FES, recorri\u00f3 la muestra de cierre anual de la Secundaria N\u00ba 3 (Escuela Normal), donde observ\u00f3 los trabajos realizados por los estudiantes durante el a\u00f1o educativo.<\/p>\n<p>Cabe destacar que, en una reciente entrega simb\u00f3lica, el intendente Gast\u00f3n cedi\u00f3 un espacio dentro del Centro Cultural Vieja Estaci\u00f3n para que la FES pueda llevar a cabo sus reuniones.<\/p>\n<\/div>\n","protected":false},"excerpt":{"rendered":"<div class=\"mh-excerpt\"><p>El intendente destac\u00f3 el compromiso juvenil con la educaci\u00f3n local y el trabajo conjunto entre el municipio y los estudiantes para seguir construyendo una comunidad m\u00e1s participativa. 12 de Noviembre de 2024 CHASCOM\u00daS &#8211;\u00a0 En <a class=\"mh-excerpt-more\" href=\"https:\/\/larevistadigital.com.ar\/blog\/javier-gaston-recibio-a-las-nuevas-autoridades-de-la-fes\/\" title=\"Javier Gast\u00f3n recibi\u00f3 a las nuevas autoridades de la FES\">[Leer M\u00e1s]<\/a><\/p>\n<\/div>","protected":false},"author":3,"featured_media":37847,"comment_status":"open","ping_status":"open","sticky":false,"template":"","format":"standard","meta":{"_jetpack_memberships_contains_paid_content":false,"footnotes":"","jetpack_publicize_message":"","jetpack_publicize_feature_enabled":true,"jetpack_social_post_already_shared":true,"jetpack_social_options":{"image_generator_settings":{"template":"highway","default_image_id":0,"font":"","enabled":false},"version":2}},"categories":[6,29],"tags":[],"class_list":{"0":"post-37846","1":"post","2":"type-post","3":"status-publish","4":"format-standard","5":"has-post-thumbnail","7":"category-chascomus","8":"category-sociedad"},"jetpack_publicize_connections":[],"jetpack_featured_media_url":"https:\/\/i0.wp.com\/larevistadigital.com.ar\/blog\/wp-content\/uploads\/67337ac6bfc67.png?fit=668%2C445&ssl=1","jetpack_sharing_enabled":true,"jetpack_shortlink":"https:\/\/wp.me\/p8qtrQ-9Qq","jetpack-related-posts":[{"id":44638,"url":"https:\/\/larevistadigital.com.ar\/blog\/javier-gaston-recibio-a-la-nueva-conduccion-de-la-fes\/","url_meta":{"origin":37846,"position":0},"title":"Javier Gast\u00f3n recibi\u00f3 a la nueva conducci\u00f3n de la FES","author":"Alejandro Sosa Ruda","date":"20 marzo, 2026","format":false,"excerpt":"Autoridades de la Federaci\u00f3n de Estudiantes Secundarios presentaron sus propuestas y l\u00edneas de trabajo para el ciclo 2026. 20 de marzo de 2026 CHASCOM\u00daS -\u00a0 \u00a0El intendente Javier Gast\u00f3n recibi\u00f3 en su despacho a los integrantes de la mesa directiva de la Federaci\u00f3n de Estudiantes Secundarios (FES), entidad que nuclea\u2026","rel":"","context":"En \u00abCHASCOM\u00daS\u00bb","block_context":{"text":"CHASCOM\u00daS","link":"https:\/\/larevistadigital.com.ar\/blog\/category\/chascomus\/"},"img":{"alt_text":"","src":"https:\/\/i0.wp.com\/larevistadigital.com.ar\/blog\/wp-content\/uploads\/69bd9eceb5a2d.png?fit=668%2C445&ssl=1&resize=350%2C200","width":350,"height":200,"srcset":"https:\/\/i0.wp.com\/larevistadigital.com.ar\/blog\/wp-content\/uploads\/69bd9eceb5a2d.png?fit=668%2C445&ssl=1&resize=350%2C200 1x, https:\/\/i0.wp.com\/larevistadigital.com.ar\/blog\/wp-content\/uploads\/69bd9eceb5a2d.png?fit=668%2C445&ssl=1&resize=525%2C300 1.5x"},"classes":[]},{"id":37651,"url":"https:\/\/larevistadigital.com.ar\/blog\/nuevas-carreras-universitarias-en-el-centro-universitario-de-chascomus\/","url_meta":{"origin":37846,"position":1},"title":"Nuevas carreras universitarias en el Centro Universitario de Chascom\u00fas","author":"Alejandro Sosa Ruda","date":"30 octubre, 2024","format":false,"excerpt":"Las mismas tienen como destinatarios a docentes de escuelas t\u00e9cnicas de la Provincia de Buenos Aires. 30 de octubre de 2024 CHASCOM\u00daS -\u00a0 En el d\u00eda de ayer se present\u00f3 y dio inicio a la Diplomatura en Agrobiotecnolog\u00eda que se ofrece con instancias de presencialidad en el Instituto Tecnol\u00f3gico Chascom\u00fas\u2026","rel":"","context":"En \u00abINTERES GENERAL\u00bb","block_context":{"text":"INTERES GENERAL","link":"https:\/\/larevistadigital.com.ar\/blog\/category\/interes-general\/"},"img":{"alt_text":"","src":"https:\/\/i0.wp.com\/larevistadigital.com.ar\/blog\/wp-content\/uploads\/6722736e2b6c3.png?fit=668%2C445&ssl=1&resize=350%2C200","width":350,"height":200,"srcset":"https:\/\/i0.wp.com\/larevistadigital.com.ar\/blog\/wp-content\/uploads\/6722736e2b6c3.png?fit=668%2C445&ssl=1&resize=350%2C200 1x, https:\/\/i0.wp.com\/larevistadigital.com.ar\/blog\/wp-content\/uploads\/6722736e2b6c3.png?fit=668%2C445&ssl=1&resize=525%2C300 1.5x"},"classes":[]},{"id":40981,"url":"https:\/\/larevistadigital.com.ar\/blog\/chascomus-la-escuela-no-16-recibio-oficialmente-los-planos-de-su-edificio-y-del-sum\/","url_meta":{"origin":37846,"position":2},"title":"Chascom\u00fas: La Escuela N\u00ba 16 recibi\u00f3 oficialmente los planos de su edificio y del SUM","author":"Alejandro Sosa Ruda","date":"20 agosto, 2025","format":false,"excerpt":"El intendente Javier Gast\u00f3n y el subsecretario de Infancias y Juventudes, Lucio Alfons\u00edn, visitaron la instituci\u00f3n ubicada en el paraje El Recreo y entregaron la documentaci\u00f3n a la comunidad educativa. 20 de agosto de 2025 CHASCOM\u00daS -\u00a0 \u00a0La Escuela Primaria N\u00ba 16 \u201cJulio Argentino Roca\u201d recibi\u00f3 los planos oficiales del\u2026","rel":"","context":"En \u00abCHASCOM\u00daS\u00bb","block_context":{"text":"CHASCOM\u00daS","link":"https:\/\/larevistadigital.com.ar\/blog\/category\/chascomus\/"},"img":{"alt_text":"","src":"https:\/\/i0.wp.com\/larevistadigital.com.ar\/blog\/wp-content\/uploads\/planos-escuela-16.png?fit=668%2C445&ssl=1&resize=350%2C200","width":350,"height":200,"srcset":"https:\/\/i0.wp.com\/larevistadigital.com.ar\/blog\/wp-content\/uploads\/planos-escuela-16.png?fit=668%2C445&ssl=1&resize=350%2C200 1x, https:\/\/i0.wp.com\/larevistadigital.com.ar\/blog\/wp-content\/uploads\/planos-escuela-16.png?fit=668%2C445&ssl=1&resize=525%2C300 1.5x"},"classes":[]},{"id":42989,"url":"https:\/\/larevistadigital.com.ar\/blog\/cincuenta-estudiantes-egresaron-de-diplomaturas-dictadas-en-el-centro-universitario-chascomus\/","url_meta":{"origin":37846,"position":3},"title":"Cincuenta estudiantes egresaron de diplomaturas dictadas en el Centro Universitario Chascom\u00fas","author":"Alejandro Sosa Ruda","date":"22 diciembre, 2025","format":false,"excerpt":"Recibieron sus diplomas quienes completaron las formaciones en Programaci\u00f3n y An\u00e1lisis de Datos, Medio Ambiente y Bionegocios. CHASCOM\u00daS -\u00a0 \u00a0Un total de 50 estudiantes recibieron el viernes sus diplomas tras haber finalizado distintas diplomaturas universitarias dictadas en el Centro Universitario Chascom\u00fas. El acto se realiz\u00f3 en la sede del Centro\u2026","rel":"","context":"En \u00abCHASCOM\u00daS\u00bb","block_context":{"text":"CHASCOM\u00daS","link":"https:\/\/larevistadigital.com.ar\/blog\/category\/chascomus\/"},"img":{"alt_text":"","src":"https:\/\/i0.wp.com\/larevistadigital.com.ar\/blog\/wp-content\/uploads\/69497d5c74f05.png?fit=668%2C445&ssl=1&resize=350%2C200","width":350,"height":200,"srcset":"https:\/\/i0.wp.com\/larevistadigital.com.ar\/blog\/wp-content\/uploads\/69497d5c74f05.png?fit=668%2C445&ssl=1&resize=350%2C200 1x, https:\/\/i0.wp.com\/larevistadigital.com.ar\/blog\/wp-content\/uploads\/69497d5c74f05.png?fit=668%2C445&ssl=1&resize=525%2C300 1.5x"},"classes":[]},{"id":37220,"url":"https:\/\/larevistadigital.com.ar\/blog\/javier-gaston-continuaremos-acompanando-los-viajes-de-egresados-para-todas-las-escuelas-primarias\/","url_meta":{"origin":37846,"position":4},"title":"Javier Gast\u00f3n: \u201cContinuaremos acompa\u00f1ando los viajes de egresados para todas las escuelas primarias\u201d","author":"Alejandro Sosa Ruda","date":"13 septiembre, 2024","format":false,"excerpt":"El intendente hizo el anuncio durante el acto por el D\u00eda del Maestro, destacando la importancia de esta experiencia para los estudiantes chascomunenses. 13 de Septiembre de 2024 CHASCOM\u00daS -\u00a0 En el marco de la celebraci\u00f3n, que tuvo lugar este jueves en la plaza Domingo Faustino Sarmiento, el intendente Javier\u2026","rel":"","context":"En \u00abINTERES GENERAL\u00bb","block_context":{"text":"INTERES GENERAL","link":"https:\/\/larevistadigital.com.ar\/blog\/category\/interes-general\/"},"img":{"alt_text":"","src":"https:\/\/i0.wp.com\/larevistadigital.com.ar\/blog\/wp-content\/uploads\/66e321a750a5b.png?fit=668%2C445&ssl=1&resize=350%2C200","width":350,"height":200,"srcset":"https:\/\/i0.wp.com\/larevistadigital.com.ar\/blog\/wp-content\/uploads\/66e321a750a5b.png?fit=668%2C445&ssl=1&resize=350%2C200 1x, https:\/\/i0.wp.com\/larevistadigital.com.ar\/blog\/wp-content\/uploads\/66e321a750a5b.png?fit=668%2C445&ssl=1&resize=525%2C300 1.5x"},"classes":[]},{"id":42856,"url":"https:\/\/larevistadigital.com.ar\/blog\/chascomus-egresados-de-la-escuela-secundaria-municipal-recibieron-sus-diplomas\/","url_meta":{"origin":37846,"position":5},"title":"Chascom\u00fas: Egresados de la Escuela Secundaria Municipal recibieron sus diplomas","author":"Alejandro Sosa Ruda","date":"12 diciembre, 2025","format":false,"excerpt":"El intendente Javier Gast\u00f3n acompa\u00f1\u00f3 el cierre del ciclo lectivo en el establecimiento educativo. 12 de Diciembre de 2025 CHASCOM\u00daS -\u00a0 \u00a0 En la Escuela Secundaria Municipal \u201cElo\u00edsa Gonz\u00e1lez de Soler\u201d, se realiz\u00f3 el acto de entrega de diplomas a los estudiantes que completaron sus estudios. La ceremonia cont\u00f3 con\u2026","rel":"","context":"En \u00abCHASCOM\u00daS\u00bb","block_context":{"text":"CHASCOM\u00daS","link":"https:\/\/larevistadigital.com.ar\/blog\/category\/chascomus\/"},"img":{"alt_text":"","src":"https:\/\/i0.wp.com\/larevistadigital.com.ar\/blog\/wp-content\/uploads\/693c56841a86a.png?fit=668%2C445&ssl=1&resize=350%2C200","width":350,"height":200,"srcset":"https:\/\/i0.wp.com\/larevistadigital.com.ar\/blog\/wp-content\/uploads\/693c56841a86a.png?fit=668%2C445&ssl=1&resize=350%2C200 1x, https:\/\/i0.wp.com\/larevistadigital.com.ar\/blog\/wp-content\/uploads\/693c56841a86a.png?fit=668%2C445&ssl=1&resize=525%2C300 1.5x"},"classes":[]}],"_links":{"self":[{"href":"https:\/\/larevistadigital.com.ar\/blog\/wp-json\/wp\/v2\/posts\/37846","targetHints":{"allow":["GET"]}}],"collection":[{"href":"https:\/\/larevistadigital.com.ar\/blog\/wp-json\/wp\/v2\/posts"}],"about":[{"href":"https:\/\/larevistadigital.com.ar\/blog\/wp-json\/wp\/v2\/types\/post"}],"author":[{"embeddable":true,"href":"https:\/\/larevistadigital.com.ar\/blog\/wp-json\/wp\/v2\/users\/3"}],"replies":[{"embeddable":true,"href":"https:\/\/larevistadigital.com.ar\/blog\/wp-json\/wp\/v2\/comments?post=37846"}],"version-history":[{"count":1,"href":"https:\/\/larevistadigital.com.ar\/blog\/wp-json\/wp\/v2\/posts\/37846\/revisions"}],"predecessor-version":[{"id":37848,"href":"https:\/\/larevistadigital.com.ar\/blog\/wp-json\/wp\/v2\/posts\/37846\/revisions\/37848"}],"wp:featuredmedia":[{"embeddable":true,"href":"https:\/\/larevistadigital.com.ar\/blog\/wp-json\/wp\/v2\/media\/37847"}],"wp:attachment":[{"href":"https:\/\/larevistadigital.com.ar\/blog\/wp-json\/wp\/v2\/media?parent=37846"}],"wp:term":[{"taxonomy":"category","embeddable":true,"href":"https:\/\/larevistadigital.com.ar\/blog\/wp-json\/wp\/v2\/categories?post=37846"},{"taxonomy":"post_tag","embeddable":true,"href":"https:\/\/larevistadigital.com.ar\/blog\/wp-json\/wp\/v2\/tags?post=37846"}],"curies":[{"name":"wp","href":"https:\/\/api.w.org\/{rel}","templated":true}]}}