{"id":37855,"date":"2024-11-12T23:40:27","date_gmt":"2024-11-13T02:40:27","guid":{"rendered":"https:\/\/larevistadigital.com.ar\/blog\/?p=37855"},"modified":"2024-11-20T23:42:49","modified_gmt":"2024-11-21T02:42:49","slug":"semana-del-conocimiento-en-tandil","status":"publish","type":"post","link":"https:\/\/larevistadigital.com.ar\/blog\/semana-del-conocimiento-en-tandil\/","title":{"rendered":"Semana del conocimiento en Tandil"},"content":{"rendered":"<h2 class=\"excerpt\">Chascom\u00fas presente en el evento de FLAMA donde el conocimiento fue el eje central de charlas, talleres y congresos.<\/h2>\n<p>12 de Noviembre de 2024<\/p>\n<div id=\"miDiv1\" class=\"text\">\n<p><strong>CHASCOM\u00daS &#8211;\u00a0<\/strong> Hasta all\u00ed lleg\u00f3 una delegaci\u00f3n chascomunense, de la que fueron parte el secretario de Recursos Humanos y Modernizaci\u00f3n del Estado, Jos\u00e9 Yezza Ross; junto a Alejandro Calabr\u00f3, Federico P\u00e9rez y Nicol\u00e1s Galli del \u00e1rea de Modernizaci\u00f3n.<\/p>\n<p>FLAMA Tandil es un evento organizado por el Cluster Tecnol\u00f3gico de esa ciudad, que propone distintas acciones y actividades relacionadas con el saber. Espec\u00edficamente la delegaci\u00f3n de Chascom\u00fas, invitada por la Red de Innovaci\u00f3n Local (RIL), particip\u00f3 de una actividad durante la ma\u00f1ana, junto con representantes de distintos municipios. Finalizada la misma, recorri\u00f3 el edificio de Globant, una de las compa\u00f1\u00edas argentinas rankeada entre las m\u00e1s importantes del mundo, que desarrolla soluciones tecnol\u00f3gicas de innovaci\u00f3n para organizaciones.<\/p>\n<p>Posteriormente se reuni\u00f3 con el intendente de la ciudad de Tandil, Miguel \u00c1ngel Lunghi, en el palacio municipal, con el objetivo de compartir experiencias e informaci\u00f3n. Luego se trasladaron hasta las oficinas del Cluster Tecnol\u00f3gico local donde se encontraron con su presidente, Esteban Sarabia; y la secretaria de Desarrollo Productivo y Relaciones Internacionales de Tandil, Marcela Petrantonio; con quienes pudieron conversar sobre los or\u00edgenes del Cluster, el crecimiento de la ciudad y su desarrollo tecnol\u00f3gico, entre otros.<\/p>\n<p>\u201cParticipar de estas actividades nos acerca experiencias de otras ciudades y permite generar v\u00ednculos de cara al futuro del desarrollo de nuestra ciudad\u201d, asegur\u00f3 el secretario Yezza Ross.<\/p>\n<\/div>\n","protected":false},"excerpt":{"rendered":"<div class=\"mh-excerpt\"><p>Chascom\u00fas presente en el evento de FLAMA donde el conocimiento fue el eje central de charlas, talleres y congresos. 12 de Noviembre de 2024 CHASCOM\u00daS &#8211;\u00a0 Hasta all\u00ed lleg\u00f3 una delegaci\u00f3n chascomunense, de la que <a class=\"mh-excerpt-more\" href=\"https:\/\/larevistadigital.com.ar\/blog\/semana-del-conocimiento-en-tandil\/\" title=\"Semana del conocimiento en Tandil\">[Leer M\u00e1s]<\/a><\/p>\n<\/div>","protected":false},"author":3,"featured_media":37856,"comment_status":"open","ping_status":"open","sticky":false,"template":"","format":"standard","meta":{"_jetpack_memberships_contains_paid_content":false,"footnotes":"","jetpack_publicize_message":"","jetpack_publicize_feature_enabled":true,"jetpack_social_post_already_shared":true,"jetpack_social_options":{"image_generator_settings":{"template":"highway","default_image_id":0,"font":"","enabled":false},"version":2}},"categories":[50],"tags":[],"class_list":{"0":"post-37855","1":"post","2":"type-post","3":"status-publish","4":"format-standard","5":"has-post-thumbnail","7":"category-interes-general"},"jetpack_publicize_connections":[],"jetpack_featured_media_url":"https:\/\/i0.wp.com\/larevistadigital.com.ar\/blog\/wp-content\/uploads\/6733986e56f45.png?fit=668%2C445&ssl=1","jetpack_sharing_enabled":true,"jetpack_shortlink":"https:\/\/wp.me\/p8qtrQ-9Qz","jetpack-related-posts":[{"id":32580,"url":"https:\/\/larevistadigital.com.ar\/blog\/chascomus-el-pre-candidato-a-diputado-provincial-matias-ciavalle-recorrio-la-ciudad-junto-a-santiago-dos-santos\/","url_meta":{"origin":37855,"position":0},"title":"CHASCOM\u00daS: EL PRE CANDIDATO A DIPUTADO PROVINCIAL MAT\u00cdAS CIAVALLE, RECORRI\u00d3 LA CIUDAD JUNTO A SANTIAGO DOS SANTOS","author":"Alejandro Sosa Ruda","date":"25 julio, 2023","format":false,"excerpt":"\"Nuestra carta de presentaci\u00f3n son las buenas gestiones\". As\u00ed lo afirm\u00f3 el Primer precandidato a Diputado Provincial por la Quinta Secci\u00f3n Mat\u00edas Civale que integra la lista que encabezan Horacio Rodr\u00edguez Larreta y Gerardo Morales. El actual Presidente de la Cooperativa El\u00e9ctrica de Tandil y sin dudas futuro diputado provincial\u2026","rel":"","context":"En \u00abPOLITICA LOCAL\u00bb","block_context":{"text":"POLITICA LOCAL","link":"https:\/\/larevistadigital.com.ar\/blog\/category\/politica\/politica-local\/"},"img":{"alt_text":"","src":"https:\/\/i0.wp.com\/larevistadigital.com.ar\/blog\/wp-content\/uploads\/WhatsApp-Image-2023-07-25-at-14.54.04.jpeg?fit=1200%2C900&ssl=1&resize=350%2C200","width":350,"height":200,"srcset":"https:\/\/i0.wp.com\/larevistadigital.com.ar\/blog\/wp-content\/uploads\/WhatsApp-Image-2023-07-25-at-14.54.04.jpeg?fit=1200%2C900&ssl=1&resize=350%2C200 1x, https:\/\/i0.wp.com\/larevistadigital.com.ar\/blog\/wp-content\/uploads\/WhatsApp-Image-2023-07-25-at-14.54.04.jpeg?fit=1200%2C900&ssl=1&resize=525%2C300 1.5x, https:\/\/i0.wp.com\/larevistadigital.com.ar\/blog\/wp-content\/uploads\/WhatsApp-Image-2023-07-25-at-14.54.04.jpeg?fit=1200%2C900&ssl=1&resize=700%2C400 2x, https:\/\/i0.wp.com\/larevistadigital.com.ar\/blog\/wp-content\/uploads\/WhatsApp-Image-2023-07-25-at-14.54.04.jpeg?fit=1200%2C900&ssl=1&resize=1050%2C600 3x"},"classes":[]},{"id":27543,"url":"https:\/\/larevistadigital.com.ar\/blog\/chascomus-profundo-pesar-por-un-nuevo-hecho-de-suicidio-enluta-a-la-sociedad\/","url_meta":{"origin":37855,"position":1},"title":"CHASCOM\u00daS: PROFUNDO PESAR POR UN NUEVO HECHO DE SUICIDIO QUE ENLUTA A LA SOCIEDAD","author":"Alejandro Sosa Ruda","date":"4 septiembre, 2022","format":false,"excerpt":"Fue el d\u00eda de ayer.\u00a0 Otro lamentable hecho. 04de septiembre de 2022 CHASCOM\u00daS -\u00a0 Durante la jornada de ayer, y mediante el llamado de un familiar directo, la polic\u00eda tom\u00f3 conocimiento que una persona se hab\u00eda quitado la vida. Al llegar, la polic\u00eda corrobor\u00f3 el deceso del hombre de 53\u2026","rel":"","context":"En \u00abDESTACADAS\u00bb","block_context":{"text":"DESTACADAS","link":"https:\/\/larevistadigital.com.ar\/blog\/category\/destacadas\/"},"img":{"alt_text":"","src":"https:\/\/i0.wp.com\/larevistadigital.com.ar\/blog\/wp-content\/uploads\/2017\/10\/CRESP%C3%93N-NEGRO.jpg?fit=900%2C900&ssl=1&resize=350%2C200","width":350,"height":200,"srcset":"https:\/\/i0.wp.com\/larevistadigital.com.ar\/blog\/wp-content\/uploads\/2017\/10\/CRESP%C3%93N-NEGRO.jpg?fit=900%2C900&ssl=1&resize=350%2C200 1x, https:\/\/i0.wp.com\/larevistadigital.com.ar\/blog\/wp-content\/uploads\/2017\/10\/CRESP%C3%93N-NEGRO.jpg?fit=900%2C900&ssl=1&resize=525%2C300 1.5x, https:\/\/i0.wp.com\/larevistadigital.com.ar\/blog\/wp-content\/uploads\/2017\/10\/CRESP%C3%93N-NEGRO.jpg?fit=900%2C900&ssl=1&resize=700%2C400 2x"},"classes":[]},{"id":42157,"url":"https:\/\/larevistadigital.com.ar\/blog\/chascomus-javier-gaston-recibio-a-medallistas-de-los-juegos-bonaerenses\/","url_meta":{"origin":37855,"position":2},"title":"Chascom\u00fas: Javier Gast\u00f3n recibi\u00f3 a medallistas de los Juegos Bonaerenses","author":"Alejandro Sosa Ruda","date":"22 octubre, 2025","format":false,"excerpt":"Una parte de la delegaci\u00f3n fue recibida por el Intendente ayer por la tarde en su despacho. 22 de Octubre de 2025 CHASCOM\u00daS -\u00a0 \u00a0 Tras el regreso de Mar del Plata, donde se disput\u00f3 la gran final provincial de los Juegos Bonaerenses, el intendente Gast\u00f3n recibi\u00f3 a una parte\u2026","rel":"","context":"En \u00abCHASCOM\u00daS\u00bb","block_context":{"text":"CHASCOM\u00daS","link":"https:\/\/larevistadigital.com.ar\/blog\/category\/chascomus\/"},"img":{"alt_text":"","src":"https:\/\/i0.wp.com\/larevistadigital.com.ar\/blog\/wp-content\/uploads\/68f923e305583.png?fit=668%2C445&ssl=1&resize=350%2C200","width":350,"height":200,"srcset":"https:\/\/i0.wp.com\/larevistadigital.com.ar\/blog\/wp-content\/uploads\/68f923e305583.png?fit=668%2C445&ssl=1&resize=350%2C200 1x, https:\/\/i0.wp.com\/larevistadigital.com.ar\/blog\/wp-content\/uploads\/68f923e305583.png?fit=668%2C445&ssl=1&resize=525%2C300 1.5x"},"classes":[]},{"id":42320,"url":"https:\/\/larevistadigital.com.ar\/blog\/chascomus-el-intendente-interino-leandro-bordalecou-acompano-la-inauguracion-del-mural-que-recuerda-a-diego-maradona\/","url_meta":{"origin":37855,"position":3},"title":"Chascom\u00fas: El intendente interino, Leandro Bordalecou acompa\u00f1\u00f3 la inauguraci\u00f3n del mural que recuerda a Diego Maradona","author":"Alejandro Sosa Ruda","date":"1 noviembre, 2025","format":false,"excerpt":"Se eligi\u00f3 el 30 de octubre, en el d\u00eda del cumplea\u00f1os de \u201cEl 10\u201d, astro deportivo que le dio muchas alegr\u00edas a los argentinos en la selecci\u00f3n El Intendente Interino, Leandro Bordalecou, acompa\u00f1ado por el secretario de Recursos Humanos y Modernizaci\u00f3n, Jos\u00e9 Yezza, el subsecretario de Deportes, Pablo Francese, y\u2026","rel":"","context":"En \u00abCHASCOM\u00daS\u00bb","block_context":{"text":"CHASCOM\u00daS","link":"https:\/\/larevistadigital.com.ar\/blog\/category\/chascomus\/"},"img":{"alt_text":"","src":"https:\/\/i0.wp.com\/larevistadigital.com.ar\/blog\/wp-content\/uploads\/6904f0e519231.png?fit=668%2C445&ssl=1&resize=350%2C200","width":350,"height":200,"srcset":"https:\/\/i0.wp.com\/larevistadigital.com.ar\/blog\/wp-content\/uploads\/6904f0e519231.png?fit=668%2C445&ssl=1&resize=350%2C200 1x, https:\/\/i0.wp.com\/larevistadigital.com.ar\/blog\/wp-content\/uploads\/6904f0e519231.png?fit=668%2C445&ssl=1&resize=525%2C300 1.5x"},"classes":[]},{"id":37891,"url":"https:\/\/larevistadigital.com.ar\/blog\/prestadores-turisticos-y-comerciantes-recibieron-informacion-sobre-financiamiento-y-desarrollo-productivo\/","url_meta":{"origin":37855,"position":4},"title":"Prestadores tur\u00edsticos y comerciantes recibieron informaci\u00f3n sobre financiamiento y desarrollo productivo","author":"Alejandro Sosa Ruda","date":"15 noviembre, 2024","format":false,"excerpt":"En un desayuno de trabajo realizado en la sede de la UTHGRA, prestadores tur\u00edsticos y comerciantes locales fueron asesorados sobre nuevas l\u00edneas de financiamiento y productos para el fortalecimiento de la econom\u00eda local. 15 de Noviembre de 2024 CHASCOM\u00daS -\u00a0 La reuni\u00f3n fue impulsada conjuntamente por la Municipalidad de Chascom\u00fas,\u2026","rel":"","context":"En \u00abCHASCOM\u00daS\u00bb","block_context":{"text":"CHASCOM\u00daS","link":"https:\/\/larevistadigital.com.ar\/blog\/category\/chascomus\/"},"img":{"alt_text":"","src":"https:\/\/i0.wp.com\/larevistadigital.com.ar\/blog\/wp-content\/uploads\/6736306b38824.png?fit=668%2C445&ssl=1&resize=350%2C200","width":350,"height":200,"srcset":"https:\/\/i0.wp.com\/larevistadigital.com.ar\/blog\/wp-content\/uploads\/6736306b38824.png?fit=668%2C445&ssl=1&resize=350%2C200 1x, https:\/\/i0.wp.com\/larevistadigital.com.ar\/blog\/wp-content\/uploads\/6736306b38824.png?fit=668%2C445&ssl=1&resize=525%2C300 1.5x"},"classes":[]},{"id":43810,"url":"https:\/\/larevistadigital.com.ar\/blog\/chascomus-preparan-un-amplio-operativo-de-seguridad-para-el-carnaval-infantil\/","url_meta":{"origin":37855,"position":5},"title":"Chascom\u00fas: Preparan un amplio operativo de seguridad para el Carnaval Infantil","author":"Alejandro Sosa Ruda","date":"5 febrero, 2026","format":false,"excerpt":"Autoridades municipales y fuerzas policiales coordinaron acciones preventivas ante la masiva convocatoria prevista para las cuatro jornadas del evento. El intendente Javier Gast\u00f3n encabez\u00f3 una reuni\u00f3n de trabajo junto a responsables de las dependencias policiales con jurisdicci\u00f3n en Chascom\u00fas, con el objetivo de coordinar un operativo integral de prevenci\u00f3n y\u2026","rel":"","context":"En \u00abCHASCOM\u00daS\u00bb","block_context":{"text":"CHASCOM\u00daS","link":"https:\/\/larevistadigital.com.ar\/blog\/category\/chascomus\/"},"img":{"alt_text":"","src":"https:\/\/i0.wp.com\/larevistadigital.com.ar\/blog\/wp-content\/uploads\/6984cc753d2a5.png?fit=668%2C445&ssl=1&resize=350%2C200","width":350,"height":200,"srcset":"https:\/\/i0.wp.com\/larevistadigital.com.ar\/blog\/wp-content\/uploads\/6984cc753d2a5.png?fit=668%2C445&ssl=1&resize=350%2C200 1x, https:\/\/i0.wp.com\/larevistadigital.com.ar\/blog\/wp-content\/uploads\/6984cc753d2a5.png?fit=668%2C445&ssl=1&resize=525%2C300 1.5x"},"classes":[]}],"_links":{"self":[{"href":"https:\/\/larevistadigital.com.ar\/blog\/wp-json\/wp\/v2\/posts\/37855","targetHints":{"allow":["GET"]}}],"collection":[{"href":"https:\/\/larevistadigital.com.ar\/blog\/wp-json\/wp\/v2\/posts"}],"about":[{"href":"https:\/\/larevistadigital.com.ar\/blog\/wp-json\/wp\/v2\/types\/post"}],"author":[{"embeddable":true,"href":"https:\/\/larevistadigital.com.ar\/blog\/wp-json\/wp\/v2\/users\/3"}],"replies":[{"embeddable":true,"href":"https:\/\/larevistadigital.com.ar\/blog\/wp-json\/wp\/v2\/comments?post=37855"}],"version-history":[{"count":1,"href":"https:\/\/larevistadigital.com.ar\/blog\/wp-json\/wp\/v2\/posts\/37855\/revisions"}],"predecessor-version":[{"id":37857,"href":"https:\/\/larevistadigital.com.ar\/blog\/wp-json\/wp\/v2\/posts\/37855\/revisions\/37857"}],"wp:featuredmedia":[{"embeddable":true,"href":"https:\/\/larevistadigital.com.ar\/blog\/wp-json\/wp\/v2\/media\/37856"}],"wp:attachment":[{"href":"https:\/\/larevistadigital.com.ar\/blog\/wp-json\/wp\/v2\/media?parent=37855"}],"wp:term":[{"taxonomy":"category","embeddable":true,"href":"https:\/\/larevistadigital.com.ar\/blog\/wp-json\/wp\/v2\/categories?post=37855"},{"taxonomy":"post_tag","embeddable":true,"href":"https:\/\/larevistadigital.com.ar\/blog\/wp-json\/wp\/v2\/tags?post=37855"}],"curies":[{"name":"wp","href":"https:\/\/api.w.org\/{rel}","templated":true}]}}