{"id":37858,"date":"2024-11-12T23:55:25","date_gmt":"2024-11-13T02:55:25","guid":{"rendered":"https:\/\/larevistadigital.com.ar\/blog\/?p=37858"},"modified":"2024-11-20T23:42:41","modified_gmt":"2024-11-21T02:42:41","slug":"los-comerciantes-de-la-calle-libres-del-sur-debatieron-los-posibles-beneficios-y-desafios-de-una-peatonal-en-la-zona-comercial-centrica-este-martes-al-mediodia-la-camara-de-comercio-de-chascomus-fue","status":"publish","type":"post","link":"https:\/\/larevistadigital.com.ar\/blog\/los-comerciantes-de-la-calle-libres-del-sur-debatieron-los-posibles-beneficios-y-desafios-de-una-peatonal-en-la-zona-comercial-centrica-este-martes-al-mediodia-la-camara-de-comercio-de-chascomus-fue\/","title":{"rendered":"Los comerciantes de la calle Libres del Sur debatieron los posibles beneficios y desaf\u00edos de una peatonal en la zona comercial"},"content":{"rendered":"<h2 class=\"excerpt\">Los comerciantes de la calle Libres del Sur debatieron los posibles beneficios y desaf\u00edos de una peatonal en la zona comercial c\u00e9ntrica.<\/h2>\n<p>12 de Noviembre de 2024<\/p>\n<div id=\"miDiv1\" class=\"text\">\n<p><strong>CHASCOM\u00daS &#8211;<\/strong>\u00a0 Este martes al mediod\u00eda, la C\u00e1mara de Comercio de Chascom\u00fas fue el escenario de una reuni\u00f3n en la que participaron representantes de la entidad, autoridades municipales y comerciantes locales para evaluar la propuesta de convertir en peatonal el centro comercial de la ciudad.<\/p>\n<blockquote>\n<h3>\u00a0La convocatoria, impulsada por el Departamento Ejecutivo y la C\u00e1mara de Comercio, surge tras la aprobaci\u00f3n de una resoluci\u00f3n del Concejo Deliberante que propone esta idea.<\/h3>\n<\/blockquote>\n<p>El encuentro cont\u00f3 con la participaci\u00f3n de m\u00e1s de 20 comerciantes de la calle Libres del Sur, quienes expresaron diversas opiniones sobre la medida.<\/p>\n<p>En representaci\u00f3n de la municipalidad estuvieron presentes el secretario de Gobierno, Cipriano P\u00e9rez del Cerro; la subsecretaria de Desarrollo Tur\u00edstico y Productivo, Jimena Arano; la directora de Desarrollo Productivo, Mar\u00eda Eugenia Pietrantuono; y la directora de Planeamiento Urbano, Patricia M\u00e9ndez.<\/p>\n<blockquote>\n<h3>Durante la reuni\u00f3n, los funcionarios destacaron la importancia de revitalizar la actividad comercial del centro, en especial los fines de semana, a trav\u00e9s de un trabajo conjunto entre el sector p\u00fablico y el privado.<\/h3>\n<\/blockquote>\n<p>Seg\u00fan datos municipales, las multas de semana llegan a Chascom\u00fas m\u00e1s de 15 mil turistas, cifra que asciende a 45 mil en feriados largos. Sin embargo, la mayor\u00eda de ellos permanecen en la costanera y la laguna, sin recorrer la zona c\u00e9ntrica.<\/p>\n<blockquote>\n<h3>En este contexto, la peatonalizaci\u00f3n se analiz\u00f3 como una estrategia para atraer a los visitantes y fomentar el consumo local, generando un impacto positivo en la econom\u00eda de nuestra ciudad.<\/h3>\n<\/blockquote>\n<p>Los participantes destacaron la importancia de la articulaci\u00f3n y el trabajo en conjunto entre el sector p\u00fablico y el privado y la necesidad de sumar propuestas que atraigan y que incentiven la permanencia en el lugar.<\/p>\n<p>Finalmente, se acord\u00f3 realizar una amplia consulta a los comerciantes para conocer sus inquietudes y propuestas para mejorar el centro comercial.<\/p>\n<\/div>\n","protected":false},"excerpt":{"rendered":"<div class=\"mh-excerpt\"><p>Los comerciantes de la calle Libres del Sur debatieron los posibles beneficios y desaf\u00edos de una peatonal en la zona comercial c\u00e9ntrica. 12 de Noviembre de 2024 CHASCOM\u00daS &#8211;\u00a0 Este martes al mediod\u00eda, la C\u00e1mara <a class=\"mh-excerpt-more\" href=\"https:\/\/larevistadigital.com.ar\/blog\/los-comerciantes-de-la-calle-libres-del-sur-debatieron-los-posibles-beneficios-y-desafios-de-una-peatonal-en-la-zona-comercial-centrica-este-martes-al-mediodia-la-camara-de-comercio-de-chascomus-fue\/\" title=\"Los comerciantes de la calle Libres del Sur debatieron los posibles beneficios y desaf\u00edos de una peatonal en la zona comercial\">[Leer M\u00e1s]<\/a><\/p>\n<\/div>","protected":false},"author":3,"featured_media":37859,"comment_status":"open","ping_status":"open","sticky":false,"template":"","format":"standard","meta":{"_jetpack_memberships_contains_paid_content":false,"footnotes":"","jetpack_publicize_message":"","jetpack_publicize_feature_enabled":true,"jetpack_social_post_already_shared":true,"jetpack_social_options":{"image_generator_settings":{"template":"highway","default_image_id":0,"font":"","enabled":false},"version":2}},"categories":[50],"tags":[],"class_list":{"0":"post-37858","1":"post","2":"type-post","3":"status-publish","4":"format-standard","5":"has-post-thumbnail","7":"category-interes-general"},"jetpack_publicize_connections":[],"jetpack_featured_media_url":"https:\/\/i0.wp.com\/larevistadigital.com.ar\/blog\/wp-content\/uploads\/6733b2fbc4242.png?fit=668%2C445&ssl=1","jetpack_sharing_enabled":true,"jetpack_shortlink":"https:\/\/wp.me\/p8qtrQ-9QC","jetpack-related-posts":[{"id":38191,"url":"https:\/\/larevistadigital.com.ar\/blog\/nuevo-encuentro-por-el-centro-comercial\/","url_meta":{"origin":37858,"position":0},"title":"Nuevo encuentro por el centro comercial","author":"Alejandro Sosa Ruda","date":"9 diciembre, 2024","format":false,"excerpt":"Contin\u00faan las conversaciones para mejorar el Paseo del Reloj 09 de diciembre de 2024 CHASCOM\u00daS -\u00a0 Desde el \u00e1rea de Desarrollo Productivo, en conjunto con la C\u00e1mara de Comercio local, convocan a comerciantes y a la comunidad en general, a un nuevo encuentro para ma\u00f1ana martes 10, a partir de\u2026","rel":"","context":"En \u00abCHASCOM\u00daS\u00bb","block_context":{"text":"CHASCOM\u00daS","link":"https:\/\/larevistadigital.com.ar\/blog\/category\/chascomus\/"},"img":{"alt_text":"","src":"https:\/\/i0.wp.com\/larevistadigital.com.ar\/blog\/wp-content\/uploads\/6757278b1c472.png?fit=668%2C445&ssl=1&resize=350%2C200","width":350,"height":200,"srcset":"https:\/\/i0.wp.com\/larevistadigital.com.ar\/blog\/wp-content\/uploads\/6757278b1c472.png?fit=668%2C445&ssl=1&resize=350%2C200 1x, https:\/\/i0.wp.com\/larevistadigital.com.ar\/blog\/wp-content\/uploads\/6757278b1c472.png?fit=668%2C445&ssl=1&resize=525%2C300 1.5x"},"classes":[]},{"id":35871,"url":"https:\/\/larevistadigital.com.ar\/blog\/chascomus-reunion-para-evaluar-modificaciones-de-los-balcones-gastronomicos-en-la-zona-centrica\/","url_meta":{"origin":37858,"position":1},"title":"CHASCOM\u00daS: REUNI\u00d3N PARA EVALUAR MODIFICACIONES DE LOS BALCONES GASTRON\u00d3MICOS EN LA ZONA C\u00c9NTRICA","author":"Alejandro Sosa Ruda","date":"20 abril, 2024","format":false,"excerpt":"Funcionarios municipales se reunieron con la C\u00e1mara de Comercio y responsables de locales para discutir propuestas de mejora. 20 de abril de 2024 CHASCOM\u00daS -\u00a0 Representantes del gobierno municipal, miembros de la C\u00e1mara de Comercio y responsables de locales gastron\u00f3micos del \u00e1rea c\u00e9ntrica se reunieron para dialogar sobre propuestas que\u2026","rel":"","context":"En \u00abCHASCOM\u00daS\u00bb","block_context":{"text":"CHASCOM\u00daS","link":"https:\/\/larevistadigital.com.ar\/blog\/category\/chascomus\/"},"img":{"alt_text":"","src":"https:\/\/i0.wp.com\/larevistadigital.com.ar\/blog\/wp-content\/uploads\/2024_04_19_01_06_01_7966758.jpg?fit=600%2C401&ssl=1&resize=350%2C200","width":350,"height":200,"srcset":"https:\/\/i0.wp.com\/larevistadigital.com.ar\/blog\/wp-content\/uploads\/2024_04_19_01_06_01_7966758.jpg?fit=600%2C401&ssl=1&resize=350%2C200 1x, https:\/\/i0.wp.com\/larevistadigital.com.ar\/blog\/wp-content\/uploads\/2024_04_19_01_06_01_7966758.jpg?fit=600%2C401&ssl=1&resize=525%2C300 1.5x"},"classes":[]},{"id":42998,"url":"https:\/\/larevistadigital.com.ar\/blog\/chascomus-comerciantes-y-municipio-trabajan-en-medidas-para-incentivar-ventas\/","url_meta":{"origin":37858,"position":2},"title":"Chascom\u00fas: Comerciantes y municipio trabajan en medidas para incentivar ventas","author":"Alejandro Sosa Ruda","date":"22 diciembre, 2025","format":false,"excerpt":"La Municipalidad analiz\u00f3 propuestas para acompa\u00f1ar al comercio local durante lo que resta del a\u00f1o. 22 de diciembre de 2025 CHASCOM\u00daS -\u00a0 \u00a0En el marco de las Fiestas y a partir de una solicitud presentada por comerciantes locales, la Municipalidad de Chascom\u00fas llev\u00f3 adelante una reuni\u00f3n de trabajo en la\u2026","rel":"","context":"En \u00abCHASCOM\u00daS\u00bb","block_context":{"text":"CHASCOM\u00daS","link":"https:\/\/larevistadigital.com.ar\/blog\/category\/chascomus\/"},"img":{"alt_text":"","src":"https:\/\/i0.wp.com\/larevistadigital.com.ar\/blog\/wp-content\/uploads\/694984d61b2f6.png?fit=668%2C445&ssl=1&resize=350%2C200","width":350,"height":200,"srcset":"https:\/\/i0.wp.com\/larevistadigital.com.ar\/blog\/wp-content\/uploads\/694984d61b2f6.png?fit=668%2C445&ssl=1&resize=350%2C200 1x, https:\/\/i0.wp.com\/larevistadigital.com.ar\/blog\/wp-content\/uploads\/694984d61b2f6.png?fit=668%2C445&ssl=1&resize=525%2C300 1.5x"},"classes":[]},{"id":6984,"url":"https:\/\/larevistadigital.com.ar\/blog\/chascomus-los-comerciantes-de-libres-del-sur-se-reunieron-de-urgencia-y-presentaran-un-petitorio-al-intendente\/","url_meta":{"origin":37858,"position":3},"title":"CHASCOM\u00daS: LOS COMERCIANTES DE LIBRES DEL SUR SE REUNIERON DE URGENCIA Y PRESENTAR\u00c1N UN PETITORIO AL INTENDENTE","author":"Alejandro Sosa Ruda","date":"30 octubre, 2018","format":false,"excerpt":"LA MAYOR\u00cdA DE LOS COMERCIANTES PROPIETARIOS Y RENTISTAS DE LIBRES DEL SUR, NO EST\u00c1N DISPUESTOS A ACCEDER A PAGAR EN ESTE DIF\u00cdCIL MOMENTO POR UNA OBRA QUE NO ES PRIORITARIA, Y QUE SE HA TORNADO EN UN CAPRICHO DEL EJECUTIVO LOCAL. Los comerciantes del \"Centro de Chascom\u00fas\", espec\u00edficamente los que\u2026","rel":"","context":"En \u00abDESTACADAS\u00bb","block_context":{"text":"DESTACADAS","link":"https:\/\/larevistadigital.com.ar\/blog\/category\/destacadas\/"},"img":{"alt_text":"","src":"https:\/\/i0.wp.com\/larevistadigital.com.ar\/blog\/wp-content\/uploads\/2018\/10\/WhatsApp-Image-2018-10-29-at-22.11.jpg?fit=1200%2C583&ssl=1&resize=350%2C200","width":350,"height":200,"srcset":"https:\/\/i0.wp.com\/larevistadigital.com.ar\/blog\/wp-content\/uploads\/2018\/10\/WhatsApp-Image-2018-10-29-at-22.11.jpg?fit=1200%2C583&ssl=1&resize=350%2C200 1x, https:\/\/i0.wp.com\/larevistadigital.com.ar\/blog\/wp-content\/uploads\/2018\/10\/WhatsApp-Image-2018-10-29-at-22.11.jpg?fit=1200%2C583&ssl=1&resize=525%2C300 1.5x, https:\/\/i0.wp.com\/larevistadigital.com.ar\/blog\/wp-content\/uploads\/2018\/10\/WhatsApp-Image-2018-10-29-at-22.11.jpg?fit=1200%2C583&ssl=1&resize=700%2C400 2x, https:\/\/i0.wp.com\/larevistadigital.com.ar\/blog\/wp-content\/uploads\/2018\/10\/WhatsApp-Image-2018-10-29-at-22.11.jpg?fit=1200%2C583&ssl=1&resize=1050%2C600 3x"},"classes":[]},{"id":45222,"url":"https:\/\/larevistadigital.com.ar\/blog\/chacomus-se-realizara-una-encuesta-para-conocer-las-necesidades-de-formacion-de-los-comerciantes-locales\/","url_meta":{"origin":37858,"position":4},"title":"Chacom\u00fas: Se realizar\u00e1 una encuesta para conocer las necesidades de formaci\u00f3n de los comerciantes locales","author":"Alejandro Sosa Ruda","date":"20 abril, 2026","format":false,"excerpt":"Es una iniciativa que desarrollan en conjunto la Municipalidad de Chascom\u00fas y la C\u00e1mara de Comercio de nuestra ciudad. 20 de abril de 2026 CHASCOM\u00daS -\u00a0 La Municipalidad de Chascom\u00fas, a trav\u00e9s del \u00e1rea de Desarrollo Productivo, informa que en los pr\u00f3ximos d\u00edas se llevar\u00e1 adelante un relevamiento destinado a\u2026","rel":"","context":"En \u00abCHASCOM\u00daS\u00bb","block_context":{"text":"CHASCOM\u00daS","link":"https:\/\/larevistadigital.com.ar\/blog\/category\/chascomus\/"},"img":{"alt_text":"","src":"https:\/\/i0.wp.com\/larevistadigital.com.ar\/blog\/wp-content\/uploads\/69e661d0a6c6e.png?fit=668%2C445&ssl=1&resize=350%2C200","width":350,"height":200,"srcset":"https:\/\/i0.wp.com\/larevistadigital.com.ar\/blog\/wp-content\/uploads\/69e661d0a6c6e.png?fit=668%2C445&ssl=1&resize=350%2C200 1x, https:\/\/i0.wp.com\/larevistadigital.com.ar\/blog\/wp-content\/uploads\/69e661d0a6c6e.png?fit=668%2C445&ssl=1&resize=525%2C300 1.5x"},"classes":[]},{"id":30231,"url":"https:\/\/larevistadigital.com.ar\/blog\/chascomus-excelente-iniciativa-de-la-camara-de-comercio-la-noche-de-la-vuelta-al-cole\/","url_meta":{"origin":37858,"position":5},"title":"CHASCOM\u00daS: EXCELENTE INICIATIVA DE LA C\u00c1MARA DE COMERCIO&#8230; \u00abLA NOCHE DE LA VUELTA AL COLE\u00bb","author":"Alejandro Sosa Ruda","date":"24 febrero, 2023","format":false,"excerpt":"Una iniciativa muy buena tanto para los comercios, como para los papis que dispondr\u00e1n de tiempo extra para poder adquirir lo necesario para los chicos, y disfrutar de entretenimientos que har\u00e1n una velada hermosa para compartir en familia. 24 de febrero de 2023 CHASCOM\u00daS -\u00a0 La C\u00e1mara de Comercio, Producci\u00f3n,\u2026","rel":"","context":"En \u00abCHASCOM\u00daS\u00bb","block_context":{"text":"CHASCOM\u00daS","link":"https:\/\/larevistadigital.com.ar\/blog\/category\/chascomus\/"},"img":{"alt_text":"","src":"https:\/\/i0.wp.com\/larevistadigital.com.ar\/blog\/wp-content\/uploads\/WhatsApp-Image-2023-02-22-at-14.56.35.jpeg?fit=1081%2C1081&ssl=1&resize=350%2C200","width":350,"height":200,"srcset":"https:\/\/i0.wp.com\/larevistadigital.com.ar\/blog\/wp-content\/uploads\/WhatsApp-Image-2023-02-22-at-14.56.35.jpeg?fit=1081%2C1081&ssl=1&resize=350%2C200 1x, https:\/\/i0.wp.com\/larevistadigital.com.ar\/blog\/wp-content\/uploads\/WhatsApp-Image-2023-02-22-at-14.56.35.jpeg?fit=1081%2C1081&ssl=1&resize=525%2C300 1.5x, https:\/\/i0.wp.com\/larevistadigital.com.ar\/blog\/wp-content\/uploads\/WhatsApp-Image-2023-02-22-at-14.56.35.jpeg?fit=1081%2C1081&ssl=1&resize=700%2C400 2x, https:\/\/i0.wp.com\/larevistadigital.com.ar\/blog\/wp-content\/uploads\/WhatsApp-Image-2023-02-22-at-14.56.35.jpeg?fit=1081%2C1081&ssl=1&resize=1050%2C600 3x"},"classes":[]}],"_links":{"self":[{"href":"https:\/\/larevistadigital.com.ar\/blog\/wp-json\/wp\/v2\/posts\/37858","targetHints":{"allow":["GET"]}}],"collection":[{"href":"https:\/\/larevistadigital.com.ar\/blog\/wp-json\/wp\/v2\/posts"}],"about":[{"href":"https:\/\/larevistadigital.com.ar\/blog\/wp-json\/wp\/v2\/types\/post"}],"author":[{"embeddable":true,"href":"https:\/\/larevistadigital.com.ar\/blog\/wp-json\/wp\/v2\/users\/3"}],"replies":[{"embeddable":true,"href":"https:\/\/larevistadigital.com.ar\/blog\/wp-json\/wp\/v2\/comments?post=37858"}],"version-history":[{"count":2,"href":"https:\/\/larevistadigital.com.ar\/blog\/wp-json\/wp\/v2\/posts\/37858\/revisions"}],"predecessor-version":[{"id":37862,"href":"https:\/\/larevistadigital.com.ar\/blog\/wp-json\/wp\/v2\/posts\/37858\/revisions\/37862"}],"wp:featuredmedia":[{"embeddable":true,"href":"https:\/\/larevistadigital.com.ar\/blog\/wp-json\/wp\/v2\/media\/37859"}],"wp:attachment":[{"href":"https:\/\/larevistadigital.com.ar\/blog\/wp-json\/wp\/v2\/media?parent=37858"}],"wp:term":[{"taxonomy":"category","embeddable":true,"href":"https:\/\/larevistadigital.com.ar\/blog\/wp-json\/wp\/v2\/categories?post=37858"},{"taxonomy":"post_tag","embeddable":true,"href":"https:\/\/larevistadigital.com.ar\/blog\/wp-json\/wp\/v2\/tags?post=37858"}],"curies":[{"name":"wp","href":"https:\/\/api.w.org\/{rel}","templated":true}]}}