{"id":37863,"date":"2024-11-13T23:46:20","date_gmt":"2024-11-14T02:46:20","guid":{"rendered":"https:\/\/larevistadigital.com.ar\/blog\/?p=37863"},"modified":"2024-11-20T23:42:23","modified_gmt":"2024-11-21T02:42:23","slug":"funcionarios-municipales-informaron-a-concejales-sobre-el-proyecto-de-presupuesto-del-ano-2025","status":"publish","type":"post","link":"https:\/\/larevistadigital.com.ar\/blog\/funcionarios-municipales-informaron-a-concejales-sobre-el-proyecto-de-presupuesto-del-ano-2025\/","title":{"rendered":"Funcionarios municipales, informaron a concejales sobre el proyecto de Presupuesto del a\u00f1o 2025"},"content":{"rendered":"<h2 class=\"excerpt\">El Departamento Ejecutivo detall\u00f3 el plan de gastos y recursos ante el Concejo Deliberante, proyectando obras y servicios prioritarios para el pr\u00f3ximo a\u00f1o.<\/h2>\n<p>13 de Noviembre de 2024<\/p>\n<div id=\"miDiv1\" class=\"text\">\n<p><span><strong>CHASCOM\u00daS &#8211;<\/strong>\u00a0 Este mi\u00e9rcoles por la ma\u00f1ana, en el recinto del Concejo Deliberante, se llev\u00f3 a cabo la presentaci\u00f3n del Presupuesto de Gastos y C\u00e1lculo de Recursos 2025 a cargo de los secretarios, subsecretarios y directores municipales.<\/span><\/p>\n<blockquote>\n<h3><span>El proyecto, elaborado por el Departamento Ejecutivo y con un monto estimado en $47.469.120.713,02, fue compartido con el cuerpo deliberativo para su an\u00e1lisis y tratamiento.<\/span><\/h3>\n<\/blockquote>\n<p><span>El equipo de gobierno detall\u00f3 los aspectos centrales del presupuesto, que destinan fondos principalmente a servicios municipales, iniciativas en educaci\u00f3n y la reactivaci\u00f3n de obras de infraestructura que fueron abandonadas por el gobierno nacional.<\/span><\/p>\n<p><span>Estuvieron presentes los secretarios de Gobierno, Cipriano P\u00e9rez del Cerro; de Obras, Servicios P\u00fablicos y Ambiente Jorge Marino, de Hacienda Juan Facundo Alfons\u00edn, de Salud P\u00fablica Marcela Arias; de Recursos Humanos y Modernizaci\u00f3n, Jos\u00e9 Yezza Ross; de Desarrollo Social y Educaci\u00f3n Yanina Gazzaniga; de Desarrollo Productivo, Tur\u00edstico y Cultural Pablo Napoli, y Seguridad Ciudadana Mariela Moscarella, adem\u00e1s de Subsecretarios y Directores municipales.<\/span><\/p>\n<blockquote>\n<h3><span>Durante la reuni\u00f3n los funcionarios respondieron a todas las consultas realizadas por los ediles sobre diversos aspectos del proyecto.<\/span><\/h3>\n<\/blockquote>\n<p><span>Los funcionarios destacaron la predisposici\u00f3n del Ejecutivo para brindar informaci\u00f3n precisa y transparente sobre los planes financieros municipales, en l\u00ednea con el compromiso de acceso a la informaci\u00f3n p\u00fablica.<\/span><\/p>\n<\/div>\n","protected":false},"excerpt":{"rendered":"<div class=\"mh-excerpt\"><p>El Departamento Ejecutivo detall\u00f3 el plan de gastos y recursos ante el Concejo Deliberante, proyectando obras y servicios prioritarios para el pr\u00f3ximo a\u00f1o. 13 de Noviembre de 2024 CHASCOM\u00daS &#8211;\u00a0 Este mi\u00e9rcoles por la ma\u00f1ana, <a class=\"mh-excerpt-more\" href=\"https:\/\/larevistadigital.com.ar\/blog\/funcionarios-municipales-informaron-a-concejales-sobre-el-proyecto-de-presupuesto-del-ano-2025\/\" title=\"Funcionarios municipales, informaron a concejales sobre el proyecto de Presupuesto del a\u00f1o 2025\">[Leer M\u00e1s]<\/a><\/p>\n<\/div>","protected":false},"author":3,"featured_media":37864,"comment_status":"open","ping_status":"open","sticky":false,"template":"","format":"standard","meta":{"_jetpack_memberships_contains_paid_content":false,"footnotes":"","jetpack_publicize_message":"","jetpack_publicize_feature_enabled":true,"jetpack_social_post_already_shared":true,"jetpack_social_options":{"image_generator_settings":{"template":"highway","default_image_id":0,"font":"","enabled":false},"version":2}},"categories":[41],"tags":[],"class_list":{"0":"post-37863","1":"post","2":"type-post","3":"status-publish","4":"format-standard","5":"has-post-thumbnail","7":"category-destacadas"},"jetpack_publicize_connections":[],"jetpack_featured_media_url":"https:\/\/i0.wp.com\/larevistadigital.com.ar\/blog\/wp-content\/uploads\/6734fe4f90d29.png?fit=668%2C445&ssl=1","jetpack_sharing_enabled":true,"jetpack_shortlink":"https:\/\/wp.me\/p8qtrQ-9QH","jetpack-related-posts":[{"id":42655,"url":"https:\/\/larevistadigital.com.ar\/blog\/chascomus-el-presupuesto-municipal-2026-se-ajustara-a-las-prioridades-servicios-esenciales-y-demanda-social\/","url_meta":{"origin":37863,"position":0},"title":"Chascom\u00fas: El Presupuesto Municipal 2026 se ajustar\u00e1 a las prioridades&#8230;servicios esenciales y demanda social","author":"Alejandro Sosa Ruda","date":"29 noviembre, 2025","format":false,"excerpt":"El c\u00e1lculo anual de gastos y recursos elaborado por el Departamento Ejecutivo est\u00e1 marcado por la necesidad de sostener servicios, contener las crecientes necesidades de la comunidad y planificar obras en un contexto econ\u00f3mico adverso. 29 de Noviembre de 2025 CHASCOM\u00daS -\u00a0 \u00a0El Departamento Ejecutivo municipal remiti\u00f3 al Concejo Deliberante\u2026","rel":"","context":"En \u00abCHASCOM\u00daS\u00bb","block_context":{"text":"CHASCOM\u00daS","link":"https:\/\/larevistadigital.com.ar\/blog\/category\/chascomus\/"},"img":{"alt_text":"","src":"https:\/\/i0.wp.com\/larevistadigital.com.ar\/blog\/wp-content\/uploads\/692b20a2b8cd7.png?fit=668%2C445&ssl=1&resize=350%2C200","width":350,"height":200,"srcset":"https:\/\/i0.wp.com\/larevistadigital.com.ar\/blog\/wp-content\/uploads\/692b20a2b8cd7.png?fit=668%2C445&ssl=1&resize=350%2C200 1x, https:\/\/i0.wp.com\/larevistadigital.com.ar\/blog\/wp-content\/uploads\/692b20a2b8cd7.png?fit=668%2C445&ssl=1&resize=525%2C300 1.5x"},"classes":[]},{"id":43038,"url":"https:\/\/larevistadigital.com.ar\/blog\/chascomus-el-concejo-deliberante-aprobo-el-presupuesto-2026\/","url_meta":{"origin":37863,"position":1},"title":"Chascom\u00fas: El Concejo Deliberante aprob\u00f3 el Presupuesto 2026","author":"Alejandro Sosa Ruda","date":"24 diciembre, 2025","format":false,"excerpt":"En una sesi\u00f3n extraordinaria realizada en la ma\u00f1ana de este martes, el deliberativo aprob\u00f3 en general el proyecto enviado por el Departamento Ejecutivo municipal. 24 de diciembre de 2025 CHASCOM\u00daS -\u00a0 \u00a0 El Presupuesto de Gastos y C\u00e1lculo de Recursos 2026 fue estimado en $59.405.821.072,92 y est\u00e1 marcado por la\u2026","rel":"","context":"En \u00abDESTACADAS\u00bb","block_context":{"text":"DESTACADAS","link":"https:\/\/larevistadigital.com.ar\/blog\/category\/destacadas\/"},"img":{"alt_text":"","src":"https:\/\/i0.wp.com\/larevistadigital.com.ar\/blog\/wp-content\/uploads\/2017\/11\/concejo-chascomus.jpg?fit=1024%2C768&ssl=1&resize=350%2C200","width":350,"height":200,"srcset":"https:\/\/i0.wp.com\/larevistadigital.com.ar\/blog\/wp-content\/uploads\/2017\/11\/concejo-chascomus.jpg?fit=1024%2C768&ssl=1&resize=350%2C200 1x, https:\/\/i0.wp.com\/larevistadigital.com.ar\/blog\/wp-content\/uploads\/2017\/11\/concejo-chascomus.jpg?fit=1024%2C768&ssl=1&resize=525%2C300 1.5x, https:\/\/i0.wp.com\/larevistadigital.com.ar\/blog\/wp-content\/uploads\/2017\/11\/concejo-chascomus.jpg?fit=1024%2C768&ssl=1&resize=700%2C400 2x"},"classes":[]},{"id":29509,"url":"https:\/\/larevistadigital.com.ar\/blog\/chascomus-el-gobierno-local-participo-de-una-reunion-con-los-concejales-y-prometio-ambiciosas-obras\/","url_meta":{"origin":37863,"position":2},"title":"CHASCOM\u00daS: EL GOBIERNO LOCAL PARTICIP\u00d3 DE UNA REUNI\u00d3N CON LOS CONCEJALES Y PROMETI\u00d3 AMBICIOSAS OBRAS","author":"Alejandro Sosa Ruda","date":"16 diciembre, 2022","format":false,"excerpt":"La reuni\u00f3n se hizo en el marco de una reuni\u00f3n plenaria del Deliberativo local. CHASCOM\u00daS -\u00a0\u00a0El Secretario de Gobierno, Cipriano P\u00e9rez del Cerro, junto al de Hacienda, Juan Fecundo Alfons\u00edn y a la Directora de Presupuesto, Natalia Vanni fueron de la partida en una reuni\u00f3n plenaria del Concejo Deliberante, donde\u2026","rel":"","context":"En \u00abCHASCOM\u00daS\u00bb","block_context":{"text":"CHASCOM\u00daS","link":"https:\/\/larevistadigital.com.ar\/blog\/category\/chascomus\/"},"img":{"alt_text":"","src":"https:\/\/i0.wp.com\/larevistadigital.com.ar\/blog\/wp-content\/uploads\/PRESUPUESTO-1.jpg?fit=900%2C557&ssl=1&resize=350%2C200","width":350,"height":200,"srcset":"https:\/\/i0.wp.com\/larevistadigital.com.ar\/blog\/wp-content\/uploads\/PRESUPUESTO-1.jpg?fit=900%2C557&ssl=1&resize=350%2C200 1x, https:\/\/i0.wp.com\/larevistadigital.com.ar\/blog\/wp-content\/uploads\/PRESUPUESTO-1.jpg?fit=900%2C557&ssl=1&resize=525%2C300 1.5x, https:\/\/i0.wp.com\/larevistadigital.com.ar\/blog\/wp-content\/uploads\/PRESUPUESTO-1.jpg?fit=900%2C557&ssl=1&resize=700%2C400 2x"},"classes":[]},{"id":4278,"url":"https:\/\/larevistadigital.com.ar\/blog\/chascomus-se-reune-concejo-deliberante-tratar-presupuesto-la-ordenanza-fiscal-e-impositiva\/","url_meta":{"origin":37863,"position":3},"title":"CHASCOM\u00daS: SE REUNE EL CONCEJO DELIBERANTE PARA TRATAR EL PRESUPUESTO Y LA ORDENANZA FISCAL E IMPOSITIVA","author":"Alejandro Sosa Ruda","date":"21 diciembre, 2017","format":false,"excerpt":"El d\u00eda de hoy, ser\u00e1n tratados en el Concejo Deliberante el Presupuesto de Gastos y C\u00e1lculo de Recursos 2018 y de la Ordenanza Fiscal e Impositiva, que tantas reuniones y discusiones entre oficialismo y oposici\u00f3n ha originado. La cita ser\u00e1 a las 20 hs. y de acuerdo a lo que\u2026","rel":"","context":"En \u00abCHASCOM\u00daS\u00bb","block_context":{"text":"CHASCOM\u00daS","link":"https:\/\/larevistadigital.com.ar\/blog\/category\/chascomus\/"},"img":{"alt_text":"","src":"https:\/\/i0.wp.com\/larevistadigital.com.ar\/blog\/wp-content\/uploads\/2017\/12\/25443083_1721082244579320_992615902468633665_n.jpg?fit=960%2C640&ssl=1&resize=350%2C200","width":350,"height":200,"srcset":"https:\/\/i0.wp.com\/larevistadigital.com.ar\/blog\/wp-content\/uploads\/2017\/12\/25443083_1721082244579320_992615902468633665_n.jpg?fit=960%2C640&ssl=1&resize=350%2C200 1x, https:\/\/i0.wp.com\/larevistadigital.com.ar\/blog\/wp-content\/uploads\/2017\/12\/25443083_1721082244579320_992615902468633665_n.jpg?fit=960%2C640&ssl=1&resize=525%2C300 1.5x, https:\/\/i0.wp.com\/larevistadigital.com.ar\/blog\/wp-content\/uploads\/2017\/12\/25443083_1721082244579320_992615902468633665_n.jpg?fit=960%2C640&ssl=1&resize=700%2C400 2x"},"classes":[]},{"id":38245,"url":"https:\/\/larevistadigital.com.ar\/blog\/el-hcd-aprobo-proyectos-en-la-anteultima-sesion-del-ano\/","url_meta":{"origin":37863,"position":4},"title":"El HCD aprob\u00f3 proyectos en la ante\u00faltima sesi\u00f3n del a\u00f1o","author":"Alejandro Sosa Ruda","date":"14 diciembre, 2024","format":false,"excerpt":"Entre ellos se destaca el Presupuesto 2025, presentado por el Departamento Ejecutivo y fundamental para administraci\u00f3n de los recursos municipales 14 de Diciembre de 2024 CHASCOM\u00daS -\u00a0 En la ante\u00faltima sesi\u00f3n del a\u00f1o del Honorable Concejo Deliberante, se aprobaron entre otros, cinco proyectos presentados por el Departamento Ejecutivo. En primer\u2026","rel":"","context":"En \u00abINTERES GENERAL\u00bb","block_context":{"text":"INTERES GENERAL","link":"https:\/\/larevistadigital.com.ar\/blog\/category\/interes-general\/"},"img":{"alt_text":"","src":"https:\/\/i0.wp.com\/larevistadigital.com.ar\/blog\/wp-content\/uploads\/2017\/11\/concejo-chascomus.jpg?fit=1024%2C768&ssl=1&resize=350%2C200","width":350,"height":200,"srcset":"https:\/\/i0.wp.com\/larevistadigital.com.ar\/blog\/wp-content\/uploads\/2017\/11\/concejo-chascomus.jpg?fit=1024%2C768&ssl=1&resize=350%2C200 1x, https:\/\/i0.wp.com\/larevistadigital.com.ar\/blog\/wp-content\/uploads\/2017\/11\/concejo-chascomus.jpg?fit=1024%2C768&ssl=1&resize=525%2C300 1.5x, https:\/\/i0.wp.com\/larevistadigital.com.ar\/blog\/wp-content\/uploads\/2017\/11\/concejo-chascomus.jpg?fit=1024%2C768&ssl=1&resize=700%2C400 2x"},"classes":[]},{"id":7064,"url":"https:\/\/larevistadigital.com.ar\/blog\/chascomus-el-concejo-deliberante-paso-a-comision-el-bono-para-jubilados-municipales\/","url_meta":{"origin":37863,"position":5},"title":"CHASCOM\u00daS: EL CONCEJO DELIBERANTE PAS\u00d3 A COMISI\u00d3N EL BONO PARA JUBILADOS MUNICIPALES","author":"Alejandro Sosa Ruda","date":"30 noviembre, 2018","format":false,"excerpt":"Durante la jornada de ayer, se llev\u00f3 a cabo una nueva sesi\u00f3n ordinaria del Concejo Deliberante, en la que estuvo ausente la concejal oficialista Rita Giusti. Entre otros proyectos, se destac\u00f3 el ingreso del Presupuesto de Gastos y C\u00e1lculo de Recursos y de la ordenanza Fiscal e Impositiva, para ser\u2026","rel":"","context":"En \u00abCHASCOM\u00daS\u00bb","block_context":{"text":"CHASCOM\u00daS","link":"https:\/\/larevistadigital.com.ar\/blog\/category\/chascomus\/"},"img":{"alt_text":"","src":"https:\/\/i0.wp.com\/larevistadigital.com.ar\/blog\/wp-content\/uploads\/2018\/09\/concejo-chascomus.jpg?fit=954%2C768&ssl=1&resize=350%2C200","width":350,"height":200,"srcset":"https:\/\/i0.wp.com\/larevistadigital.com.ar\/blog\/wp-content\/uploads\/2018\/09\/concejo-chascomus.jpg?fit=954%2C768&ssl=1&resize=350%2C200 1x, https:\/\/i0.wp.com\/larevistadigital.com.ar\/blog\/wp-content\/uploads\/2018\/09\/concejo-chascomus.jpg?fit=954%2C768&ssl=1&resize=525%2C300 1.5x, https:\/\/i0.wp.com\/larevistadigital.com.ar\/blog\/wp-content\/uploads\/2018\/09\/concejo-chascomus.jpg?fit=954%2C768&ssl=1&resize=700%2C400 2x"},"classes":[]}],"_links":{"self":[{"href":"https:\/\/larevistadigital.com.ar\/blog\/wp-json\/wp\/v2\/posts\/37863","targetHints":{"allow":["GET"]}}],"collection":[{"href":"https:\/\/larevistadigital.com.ar\/blog\/wp-json\/wp\/v2\/posts"}],"about":[{"href":"https:\/\/larevistadigital.com.ar\/blog\/wp-json\/wp\/v2\/types\/post"}],"author":[{"embeddable":true,"href":"https:\/\/larevistadigital.com.ar\/blog\/wp-json\/wp\/v2\/users\/3"}],"replies":[{"embeddable":true,"href":"https:\/\/larevistadigital.com.ar\/blog\/wp-json\/wp\/v2\/comments?post=37863"}],"version-history":[{"count":1,"href":"https:\/\/larevistadigital.com.ar\/blog\/wp-json\/wp\/v2\/posts\/37863\/revisions"}],"predecessor-version":[{"id":37865,"href":"https:\/\/larevistadigital.com.ar\/blog\/wp-json\/wp\/v2\/posts\/37863\/revisions\/37865"}],"wp:featuredmedia":[{"embeddable":true,"href":"https:\/\/larevistadigital.com.ar\/blog\/wp-json\/wp\/v2\/media\/37864"}],"wp:attachment":[{"href":"https:\/\/larevistadigital.com.ar\/blog\/wp-json\/wp\/v2\/media?parent=37863"}],"wp:term":[{"taxonomy":"category","embeddable":true,"href":"https:\/\/larevistadigital.com.ar\/blog\/wp-json\/wp\/v2\/categories?post=37863"},{"taxonomy":"post_tag","embeddable":true,"href":"https:\/\/larevistadigital.com.ar\/blog\/wp-json\/wp\/v2\/tags?post=37863"}],"curies":[{"name":"wp","href":"https:\/\/api.w.org\/{rel}","templated":true}]}}