{"id":37866,"date":"2024-11-13T23:50:30","date_gmt":"2024-11-14T02:50:30","guid":{"rendered":"https:\/\/larevistadigital.com.ar\/blog\/?p=37866"},"modified":"2024-11-20T23:42:32","modified_gmt":"2024-11-21T02:42:32","slug":"javier-gaston-recibio-a-medallistas-de-los-juegos-bonaerenses","status":"publish","type":"post","link":"https:\/\/larevistadigital.com.ar\/blog\/javier-gaston-recibio-a-medallistas-de-los-juegos-bonaerenses\/","title":{"rendered":"Javier Gast\u00f3n recibi\u00f3 a medallistas de los Juegos Bonaerenses"},"content":{"rendered":"<h2 class=\"excerpt\">Los integrantes de la delegaci\u00f3n chascomunense fueron convocados hoy al Palacio Municipal.<\/h2>\n<p>13 DE nOVIEMBRE DE 2024<\/p>\n<div id=\"miDiv1\" class=\"text\">\n<p><strong>CHASCOM\u00daS &#8211;<\/strong> Los ganadores en distintas disciplinas culturales y deportivas de la \u00faltima edici\u00f3n de los Juegos Bonaerenses, fueron convocados a un encuentro con el intendente Javier Gast\u00f3n, quien los recibi\u00f3 en reconocimiento a su desempe\u00f1o en la competencia provincial m\u00e1s importante del pa\u00eds.<\/p>\n<blockquote>\n<h3>Tras compartir cada uno su experiencia, Gast\u00f3n expres\u00f3 estar:<em> \u201corgulloso de ustedes, porque esto es fruto del esfuerzo y del trabajo. Y tambi\u00e9n porque, tanto desde el \u00e1rea de Deportes como de Cultura, se viene trabajando para que pase\u201d.<\/em><\/h3>\n<\/blockquote>\n<p>Estuvieron presentes el subsecretario de Deportes, Pablo Francese y la directora general de Cultura, Mar\u00eda Graciela Calder\u00f3n. Los homenajeados fueron:<\/p>\n<h3><span style=\"color: #ff0000\">Medallas de Oro<\/span><\/h3>\n<p><strong>Mart\u00edn Leclercq y Facundo Killamet<\/strong>\u00a0(Pelota Sub 16)<\/p>\n<p><strong>Bautista Figueroa<\/strong>\u00a0(Nataci\u00f3n PCD)<\/p>\n<p><strong>Pilar Rivas<\/strong>\u00a0(Nataci\u00f3n convencional)<\/p>\n<p><strong>Juan Sagorovosky<\/strong>\u00a0(Atletismo PCD)<\/p>\n<p><strong>Graciela Cattanea<\/strong>\u00a0(Literatura)<\/p>\n<h3><span style=\"color: #ff0000\">Medallas de Plata<\/span><\/h3>\n<p><strong>Pedro Dagorret y Catriel Sotelo<\/strong>\u00a0(Nataci\u00f3n PCD)<\/p>\n<h3><span style=\"color: #ff0000\">Medalla de Bronce<\/span><\/h3>\n<p><strong>Gregorio Canosa Picone<\/strong>\u00a0(Nataci\u00f3n)<\/p>\n<h3><span style=\"color: #ff0000\">Menci\u00f3n especial<\/span><\/h3>\n<p><strong>Pericles Alfons\u00edn<\/strong>\u00a0por la obra \u201cVendemelo a m\u00ed\u201d (a la labor masculina en Teatro)<\/p>\n<\/div>\n","protected":false},"excerpt":{"rendered":"<div class=\"mh-excerpt\"><p>Los integrantes de la delegaci\u00f3n chascomunense fueron convocados hoy al Palacio Municipal. 13 DE nOVIEMBRE DE 2024 CHASCOM\u00daS &#8211; Los ganadores en distintas disciplinas culturales y deportivas de la \u00faltima edici\u00f3n de los Juegos Bonaerenses, <a class=\"mh-excerpt-more\" href=\"https:\/\/larevistadigital.com.ar\/blog\/javier-gaston-recibio-a-medallistas-de-los-juegos-bonaerenses\/\" title=\"Javier Gast\u00f3n recibi\u00f3 a medallistas de los Juegos Bonaerenses\">[Leer M\u00e1s]<\/a><\/p>\n<\/div>","protected":false},"author":3,"featured_media":37867,"comment_status":"open","ping_status":"open","sticky":false,"template":"","format":"standard","meta":{"_jetpack_memberships_contains_paid_content":false,"footnotes":"","jetpack_publicize_message":"","jetpack_publicize_feature_enabled":true,"jetpack_social_post_already_shared":true,"jetpack_social_options":{"image_generator_settings":{"template":"highway","default_image_id":0,"font":"","enabled":false},"version":2}},"categories":[6],"tags":[],"class_list":{"0":"post-37866","1":"post","2":"type-post","3":"status-publish","4":"format-standard","5":"has-post-thumbnail","7":"category-chascomus"},"jetpack_publicize_connections":[],"jetpack_featured_media_url":"https:\/\/i0.wp.com\/larevistadigital.com.ar\/blog\/wp-content\/uploads\/6734ee18d43f2.png?fit=668%2C445&ssl=1","jetpack_sharing_enabled":true,"jetpack_shortlink":"https:\/\/wp.me\/p8qtrQ-9QK","jetpack-related-posts":[{"id":42157,"url":"https:\/\/larevistadigital.com.ar\/blog\/chascomus-javier-gaston-recibio-a-medallistas-de-los-juegos-bonaerenses\/","url_meta":{"origin":37866,"position":0},"title":"Chascom\u00fas: Javier Gast\u00f3n recibi\u00f3 a medallistas de los Juegos Bonaerenses","author":"Alejandro Sosa Ruda","date":"22 octubre, 2025","format":false,"excerpt":"Una parte de la delegaci\u00f3n fue recibida por el Intendente ayer por la tarde en su despacho. 22 de Octubre de 2025 CHASCOM\u00daS -\u00a0 \u00a0 Tras el regreso de Mar del Plata, donde se disput\u00f3 la gran final provincial de los Juegos Bonaerenses, el intendente Gast\u00f3n recibi\u00f3 a una parte\u2026","rel":"","context":"En \u00abCHASCOM\u00daS\u00bb","block_context":{"text":"CHASCOM\u00daS","link":"https:\/\/larevistadigital.com.ar\/blog\/category\/chascomus\/"},"img":{"alt_text":"","src":"https:\/\/i0.wp.com\/larevistadigital.com.ar\/blog\/wp-content\/uploads\/68f923e305583.png?fit=668%2C445&ssl=1&resize=350%2C200","width":350,"height":200,"srcset":"https:\/\/i0.wp.com\/larevistadigital.com.ar\/blog\/wp-content\/uploads\/68f923e305583.png?fit=668%2C445&ssl=1&resize=350%2C200 1x, https:\/\/i0.wp.com\/larevistadigital.com.ar\/blog\/wp-content\/uploads\/68f923e305583.png?fit=668%2C445&ssl=1&resize=525%2C300 1.5x"},"classes":[]},{"id":39733,"url":"https:\/\/larevistadigital.com.ar\/blog\/javier-gaston-recibio-al-secretario-de-derechos-humanos-de-avellaneda\/","url_meta":{"origin":37866,"position":1},"title":"Javier Gast\u00f3n recibi\u00f3 al secretario de Derechos Humanos de Avellaneda","author":"Alejandro Sosa Ruda","date":"10 mayo, 2025","format":false,"excerpt":"En el encuentro analizaron posibles acciones conjuntas en el marco del programa \u201cChascom\u00fas Km 0 de la Democracia\u201d. 09 de Mayo de 2025 CHASCOM\u00daS -\u00a0 En el despacho comunal, el intendente Javier Gast\u00f3n recibi\u00f3 la visita del secretario de Derechos Humanos de la Municipalidad de Avellaneda, Claudio Yacoy. La reuni\u00f3n\u2026","rel":"","context":"En \u00abCHASCOM\u00daS\u00bb","block_context":{"text":"CHASCOM\u00daS","link":"https:\/\/larevistadigital.com.ar\/blog\/category\/chascomus\/"},"img":{"alt_text":"","src":"https:\/\/i0.wp.com\/larevistadigital.com.ar\/blog\/wp-content\/uploads\/681e3a5bad067.png?fit=668%2C445&ssl=1&resize=350%2C200","width":350,"height":200,"srcset":"https:\/\/i0.wp.com\/larevistadigital.com.ar\/blog\/wp-content\/uploads\/681e3a5bad067.png?fit=668%2C445&ssl=1&resize=350%2C200 1x, https:\/\/i0.wp.com\/larevistadigital.com.ar\/blog\/wp-content\/uploads\/681e3a5bad067.png?fit=668%2C445&ssl=1&resize=525%2C300 1.5x"},"classes":[]},{"id":40981,"url":"https:\/\/larevistadigital.com.ar\/blog\/chascomus-la-escuela-no-16-recibio-oficialmente-los-planos-de-su-edificio-y-del-sum\/","url_meta":{"origin":37866,"position":2},"title":"Chascom\u00fas: La Escuela N\u00ba 16 recibi\u00f3 oficialmente los planos de su edificio y del SUM","author":"Alejandro Sosa Ruda","date":"20 agosto, 2025","format":false,"excerpt":"El intendente Javier Gast\u00f3n y el subsecretario de Infancias y Juventudes, Lucio Alfons\u00edn, visitaron la instituci\u00f3n ubicada en el paraje El Recreo y entregaron la documentaci\u00f3n a la comunidad educativa. 20 de agosto de 2025 CHASCOM\u00daS -\u00a0 \u00a0La Escuela Primaria N\u00ba 16 \u201cJulio Argentino Roca\u201d recibi\u00f3 los planos oficiales del\u2026","rel":"","context":"En \u00abCHASCOM\u00daS\u00bb","block_context":{"text":"CHASCOM\u00daS","link":"https:\/\/larevistadigital.com.ar\/blog\/category\/chascomus\/"},"img":{"alt_text":"","src":"https:\/\/i0.wp.com\/larevistadigital.com.ar\/blog\/wp-content\/uploads\/planos-escuela-16.png?fit=668%2C445&ssl=1&resize=350%2C200","width":350,"height":200,"srcset":"https:\/\/i0.wp.com\/larevistadigital.com.ar\/blog\/wp-content\/uploads\/planos-escuela-16.png?fit=668%2C445&ssl=1&resize=350%2C200 1x, https:\/\/i0.wp.com\/larevistadigital.com.ar\/blog\/wp-content\/uploads\/planos-escuela-16.png?fit=668%2C445&ssl=1&resize=525%2C300 1.5x"},"classes":[]},{"id":39687,"url":"https:\/\/larevistadigital.com.ar\/blog\/continua-abierta-la-inscripcion-a-los-juegos-bonaerenses\/","url_meta":{"origin":37866,"position":3},"title":"Contin\u00faa abierta la inscripci\u00f3n a los Juegos Bonaerenses","author":"Alejandro Sosa Ruda","date":"6 mayo, 2025","format":false,"excerpt":"Hay tiempo hasta el 18 de mayo para inscribirse y poder participar de la competencia provincial 06 de Mayo de 2025 CHASCOM\u00daS -\u00a0 \u00a0Una gran oportunidad para representar a Chascom\u00fas en tu disciplina deportiva o cultural en los Juegos Bonaerenses, la competencia que convoca a los 135 distritos de la\u2026","rel":"","context":"En \u00abSin categor\u00eda\u00bb","block_context":{"text":"Sin categor\u00eda","link":"https:\/\/larevistadigital.com.ar\/blog\/category\/sin-categoria\/"},"img":{"alt_text":"","src":"https:\/\/i0.wp.com\/larevistadigital.com.ar\/blog\/wp-content\/uploads\/681a4098aaef6.png?fit=668%2C445&ssl=1&resize=350%2C200","width":350,"height":200,"srcset":"https:\/\/i0.wp.com\/larevistadigital.com.ar\/blog\/wp-content\/uploads\/681a4098aaef6.png?fit=668%2C445&ssl=1&resize=350%2C200 1x, https:\/\/i0.wp.com\/larevistadigital.com.ar\/blog\/wp-content\/uploads\/681a4098aaef6.png?fit=668%2C445&ssl=1&resize=525%2C300 1.5x"},"classes":[]},{"id":40245,"url":"https:\/\/larevistadigital.com.ar\/blog\/javier-gaston-recibio-a-referentes-de-iglesias-evangelicas-para-presentar-la-nueva-comision-del-consejo-pastoral\/","url_meta":{"origin":37866,"position":4},"title":"Javier Gast\u00f3n recibi\u00f3 a referentes de iglesias evang\u00e9licas para presentar la nueva comisi\u00f3n del Consejo Pastoral","author":"Alejandro Sosa Ruda","date":"1 julio, 2025","format":false,"excerpt":"En el encuentro dialogaron sobre la construcci\u00f3n del Monumento a la Biblia, que se inaugurar\u00e1 pr\u00f3ximamente, y renovaron el compromiso para trabajar en conjunto por los sectores m\u00e1s necesitados de la comunidad. 01 de Julio de 2025 CHASCOM\u00daS -\u00a0 El intendente Javier Gast\u00f3n junto al secretario de Cultura, Deportes y\u2026","rel":"","context":"En \u00abCHASCOM\u00daS\u00bb","block_context":{"text":"CHASCOM\u00daS","link":"https:\/\/larevistadigital.com.ar\/blog\/category\/chascomus\/"},"img":{"alt_text":"","src":"https:\/\/i0.wp.com\/larevistadigital.com.ar\/blog\/wp-content\/uploads\/68641f992be4f.png?fit=668%2C445&ssl=1&resize=350%2C200","width":350,"height":200,"srcset":"https:\/\/i0.wp.com\/larevistadigital.com.ar\/blog\/wp-content\/uploads\/68641f992be4f.png?fit=668%2C445&ssl=1&resize=350%2C200 1x, https:\/\/i0.wp.com\/larevistadigital.com.ar\/blog\/wp-content\/uploads\/68641f992be4f.png?fit=668%2C445&ssl=1&resize=525%2C300 1.5x"},"classes":[]},{"id":37205,"url":"https:\/\/larevistadigital.com.ar\/blog\/javier-gaston-recibio-a-la-escuela-de-tiro\/","url_meta":{"origin":37866,"position":5},"title":"Javier Gast\u00f3n recibi\u00f3 a la Escuela de Tiro","author":"Alejandro Sosa Ruda","date":"11 septiembre, 2024","format":false,"excerpt":"Tras los logros obtenidos en el \u00faltimo Campeonato Nacional Juvenil los chicos del pol\u00edgono local compartieron su experiencia con el Intendente 11 de Septiemnre de 2024 Ayer por la tarde el intendente Javier Gast\u00f3n recibi\u00f3 a los integrantes de la Escuela del Tiro Federal Argentino Chascom\u00fas. En un emotivo encuentro\u2026","rel":"","context":"En \u00abINTERES GENERAL\u00bb","block_context":{"text":"INTERES GENERAL","link":"https:\/\/larevistadigital.com.ar\/blog\/category\/interes-general\/"},"img":{"alt_text":"","src":"https:\/\/i0.wp.com\/larevistadigital.com.ar\/blog\/wp-content\/uploads\/66e1d0d575bce.png?fit=668%2C445&ssl=1&resize=350%2C200","width":350,"height":200,"srcset":"https:\/\/i0.wp.com\/larevistadigital.com.ar\/blog\/wp-content\/uploads\/66e1d0d575bce.png?fit=668%2C445&ssl=1&resize=350%2C200 1x, https:\/\/i0.wp.com\/larevistadigital.com.ar\/blog\/wp-content\/uploads\/66e1d0d575bce.png?fit=668%2C445&ssl=1&resize=525%2C300 1.5x"},"classes":[]}],"_links":{"self":[{"href":"https:\/\/larevistadigital.com.ar\/blog\/wp-json\/wp\/v2\/posts\/37866","targetHints":{"allow":["GET"]}}],"collection":[{"href":"https:\/\/larevistadigital.com.ar\/blog\/wp-json\/wp\/v2\/posts"}],"about":[{"href":"https:\/\/larevistadigital.com.ar\/blog\/wp-json\/wp\/v2\/types\/post"}],"author":[{"embeddable":true,"href":"https:\/\/larevistadigital.com.ar\/blog\/wp-json\/wp\/v2\/users\/3"}],"replies":[{"embeddable":true,"href":"https:\/\/larevistadigital.com.ar\/blog\/wp-json\/wp\/v2\/comments?post=37866"}],"version-history":[{"count":1,"href":"https:\/\/larevistadigital.com.ar\/blog\/wp-json\/wp\/v2\/posts\/37866\/revisions"}],"predecessor-version":[{"id":37868,"href":"https:\/\/larevistadigital.com.ar\/blog\/wp-json\/wp\/v2\/posts\/37866\/revisions\/37868"}],"wp:featuredmedia":[{"embeddable":true,"href":"https:\/\/larevistadigital.com.ar\/blog\/wp-json\/wp\/v2\/media\/37867"}],"wp:attachment":[{"href":"https:\/\/larevistadigital.com.ar\/blog\/wp-json\/wp\/v2\/media?parent=37866"}],"wp:term":[{"taxonomy":"category","embeddable":true,"href":"https:\/\/larevistadigital.com.ar\/blog\/wp-json\/wp\/v2\/categories?post=37866"},{"taxonomy":"post_tag","embeddable":true,"href":"https:\/\/larevistadigital.com.ar\/blog\/wp-json\/wp\/v2\/tags?post=37866"}],"curies":[{"name":"wp","href":"https:\/\/api.w.org\/{rel}","templated":true}]}}