{"id":37869,"date":"2024-11-13T23:53:11","date_gmt":"2024-11-14T02:53:11","guid":{"rendered":"https:\/\/larevistadigital.com.ar\/blog\/?p=37869"},"modified":"2024-11-20T23:42:16","modified_gmt":"2024-11-21T02:42:16","slug":"chascomus-el-intendente-gaston-recorrio-la-obra-del-parador-lamadrid","status":"publish","type":"post","link":"https:\/\/larevistadigital.com.ar\/blog\/chascomus-el-intendente-gaston-recorrio-la-obra-del-parador-lamadrid\/","title":{"rendered":"Chascom\u00fas: El intendente Gast\u00f3n recorri\u00f3 la obra del Parador Lamadrid"},"content":{"rendered":"<h2 class=\"excerpt\">Javier Gast\u00f3n visit\u00f3 la obra de puesta en valor que se encuentra en su etapa final.<\/h2>\n<p>13 de Noviembre de 2024<\/p>\n<div id=\"miDiv1\" class=\"text\">\n<p><strong>CHASCOM\u00daS &#8211;\u00a0<\/strong> Las obras de recuperaci\u00f3n y puesta en valor del edificio ubicado en Av. Costanera Espa\u00f1a y Av. Tte. Gral. Juan Domingo Per\u00f3n, se encuentran pr\u00f3ximas a finalizar, por lo que se prev\u00e9 su inauguraci\u00f3n para los primeros d\u00edas de diciembre.<\/p>\n<blockquote>\n<h3>El intendente Javier Gast\u00f3n recorri\u00f3 el lugar junto a los nuevos concesionarios, donde pudo observar los avances en la mejora del inmueble. Estuvo presente adem\u00e1s, la subsecretaria de Desarrollo Tur\u00edstico y Productivo, Jimena Arano.<\/h3>\n<\/blockquote>\n<p>Si bien no se adelant\u00f3 nada espec\u00edfico sobre la propuesta, se sabe que ser\u00e1 un espacio tur\u00edstico, accesible y sustentable, cuya propuesta del rubro gastron\u00f3mico incluir\u00e1 usos recreativos, deportivos y culturales.<\/p>\n<\/div>\n","protected":false},"excerpt":{"rendered":"<div class=\"mh-excerpt\"><p>Javier Gast\u00f3n visit\u00f3 la obra de puesta en valor que se encuentra en su etapa final. 13 de Noviembre de 2024 CHASCOM\u00daS &#8211;\u00a0 Las obras de recuperaci\u00f3n y puesta en valor del edificio ubicado en <a class=\"mh-excerpt-more\" href=\"https:\/\/larevistadigital.com.ar\/blog\/chascomus-el-intendente-gaston-recorrio-la-obra-del-parador-lamadrid\/\" title=\"Chascom\u00fas: El intendente Gast\u00f3n recorri\u00f3 la obra del Parador Lamadrid\">[Leer M\u00e1s]<\/a><\/p>\n<\/div>","protected":false},"author":3,"featured_media":37870,"comment_status":"open","ping_status":"open","sticky":false,"template":"","format":"standard","meta":{"_jetpack_memberships_contains_paid_content":false,"footnotes":"","jetpack_publicize_message":"","jetpack_publicize_feature_enabled":true,"jetpack_social_post_already_shared":true,"jetpack_social_options":{"image_generator_settings":{"template":"highway","default_image_id":0,"font":"","enabled":false},"version":2}},"categories":[6],"tags":[],"class_list":{"0":"post-37869","1":"post","2":"type-post","3":"status-publish","4":"format-standard","5":"has-post-thumbnail","7":"category-chascomus"},"jetpack_publicize_connections":[],"jetpack_featured_media_url":"https:\/\/i0.wp.com\/larevistadigital.com.ar\/blog\/wp-content\/uploads\/6734ec3219551.png?fit=668%2C445&ssl=1","jetpack_sharing_enabled":true,"jetpack_shortlink":"https:\/\/wp.me\/p8qtrQ-9QN","jetpack-related-posts":[{"id":41941,"url":"https:\/\/larevistadigital.com.ar\/blog\/chascomus-javier-gaston-visito-la-escuela-primaria-no-20-y-entrego-un-subsidio-para-su-puesta-en-valor\/","url_meta":{"origin":37869,"position":0},"title":"Chascom\u00fas: Javier Gast\u00f3n visit\u00f3 la Escuela Primaria N\u00ba 20 y entreg\u00f3 un subsidio para su puesta en valor","author":"Alejandro Sosa Ruda","date":"13 octubre, 2025","format":false,"excerpt":"El intendente recorri\u00f3 el establecimiento rural de Don Cipriano y confirm\u00f3 el apoyo municipal para los viajes de fin de curso de los egresados. 13 de Octubre de 2025 Chascom\u00fas - El intendente Javier Gast\u00f3n visit\u00f3 el jueves pasado la Escuela Primaria N\u00ba 20 \u201cAng\u00e9lica Newton\u201d, ubicada en el paraje\u2026","rel":"","context":"En \u00abCHASCOM\u00daS\u00bb","block_context":{"text":"CHASCOM\u00daS","link":"https:\/\/larevistadigital.com.ar\/blog\/category\/chascomus\/"},"img":{"alt_text":"","src":"https:\/\/i0.wp.com\/larevistadigital.com.ar\/blog\/wp-content\/uploads\/68ed72e48acb0.png?fit=668%2C445&ssl=1&resize=350%2C200","width":350,"height":200,"srcset":"https:\/\/i0.wp.com\/larevistadigital.com.ar\/blog\/wp-content\/uploads\/68ed72e48acb0.png?fit=668%2C445&ssl=1&resize=350%2C200 1x, https:\/\/i0.wp.com\/larevistadigital.com.ar\/blog\/wp-content\/uploads\/68ed72e48acb0.png?fit=668%2C445&ssl=1&resize=525%2C300 1.5x"},"classes":[]},{"id":43838,"url":"https:\/\/larevistadigital.com.ar\/blog\/chascomus-trabajos-de-recuperacion-y-puesta-en-valor-del-edificio-del-turista\/","url_meta":{"origin":37869,"position":1},"title":"Chascom\u00fas: Trabajos de recuperaci\u00f3n y puesta en valor del Edificio del Turista","author":"Alejandro Sosa Ruda","date":"6 febrero, 2026","format":false,"excerpt":"Junto a representantes de las empresas concesionarias, el intendente Javier Gast\u00f3n recorri\u00f3 el inmueble donde funcionar\u00e1 el Centro Cultural y Comercial Malvinas Argentinas. 06 de febrero de 2026 CHASCOM\u00daS\u00a0 -\u00a0 \u00a0 Durante la visita, Gast\u00f3n estuvo acompa\u00f1ado por Juan Jos\u00e9 Garriz y Rodolfo Alfons\u00edn, representantes de las empresas GyC Construcciones\u2026","rel":"","context":"En \u00abCHASCOM\u00daS\u00bb","block_context":{"text":"CHASCOM\u00daS","link":"https:\/\/larevistadigital.com.ar\/blog\/category\/chascomus\/"},"img":{"alt_text":"","src":"https:\/\/i0.wp.com\/larevistadigital.com.ar\/blog\/wp-content\/uploads\/6986278489906.png?fit=668%2C445&ssl=1&resize=350%2C200","width":350,"height":200,"srcset":"https:\/\/i0.wp.com\/larevistadigital.com.ar\/blog\/wp-content\/uploads\/6986278489906.png?fit=668%2C445&ssl=1&resize=350%2C200 1x, https:\/\/i0.wp.com\/larevistadigital.com.ar\/blog\/wp-content\/uploads\/6986278489906.png?fit=668%2C445&ssl=1&resize=525%2C300 1.5x"},"classes":[]},{"id":39174,"url":"https:\/\/larevistadigital.com.ar\/blog\/el-ministro-de-educacion-visito-chascomus-y-mantuvo-un-encuentro-con-el-intendente-gaston\/","url_meta":{"origin":37869,"position":2},"title":"El ministro de Educaci\u00f3n visit\u00f3 Chascom\u00fas y mantuvo un encuentro con el intendente Gast\u00f3n","author":"Alejandro Sosa Ruda","date":"28 marzo, 2025","format":false,"excerpt":"Alberto Sileoni dialog\u00f3 sobre pol\u00edticas educativas y recorri\u00f3 la Escuela Municipal N\u00ba 2. 28 de Marzo de 2025 CHASCOM\u00daS -\u00a0 Alberto Sileoni dialog\u00f3 sobre pol\u00edticas educativas y recorri\u00f3 la Escuela Municipal N\u00ba 2. El intendente Javier Gast\u00f3n recibi\u00f3 en su despacho al director general de Cultura y Educaci\u00f3n de la\u2026","rel":"","context":"En \u00abCHASCOM\u00daS\u00bb","block_context":{"text":"CHASCOM\u00daS","link":"https:\/\/larevistadigital.com.ar\/blog\/category\/chascomus\/"},"img":{"alt_text":"","src":"https:\/\/i0.wp.com\/larevistadigital.com.ar\/blog\/wp-content\/uploads\/67e6d6488055e.png?fit=668%2C445&ssl=1&resize=350%2C200","width":350,"height":200,"srcset":"https:\/\/i0.wp.com\/larevistadigital.com.ar\/blog\/wp-content\/uploads\/67e6d6488055e.png?fit=668%2C445&ssl=1&resize=350%2C200 1x, https:\/\/i0.wp.com\/larevistadigital.com.ar\/blog\/wp-content\/uploads\/67e6d6488055e.png?fit=668%2C445&ssl=1&resize=525%2C300 1.5x"},"classes":[]},{"id":38405,"url":"https:\/\/larevistadigital.com.ar\/blog\/el-ministro-de-educacion-de-la-provincia-recorrio-la-escuela-abierta-de-verano-en-chascomus\/","url_meta":{"origin":37869,"position":3},"title":"El ministro de Educaci\u00f3n de la provincia recorri\u00f3 la Escuela Abierta de Verano en Chascom\u00fas","author":"Alejandro Sosa Ruda","date":"8 enero, 2025","format":false,"excerpt":"Acompa\u00f1ado por el intendente Javier Gast\u00f3n, Alberto Sileoni comparti\u00f3 una jornada donde destac\u00f3 el trabajo conjunto entre la Provincia y la Municipalidad para garantizar actividades recreativas y educativas durante el verano. 08 de Enero de 2025 CHASCOM\u00daS -\u00a0 El director general de Cultura y Educaci\u00f3n de la provincia de Buenos\u2026","rel":"","context":"En \u00abCHASCOM\u00daS\u00bb","block_context":{"text":"CHASCOM\u00daS","link":"https:\/\/larevistadigital.com.ar\/blog\/category\/chascomus\/"},"img":{"alt_text":"","src":"https:\/\/i0.wp.com\/larevistadigital.com.ar\/blog\/wp-content\/uploads\/677da7258c485.png?fit=668%2C445&ssl=1&resize=350%2C200","width":350,"height":200,"srcset":"https:\/\/i0.wp.com\/larevistadigital.com.ar\/blog\/wp-content\/uploads\/677da7258c485.png?fit=668%2C445&ssl=1&resize=350%2C200 1x, https:\/\/i0.wp.com\/larevistadigital.com.ar\/blog\/wp-content\/uploads\/677da7258c485.png?fit=668%2C445&ssl=1&resize=525%2C300 1.5x"},"classes":[]},{"id":6125,"url":"https:\/\/larevistadigital.com.ar\/blog\/destacable-gesto-del-intendente-de-chascomus-javier-gaston-y-su-bloque-de-concejales\/","url_meta":{"origin":37869,"position":4},"title":"DESTACABLE GESTO DEL INTENDENTE DE CHASCOM\u00daS, JAVIER GAST\u00d3N Y SU BLOQUE DE CONCEJALES","author":"Alejandro Sosa Ruda","date":"3 agosto, 2018","format":false,"excerpt":"El intendente de Chascom\u00fas, Javier Gast\u00f3n y el bloque de concejales de Unidad por Chascom\u00fas, se hicieron presentes en el Congreso Nacional a efectos de apoyar a los Bomberos Voluntarios de la ciudad y el pa\u00eds en su reclamo para que no se quiten los subsidios para el equipamiento y\u2026","rel":"","context":"En \u00abCHASCOM\u00daS\u00bb","block_context":{"text":"CHASCOM\u00daS","link":"https:\/\/larevistadigital.com.ar\/blog\/category\/chascomus\/"},"img":{"alt_text":"","src":"https:\/\/i0.wp.com\/larevistadigital.com.ar\/blog\/wp-content\/uploads\/2018\/08\/Screenshot_1.jpg?fit=670%2C556&ssl=1&resize=350%2C200","width":350,"height":200,"srcset":"https:\/\/i0.wp.com\/larevistadigital.com.ar\/blog\/wp-content\/uploads\/2018\/08\/Screenshot_1.jpg?fit=670%2C556&ssl=1&resize=350%2C200 1x, https:\/\/i0.wp.com\/larevistadigital.com.ar\/blog\/wp-content\/uploads\/2018\/08\/Screenshot_1.jpg?fit=670%2C556&ssl=1&resize=525%2C300 1.5x"},"classes":[]},{"id":39772,"url":"https:\/\/larevistadigital.com.ar\/blog\/chascomus-fue-entregado-equipamiento-para-caps-barriales\/","url_meta":{"origin":37869,"position":5},"title":"Chascom\u00fas: Fue entregado equipamiento para CAPS barriales","author":"Alejandro Sosa Ruda","date":"16 mayo, 2025","format":false,"excerpt":"El intendente Javier Gast\u00f3n visit\u00f3 este jueves los Centros de Atenci\u00f3n Primaria de la Salud (CAPS) de Ipor\u00e1 y La Noria. 16 de Mayo de 2025 CHASCOM\u00daS-\u00a0 \u00a0Durante su visita, en la que estuvo acompa\u00f1ado por la secretaria de Salud P\u00fablica, Marcela Arias, Gast\u00f3n hizo entrega de balanzas pedi\u00e1tricas para\u2026","rel":"","context":"En \u00abCHASCOM\u00daS\u00bb","block_context":{"text":"CHASCOM\u00daS","link":"https:\/\/larevistadigital.com.ar\/blog\/category\/chascomus\/"},"img":{"alt_text":"","src":"https:\/\/i0.wp.com\/larevistadigital.com.ar\/blog\/wp-content\/uploads\/6826287578bfb.png?fit=668%2C445&ssl=1&resize=350%2C200","width":350,"height":200,"srcset":"https:\/\/i0.wp.com\/larevistadigital.com.ar\/blog\/wp-content\/uploads\/6826287578bfb.png?fit=668%2C445&ssl=1&resize=350%2C200 1x, https:\/\/i0.wp.com\/larevistadigital.com.ar\/blog\/wp-content\/uploads\/6826287578bfb.png?fit=668%2C445&ssl=1&resize=525%2C300 1.5x"},"classes":[]}],"_links":{"self":[{"href":"https:\/\/larevistadigital.com.ar\/blog\/wp-json\/wp\/v2\/posts\/37869","targetHints":{"allow":["GET"]}}],"collection":[{"href":"https:\/\/larevistadigital.com.ar\/blog\/wp-json\/wp\/v2\/posts"}],"about":[{"href":"https:\/\/larevistadigital.com.ar\/blog\/wp-json\/wp\/v2\/types\/post"}],"author":[{"embeddable":true,"href":"https:\/\/larevistadigital.com.ar\/blog\/wp-json\/wp\/v2\/users\/3"}],"replies":[{"embeddable":true,"href":"https:\/\/larevistadigital.com.ar\/blog\/wp-json\/wp\/v2\/comments?post=37869"}],"version-history":[{"count":1,"href":"https:\/\/larevistadigital.com.ar\/blog\/wp-json\/wp\/v2\/posts\/37869\/revisions"}],"predecessor-version":[{"id":37871,"href":"https:\/\/larevistadigital.com.ar\/blog\/wp-json\/wp\/v2\/posts\/37869\/revisions\/37871"}],"wp:featuredmedia":[{"embeddable":true,"href":"https:\/\/larevistadigital.com.ar\/blog\/wp-json\/wp\/v2\/media\/37870"}],"wp:attachment":[{"href":"https:\/\/larevistadigital.com.ar\/blog\/wp-json\/wp\/v2\/media?parent=37869"}],"wp:term":[{"taxonomy":"category","embeddable":true,"href":"https:\/\/larevistadigital.com.ar\/blog\/wp-json\/wp\/v2\/categories?post=37869"},{"taxonomy":"post_tag","embeddable":true,"href":"https:\/\/larevistadigital.com.ar\/blog\/wp-json\/wp\/v2\/tags?post=37869"}],"curies":[{"name":"wp","href":"https:\/\/api.w.org\/{rel}","templated":true}]}}