{"id":37872,"date":"2024-11-13T23:55:50","date_gmt":"2024-11-14T02:55:50","guid":{"rendered":"https:\/\/larevistadigital.com.ar\/blog\/?p=37872"},"modified":"2024-11-20T23:42:09","modified_gmt":"2024-11-21T02:42:09","slug":"reunion-con-egresados-para-definir-el-cronograma-de-las-vueltas-olimpicas","status":"publish","type":"post","link":"https:\/\/larevistadigital.com.ar\/blog\/reunion-con-egresados-para-definir-el-cronograma-de-las-vueltas-olimpicas\/","title":{"rendered":"Reuni\u00f3n con egresados para definir el cronograma de las \u00abvueltas ol\u00edmpicas\u00bb"},"content":{"rendered":"<h2 class=\"excerpt\">Autoridades, familias y estudiantes acordaron pautas para garantizar tener festejos responsables por la finalizaci\u00f3n de la educaci\u00f3n secundaria.<\/h2>\n<p>13 de Noviembre de 2024<\/p>\n<div id=\"miDiv1\" class=\"text\">\n<p><span><strong>CHASCOM\u00daS\u00a0 &#8211;\u00a0<\/strong> En el Palacio Municipal se desarroll\u00f3 el martes una reuni\u00f3n entre estudiantes que finalizan su ciclo secundario, padres, representantes de sus instituciones educativas y autoridades educativas y municipales en la que se establecieron las condiciones para realizar las tradicionales \u00abVueltas Ol\u00edmpicas\u00bb.<\/span><\/p>\n<blockquote>\n<h3><span>En el encuentro, se acord\u00f3 un cronograma de festejos para los pr\u00f3ximos d\u00edas, as\u00ed como las responsabilidades de los j\u00f3venes y de los sectores involucrados.<\/span><\/h3>\n<\/blockquote>\n<p><span>Seg\u00fan lo convenido, los festejos se llevar\u00e1n a cabo en d\u00edas distintos para cada grupo de estudiantes, quienes deber\u00e1n informar previamente tanto el lugar de concentraci\u00f3n como el recorrido planificado por la ciudad.<\/span><\/p>\n<blockquote>\n<h3><span>Las autoridades recordaron que los recorridos no podr\u00e1n comenzar antes de las 7:30 de la ma\u00f1ana, y estar\u00e1 prohibido el uso de pirotecnia y el consumo de bebidas alcoh\u00f3licas en la v\u00eda p\u00fablica.<\/span><\/h3>\n<\/blockquote>\n<p><span>Para prevenir incidentes, cada grupo ser\u00e1 acompa\u00f1ado por padres o familiares de los estudiantes colaborando en la prevenci\u00f3n de inconvenientes y contribuyendo a un clima de respeto en los festejos.<\/span><\/p>\n<p><span>El encuentro estuvo encabezado por el secretario de Gobierno Cipriano P\u00e9rez del Cerro, la secretar\u00eda de Seguridad Ciudadana Mariela Moscarella, el subsecretario de Infancias y Juventudes Lucio Alfons\u00edn y la jefa distrital de Educaci\u00f3n Julia Ugarte.<\/span><\/p>\n<\/div>\n","protected":false},"excerpt":{"rendered":"<div class=\"mh-excerpt\"><p>Autoridades, familias y estudiantes acordaron pautas para garantizar tener festejos responsables por la finalizaci\u00f3n de la educaci\u00f3n secundaria. 13 de Noviembre de 2024 CHASCOM\u00daS\u00a0 &#8211;\u00a0 En el Palacio Municipal se desarroll\u00f3 el martes una reuni\u00f3n <a class=\"mh-excerpt-more\" href=\"https:\/\/larevistadigital.com.ar\/blog\/reunion-con-egresados-para-definir-el-cronograma-de-las-vueltas-olimpicas\/\" title=\"Reuni\u00f3n con egresados para definir el cronograma de las \u00abvueltas ol\u00edmpicas\u00bb\">[Leer M\u00e1s]<\/a><\/p>\n<\/div>","protected":false},"author":3,"featured_media":37873,"comment_status":"open","ping_status":"open","sticky":false,"template":"","format":"standard","meta":{"_jetpack_memberships_contains_paid_content":false,"footnotes":"","jetpack_publicize_message":"","jetpack_publicize_feature_enabled":true,"jetpack_social_post_already_shared":true,"jetpack_social_options":{"image_generator_settings":{"template":"highway","default_image_id":0,"font":"","enabled":false},"version":2}},"categories":[6],"tags":[],"class_list":{"0":"post-37872","1":"post","2":"type-post","3":"status-publish","4":"format-standard","5":"has-post-thumbnail","7":"category-chascomus"},"jetpack_publicize_connections":[],"jetpack_featured_media_url":"https:\/\/i0.wp.com\/larevistadigital.com.ar\/blog\/wp-content\/uploads\/6734f49df357a.png?fit=668%2C445&ssl=1","jetpack_sharing_enabled":true,"jetpack_shortlink":"https:\/\/wp.me\/p8qtrQ-9QQ","jetpack-related-posts":[{"id":38062,"url":"https:\/\/larevistadigital.com.ar\/blog\/las-vueltas-olimpicas-2024-fueron-una-fiesta\/","url_meta":{"origin":37872,"position":0},"title":"Las vueltas ol\u00edmpicas 2024 fueron una fiesta","author":"Alejandro Sosa Ruda","date":"1 diciembre, 2024","format":false,"excerpt":"La pol\u00edtica dise\u00f1ada por la Secretaria de Seguridad para evitar conflictos, y avalada por el intendente Gast\u00f3n, ha dado sus frutos. CHASCOM\u00daS\u00a0 -\u00a0 De esta manera se cumpli\u00f3 con lo acordado por los distintos actores involucrados en la reuni\u00f3n realizada semanas atr\u00e1s, cuando se trat\u00f3 el cronograma y las responsabilidades\u2026","rel":"","context":"En \u00abCHASCOM\u00daS\u00bb","block_context":{"text":"CHASCOM\u00daS","link":"https:\/\/larevistadigital.com.ar\/blog\/category\/chascomus\/"},"img":{"alt_text":"","src":"https:\/\/i0.wp.com\/larevistadigital.com.ar\/blog\/wp-content\/uploads\/6749fdc8247a6.png?fit=668%2C445&ssl=1&resize=350%2C200","width":350,"height":200,"srcset":"https:\/\/i0.wp.com\/larevistadigital.com.ar\/blog\/wp-content\/uploads\/6749fdc8247a6.png?fit=668%2C445&ssl=1&resize=350%2C200 1x, https:\/\/i0.wp.com\/larevistadigital.com.ar\/blog\/wp-content\/uploads\/6749fdc8247a6.png?fit=668%2C445&ssl=1&resize=525%2C300 1.5x"},"classes":[]},{"id":28942,"url":"https:\/\/larevistadigital.com.ar\/blog\/vueltas-olimpicas-el-trasfondo-de-otra-grieta-que-parece-ingobernable\/","url_meta":{"origin":37872,"position":1},"title":"VUELTAS OL\u00cdMPICAS: (EL TRASFONDO DE OTRA \u00abGRIETA\u00bb QUE PARECE INGOBERNABLE)","author":"Alejandro Sosa Ruda","date":"22 noviembre, 2022","format":false,"excerpt":"Es una costumbre que hace a\u00f1os se ha impuesto en los jovenes que terminan sus estudios secundarios. Tambi\u00e9n festejan el \"\u00faltimo primer d\u00eda\" y los festejos desnudan agresiones y expresiones violentas entre alumnos de distintos institutos. 21 de noviembre de 2022 CHASCOM\u00daS -\u00a0\u00a0El festejo surgido hace algunos a\u00f1os, como corolario\u2026","rel":"","context":"En \u00abCHASCOM\u00daS\u00bb","block_context":{"text":"CHASCOM\u00daS","link":"https:\/\/larevistadigital.com.ar\/blog\/category\/chascomus\/"},"img":{"alt_text":"","src":"https:\/\/i0.wp.com\/larevistadigital.com.ar\/blog\/wp-content\/uploads\/VUELTA-OLIMPICA.jpg?fit=900%2C634&ssl=1&resize=350%2C200","width":350,"height":200,"srcset":"https:\/\/i0.wp.com\/larevistadigital.com.ar\/blog\/wp-content\/uploads\/VUELTA-OLIMPICA.jpg?fit=900%2C634&ssl=1&resize=350%2C200 1x, https:\/\/i0.wp.com\/larevistadigital.com.ar\/blog\/wp-content\/uploads\/VUELTA-OLIMPICA.jpg?fit=900%2C634&ssl=1&resize=525%2C300 1.5x, https:\/\/i0.wp.com\/larevistadigital.com.ar\/blog\/wp-content\/uploads\/VUELTA-OLIMPICA.jpg?fit=900%2C634&ssl=1&resize=700%2C400 2x"},"classes":[]},{"id":3839,"url":"https:\/\/larevistadigital.com.ar\/blog\/chascomus-se-prohibira-la-venta-alcohol-las-fiestas-fin-ano\/","url_meta":{"origin":37872,"position":2},"title":"CHASCOM\u00daS: SE PROHIBIR\u00c1 LA VENTA DE ALCOHOL EN LAS FIESTAS DE FIN DE A\u00d1O","author":"Alejandro Sosa Ruda","date":"14 noviembre, 2017","format":false,"excerpt":"\u00a0 Entrevistado en la FM 101.5, el Sub Secretario de Seguridad del Municipio de Chascom\u00fas, Lucas Funes, se refiri\u00f3 a distintos temas de actualidad local. \u201cVUELTAS OL\u00cdMPICAS\u201d Respecto de las llamadas \u201cvueltas ol\u00edmpicas\u201d que realizan los estudiantes, dijo que se realiz\u00f3 una reuni\u00f3n el jueves pasado en el municipio, donde\u2026","rel":"","context":"En \u00abCHASCOM\u00daS\u00bb","block_context":{"text":"CHASCOM\u00daS","link":"https:\/\/larevistadigital.com.ar\/blog\/category\/chascomus\/"},"img":{"alt_text":"","src":"https:\/\/i0.wp.com\/larevistadigital.com.ar\/blog\/wp-content\/uploads\/2017\/11\/LEYSECA-1.jpg?fit=600%2C600&ssl=1&resize=350%2C200","width":350,"height":200,"srcset":"https:\/\/i0.wp.com\/larevistadigital.com.ar\/blog\/wp-content\/uploads\/2017\/11\/LEYSECA-1.jpg?fit=600%2C600&ssl=1&resize=350%2C200 1x, https:\/\/i0.wp.com\/larevistadigital.com.ar\/blog\/wp-content\/uploads\/2017\/11\/LEYSECA-1.jpg?fit=600%2C600&ssl=1&resize=525%2C300 1.5x"},"classes":[]},{"id":44310,"url":"https:\/\/larevistadigital.com.ar\/blog\/chascomus-el-intendente-javier-gaston-articulo-una-agenda-educativa-con-inspectoras-en-el-inicio-del-ciclo-lectivo\/","url_meta":{"origin":37872,"position":3},"title":"Chascom\u00fas: El intendente Javier Gast\u00f3n articul\u00f3 una agenda educativa con inspectoras en el inicio del ciclo lectivo","author":"Alejandro Sosa Ruda","date":"5 marzo, 2026","format":false,"excerpt":"Se hizo hincapi\u00e9 en la importancia de profundizar el trabajo interinstitucional como estrategia para garantizar m\u00e1s y mejores oportunidades educativas. 05 de Marzo de 2026 CHASCOM\u00daS -\u00a0 \u00a0En el marco del comienzo del ciclo lectivo 2026, el intendente Javier Gast\u00f3n mantuvo una reuni\u00f3n de trabajo con la Inspectora Jefa Regional\u2026","rel":"","context":"En \u00abCHASCOM\u00daS\u00bb","block_context":{"text":"CHASCOM\u00daS","link":"https:\/\/larevistadigital.com.ar\/blog\/category\/chascomus\/"},"img":{"alt_text":"","src":"https:\/\/i0.wp.com\/larevistadigital.com.ar\/blog\/wp-content\/uploads\/69a878c82a849.png?fit=668%2C445&ssl=1&resize=350%2C200","width":350,"height":200,"srcset":"https:\/\/i0.wp.com\/larevistadigital.com.ar\/blog\/wp-content\/uploads\/69a878c82a849.png?fit=668%2C445&ssl=1&resize=350%2C200 1x, https:\/\/i0.wp.com\/larevistadigital.com.ar\/blog\/wp-content\/uploads\/69a878c82a849.png?fit=668%2C445&ssl=1&resize=525%2C300 1.5x"},"classes":[]},{"id":37846,"url":"https:\/\/larevistadigital.com.ar\/blog\/javier-gaston-recibio-a-las-nuevas-autoridades-de-la-fes\/","url_meta":{"origin":37872,"position":4},"title":"Javier Gast\u00f3n recibi\u00f3 a las nuevas autoridades de la FES","author":"Alejandro Sosa Ruda","date":"12 noviembre, 2024","format":false,"excerpt":"El intendente destac\u00f3 el compromiso juvenil con la educaci\u00f3n local y el trabajo conjunto entre el municipio y los estudiantes para seguir construyendo una comunidad m\u00e1s participativa. 12 de Noviembre de 2024 CHASCOM\u00daS -\u00a0 En el despacho comunal, el intendente Javier Gast\u00f3n recibi\u00f3 este lunes a las nuevas autoridades de\u2026","rel":"","context":"En \u00abCHASCOM\u00daS\u00bb","block_context":{"text":"CHASCOM\u00daS","link":"https:\/\/larevistadigital.com.ar\/blog\/category\/chascomus\/"},"img":{"alt_text":"","src":"https:\/\/i0.wp.com\/larevistadigital.com.ar\/blog\/wp-content\/uploads\/67337ac6bfc67.png?fit=668%2C445&ssl=1&resize=350%2C200","width":350,"height":200,"srcset":"https:\/\/i0.wp.com\/larevistadigital.com.ar\/blog\/wp-content\/uploads\/67337ac6bfc67.png?fit=668%2C445&ssl=1&resize=350%2C200 1x, https:\/\/i0.wp.com\/larevistadigital.com.ar\/blog\/wp-content\/uploads\/67337ac6bfc67.png?fit=668%2C445&ssl=1&resize=525%2C300 1.5x"},"classes":[]},{"id":39974,"url":"https:\/\/larevistadigital.com.ar\/blog\/chascomus-educacion-financiera-para-estudiantes-rico-en-data\/","url_meta":{"origin":37872,"position":5},"title":"Chascom\u00fas: Educaci\u00f3n financiera para estudiantes \u00abRico.en.data\u00bb","author":"Alejandro Sosa Ruda","date":"6 junio, 2025","format":false,"excerpt":"Una iniciativa del Banco Provincia junto a la DGCyE para la educaci\u00f3n financiera de estudiantes del nivel secundario. 06 de Junio de 2025 CHASCOM\u00daS -\u00a0 \u00a0Ayer por la ma\u00f1ana tuvo lugar una reuni\u00f3n para la coordinaci\u00f3n de acciones y cuestiones organizativas de cara a la implementaci\u00f3n del programa \"RICO.EN.DATA: Educaci\u00f3n\u2026","rel":"","context":"En \u00abCHASCOM\u00daS\u00bb","block_context":{"text":"CHASCOM\u00daS","link":"https:\/\/larevistadigital.com.ar\/blog\/category\/chascomus\/"},"img":{"alt_text":"","src":"https:\/\/i0.wp.com\/larevistadigital.com.ar\/blog\/wp-content\/uploads\/6841d6408d1cc.png?fit=668%2C445&ssl=1&resize=350%2C200","width":350,"height":200,"srcset":"https:\/\/i0.wp.com\/larevistadigital.com.ar\/blog\/wp-content\/uploads\/6841d6408d1cc.png?fit=668%2C445&ssl=1&resize=350%2C200 1x, https:\/\/i0.wp.com\/larevistadigital.com.ar\/blog\/wp-content\/uploads\/6841d6408d1cc.png?fit=668%2C445&ssl=1&resize=525%2C300 1.5x"},"classes":[]}],"_links":{"self":[{"href":"https:\/\/larevistadigital.com.ar\/blog\/wp-json\/wp\/v2\/posts\/37872","targetHints":{"allow":["GET"]}}],"collection":[{"href":"https:\/\/larevistadigital.com.ar\/blog\/wp-json\/wp\/v2\/posts"}],"about":[{"href":"https:\/\/larevistadigital.com.ar\/blog\/wp-json\/wp\/v2\/types\/post"}],"author":[{"embeddable":true,"href":"https:\/\/larevistadigital.com.ar\/blog\/wp-json\/wp\/v2\/users\/3"}],"replies":[{"embeddable":true,"href":"https:\/\/larevistadigital.com.ar\/blog\/wp-json\/wp\/v2\/comments?post=37872"}],"version-history":[{"count":1,"href":"https:\/\/larevistadigital.com.ar\/blog\/wp-json\/wp\/v2\/posts\/37872\/revisions"}],"predecessor-version":[{"id":37874,"href":"https:\/\/larevistadigital.com.ar\/blog\/wp-json\/wp\/v2\/posts\/37872\/revisions\/37874"}],"wp:featuredmedia":[{"embeddable":true,"href":"https:\/\/larevistadigital.com.ar\/blog\/wp-json\/wp\/v2\/media\/37873"}],"wp:attachment":[{"href":"https:\/\/larevistadigital.com.ar\/blog\/wp-json\/wp\/v2\/media?parent=37872"}],"wp:term":[{"taxonomy":"category","embeddable":true,"href":"https:\/\/larevistadigital.com.ar\/blog\/wp-json\/wp\/v2\/categories?post=37872"},{"taxonomy":"post_tag","embeddable":true,"href":"https:\/\/larevistadigital.com.ar\/blog\/wp-json\/wp\/v2\/tags?post=37872"}],"curies":[{"name":"wp","href":"https:\/\/api.w.org\/{rel}","templated":true}]}}