{"id":37875,"date":"2024-11-13T23:58:25","date_gmt":"2024-11-14T02:58:25","guid":{"rendered":"https:\/\/larevistadigital.com.ar\/blog\/?p=37875"},"modified":"2024-11-20T23:42:02","modified_gmt":"2024-11-21T02:42:02","slug":"pablo-napoli-recibio-a-un-grupo-de-referentes-del-instituto-de-investigacion-y-educacion-economica-de-argentina","status":"publish","type":"post","link":"https:\/\/larevistadigital.com.ar\/blog\/pablo-napoli-recibio-a-un-grupo-de-referentes-del-instituto-de-investigacion-y-educacion-economica-de-argentina\/","title":{"rendered":"Pablo N\u00e1poli recibi\u00f3 a un grupo de referentes del Instituto de Investigaci\u00f3n y Educaci\u00f3n Econ\u00f3mica de Argentina"},"content":{"rendered":"<h2 class=\"excerpt\">En el marco de las acciones de promoci\u00f3n y proyecci\u00f3n de nuestra ciudad.<\/h2>\n<p>13 de Noviembre de 2024<\/p>\n<div id=\"miDiv1\" class=\"text\">\n<p><strong>CHASCOM\u00daS &#8211;\u00a0<\/strong> En el marco de las actividades que desarrolla la direcci\u00f3n municipal de Cooperaci\u00f3n Internacional, el secretario de Desarrollo Tur\u00edstico, Productivo y Cultura, Pablo N\u00e1poli, recibi\u00f3 en nuestra ciudad a un grupo de referentes convocados por el Instituto de Investigaci\u00f3n y Educaci\u00f3n Econ\u00f3mica de Argentina.<\/p>\n<blockquote>\n<h3>Este \u00faltimo fin de semana visitaron la ciudad el grupo compuesto por abogados, economistas, periodistas, escribanos y funcionarios de distintas jurisdicciones gubernamentales, con quienes pr\u00f3ximamente se realizar\u00e1n acciones de intercambio.<\/h3>\n<\/blockquote>\n<p>En la oportunidad, recorrieron los espacios patrimoniales de nuestra ciudad, realizaron una visita a la Orquesta Escuela de Chascom\u00fas y disfrutaron del desfile tradicionalistas.<\/p>\n<\/div>\n","protected":false},"excerpt":{"rendered":"<div class=\"mh-excerpt\"><p>En el marco de las acciones de promoci\u00f3n y proyecci\u00f3n de nuestra ciudad. 13 de Noviembre de 2024 CHASCOM\u00daS &#8211;\u00a0 En el marco de las actividades que desarrolla la direcci\u00f3n municipal de Cooperaci\u00f3n Internacional, el <a class=\"mh-excerpt-more\" href=\"https:\/\/larevistadigital.com.ar\/blog\/pablo-napoli-recibio-a-un-grupo-de-referentes-del-instituto-de-investigacion-y-educacion-economica-de-argentina\/\" title=\"Pablo N\u00e1poli recibi\u00f3 a un grupo de referentes del Instituto de Investigaci\u00f3n y Educaci\u00f3n Econ\u00f3mica de Argentina\">[Leer M\u00e1s]<\/a><\/p>\n<\/div>","protected":false},"author":3,"featured_media":37876,"comment_status":"open","ping_status":"open","sticky":false,"template":"","format":"standard","meta":{"_jetpack_memberships_contains_paid_content":false,"footnotes":"","jetpack_publicize_message":"","jetpack_publicize_feature_enabled":true,"jetpack_social_post_already_shared":true,"jetpack_social_options":{"image_generator_settings":{"template":"highway","default_image_id":0,"font":"","enabled":false},"version":2}},"categories":[50],"tags":[],"class_list":{"0":"post-37875","1":"post","2":"type-post","3":"status-publish","4":"format-standard","5":"has-post-thumbnail","7":"category-interes-general"},"jetpack_publicize_connections":[],"jetpack_featured_media_url":"https:\/\/i0.wp.com\/larevistadigital.com.ar\/blog\/wp-content\/uploads\/6734def5e4a66.png?fit=668%2C445&ssl=1","jetpack_sharing_enabled":true,"jetpack_shortlink":"https:\/\/wp.me\/p8qtrQ-9QT","jetpack-related-posts":[{"id":40599,"url":"https:\/\/larevistadigital.com.ar\/blog\/chascomus-presentan-programa-de-capacitacion-sobre-ia\/","url_meta":{"origin":37875,"position":0},"title":"Chascom\u00fas: Presentan Programa de Capacitaci\u00f3n sobre IA","author":"Alejandro Sosa Ruda","date":"26 julio, 2025","format":false,"excerpt":"Javier Gast\u00f3n recibi\u00f3 a representantes del Instituto de Investigaci\u00f3n y Educaci\u00f3n Econ\u00f3mica. 26 de Julio de 2025 CHASCOM\u00daS -\u00a0 Esta ma\u00f1ana el intendente Gast\u00f3n, acompa\u00f1ado por los secretarios Pablo N\u00e1poli y Jos\u00e9 Yezza Ross, y el director de Relaciones Interjurisdiccionales, Carlos Garriga; recibi\u00f3 en su despacho a representantes del Instituto\u2026","rel":"","context":"En \u00abCHASCOM\u00daS\u00bb","block_context":{"text":"CHASCOM\u00daS","link":"https:\/\/larevistadigital.com.ar\/blog\/category\/chascomus\/"},"img":{"alt_text":"","src":"https:\/\/i0.wp.com\/larevistadigital.com.ar\/blog\/wp-content\/uploads\/6883c5f0e32c2.png?fit=668%2C445&ssl=1&resize=350%2C200","width":350,"height":200,"srcset":"https:\/\/i0.wp.com\/larevistadigital.com.ar\/blog\/wp-content\/uploads\/6883c5f0e32c2.png?fit=668%2C445&ssl=1&resize=350%2C200 1x, https:\/\/i0.wp.com\/larevistadigital.com.ar\/blog\/wp-content\/uploads\/6883c5f0e32c2.png?fit=668%2C445&ssl=1&resize=525%2C300 1.5x"},"classes":[]},{"id":40276,"url":"https:\/\/larevistadigital.com.ar\/blog\/chascomus-pablo-napoli-visito-el-centro-de-lalin-agolada-y-silleda-de-buenos-aires\/","url_meta":{"origin":37875,"position":1},"title":"Chascom\u00fas: Pablo N\u00e1poli visit\u00f3 el Centro de Lal\u00edn, Agolada y Silleda de Buenos Aires","author":"Alejandro Sosa Ruda","date":"2 julio, 2025","format":false,"excerpt":"Particip\u00f3 del tradicional evento del cocido que re\u00fane cada a\u00f1o a numerosos descendientes gallegos El \u00faltimo domingo, tuvo lugar la fiesta gastron\u00f3mica que se celebra anualmente en el Centro de Lal\u00edn, Agolada y Silleda de Buenos Aires, para honrar el cocido, un plato tradicional gallego, de la cual particip\u00f3 el\u2026","rel":"","context":"En \u00abCHASCOM\u00daS\u00bb","block_context":{"text":"CHASCOM\u00daS","link":"https:\/\/larevistadigital.com.ar\/blog\/category\/chascomus\/"},"img":{"alt_text":"","src":"https:\/\/i0.wp.com\/larevistadigital.com.ar\/blog\/wp-content\/uploads\/68656928b5052.png?fit=668%2C445&ssl=1&resize=350%2C200","width":350,"height":200,"srcset":"https:\/\/i0.wp.com\/larevistadigital.com.ar\/blog\/wp-content\/uploads\/68656928b5052.png?fit=668%2C445&ssl=1&resize=350%2C200 1x, https:\/\/i0.wp.com\/larevistadigital.com.ar\/blog\/wp-content\/uploads\/68656928b5052.png?fit=668%2C445&ssl=1&resize=525%2C300 1.5x"},"classes":[]},{"id":10024,"url":"https:\/\/larevistadigital.com.ar\/blog\/chascomus-se-realizo-una-vasta-recorrida-por-los-sitios-emblematicos-de-la-ciudad-en-el-dia-nacional-de-los-monumentos\/","url_meta":{"origin":37875,"position":2},"title":"CHASCOM\u00daS: SE REALIZ\u00d3 UNA VASTA RECORRIDA POR LOS SITIOS EMBLEM\u00c1TICOS DE LA CIUDAD EN EL D\u00cdA NACIONAL DE LOS MONUMENTOS","author":"Alejandro Sosa Ruda","date":"7 mayo, 2019","format":false,"excerpt":"Bajo el lema \u201cDescubrir, conocer, valorar los monumentos: testigos de nuestros 240 a\u00f1os\u201d, se realizaron en nuestra ciudad visitas guiadas a los sitios patrimoniales. El pasado s\u00e1bado 4 y domingo 5 de mayo, con motivo de celebrarse la tercera edici\u00f3n del D\u00eda Nacional de los Monumentos, organizado por la comisi\u00f3n\u2026","rel":"","context":"En \u00abCULTURA\u00bb","block_context":{"text":"CULTURA","link":"https:\/\/larevistadigital.com.ar\/blog\/category\/cultura\/"},"img":{"alt_text":"","src":"https:\/\/i0.wp.com\/larevistadigital.com.ar\/blog\/wp-content\/uploads\/2019\/05\/59358945_2419221414765396_7716418121795371008_n.jpg?fit=720%2C960&ssl=1&resize=350%2C200","width":350,"height":200,"srcset":"https:\/\/i0.wp.com\/larevistadigital.com.ar\/blog\/wp-content\/uploads\/2019\/05\/59358945_2419221414765396_7716418121795371008_n.jpg?fit=720%2C960&ssl=1&resize=350%2C200 1x, https:\/\/i0.wp.com\/larevistadigital.com.ar\/blog\/wp-content\/uploads\/2019\/05\/59358945_2419221414765396_7716418121795371008_n.jpg?fit=720%2C960&ssl=1&resize=525%2C300 1.5x, https:\/\/i0.wp.com\/larevistadigital.com.ar\/blog\/wp-content\/uploads\/2019\/05\/59358945_2419221414765396_7716418121795371008_n.jpg?fit=720%2C960&ssl=1&resize=700%2C400 2x"},"classes":[]},{"id":40231,"url":"https:\/\/larevistadigital.com.ar\/blog\/chascomus-sera-sede-del-circuito-buenos-aires-aventura\/","url_meta":{"origin":37875,"position":3},"title":"Chascom\u00fas ser\u00e1 sede del Circuito Buenos Aires Aventura","author":"Alejandro Sosa Ruda","date":"30 junio, 2025","format":false,"excerpt":"Avanzan las gestiones con Deportes PBA para incorporar este evento a la agenda local y lograr la iluminaci\u00f3n del Estadio Municipal. 30 de Junio de 2025 CHASCOM\u00daS -\u00a0 El secretario de Cultura, Deportes y Relaciones Institucionales, Pablo N\u00e1poli; junto al subsecretario de Deportes municipal, Pablo Francese; particip\u00f3 de una reuni\u00f3n\u2026","rel":"","context":"En \u00abCHASCOM\u00daS\u00bb","block_context":{"text":"CHASCOM\u00daS","link":"https:\/\/larevistadigital.com.ar\/blog\/category\/chascomus\/"},"img":{"alt_text":"","src":"https:\/\/i0.wp.com\/larevistadigital.com.ar\/blog\/wp-content\/uploads\/6862c8d6b8bb7.png?fit=668%2C445&ssl=1&resize=350%2C200","width":350,"height":200,"srcset":"https:\/\/i0.wp.com\/larevistadigital.com.ar\/blog\/wp-content\/uploads\/6862c8d6b8bb7.png?fit=668%2C445&ssl=1&resize=350%2C200 1x, https:\/\/i0.wp.com\/larevistadigital.com.ar\/blog\/wp-content\/uploads\/6862c8d6b8bb7.png?fit=668%2C445&ssl=1&resize=525%2C300 1.5x"},"classes":[]},{"id":5993,"url":"https:\/\/larevistadigital.com.ar\/blog\/9-de-julio-dia-de-la-independencia\/","url_meta":{"origin":37875,"position":4},"title":"9 DE JULIO: D\u00cdA DE LA INDEPENDENCIA","author":"admin","date":"10 julio, 2018","format":false,"excerpt":"Este 9 de Julio por la ma\u00f1ana se realiz\u00f3 la Misa por la Patria en la Parroquia Santa Rosa de Lima con la participaci\u00f3n de autoridades pol\u00edticas, religiosas, educativas, instituciones de la ciudad y abanderados de todos los jardines de infantes y escuelas del distrito. M\u00e1s tarde, se conmemor\u00f3 con\u2026","rel":"","context":"En \u00abCASTELLI\u00bb","block_context":{"text":"CASTELLI","link":"https:\/\/larevistadigital.com.ar\/blog\/category\/castelli\/"},"img":{"alt_text":"","src":"https:\/\/i0.wp.com\/larevistadigital.com.ar\/blog\/wp-content\/uploads\/2018\/07\/WhatsApp-Image-2018-07-09-at-12.08.09-664x335.jpeg?fit=664%2C335&ssl=1&resize=350%2C200","width":350,"height":200,"srcset":"https:\/\/i0.wp.com\/larevistadigital.com.ar\/blog\/wp-content\/uploads\/2018\/07\/WhatsApp-Image-2018-07-09-at-12.08.09-664x335.jpeg?fit=664%2C335&ssl=1&resize=350%2C200 1x, https:\/\/i0.wp.com\/larevistadigital.com.ar\/blog\/wp-content\/uploads\/2018\/07\/WhatsApp-Image-2018-07-09-at-12.08.09-664x335.jpeg?fit=664%2C335&ssl=1&resize=525%2C300 1.5x"},"classes":[]},{"id":21225,"url":"https:\/\/larevistadigital.com.ar\/blog\/comerciante-de-chascomus-fallece-en-accidente-ocurrido-en-la-ruta-228\/","url_meta":{"origin":37875,"position":5},"title":"COMERCIANTE DE CHASCOM\u00daS, FALLECE EN ACCIDENTE OCURRIDO EN LA RUTA 228","author":"Alejandro Sosa Ruda","date":"22 julio, 2021","format":false,"excerpt":"Lamentablemente se tomo conocimiento a trav\u00e9s del sitio \"necocheadigital.com\" que un comerciante de la ciudad de Chascom\u00fas, perdi\u00f3 la vida tr\u00e1gicamente anoche durante un accidente de tr\u00e1nsito acontecido en los primeros kil\u00f3metros de la ruta nacional 228 en el tramo Necochea \u2013 Energ\u00eda. Seg\u00fan coment\u00f3 el director general de Defensa\u2026","rel":"","context":"En \u00abINTERES GENERAL\u00bb","block_context":{"text":"INTERES GENERAL","link":"https:\/\/larevistadigital.com.ar\/blog\/category\/interes-general\/"},"img":{"alt_text":"","src":"https:\/\/i0.wp.com\/larevistadigital.com.ar\/blog\/wp-content\/uploads\/Captura-de-pantalla-2021-07-22-115441.png?fit=781%2C760&ssl=1&resize=350%2C200","width":350,"height":200,"srcset":"https:\/\/i0.wp.com\/larevistadigital.com.ar\/blog\/wp-content\/uploads\/Captura-de-pantalla-2021-07-22-115441.png?fit=781%2C760&ssl=1&resize=350%2C200 1x, https:\/\/i0.wp.com\/larevistadigital.com.ar\/blog\/wp-content\/uploads\/Captura-de-pantalla-2021-07-22-115441.png?fit=781%2C760&ssl=1&resize=525%2C300 1.5x, https:\/\/i0.wp.com\/larevistadigital.com.ar\/blog\/wp-content\/uploads\/Captura-de-pantalla-2021-07-22-115441.png?fit=781%2C760&ssl=1&resize=700%2C400 2x"},"classes":[]}],"_links":{"self":[{"href":"https:\/\/larevistadigital.com.ar\/blog\/wp-json\/wp\/v2\/posts\/37875","targetHints":{"allow":["GET"]}}],"collection":[{"href":"https:\/\/larevistadigital.com.ar\/blog\/wp-json\/wp\/v2\/posts"}],"about":[{"href":"https:\/\/larevistadigital.com.ar\/blog\/wp-json\/wp\/v2\/types\/post"}],"author":[{"embeddable":true,"href":"https:\/\/larevistadigital.com.ar\/blog\/wp-json\/wp\/v2\/users\/3"}],"replies":[{"embeddable":true,"href":"https:\/\/larevistadigital.com.ar\/blog\/wp-json\/wp\/v2\/comments?post=37875"}],"version-history":[{"count":1,"href":"https:\/\/larevistadigital.com.ar\/blog\/wp-json\/wp\/v2\/posts\/37875\/revisions"}],"predecessor-version":[{"id":37877,"href":"https:\/\/larevistadigital.com.ar\/blog\/wp-json\/wp\/v2\/posts\/37875\/revisions\/37877"}],"wp:featuredmedia":[{"embeddable":true,"href":"https:\/\/larevistadigital.com.ar\/blog\/wp-json\/wp\/v2\/media\/37876"}],"wp:attachment":[{"href":"https:\/\/larevistadigital.com.ar\/blog\/wp-json\/wp\/v2\/media?parent=37875"}],"wp:term":[{"taxonomy":"category","embeddable":true,"href":"https:\/\/larevistadigital.com.ar\/blog\/wp-json\/wp\/v2\/categories?post=37875"},{"taxonomy":"post_tag","embeddable":true,"href":"https:\/\/larevistadigital.com.ar\/blog\/wp-json\/wp\/v2\/tags?post=37875"}],"curies":[{"name":"wp","href":"https:\/\/api.w.org\/{rel}","templated":true}]}}