{"id":37894,"date":"2024-11-15T00:07:41","date_gmt":"2024-11-15T03:07:41","guid":{"rendered":"https:\/\/larevistadigital.com.ar\/blog\/?p=37894"},"modified":"2024-11-20T23:41:12","modified_gmt":"2024-11-21T02:41:12","slug":"reunion-con-propietarios-de-locales-nocturnos-para-definir-pautas-de-trabajo","status":"publish","type":"post","link":"https:\/\/larevistadigital.com.ar\/blog\/reunion-con-propietarios-de-locales-nocturnos-para-definir-pautas-de-trabajo\/","title":{"rendered":"Reuni\u00f3n con propietarios de locales nocturnos para definir pautas de trabajo"},"content":{"rendered":"<h2 class=\"excerpt\">Autoridades municipales ajustan criterios para fortalecer la seguridad en la temporada estival.<\/h2>\n<p>15 de Noviembre de 2024<\/p>\n<div id=\"miDiv1\" class=\"text\">\n<p><strong>CHASCOM\u00daS &#8211;\u00a0<\/strong> \u00a0La secretaria de Seguridad Ciudadana Mariela Moscarella encabez\u00f3 una reuni\u00f3n con due\u00f1os de bares, boliches y espacios de esparcimiento en el Centro Cultural Municipal Vieja Estaci\u00f3n.<\/p>\n<blockquote>\n<h3>El encuentro tuvo como objetivo establecer pautas de trabajo conjunto de cara a la pr\u00f3xima temporada, abordando temas clave relacionados con la seguridad y el cumplimiento de normas de nocturnidad.<\/h3>\n<\/blockquote>\n<p>Durante la reuni\u00f3n, se trataron aspectos relacionados con los ruidos molestos, los horarios de apertura y cierre, y la venta de alcohol en los locales nocturnos, siguiendo las normativas establecidas por las ordenanzas locales.<\/p>\n<blockquote>\n<h3>Moscarella resalt\u00f3 la importancia de que los propietarios de estos espacios colaboren en la articulaci\u00f3n permanente con la Patrulla de Prevenci\u00f3n Municipal.<\/h3>\n<\/blockquote>\n<p>Esta coordinaci\u00f3n permitir\u00e1 una intervenci\u00f3n m\u00e1s \u00e1gil ante posibles disturbios o situaciones de riesgo, priorizando la evaluaci\u00f3n de la patrulla local antes de involucrar a la polic\u00eda en los incidentes.<\/p>\n<\/div>\n","protected":false},"excerpt":{"rendered":"<div class=\"mh-excerpt\"><p>Autoridades municipales ajustan criterios para fortalecer la seguridad en la temporada estival. 15 de Noviembre de 2024 CHASCOM\u00daS &#8211;\u00a0 \u00a0La secretaria de Seguridad Ciudadana Mariela Moscarella encabez\u00f3 una reuni\u00f3n con due\u00f1os de bares, boliches y <a class=\"mh-excerpt-more\" href=\"https:\/\/larevistadigital.com.ar\/blog\/reunion-con-propietarios-de-locales-nocturnos-para-definir-pautas-de-trabajo\/\" title=\"Reuni\u00f3n con propietarios de locales nocturnos para definir pautas de trabajo\">[Leer M\u00e1s]<\/a><\/p>\n<\/div>","protected":false},"author":3,"featured_media":37895,"comment_status":"open","ping_status":"open","sticky":false,"template":"","format":"standard","meta":{"_jetpack_memberships_contains_paid_content":false,"footnotes":"","jetpack_publicize_message":"","jetpack_publicize_feature_enabled":true,"jetpack_social_post_already_shared":true,"jetpack_social_options":{"image_generator_settings":{"template":"highway","default_image_id":0,"font":"","enabled":false},"version":2}},"categories":[6],"tags":[],"class_list":{"0":"post-37894","1":"post","2":"type-post","3":"status-publish","4":"format-standard","5":"has-post-thumbnail","7":"category-chascomus"},"jetpack_publicize_connections":[],"jetpack_featured_media_url":"https:\/\/i0.wp.com\/larevistadigital.com.ar\/blog\/wp-content\/uploads\/67362f4672624.png?fit=668%2C445&ssl=1","jetpack_sharing_enabled":true,"jetpack_shortlink":"https:\/\/wp.me\/p8qtrQ-9Rc","jetpack-related-posts":[{"id":29543,"url":"https:\/\/larevistadigital.com.ar\/blog\/chascomus-reunion-para-garantizar-la-seguridad-en-las-fiestas-habilitadas-para-navidad-y-ano-nuevo\/","url_meta":{"origin":37894,"position":0},"title":"CHASCOM\u00daS: REUNI\u00d3N PARA GARANTIZAR LA SEGURIDAD EN LAS FIESTAS HABILITADAS PARA NAVIDAD Y A\u00d1O NUEVO","author":"Alejandro Sosa Ruda","date":"19 diciembre, 2022","format":false,"excerpt":"Este lunes, la secretaria de Seguridad Ciudadana Mariela Moscarella mantuvo una reuni\u00f3n con los responsables de los eventos al aire libre habilitados para el 24 y el 31 de diciembre, con el fin de acordar criterios de trabajo que garantice la seguridad de los concurrentes. 19 de diciembre de 2022\u2026","rel":"","context":"En \u00abDESTACADAS\u00bb","block_context":{"text":"DESTACADAS","link":"https:\/\/larevistadigital.com.ar\/blog\/category\/destacadas\/"},"img":{"alt_text":"","src":"https:\/\/i0.wp.com\/larevistadigital.com.ar\/blog\/wp-content\/uploads\/REUNION-SEGURIDAD-FIESTAS.jpg?fit=900%2C604&ssl=1&resize=350%2C200","width":350,"height":200,"srcset":"https:\/\/i0.wp.com\/larevistadigital.com.ar\/blog\/wp-content\/uploads\/REUNION-SEGURIDAD-FIESTAS.jpg?fit=900%2C604&ssl=1&resize=350%2C200 1x, https:\/\/i0.wp.com\/larevistadigital.com.ar\/blog\/wp-content\/uploads\/REUNION-SEGURIDAD-FIESTAS.jpg?fit=900%2C604&ssl=1&resize=525%2C300 1.5x, https:\/\/i0.wp.com\/larevistadigital.com.ar\/blog\/wp-content\/uploads\/REUNION-SEGURIDAD-FIESTAS.jpg?fit=900%2C604&ssl=1&resize=700%2C400 2x"},"classes":[]},{"id":44094,"url":"https:\/\/larevistadigital.com.ar\/blog\/chascomus-el-intendente-recibio-a-nuevas-cadetes-del-operativo-sol-a-sol\/","url_meta":{"origin":37894,"position":1},"title":"Chascom\u00fas: El Intendente recibi\u00f3 a nuevas cadetes del Operativo Sol a Sol","author":"Alejandro Sosa Ruda","date":"20 febrero, 2026","format":false,"excerpt":"Dos j\u00f3venes polic\u00edas chascomunenses se incorporaron al refuerzo de seguridad para la temporada de verano. 20 de febrero de 2026 CHASCOM\u00daS -\u00a0 \u00a0El intendente Javier Gast\u00f3n recibi\u00f3 en su despacho a dos nuevas cadetes de polic\u00eda chascomunenses que forman parte del Operativo Sol a Sol, el dispositivo que refuerza la\u2026","rel":"","context":"En \u00abCHASCOM\u00daS\u00bb","block_context":{"text":"CHASCOM\u00daS","link":"https:\/\/larevistadigital.com.ar\/blog\/category\/chascomus\/"},"img":{"alt_text":"","src":"https:\/\/i0.wp.com\/larevistadigital.com.ar\/blog\/wp-content\/uploads\/6998938fe9b37.png?fit=668%2C445&ssl=1&resize=350%2C200","width":350,"height":200,"srcset":"https:\/\/i0.wp.com\/larevistadigital.com.ar\/blog\/wp-content\/uploads\/6998938fe9b37.png?fit=668%2C445&ssl=1&resize=350%2C200 1x, https:\/\/i0.wp.com\/larevistadigital.com.ar\/blog\/wp-content\/uploads\/6998938fe9b37.png?fit=668%2C445&ssl=1&resize=525%2C300 1.5x"},"classes":[]},{"id":36266,"url":"https:\/\/larevistadigital.com.ar\/blog\/reunion-del-foro-municipal-de-seguridad-para-analizar-diversos-aspectos-de-la-situacion-actual\/","url_meta":{"origin":37894,"position":2},"title":"REUNI\u00d3N DEL FORO MUNICIPAL DE SEGURIDAD PARA ANALIZAR DIVERSOS ASPECTOS DE LA SITUACI\u00d3N ACTUAL","author":"Alejandro Sosa Ruda","date":"8 junio, 2024","format":false,"excerpt":"En un encuentro llevado a cabo el pasado jueves por la tarde en el recinto del Concejo Deliberante, el Foro Municipal de Seguridad se reuni\u00f3 para analizar diversos temas relacionados con la seguridad ciudadana. 8 de Junio de 2024 CHASCOM\u00daS - La reuni\u00f3n estuvo encabezado por la secretaria de Seguridad\u2026","rel":"","context":"En \u00abCHASCOM\u00daS\u00bb","block_context":{"text":"CHASCOM\u00daS","link":"https:\/\/larevistadigital.com.ar\/blog\/category\/chascomus\/"},"img":{"alt_text":"","src":"https:\/\/i0.wp.com\/larevistadigital.com.ar\/blog\/wp-content\/uploads\/2024_06_08_05_26_39_1196676.jpg?fit=600%2C400&ssl=1&resize=350%2C200","width":350,"height":200,"srcset":"https:\/\/i0.wp.com\/larevistadigital.com.ar\/blog\/wp-content\/uploads\/2024_06_08_05_26_39_1196676.jpg?fit=600%2C400&ssl=1&resize=350%2C200 1x, https:\/\/i0.wp.com\/larevistadigital.com.ar\/blog\/wp-content\/uploads\/2024_06_08_05_26_39_1196676.jpg?fit=600%2C400&ssl=1&resize=525%2C300 1.5x"},"classes":[]},{"id":41987,"url":"https:\/\/larevistadigital.com.ar\/blog\/chascomus-concluyo-la-capacitacion-para-personal-de-seguridad-en-la-nocturnidad\/","url_meta":{"origin":37894,"position":3},"title":"Chascom\u00fas: Concluy\u00f3 la capacitaci\u00f3n para personal de seguridad en la nocturnidad","author":"Alejandro Sosa Ruda","date":"15 octubre, 2025","format":false,"excerpt":"El ciclo de formaci\u00f3n busc\u00f3 fortalecer la profesionalizaci\u00f3n de quienes trabajan en bares, boliches y eventos masivos de la ciudad. 15 de Octubre de 2025 CHASCOM\u00daS -\u00a0 El martes por la tarde, en el hall central del palacio municipal, se realiz\u00f3 la entrega de certificados a quienes finalizaron las Jornadas\u2026","rel":"","context":"En \u00abINTERES GENERAL\u00bb","block_context":{"text":"INTERES GENERAL","link":"https:\/\/larevistadigital.com.ar\/blog\/category\/interes-general\/"},"img":{"alt_text":"","src":"https:\/\/i0.wp.com\/larevistadigital.com.ar\/blog\/wp-content\/uploads\/68efdc7671885.png?fit=668%2C445&ssl=1&resize=350%2C200","width":350,"height":200,"srcset":"https:\/\/i0.wp.com\/larevistadigital.com.ar\/blog\/wp-content\/uploads\/68efdc7671885.png?fit=668%2C445&ssl=1&resize=350%2C200 1x, https:\/\/i0.wp.com\/larevistadigital.com.ar\/blog\/wp-content\/uploads\/68efdc7671885.png?fit=668%2C445&ssl=1&resize=525%2C300 1.5x"},"classes":[]},{"id":43001,"url":"https:\/\/larevistadigital.com.ar\/blog\/chascomus-reunion-para-garantizar-la-seguridad-en-las-fiestas-habilitadas-para-navidad-y-ano-nuevo-2\/","url_meta":{"origin":37894,"position":4},"title":"Chascom\u00fas: Reuni\u00f3n para garantizar la seguridad en las fiestas habilitadas para Navidad y A\u00f1o Nuevo","author":"Alejandro Sosa Ruda","date":"22 diciembre, 2025","format":false,"excerpt":"Funcionarios y responsables de los eventos acordaron criterios de trabajo. 22 de diciembre de 2025 CHASCOM\u00daS -\u00a0 \u00a0Con el fin de garantizar la seguridad de los concurrentes, la secretaria de Seguridad Ciudadana, Mariela Moscarella, mantuvo una reuni\u00f3n con los responsables de los eventos al aire libre habilitados para el 24\u2026","rel":"","context":"En \u00abCHASCOM\u00daS\u00bb","block_context":{"text":"CHASCOM\u00daS","link":"https:\/\/larevistadigital.com.ar\/blog\/category\/chascomus\/"},"img":{"alt_text":"","src":"https:\/\/i0.wp.com\/larevistadigital.com.ar\/blog\/wp-content\/uploads\/69497a0eb36e1.png?fit=668%2C445&ssl=1&resize=350%2C200","width":350,"height":200,"srcset":"https:\/\/i0.wp.com\/larevistadigital.com.ar\/blog\/wp-content\/uploads\/69497a0eb36e1.png?fit=668%2C445&ssl=1&resize=350%2C200 1x, https:\/\/i0.wp.com\/larevistadigital.com.ar\/blog\/wp-content\/uploads\/69497a0eb36e1.png?fit=668%2C445&ssl=1&resize=525%2C300 1.5x"},"classes":[]},{"id":35984,"url":"https:\/\/larevistadigital.com.ar\/blog\/reunion-de-la-secretaria-de-seguridad-ciudadana-con-autoridades-policiales\/","url_meta":{"origin":37894,"position":5},"title":"REUNI\u00d3N DE LA SECRETARIA DE SEGURIDAD CIUDADANA CON AUTORIDADES POLICIALES","author":"Alejandro Sosa Ruda","date":"4 mayo, 2024","format":false,"excerpt":"El encuentro tuvo como objetivo fortalecer el trabajo de cooperaci\u00f3n entre la instituci\u00f3n policial y las \u00e1reas municipales de seguridad en cuanto a la prevenci\u00f3n del delito y las violencias, tanto en la zona rural como en la zona urbana. 4 de mayo de 2024 CHASCOM\u00daS -\u00a0 La secretaria de\u2026","rel":"","context":"En \u00abCHASCOM\u00daS\u00bb","block_context":{"text":"CHASCOM\u00daS","link":"https:\/\/larevistadigital.com.ar\/blog\/category\/chascomus\/"},"img":{"alt_text":"","src":"https:\/\/i0.wp.com\/larevistadigital.com.ar\/blog\/wp-content\/uploads\/2024_05_04_00_51_51_6230477.jpg?fit=600%2C450&ssl=1&resize=350%2C200","width":350,"height":200,"srcset":"https:\/\/i0.wp.com\/larevistadigital.com.ar\/blog\/wp-content\/uploads\/2024_05_04_00_51_51_6230477.jpg?fit=600%2C450&ssl=1&resize=350%2C200 1x, https:\/\/i0.wp.com\/larevistadigital.com.ar\/blog\/wp-content\/uploads\/2024_05_04_00_51_51_6230477.jpg?fit=600%2C450&ssl=1&resize=525%2C300 1.5x"},"classes":[]}],"_links":{"self":[{"href":"https:\/\/larevistadigital.com.ar\/blog\/wp-json\/wp\/v2\/posts\/37894","targetHints":{"allow":["GET"]}}],"collection":[{"href":"https:\/\/larevistadigital.com.ar\/blog\/wp-json\/wp\/v2\/posts"}],"about":[{"href":"https:\/\/larevistadigital.com.ar\/blog\/wp-json\/wp\/v2\/types\/post"}],"author":[{"embeddable":true,"href":"https:\/\/larevistadigital.com.ar\/blog\/wp-json\/wp\/v2\/users\/3"}],"replies":[{"embeddable":true,"href":"https:\/\/larevistadigital.com.ar\/blog\/wp-json\/wp\/v2\/comments?post=37894"}],"version-history":[{"count":1,"href":"https:\/\/larevistadigital.com.ar\/blog\/wp-json\/wp\/v2\/posts\/37894\/revisions"}],"predecessor-version":[{"id":37896,"href":"https:\/\/larevistadigital.com.ar\/blog\/wp-json\/wp\/v2\/posts\/37894\/revisions\/37896"}],"wp:featuredmedia":[{"embeddable":true,"href":"https:\/\/larevistadigital.com.ar\/blog\/wp-json\/wp\/v2\/media\/37895"}],"wp:attachment":[{"href":"https:\/\/larevistadigital.com.ar\/blog\/wp-json\/wp\/v2\/media?parent=37894"}],"wp:term":[{"taxonomy":"category","embeddable":true,"href":"https:\/\/larevistadigital.com.ar\/blog\/wp-json\/wp\/v2\/categories?post=37894"},{"taxonomy":"post_tag","embeddable":true,"href":"https:\/\/larevistadigital.com.ar\/blog\/wp-json\/wp\/v2\/tags?post=37894"}],"curies":[{"name":"wp","href":"https:\/\/api.w.org\/{rel}","templated":true}]}}