{"id":37939,"date":"2024-11-21T21:53:18","date_gmt":"2024-11-22T00:53:18","guid":{"rendered":"https:\/\/larevistadigital.com.ar\/blog\/?p=37939"},"modified":"2024-11-21T21:53:18","modified_gmt":"2024-11-22T00:53:18","slug":"kicillof-asistio-al-gran-premio-internacional-dardo-rocha-en-el-hipodromo-de-la-plata","status":"publish","type":"post","link":"https:\/\/larevistadigital.com.ar\/blog\/kicillof-asistio-al-gran-premio-internacional-dardo-rocha-en-el-hipodromo-de-la-plata\/","title":{"rendered":"Kicillof asisti\u00f3 al Gran Premio Internacional Dardo Rocha en el Hip\u00f3dromo de La Plata"},"content":{"rendered":"<h2>El Gobernador encabez\u00f3 el acto frente al monumento Batalla Vuelta de Obligado, junto a la vicegobernadora Ver\u00f3nica Magario y el intendente Cecilio Salazar.<\/h2>\n<p>21 de Noviembre de 2024<\/p>\n<p><strong>LA PLATA &#8211;\u00a0 <\/strong>El gobernador de la provincia de Buenos Aires, Axel Kicillof, asisti\u00f3 este martes a la tradicional carrera de caballos Gran Premio Internacional Dardo Rocha en el Hip\u00f3dromo de La Plata, en el marco de los festejos por el 142\u00b0 aniversario de la capital bonaerense. Estuvo acompa\u00f1ado por el ministro de Gobierno, Carlos Bianco; el intendente local, Julio Alak; el presidente del Instituto de Loter\u00eda y Casinos, Gonzalo Atanasof; y el administrador del predio, Mariano Cowen.<\/p>\n<p>En ese marco, <strong>Kicillof<\/strong> resalt\u00f3: <strong><em>\u201cNos llena de alegr\u00eda ver hoy a toda la familia platense disfrutar de un espacio tan tradicional, que tiene que ver tambi\u00e9n con el d\u00eda a d\u00eda y el trabajo de muchos vecinos y vecinas.\u201d \u201cEl hip\u00f3dromo ha recuperado todo su esplendor y est\u00e1 abierto a m\u00faltiples actividades: ya no le da la espalda a la ciudad, sino que, por el contrario, la jerarquiza\u201d<\/em><\/strong>, a\u00f1adi\u00f3.<\/p>\n<blockquote>\n<h3>Durante la jornada, Kicillof inaugur\u00f3 la nueva empalizada y el cambio del sistema de luminaria que permitir\u00e1 el retorno de las carreras nocturnas al hip\u00f3dromo platense. Las obras forman parte del plan integral de puesta en valor que implic\u00f3 una inversi\u00f3n de $1.600 millones.<\/h3>\n<\/blockquote>\n<p>Por su parte, <strong>Alak<\/strong> destac\u00f3: <strong><em>\u201cHac\u00eda 30 a\u00f1os que no se ve\u00eda a tantos vecinos y vecinas en el hip\u00f3dromo de La Plata: esta es la respuesta de nuestra ciudad ante la gran inversi\u00f3n y todas las mejoras que ha realizado el Gobierno de la provincia\u201d.<\/em><\/strong><\/p>\n<p>En tanto, <strong>Atanasof<\/strong> sostuvo: <em><strong>\u201cEl Gobernador nos hab\u00eda pedido impulsar este espacio, y hoy podemos decir que recuperamos al Hip\u00f3dromo de La Plata como un epicentro cultural para que toda la familia pueda disfrutarlo\u201d. \u201cEl hip\u00f3dromo volvi\u00f3 a tener un lugar fundamental en la vida de los platenses: es un \u00edcono de nuestra ciudad y un hermoso lugar de encuentro para las y los vecinos\u201d<\/strong><\/em>, remarc\u00f3 <strong>Cowen<\/strong>.<\/p>\n<p>Estuvieron presentes el presidente de AUBASA, Jos\u00e9 Arteaga; el asesor general de Gobierno, Santiago P\u00e9rez Teruel; la vicepresidenta del Instituto de Loter\u00eda y Casinos, Mar\u00eda Laura Garc\u00eda; legisladores provinciales y funcionarios locales.<\/p>\n","protected":false},"excerpt":{"rendered":"<div class=\"mh-excerpt\"><p>El Gobernador encabez\u00f3 el acto frente al monumento Batalla Vuelta de Obligado, junto a la vicegobernadora Ver\u00f3nica Magario y el intendente Cecilio Salazar. 21 de Noviembre de 2024 LA PLATA &#8211;\u00a0 El gobernador de la <a class=\"mh-excerpt-more\" href=\"https:\/\/larevistadigital.com.ar\/blog\/kicillof-asistio-al-gran-premio-internacional-dardo-rocha-en-el-hipodromo-de-la-plata\/\" title=\"Kicillof asisti\u00f3 al Gran Premio Internacional Dardo Rocha en el Hip\u00f3dromo de La Plata\">[Leer M\u00e1s]<\/a><\/p>\n<\/div>","protected":false},"author":3,"featured_media":37940,"comment_status":"open","ping_status":"open","sticky":false,"template":"","format":"standard","meta":{"_jetpack_memberships_contains_paid_content":false,"footnotes":"","jetpack_publicize_message":"","jetpack_publicize_feature_enabled":true,"jetpack_social_post_already_shared":true,"jetpack_social_options":{"image_generator_settings":{"template":"highway","default_image_id":0,"font":"","enabled":false},"version":2}},"categories":[50,51],"tags":[],"class_list":{"0":"post-37939","1":"post","2":"type-post","3":"status-publish","4":"format-standard","5":"has-post-thumbnail","7":"category-interes-general","8":"category-regionales"},"jetpack_publicize_connections":[],"jetpack_featured_media_url":"https:\/\/i0.wp.com\/larevistadigital.com.ar\/blog\/wp-content\/uploads\/77A60042ed.jpg?fit=743%2C530&ssl=1","jetpack_sharing_enabled":true,"jetpack_shortlink":"https:\/\/wp.me\/p8qtrQ-9RV","jetpack-related-posts":[{"id":39894,"url":"https:\/\/larevistadigital.com.ar\/blog\/kicillof-inauguro-mejoras-en-el-hospital-de-ninos-y-en-plaza-dardo-rocha-de-la-plata\/","url_meta":{"origin":37939,"position":0},"title":"Kicillof inaugur\u00f3 mejoras en el Hospital de Ni\u00f1os y en Plaza Dardo Rocha de La Plata","author":"Alejandro Sosa Ruda","date":"25 mayo, 2025","format":false,"excerpt":"El gobernador Axel Kicillof, junto al ministro de Salud Nicol\u00e1s Kreplak y el intendente Julio Alak, present\u00f3 este viernes nuevas mejoras para el Hospital de Ni\u00f1os Sor Mar\u00eda Ludovica y dio por inaugurada la remodelaci\u00f3n de la Plaza Dardo Rocha. LA PLATA -\u00a0 Durante el acto, Kicillof destac\u00f3 la importancia\u2026","rel":"","context":"En \u00abPOLITICA PROVINCIAL\u00bb","block_context":{"text":"POLITICA PROVINCIAL","link":"https:\/\/larevistadigital.com.ar\/blog\/category\/politica\/politica-provincial\/"},"img":{"alt_text":"","src":"https:\/\/i0.wp.com\/larevistadigital.com.ar\/blog\/wp-content\/uploads\/20250523162138_kicillof-alak-equipamiento-hospital-ninos-sor-maria-ludovica.jpg?fit=880%2C512&ssl=1&resize=350%2C200","width":350,"height":200,"srcset":"https:\/\/i0.wp.com\/larevistadigital.com.ar\/blog\/wp-content\/uploads\/20250523162138_kicillof-alak-equipamiento-hospital-ninos-sor-maria-ludovica.jpg?fit=880%2C512&ssl=1&resize=350%2C200 1x, https:\/\/i0.wp.com\/larevistadigital.com.ar\/blog\/wp-content\/uploads\/20250523162138_kicillof-alak-equipamiento-hospital-ninos-sor-maria-ludovica.jpg?fit=880%2C512&ssl=1&resize=525%2C300 1.5x, https:\/\/i0.wp.com\/larevistadigital.com.ar\/blog\/wp-content\/uploads\/20250523162138_kicillof-alak-equipamiento-hospital-ninos-sor-maria-ludovica.jpg?fit=880%2C512&ssl=1&resize=700%2C400 2x"},"classes":[]},{"id":31043,"url":"https:\/\/larevistadigital.com.ar\/blog\/kicillof-aseguro-que-lo-que-le-hace-falta-a-mar-del-plata-es-que-la-gobiernen-como-corresponde\/","url_meta":{"origin":37939,"position":1},"title":"KICILLOF ASEGUR\u00d3 QUE \u00abLO QUE LE HACE FALTA A MAR DEL PLATA, ES QUE LA GOBIERNEN COMO CORRESPONDE\u00bb","author":"Alejandro Sosa Ruda","date":"14 abril, 2023","format":false,"excerpt":"El gobernador de la Provincia de Buenos Aires, Axel Kicillof, cuestion\u00f3 la gesti\u00f3n del intendente de Mar del Plata, Guillermo Montenegro, afirmando que a la ciudad \"le falta que la gobiernen como corresponde\". Kicillof respald\u00f3 la candidatura de Fernanda Raverta, quien lo acompa\u00f1\u00f3 en el cierre del Congreso Provincial de\u2026","rel":"","context":"En \u00abPOLITICA PROVINCIAL\u00bb","block_context":{"text":"POLITICA PROVINCIAL","link":"https:\/\/larevistadigital.com.ar\/blog\/category\/politica\/politica-provincial\/"},"img":{"alt_text":"","src":"https:\/\/i0.wp.com\/larevistadigital.com.ar\/blog\/wp-content\/uploads\/Captura-de-pantalla-2023-04-14-191119.png?fit=798%2C471&ssl=1&resize=350%2C200","width":350,"height":200,"srcset":"https:\/\/i0.wp.com\/larevistadigital.com.ar\/blog\/wp-content\/uploads\/Captura-de-pantalla-2023-04-14-191119.png?fit=798%2C471&ssl=1&resize=350%2C200 1x, https:\/\/i0.wp.com\/larevistadigital.com.ar\/blog\/wp-content\/uploads\/Captura-de-pantalla-2023-04-14-191119.png?fit=798%2C471&ssl=1&resize=525%2C300 1.5x, https:\/\/i0.wp.com\/larevistadigital.com.ar\/blog\/wp-content\/uploads\/Captura-de-pantalla-2023-04-14-191119.png?fit=798%2C471&ssl=1&resize=700%2C400 2x"},"classes":[]},{"id":34137,"url":"https:\/\/larevistadigital.com.ar\/blog\/axel-kicillof-cerro-la-campana-junto-a-julio-alak-mario-secco-y-fabian-cagliardi\/","url_meta":{"origin":37939,"position":2},"title":"AXEL KICILLOF CERR\u00d3 LA CAMPA\u00d1A JUNTO A JULIO ALAK, MARIO SECCO Y FABI\u00c1N CAGLIARDI","author":"Alejandro Sosa Ruda","date":"19 octubre, 2023","format":false,"excerpt":"El candidato a intendente de La Plata de UxP firm\u00f3 un acta compromiso junto a los intendentes de Berisso y Ensenada para fomentar el desarrollo de la regi\u00f3n. 19 de Octubre de 2023 BUENOS AIRES -\u00a0 El candidato a intendente de\u00a0Uni\u00f3n por la Patria,\u00a0Julio Alak, cerr\u00f3 este jueves su campa\u00f1a\u2026","rel":"","context":"En \u00abDESTACADAS\u00bb","block_context":{"text":"DESTACADAS","link":"https:\/\/larevistadigital.com.ar\/blog\/category\/destacadas\/"},"img":{"alt_text":"","src":"https:\/\/i0.wp.com\/larevistadigital.com.ar\/blog\/wp-content\/uploads\/Captura-de-pantalla-2023-10-19-232941.png?fit=881%2C425&ssl=1&resize=350%2C200","width":350,"height":200,"srcset":"https:\/\/i0.wp.com\/larevistadigital.com.ar\/blog\/wp-content\/uploads\/Captura-de-pantalla-2023-10-19-232941.png?fit=881%2C425&ssl=1&resize=350%2C200 1x, https:\/\/i0.wp.com\/larevistadigital.com.ar\/blog\/wp-content\/uploads\/Captura-de-pantalla-2023-10-19-232941.png?fit=881%2C425&ssl=1&resize=525%2C300 1.5x, https:\/\/i0.wp.com\/larevistadigital.com.ar\/blog\/wp-content\/uploads\/Captura-de-pantalla-2023-10-19-232941.png?fit=881%2C425&ssl=1&resize=700%2C400 2x"},"classes":[]},{"id":39356,"url":"https:\/\/larevistadigital.com.ar\/blog\/kicillof-puso-en-funcionamiento-nuevos-patrulleros-en-la-plata\/","url_meta":{"origin":37939,"position":3},"title":"Kicillof puso en funcionamiento nuevos patrulleros en La Plata","author":"Alejandro Sosa Ruda","date":"9 abril, 2025","format":false,"excerpt":"Los m\u00f3viles est\u00e1n\u00a0equipados con GPS para su monitoreo en tiempo real y fortalecer\u00e1n el Comando de Patrullas en el distrito. 09 de Abril de 2025 BUENOS AIRES -\u00a0 El gobernador de la provincia de Buenos Aires, Axel Kicillof, encabez\u00f3 este martes la puesta en funcionamiento de 10 patrulleros y 40\u2026","rel":"","context":"En \u00abINTERES GENERAL\u00bb","block_context":{"text":"INTERES GENERAL","link":"https:\/\/larevistadigital.com.ar\/blog\/category\/interes-general\/"},"img":{"alt_text":"","src":"https:\/\/i0.wp.com\/larevistadigital.com.ar\/blog\/wp-content\/uploads\/DAE4941.jpg?fit=743%2C530&ssl=1&resize=350%2C200","width":350,"height":200,"srcset":"https:\/\/i0.wp.com\/larevistadigital.com.ar\/blog\/wp-content\/uploads\/DAE4941.jpg?fit=743%2C530&ssl=1&resize=350%2C200 1x, https:\/\/i0.wp.com\/larevistadigital.com.ar\/blog\/wp-content\/uploads\/DAE4941.jpg?fit=743%2C530&ssl=1&resize=525%2C300 1.5x, https:\/\/i0.wp.com\/larevistadigital.com.ar\/blog\/wp-content\/uploads\/DAE4941.jpg?fit=743%2C530&ssl=1&resize=700%2C400 2x"},"classes":[]},{"id":40225,"url":"https:\/\/larevistadigital.com.ar\/blog\/javier-gaston-firmo-un-convenio-para-ampliar-la-oferta-academica-universitaria-en-chascomus\/","url_meta":{"origin":37939,"position":4},"title":"Javier Gast\u00f3n firm\u00f3 un convenio para ampliar la oferta acad\u00e9mica universitaria en Chascom\u00fas","author":"Alejandro Sosa Ruda","date":"30 junio, 2025","format":false,"excerpt":"Durante su participaci\u00f3n en el 3\u00b0 Encuentro Provincial del programa Puentes, el intendente junto al gobernador Axel Kicillof y m\u00e1s de 60 jefes comunalesrubric\u00f3 un acuerdo para el dictado de una nueva diplomatura. 30 de Junio de 2025 CHASCOM\u00daS -\u00a0 \u00a0El intendente Javier Gast\u00f3n y el subsecretario de Infancias y\u2026","rel":"","context":"En \u00abINTERES GENERAL\u00bb","block_context":{"text":"INTERES GENERAL","link":"https:\/\/larevistadigital.com.ar\/blog\/category\/interes-general\/"},"img":{"alt_text":"","src":"https:\/\/i0.wp.com\/larevistadigital.com.ar\/blog\/wp-content\/uploads\/6862bcd751262.png?fit=668%2C445&ssl=1&resize=350%2C200","width":350,"height":200,"srcset":"https:\/\/i0.wp.com\/larevistadigital.com.ar\/blog\/wp-content\/uploads\/6862bcd751262.png?fit=668%2C445&ssl=1&resize=350%2C200 1x, https:\/\/i0.wp.com\/larevistadigital.com.ar\/blog\/wp-content\/uploads\/6862bcd751262.png?fit=668%2C445&ssl=1&resize=525%2C300 1.5x"},"classes":[]},{"id":33010,"url":"https:\/\/larevistadigital.com.ar\/blog\/kicillof-y-alak-entregaron-401-escrituras-en-el-barrio-justicia-social-de-la-plata\/","url_meta":{"origin":37939,"position":5},"title":"KICILLOF Y ALAK ENTREGARON 401 ESCRITURAS EN EL BARRIO JUSTICIA SOCIAL DE LA PLATA","author":"Alejandro Sosa Ruda","date":"26 agosto, 2023","format":false,"excerpt":"26 de agosto de 2023 El gobernador Axel Kicillof encabez\u00f3 el jueves junto al ministro de Justicia y Derechos Humanos Julio Alak, una jornada de firma y entrega de escrituras en La Plata, para los vecinos del barrio \u201cJusticia Social\u201d de Tolosa. En este marco se entregaron 401 t\u00edtulos de\u2026","rel":"","context":"En \u00abINTERES GENERAL\u00bb","block_context":{"text":"INTERES GENERAL","link":"https:\/\/larevistadigital.com.ar\/blog\/category\/interes-general\/"},"img":{"alt_text":"","src":"https:\/\/i0.wp.com\/larevistadigital.com.ar\/blog\/wp-content\/uploads\/ALAK-KICILLOF-ENTREGA-DE-ESCRITURAS-EN-LA-PLATA-2.jpeg?fit=1200%2C800&ssl=1&resize=350%2C200","width":350,"height":200,"srcset":"https:\/\/i0.wp.com\/larevistadigital.com.ar\/blog\/wp-content\/uploads\/ALAK-KICILLOF-ENTREGA-DE-ESCRITURAS-EN-LA-PLATA-2.jpeg?fit=1200%2C800&ssl=1&resize=350%2C200 1x, https:\/\/i0.wp.com\/larevistadigital.com.ar\/blog\/wp-content\/uploads\/ALAK-KICILLOF-ENTREGA-DE-ESCRITURAS-EN-LA-PLATA-2.jpeg?fit=1200%2C800&ssl=1&resize=525%2C300 1.5x, https:\/\/i0.wp.com\/larevistadigital.com.ar\/blog\/wp-content\/uploads\/ALAK-KICILLOF-ENTREGA-DE-ESCRITURAS-EN-LA-PLATA-2.jpeg?fit=1200%2C800&ssl=1&resize=700%2C400 2x, https:\/\/i0.wp.com\/larevistadigital.com.ar\/blog\/wp-content\/uploads\/ALAK-KICILLOF-ENTREGA-DE-ESCRITURAS-EN-LA-PLATA-2.jpeg?fit=1200%2C800&ssl=1&resize=1050%2C600 3x"},"classes":[]}],"_links":{"self":[{"href":"https:\/\/larevistadigital.com.ar\/blog\/wp-json\/wp\/v2\/posts\/37939","targetHints":{"allow":["GET"]}}],"collection":[{"href":"https:\/\/larevistadigital.com.ar\/blog\/wp-json\/wp\/v2\/posts"}],"about":[{"href":"https:\/\/larevistadigital.com.ar\/blog\/wp-json\/wp\/v2\/types\/post"}],"author":[{"embeddable":true,"href":"https:\/\/larevistadigital.com.ar\/blog\/wp-json\/wp\/v2\/users\/3"}],"replies":[{"embeddable":true,"href":"https:\/\/larevistadigital.com.ar\/blog\/wp-json\/wp\/v2\/comments?post=37939"}],"version-history":[{"count":1,"href":"https:\/\/larevistadigital.com.ar\/blog\/wp-json\/wp\/v2\/posts\/37939\/revisions"}],"predecessor-version":[{"id":37941,"href":"https:\/\/larevistadigital.com.ar\/blog\/wp-json\/wp\/v2\/posts\/37939\/revisions\/37941"}],"wp:featuredmedia":[{"embeddable":true,"href":"https:\/\/larevistadigital.com.ar\/blog\/wp-json\/wp\/v2\/media\/37940"}],"wp:attachment":[{"href":"https:\/\/larevistadigital.com.ar\/blog\/wp-json\/wp\/v2\/media?parent=37939"}],"wp:term":[{"taxonomy":"category","embeddable":true,"href":"https:\/\/larevistadigital.com.ar\/blog\/wp-json\/wp\/v2\/categories?post=37939"},{"taxonomy":"post_tag","embeddable":true,"href":"https:\/\/larevistadigital.com.ar\/blog\/wp-json\/wp\/v2\/tags?post=37939"}],"curies":[{"name":"wp","href":"https:\/\/api.w.org\/{rel}","templated":true}]}}