{"id":37949,"date":"2024-11-22T22:57:27","date_gmt":"2024-11-23T01:57:27","guid":{"rendered":"https:\/\/larevistadigital.com.ar\/blog\/?p=37949"},"modified":"2024-11-22T22:57:27","modified_gmt":"2024-11-23T01:57:27","slug":"murio-roberto-giordano-peluquero-de-las-famosas-y-rey-de-los-desfiles","status":"publish","type":"post","link":"https:\/\/larevistadigital.com.ar\/blog\/murio-roberto-giordano-peluquero-de-las-famosas-y-rey-de-los-desfiles\/","title":{"rendered":"Muri\u00f3 Roberto Giordano, peluquero de las famosas y rey de los desfiles"},"content":{"rendered":"<h2>Ten\u00eda 79 a\u00f1os de edad y falleci\u00f3 en la ciudad de Buenos Aires.<\/h2>\n<p>22 de Noviembre de 2024<\/p>\n<p>Muri\u00f3 el peluquero <strong>Roberto Giordano,<\/strong>\u00a0conocido por cortarle el pelo a las modelos y actrices m\u00e1s famosas, y por organizar los populares desfiles del verano en Punta del Este, durante la d\u00e9cada del 90.<\/p>\n<div class=\"sc-80531b6b-0 chRIGJ container-text text-embed\">\n<p>Leonardo Roberto Giordano\u00a0<strong>falleci\u00f3 en las \u00faltimas horas a los 79 a\u00f1os, en el sanatorio Mater Dei<\/strong>, de la Ciudad de Buenos Aires. Fue un verdadero emperador en el \u00e1mbito de los coiffeurs de la moda rioplatense. A lo largo de los a\u00f1os, Staff G\u00fcemes Peluquer\u00eda, como se llamaba su empresa, lleg\u00f3 a tener 25 sucursales diseminadas por los shoppings m\u00e1s glamorosos del pa\u00eds, y del exterior: instal\u00f3 peluquer\u00edas en Uruguay, Paraguay, Chile, Bolivia y hasta Francia. Lleg\u00f3 a tener 500 empleados a cargo.<\/p>\n<\/div>\n","protected":false},"excerpt":{"rendered":"<div class=\"mh-excerpt\"><p>Ten\u00eda 79 a\u00f1os de edad y falleci\u00f3 en la ciudad de Buenos Aires. 22 de Noviembre de 2024 Muri\u00f3 el peluquero Roberto Giordano,\u00a0conocido por cortarle el pelo a las modelos y actrices m\u00e1s famosas, y <a class=\"mh-excerpt-more\" href=\"https:\/\/larevistadigital.com.ar\/blog\/murio-roberto-giordano-peluquero-de-las-famosas-y-rey-de-los-desfiles\/\" title=\"Muri\u00f3 Roberto Giordano, peluquero de las famosas y rey de los desfiles\">[Leer M\u00e1s]<\/a><\/p>\n<\/div>","protected":false},"author":3,"featured_media":37950,"comment_status":"open","ping_status":"open","sticky":false,"template":"","format":"standard","meta":{"_jetpack_memberships_contains_paid_content":false,"footnotes":"","jetpack_publicize_message":"","jetpack_publicize_feature_enabled":true,"jetpack_social_post_already_shared":true,"jetpack_social_options":{"image_generator_settings":{"template":"highway","default_image_id":0,"font":"","enabled":false},"version":2}},"categories":[50],"tags":[],"class_list":{"0":"post-37949","1":"post","2":"type-post","3":"status-publish","4":"format-standard","5":"has-post-thumbnail","7":"category-interes-general"},"jetpack_publicize_connections":[],"jetpack_featured_media_url":"https:\/\/i0.wp.com\/larevistadigital.com.ar\/blog\/wp-content\/uploads\/murio-roberto-giordano-reconocido-peluquero-famosos-1060909-190425.jpg?fit=1200%2C675&ssl=1","jetpack_sharing_enabled":true,"jetpack_shortlink":"https:\/\/wp.me\/p8qtrQ-9S5","jetpack-related-posts":[{"id":7823,"url":"https:\/\/larevistadigital.com.ar\/blog\/murio-a-los-56-anos-el-guitarrista-ulises-butron\/","url_meta":{"origin":37949,"position":0},"title":"MURI\u00d3 A LOS 56 A\u00d1OS EL GUITARRISTA ULISES BUTR\u00d3N","author":"Alejandro Sosa Ruda","date":"21 enero, 2019","format":false,"excerpt":"Ten\u00eda 56 a\u00f1os, y estaba internado en una cl\u00ednica del barrio Belgrano.\u00a0 El guitarrista Ulises Butr\u00f3n falleci\u00f3 hoy a la ma\u00f1ana en una cl\u00ednica en la que se encontraba internado desde hace tres d\u00edas, por una fuerte neumon\u00eda, inform\u00f3 su pareja Luciana Giordano. Giordano cont\u00f3 que el m\u00fasico se encontraba\u2026","rel":"","context":"En \u00abCULTURA\u00bb","block_context":{"text":"CULTURA","link":"https:\/\/larevistadigital.com.ar\/blog\/category\/cultura\/"},"img":{"alt_text":"","src":"https:\/\/i0.wp.com\/larevistadigital.com.ar\/blog\/wp-content\/uploads\/2019\/01\/maxresdefault.jpg?fit=1200%2C675&ssl=1&resize=350%2C200","width":350,"height":200,"srcset":"https:\/\/i0.wp.com\/larevistadigital.com.ar\/blog\/wp-content\/uploads\/2019\/01\/maxresdefault.jpg?fit=1200%2C675&ssl=1&resize=350%2C200 1x, https:\/\/i0.wp.com\/larevistadigital.com.ar\/blog\/wp-content\/uploads\/2019\/01\/maxresdefault.jpg?fit=1200%2C675&ssl=1&resize=525%2C300 1.5x, https:\/\/i0.wp.com\/larevistadigital.com.ar\/blog\/wp-content\/uploads\/2019\/01\/maxresdefault.jpg?fit=1200%2C675&ssl=1&resize=700%2C400 2x, https:\/\/i0.wp.com\/larevistadigital.com.ar\/blog\/wp-content\/uploads\/2019\/01\/maxresdefault.jpg?fit=1200%2C675&ssl=1&resize=1050%2C600 3x"},"classes":[]},{"id":38001,"url":"https:\/\/larevistadigital.com.ar\/blog\/murio-el-exintendente-de-la-plata-roberto-dromi-figura-clave-del-gobierno-de-carlos-menem\/","url_meta":{"origin":37949,"position":1},"title":"Muri\u00f3 el exintendente de La Plata Roberto Dromi, figura clave del gobierno de Carlos Menem","author":"Alejandro Sosa Ruda","date":"24 noviembre, 2024","format":false,"excerpt":"El exministro de Obras P\u00fablicas de Carlos Menem muri\u00f3 en su domicilio a los 79 a\u00f1os. Fue intendente de La Plata entre 1980 y 1981. 24 De Noviembre de 2024 A los 79 a\u00f1os de edad, falleci\u00f3 Roberto Dromi, ex intendente de La Plata y Ministro de Obras P\u00fablicas de\u2026","rel":"","context":"En \u00abINTERES GENERAL\u00bb","block_context":{"text":"INTERES GENERAL","link":"https:\/\/larevistadigital.com.ar\/blog\/category\/interes-general\/"},"img":{"alt_text":"","src":"https:\/\/i0.wp.com\/larevistadigital.com.ar\/blog\/wp-content\/uploads\/Captura-de-pantalla-2024-11-24-182356.png?fit=848%2C532&ssl=1&resize=350%2C200","width":350,"height":200,"srcset":"https:\/\/i0.wp.com\/larevistadigital.com.ar\/blog\/wp-content\/uploads\/Captura-de-pantalla-2024-11-24-182356.png?fit=848%2C532&ssl=1&resize=350%2C200 1x, https:\/\/i0.wp.com\/larevistadigital.com.ar\/blog\/wp-content\/uploads\/Captura-de-pantalla-2024-11-24-182356.png?fit=848%2C532&ssl=1&resize=525%2C300 1.5x, https:\/\/i0.wp.com\/larevistadigital.com.ar\/blog\/wp-content\/uploads\/Captura-de-pantalla-2024-11-24-182356.png?fit=848%2C532&ssl=1&resize=700%2C400 2x"},"classes":[]},{"id":29323,"url":"https:\/\/larevistadigital.com.ar\/blog\/murio-pinky-a-los-87-anos-icono-de-la-tv-argentina\/","url_meta":{"origin":37949,"position":2},"title":"MURI\u00d3 PINKY A LOS 87 A\u00d1OS. \u00cdCONO DE LA TV ARGENTINA.","author":"Alejandro Sosa Ruda","date":"8 diciembre, 2022","format":false,"excerpt":"Seg\u00fan el parte policial, el deceso se produjo este jueves a las 12.08 del mediod\u00eda. Falleci\u00f3 en su casa de Rep\u00fablica \u00c1rabe de Siria al 2800 acompa\u00f1ada de su hijo, que fue quien llam\u00f3 al 911. 8 de diciembre de 2022 Lidia Satragno, m\u00e1s conocida como \u201cPinky\u201d, falleci\u00f3 al mediod\u00eda\u2026","rel":"","context":"En \u00abINTERES GENERAL\u00bb","block_context":{"text":"INTERES GENERAL","link":"https:\/\/larevistadigital.com.ar\/blog\/category\/interes-general\/"},"img":{"alt_text":"","src":"https:\/\/i0.wp.com\/larevistadigital.com.ar\/blog\/wp-content\/uploads\/lg.jpg?fit=1200%2C675&ssl=1&resize=350%2C200","width":350,"height":200,"srcset":"https:\/\/i0.wp.com\/larevistadigital.com.ar\/blog\/wp-content\/uploads\/lg.jpg?fit=1200%2C675&ssl=1&resize=350%2C200 1x, https:\/\/i0.wp.com\/larevistadigital.com.ar\/blog\/wp-content\/uploads\/lg.jpg?fit=1200%2C675&ssl=1&resize=525%2C300 1.5x, https:\/\/i0.wp.com\/larevistadigital.com.ar\/blog\/wp-content\/uploads\/lg.jpg?fit=1200%2C675&ssl=1&resize=700%2C400 2x, https:\/\/i0.wp.com\/larevistadigital.com.ar\/blog\/wp-content\/uploads\/lg.jpg?fit=1200%2C675&ssl=1&resize=1050%2C600 3x"},"classes":[]},{"id":8836,"url":"https:\/\/larevistadigital.com.ar\/blog\/murio-franco-macri-el-padre-del-presidente\/","url_meta":{"origin":37949,"position":3},"title":"MURI\u00d3 FRANCO MACRI, EL PADRE DEL PRESIDENTE","author":"Alejandro Sosa Ruda","date":"3 marzo, 2019","format":false,"excerpt":"El empresario ten\u00eda 88 a\u00f1os. Falleci\u00f3 en la intimidad de su casa de Barrio Parque. El empresario Franco Macri\u00a0falleci\u00f3 a las nueve de la noche en la intimidad de su casa de Barrio Parque. Ten\u00eda 88 a\u00f1os y\u00a0se encontraba con internaci\u00f3n domiciliaria desde hac\u00eda algunos meses por su delicado estado\u2026","rel":"","context":"En \u00abDESTACADAS\u00bb","block_context":{"text":"DESTACADAS","link":"https:\/\/larevistadigital.com.ar\/blog\/category\/destacadas\/"},"img":{"alt_text":"","src":"https:\/\/i0.wp.com\/larevistadigital.com.ar\/blog\/wp-content\/uploads\/2019\/03\/Screenshot_1-1.jpg?fit=1200%2C623&ssl=1&resize=350%2C200","width":350,"height":200,"srcset":"https:\/\/i0.wp.com\/larevistadigital.com.ar\/blog\/wp-content\/uploads\/2019\/03\/Screenshot_1-1.jpg?fit=1200%2C623&ssl=1&resize=350%2C200 1x, https:\/\/i0.wp.com\/larevistadigital.com.ar\/blog\/wp-content\/uploads\/2019\/03\/Screenshot_1-1.jpg?fit=1200%2C623&ssl=1&resize=525%2C300 1.5x, https:\/\/i0.wp.com\/larevistadigital.com.ar\/blog\/wp-content\/uploads\/2019\/03\/Screenshot_1-1.jpg?fit=1200%2C623&ssl=1&resize=700%2C400 2x, https:\/\/i0.wp.com\/larevistadigital.com.ar\/blog\/wp-content\/uploads\/2019\/03\/Screenshot_1-1.jpg?fit=1200%2C623&ssl=1&resize=1050%2C600 3x"},"classes":[]},{"id":27500,"url":"https:\/\/larevistadigital.com.ar\/blog\/murio-la-artista-bonaerense-karina-vismara-referente-del-nuevo-folk-argentino\/","url_meta":{"origin":37949,"position":4},"title":"MURI\u00d3 LA ARTISTA BONAERENSE KARINA VISMARA, REFERENTE DEL NUEVO FOLK ARGENTINO","author":"Alejandro Sosa Ruda","date":"2 septiembre, 2022","format":false,"excerpt":"La artista bonaerense ten\u00eda 31 a\u00f1os y estaba internada por una insuficiencia renal. El Ministerio de Cultura de la Naci\u00f3n la despidi\u00f3 en sus redes sociales. El pasado 10 de agosto a los 31 a\u00f1os falleci\u00f3 la cantautora bonaerense Karina Vismara, una de las referentes actuales del folk nacional. Seg\u00fan\u2026","rel":"","context":"En \u00abINTERES GENERAL\u00bb","block_context":{"text":"INTERES GENERAL","link":"https:\/\/larevistadigital.com.ar\/blog\/category\/interes-general\/"},"img":{"alt_text":"","src":"https:\/\/i0.wp.com\/larevistadigital.com.ar\/blog\/wp-content\/uploads\/20220901115518_karina-vismara-1.jpg?fit=880%2C512&ssl=1&resize=350%2C200","width":350,"height":200,"srcset":"https:\/\/i0.wp.com\/larevistadigital.com.ar\/blog\/wp-content\/uploads\/20220901115518_karina-vismara-1.jpg?fit=880%2C512&ssl=1&resize=350%2C200 1x, https:\/\/i0.wp.com\/larevistadigital.com.ar\/blog\/wp-content\/uploads\/20220901115518_karina-vismara-1.jpg?fit=880%2C512&ssl=1&resize=525%2C300 1.5x, https:\/\/i0.wp.com\/larevistadigital.com.ar\/blog\/wp-content\/uploads\/20220901115518_karina-vismara-1.jpg?fit=880%2C512&ssl=1&resize=700%2C400 2x"},"classes":[]},{"id":28902,"url":"https:\/\/larevistadigital.com.ar\/blog\/murio-hebe-de-bonafini-a-los-93-anos-de-edad\/","url_meta":{"origin":37949,"position":5},"title":"MURI\u00d3 HEBE DE BONAFINI A LOS 93 A\u00d1OS DE EDAD.","author":"Alejandro Sosa Ruda","date":"20 noviembre, 2022","format":false,"excerpt":"El presidente decret\u00f3 tres d\u00edas de duelo nacional. El deceso lo inform\u00f3 Cristina a trav\u00e9s de sus redes. 20 de noviembre de 2022 La presidenta de Madres de Plaza de Mayo,\u00a0Hebe de Bonafini, falleci\u00f3 hoy a los 93 a\u00f1os, informaron fuentes cercanas a la referente de los derechos humanos. Bonafini\u2026","rel":"","context":"En \u00abDESTACADAS\u00bb","block_context":{"text":"DESTACADAS","link":"https:\/\/larevistadigital.com.ar\/blog\/category\/destacadas\/"},"img":{"alt_text":"","src":"https:\/\/i0.wp.com\/larevistadigital.com.ar\/blog\/wp-content\/uploads\/hebe.jpg?fit=800%2C428&ssl=1&resize=350%2C200","width":350,"height":200,"srcset":"https:\/\/i0.wp.com\/larevistadigital.com.ar\/blog\/wp-content\/uploads\/hebe.jpg?fit=800%2C428&ssl=1&resize=350%2C200 1x, https:\/\/i0.wp.com\/larevistadigital.com.ar\/blog\/wp-content\/uploads\/hebe.jpg?fit=800%2C428&ssl=1&resize=525%2C300 1.5x, https:\/\/i0.wp.com\/larevistadigital.com.ar\/blog\/wp-content\/uploads\/hebe.jpg?fit=800%2C428&ssl=1&resize=700%2C400 2x"},"classes":[]}],"_links":{"self":[{"href":"https:\/\/larevistadigital.com.ar\/blog\/wp-json\/wp\/v2\/posts\/37949","targetHints":{"allow":["GET"]}}],"collection":[{"href":"https:\/\/larevistadigital.com.ar\/blog\/wp-json\/wp\/v2\/posts"}],"about":[{"href":"https:\/\/larevistadigital.com.ar\/blog\/wp-json\/wp\/v2\/types\/post"}],"author":[{"embeddable":true,"href":"https:\/\/larevistadigital.com.ar\/blog\/wp-json\/wp\/v2\/users\/3"}],"replies":[{"embeddable":true,"href":"https:\/\/larevistadigital.com.ar\/blog\/wp-json\/wp\/v2\/comments?post=37949"}],"version-history":[{"count":1,"href":"https:\/\/larevistadigital.com.ar\/blog\/wp-json\/wp\/v2\/posts\/37949\/revisions"}],"predecessor-version":[{"id":37951,"href":"https:\/\/larevistadigital.com.ar\/blog\/wp-json\/wp\/v2\/posts\/37949\/revisions\/37951"}],"wp:featuredmedia":[{"embeddable":true,"href":"https:\/\/larevistadigital.com.ar\/blog\/wp-json\/wp\/v2\/media\/37950"}],"wp:attachment":[{"href":"https:\/\/larevistadigital.com.ar\/blog\/wp-json\/wp\/v2\/media?parent=37949"}],"wp:term":[{"taxonomy":"category","embeddable":true,"href":"https:\/\/larevistadigital.com.ar\/blog\/wp-json\/wp\/v2\/categories?post=37949"},{"taxonomy":"post_tag","embeddable":true,"href":"https:\/\/larevistadigital.com.ar\/blog\/wp-json\/wp\/v2\/tags?post=37949"}],"curies":[{"name":"wp","href":"https:\/\/api.w.org\/{rel}","templated":true}]}}