{"id":38008,"date":"2024-11-24T19:28:37","date_gmt":"2024-11-24T22:28:37","guid":{"rendered":"https:\/\/larevistadigital.com.ar\/blog\/?p=38008"},"modified":"2024-11-24T19:35:42","modified_gmt":"2024-11-24T22:35:42","slug":"alerta-amarilla-en-la-region-general-guido-maipu-coronel-vidal-ayacucho-general-madariaga-villa-gesell-y-pinamar","status":"publish","type":"post","link":"https:\/\/larevistadigital.com.ar\/blog\/alerta-amarilla-en-la-region-general-guido-maipu-coronel-vidal-ayacucho-general-madariaga-villa-gesell-y-pinamar\/","title":{"rendered":"Alerta amarilla en la regi\u00f3n: Chascom\u00fas, Lezama, Castelli, Dolores,  General Guido, Maip\u00fa, Coronel Vidal, Ayacucho, General Madariaga, Villa Gesell y  Pinamar."},"content":{"rendered":"<h2>Tambi\u00e9n hay alerta naranja para Tandil, Rauch y Balcarce.<\/h2>\n<p>24 de Noviembre de 2024<\/p>\n<p>El Servicio Meteorol\u00f3gico Nacional emiti\u00f3 un<strong>\u00a0alerta, amarillo que rige para este domingo,\u00a0<\/strong>por posibles tormentas fuertes, intensas r\u00e1fagas de viento y actividad el\u00e9ctrica con posible ca\u00edda de granizo.<\/p>\n<blockquote>\n<h3><strong>El alerta alcanza a varios distritos de la regi\u00f3n como General Guido, Maip\u00fa,\u00a0Coronel Vidal, Ayacucho, General Madariaga, Villa Gesell y\u00a0 Pinamar.<\/strong><\/h3>\n<\/blockquote>\n<p>Se esperan tormentas de variada intensidad, algunas localmente fuertes. Las mismas podr\u00e1n estar acompa\u00f1adas por abundante ca\u00edda de agua en cortos periodos, frecuente actividad el\u00e9ctrica, ca\u00edda de granizo y r\u00e1fagas intensas. Se prev\u00e9n <strong>\u200bvalores de precipitaci\u00f3n acumulada entre 30 y\u00a0 50 mm.<\/strong>, pudiendo ser superados en forma puntual.<\/p>\n<blockquote>\n<h3>Adem\u00e1s, para\u00a0ciudades <strong>Tandil, Rauch y Balcarce<\/strong>\u00a0<strong>el alerta es de nivel naranja.<\/strong>\u00a0Seg\u00fan la calificaci\u00f3n utilizada por el organismo, el alerta naranja significa que\u00a0\u00a0<strong>\u200b<em>\u00abse esperan fen\u00f3menos meteorol\u00f3gicos peligrosos para la sociedad, la vida, los bienes y el medio ambiente\u00bb<\/em><\/strong><\/h3>\n<\/blockquote>\n<p><b>Seg\u00fan el aviso se esperan valores de precipitaci\u00f3n acumulada entre 50 y 80 mm.\u00a0<\/b>pudiendo ser superados de forma localizada.<\/p>\n<p><span style=\"color: #ff0000\"><strong>IMPORTANTE<\/strong><\/span><\/p>\n<p>&#8211; No te refugies cerca de \u00e1rboles y postes de electricidad que puedan caerse.<\/p>\n<p>&#8211; Busc\u00e1 un lugar seguro bajo techo.<\/p>\n<p>&#8211; En caso de que vos o alguien m\u00e1s se vea afectado por este fen\u00f3meno, comunicate con los organismos de emergencias locales: Hospital 107 &#8211; Polic\u00eda 911 &#8211; Bomberos 100.<\/p>\n<p>Ten\u00e9 siempre lista una mochila de emergencias con linterna, radio, documentos y tel\u00e9fono cargado.<\/p>\n<p>&nbsp;<\/p>\n","protected":false},"excerpt":{"rendered":"<div class=\"mh-excerpt\"><p>Tambi\u00e9n hay alerta naranja para Tandil, Rauch y Balcarce. 24 de Noviembre de 2024 El Servicio Meteorol\u00f3gico Nacional emiti\u00f3 un\u00a0alerta, amarillo que rige para este domingo,\u00a0por posibles tormentas fuertes, intensas r\u00e1fagas de viento y actividad <a class=\"mh-excerpt-more\" href=\"https:\/\/larevistadigital.com.ar\/blog\/alerta-amarilla-en-la-region-general-guido-maipu-coronel-vidal-ayacucho-general-madariaga-villa-gesell-y-pinamar\/\" title=\"Alerta amarilla en la regi\u00f3n: Chascom\u00fas, Lezama, Castelli, Dolores,  General Guido, Maip\u00fa, Coronel Vidal, Ayacucho, General Madariaga, Villa Gesell y  Pinamar.\">[Leer M\u00e1s]<\/a><\/p>\n<\/div>","protected":false},"author":3,"featured_media":16709,"comment_status":"open","ping_status":"open","sticky":false,"template":"","format":"standard","meta":{"_jetpack_memberships_contains_paid_content":false,"footnotes":"","jetpack_publicize_message":"","jetpack_publicize_feature_enabled":true,"jetpack_social_post_already_shared":true,"jetpack_social_options":{"image_generator_settings":{"template":"highway","default_image_id":0,"font":"","enabled":false},"version":2}},"categories":[41],"tags":[],"class_list":{"0":"post-38008","1":"post","2":"type-post","3":"status-publish","4":"format-standard","5":"has-post-thumbnail","7":"category-destacadas"},"jetpack_publicize_connections":[],"jetpack_featured_media_url":"https:\/\/i0.wp.com\/larevistadigital.com.ar\/blog\/wp-content\/uploads\/ALERTA-METEOROLOGICO.jpg?fit=1140%2C758&ssl=1","jetpack_sharing_enabled":true,"jetpack_shortlink":"https:\/\/wp.me\/p8qtrQ-9T2","jetpack-related-posts":[{"id":18839,"url":"https:\/\/larevistadigital.com.ar\/blog\/alerta-en-la-region-por-tormentas-fuertes-con-lluvias-intensas\/","url_meta":{"origin":38008,"position":0},"title":"ALERTA EN LA REGI\u00d3N POR TORMENTAS FUERTES CON LLUVIAS INTENSAS","author":"Alejandro Sosa Ruda","date":"12 febrero, 2021","format":false,"excerpt":"El aviso a muy corto plazo del Servicio Meteorol\u00f3gico Nacional rige para La Costa, General Lavalle, General Madariaga, Pinamar y Villa Gesell. El Servicio Meteorol\u00f3gico Nacional emiti\u00f3 un aviso a muy corto plazo para el Partido de La Costa, General Lavalle, General Madariaga, Pinamar y Villa Gesell por tormentas fuertes\u2026","rel":"","context":"En \u00abREGIONALES\u00bb","block_context":{"text":"REGIONALES","link":"https:\/\/larevistadigital.com.ar\/blog\/category\/regionales\/"},"img":{"alt_text":"","src":"https:\/\/i0.wp.com\/larevistadigital.com.ar\/blog\/wp-content\/uploads\/ALERTA-METEOROLOGICO.jpg?fit=1140%2C758&ssl=1&resize=350%2C200","width":350,"height":200,"srcset":"https:\/\/i0.wp.com\/larevistadigital.com.ar\/blog\/wp-content\/uploads\/ALERTA-METEOROLOGICO.jpg?fit=1140%2C758&ssl=1&resize=350%2C200 1x, https:\/\/i0.wp.com\/larevistadigital.com.ar\/blog\/wp-content\/uploads\/ALERTA-METEOROLOGICO.jpg?fit=1140%2C758&ssl=1&resize=525%2C300 1.5x, https:\/\/i0.wp.com\/larevistadigital.com.ar\/blog\/wp-content\/uploads\/ALERTA-METEOROLOGICO.jpg?fit=1140%2C758&ssl=1&resize=700%2C400 2x, https:\/\/i0.wp.com\/larevistadigital.com.ar\/blog\/wp-content\/uploads\/ALERTA-METEOROLOGICO.jpg?fit=1140%2C758&ssl=1&resize=1050%2C600 3x"},"classes":[]},{"id":8784,"url":"https:\/\/larevistadigital.com.ar\/blog\/atencion-defensa-civil-envia-alerta-de-tormentas-para-chascomus-y-la-zona\/","url_meta":{"origin":38008,"position":1},"title":"ATENCI\u00d3N: DEFENSA CIVIL ENV\u00cdA ALERTA DE TORMENTAS PARA CHASCOM\u00daS Y LA ZONA","author":"Alejandro Sosa Ruda","date":"27 febrero, 2019","format":false,"excerpt":"Desde la cuenta de facebook de \"Defensa Civil Chascom\u00fas\", se dio a conocer una alerta meteorol\u00f3gica que advierte por probables tormentas en la regi\u00f3n., CON VIENTOS Y OCASIONAL CA\u00cdDA DE GRANIZO. EL COMUNICADO: AVISO METEOROL\u00d3GICO\u00a0A MUY CORTO PLAZO FECHA Y HORA DE EMISI\u00d3N: 27\/02\/2019 a las 16:52 HOA. VALIDEZ HASTA:\u2026","rel":"","context":"En \u00abPOLITICA\u00bb","block_context":{"text":"POLITICA","link":"https:\/\/larevistadigital.com.ar\/blog\/category\/politica\/"},"img":{"alt_text":"","src":"https:\/\/i0.wp.com\/larevistadigital.com.ar\/blog\/wp-content\/uploads\/2019\/02\/Screenshot_3-2.jpg?fit=718%2C564&ssl=1&resize=350%2C200","width":350,"height":200,"srcset":"https:\/\/i0.wp.com\/larevistadigital.com.ar\/blog\/wp-content\/uploads\/2019\/02\/Screenshot_3-2.jpg?fit=718%2C564&ssl=1&resize=350%2C200 1x, https:\/\/i0.wp.com\/larevistadigital.com.ar\/blog\/wp-content\/uploads\/2019\/02\/Screenshot_3-2.jpg?fit=718%2C564&ssl=1&resize=525%2C300 1.5x, https:\/\/i0.wp.com\/larevistadigital.com.ar\/blog\/wp-content\/uploads\/2019\/02\/Screenshot_3-2.jpg?fit=718%2C564&ssl=1&resize=700%2C400 2x"},"classes":[]},{"id":18526,"url":"https:\/\/larevistadigital.com.ar\/blog\/videos-e-imagenes-los-desastres-ocasionados-por-el-temporal-en-villa-gesell\/","url_meta":{"origin":38008,"position":2},"title":"[VIDEOS E IM\u00c1GENES] LOS DESASTRES OCASIONADOS POR EL TEMPORAL EN VILLA GESELL","author":"Alejandro Sosa Ruda","date":"6 enero, 2021","format":false,"excerpt":"Las im\u00e1genes son elocuentes, y demuestran la violencia del temporal que provoc\u00f3 graves da\u00f1os en Villa Gesell. Hay alerta roja para Mar del Plata y la zona. Se registraron intensas lluvias, fuertes r\u00e1fagas de viento, calles intransitables y advierten por una ocasional ca\u00edda de granizo en los municipios balnearios. El\u00a0Servicio\u2026","rel":"","context":"En \u00abINTERES GENERAL\u00bb","block_context":{"text":"INTERES GENERAL","link":"https:\/\/larevistadigital.com.ar\/blog\/category\/interes-general\/"},"img":{"alt_text":"","src":"https:\/\/i0.wp.com\/larevistadigital.com.ar\/blog\/wp-content\/uploads\/WhatsApp-Image-2021-01-06-at-13.24.44.jpeg?fit=719%2C1127&ssl=1&resize=350%2C200","width":350,"height":200,"srcset":"https:\/\/i0.wp.com\/larevistadigital.com.ar\/blog\/wp-content\/uploads\/WhatsApp-Image-2021-01-06-at-13.24.44.jpeg?fit=719%2C1127&ssl=1&resize=350%2C200 1x, https:\/\/i0.wp.com\/larevistadigital.com.ar\/blog\/wp-content\/uploads\/WhatsApp-Image-2021-01-06-at-13.24.44.jpeg?fit=719%2C1127&ssl=1&resize=525%2C300 1.5x, https:\/\/i0.wp.com\/larevistadigital.com.ar\/blog\/wp-content\/uploads\/WhatsApp-Image-2021-01-06-at-13.24.44.jpeg?fit=719%2C1127&ssl=1&resize=700%2C400 2x"},"classes":[]},{"id":28885,"url":"https:\/\/larevistadigital.com.ar\/blog\/alerta-meteorologico-en-mar-del-plata-y-la-zona-por-lluvias-y-posible-caida-de-granizo\/","url_meta":{"origin":38008,"position":3},"title":"ALERTA METEOROL\u00d3GICO EN MAR DEL PLATA Y LA ZONA POR LLUVIAS Y POSIBLE CAIDA DE GRANIZO","author":"Alejandro Sosa Ruda","date":"19 noviembre, 2022","format":false,"excerpt":"Las condiciones clim\u00e1ticas podr\u00edan extenderse hasta la madrugada. Recomendaciones para evitar accidentes y da\u00f1os mayores. 19 de noviembre de 2022 El\u00a0Servicio Meteorol\u00f3gico Nacional\u00a0(SMN) emiti\u00f3 un alerta por\u00a0fuertes tormentas\u00a0para la Costa Atl\u00e1ntica. Seg\u00fan detallaron se trata de un alerta a corto plazo por tormentas fuertes con\u00a0lluvias intensas, r\u00e1fagas y ocasional ca\u00edda\u2026","rel":"","context":"En \u00abREGIONALES\u00bb","block_context":{"text":"REGIONALES","link":"https:\/\/larevistadigital.com.ar\/blog\/category\/regionales\/"},"img":{"alt_text":"","src":"https:\/\/i0.wp.com\/larevistadigital.com.ar\/blog\/wp-content\/uploads\/ALERTA-METEOROLOGICO.jpg?fit=1140%2C758&ssl=1&resize=350%2C200","width":350,"height":200,"srcset":"https:\/\/i0.wp.com\/larevistadigital.com.ar\/blog\/wp-content\/uploads\/ALERTA-METEOROLOGICO.jpg?fit=1140%2C758&ssl=1&resize=350%2C200 1x, https:\/\/i0.wp.com\/larevistadigital.com.ar\/blog\/wp-content\/uploads\/ALERTA-METEOROLOGICO.jpg?fit=1140%2C758&ssl=1&resize=525%2C300 1.5x, https:\/\/i0.wp.com\/larevistadigital.com.ar\/blog\/wp-content\/uploads\/ALERTA-METEOROLOGICO.jpg?fit=1140%2C758&ssl=1&resize=700%2C400 2x, https:\/\/i0.wp.com\/larevistadigital.com.ar\/blog\/wp-content\/uploads\/ALERTA-METEOROLOGICO.jpg?fit=1140%2C758&ssl=1&resize=1050%2C600 3x"},"classes":[]},{"id":20029,"url":"https:\/\/larevistadigital.com.ar\/blog\/alerta-meteorologico-para-la-region\/","url_meta":{"origin":38008,"position":4},"title":"ALERTA METEOROL\u00d3GICO PARA LA REGI\u00d3N","author":"Alejandro Sosa Ruda","date":"3 mayo, 2021","format":false,"excerpt":"AYACUCHO, GRAL. GUIDO; MADARIAGA; MAIP\u00da; MAR CHIQUITA; DOLORES; GRAL. LLAVALLE; PARTIDO DE LA COSTA; PINAMAR Y TORDILLO El pron\u00f3stico oficial de alertas y advertencias del lunes 3 de mayo del Servicio Meteorol\u00f3gico Nacional informa que \u201cel \u00e1rea ser\u00e1 afectada por lluvias y tormentas de variada intensidad\u201d durante la ma\u00f1ana y\u2026","rel":"","context":"En \u00abDESTACADAS\u00bb","block_context":{"text":"DESTACADAS","link":"https:\/\/larevistadigital.com.ar\/blog\/category\/destacadas\/"},"img":{"alt_text":"","src":"https:\/\/i0.wp.com\/larevistadigital.com.ar\/blog\/wp-content\/uploads\/ALERTA-METEOROLOGICO.jpg?fit=1140%2C758&ssl=1&resize=350%2C200","width":350,"height":200,"srcset":"https:\/\/i0.wp.com\/larevistadigital.com.ar\/blog\/wp-content\/uploads\/ALERTA-METEOROLOGICO.jpg?fit=1140%2C758&ssl=1&resize=350%2C200 1x, https:\/\/i0.wp.com\/larevistadigital.com.ar\/blog\/wp-content\/uploads\/ALERTA-METEOROLOGICO.jpg?fit=1140%2C758&ssl=1&resize=525%2C300 1.5x, https:\/\/i0.wp.com\/larevistadigital.com.ar\/blog\/wp-content\/uploads\/ALERTA-METEOROLOGICO.jpg?fit=1140%2C758&ssl=1&resize=700%2C400 2x, https:\/\/i0.wp.com\/larevistadigital.com.ar\/blog\/wp-content\/uploads\/ALERTA-METEOROLOGICO.jpg?fit=1140%2C758&ssl=1&resize=1050%2C600 3x"},"classes":[]},{"id":10562,"url":"https:\/\/larevistadigital.com.ar\/blog\/chascomus-del-municipio-brindo-una-alerta-meteorologica\/","url_meta":{"origin":38008,"position":5},"title":"CHASCOM\u00daS: DEL MUNICIPIO BRIND\u00d3 UNA ALERTA METEOROL\u00d3GICA","author":"Alejandro Sosa Ruda","date":"11 junio, 2019","format":false,"excerpt":"Desde la p\u00e1gina de Facebook de la Municipalidad de Chascom\u00fas se brind\u00f3 una alerta meteorol\u00f3gica para la zona que a continuaci\u00f3n reproducimos: AVISO METEOROLOGICO A MUY CORTO PLAZO N\u00b0 646 PARA AYACUCHO - CASTELLI - CHASCOMUS - DOLORES - GRAL BELGRANO - GRAL GUIDO - GRAL LAVALLE - LAS FLORES\u2026","rel":"","context":"En \u00abDESTACADAS\u00bb","block_context":{"text":"DESTACADAS","link":"https:\/\/larevistadigital.com.ar\/blog\/category\/destacadas\/"},"img":{"alt_text":"","src":"https:\/\/i0.wp.com\/larevistadigital.com.ar\/blog\/wp-content\/uploads\/62784162_2484925894859688_3898628414004789248_n.jpg?fit=650%2C591&ssl=1&resize=350%2C200","width":350,"height":200,"srcset":"https:\/\/i0.wp.com\/larevistadigital.com.ar\/blog\/wp-content\/uploads\/62784162_2484925894859688_3898628414004789248_n.jpg?fit=650%2C591&ssl=1&resize=350%2C200 1x, https:\/\/i0.wp.com\/larevistadigital.com.ar\/blog\/wp-content\/uploads\/62784162_2484925894859688_3898628414004789248_n.jpg?fit=650%2C591&ssl=1&resize=525%2C300 1.5x"},"classes":[]}],"_links":{"self":[{"href":"https:\/\/larevistadigital.com.ar\/blog\/wp-json\/wp\/v2\/posts\/38008","targetHints":{"allow":["GET"]}}],"collection":[{"href":"https:\/\/larevistadigital.com.ar\/blog\/wp-json\/wp\/v2\/posts"}],"about":[{"href":"https:\/\/larevistadigital.com.ar\/blog\/wp-json\/wp\/v2\/types\/post"}],"author":[{"embeddable":true,"href":"https:\/\/larevistadigital.com.ar\/blog\/wp-json\/wp\/v2\/users\/3"}],"replies":[{"embeddable":true,"href":"https:\/\/larevistadigital.com.ar\/blog\/wp-json\/wp\/v2\/comments?post=38008"}],"version-history":[{"count":3,"href":"https:\/\/larevistadigital.com.ar\/blog\/wp-json\/wp\/v2\/posts\/38008\/revisions"}],"predecessor-version":[{"id":38012,"href":"https:\/\/larevistadigital.com.ar\/blog\/wp-json\/wp\/v2\/posts\/38008\/revisions\/38012"}],"wp:featuredmedia":[{"embeddable":true,"href":"https:\/\/larevistadigital.com.ar\/blog\/wp-json\/wp\/v2\/media\/16709"}],"wp:attachment":[{"href":"https:\/\/larevistadigital.com.ar\/blog\/wp-json\/wp\/v2\/media?parent=38008"}],"wp:term":[{"taxonomy":"category","embeddable":true,"href":"https:\/\/larevistadigital.com.ar\/blog\/wp-json\/wp\/v2\/categories?post=38008"},{"taxonomy":"post_tag","embeddable":true,"href":"https:\/\/larevistadigital.com.ar\/blog\/wp-json\/wp\/v2\/tags?post=38008"}],"curies":[{"name":"wp","href":"https:\/\/api.w.org\/{rel}","templated":true}]}}