{"id":38014,"date":"2024-11-25T18:38:56","date_gmt":"2024-11-25T21:38:56","guid":{"rendered":"https:\/\/larevistadigital.com.ar\/blog\/?p=38014"},"modified":"2024-11-25T18:38:56","modified_gmt":"2024-11-25T21:38:56","slug":"chascomus-incendio-de-un-vehiculo-en-belgrano-y-mazzini","status":"publish","type":"post","link":"https:\/\/larevistadigital.com.ar\/blog\/chascomus-incendio-de-un-vehiculo-en-belgrano-y-mazzini\/","title":{"rendered":"Chascom\u00fas: Incendio de un veh\u00edculo en Belgrano y Mazzini"},"content":{"rendered":"<h2>Fue sofocado sin mayores problemas.<\/h2>\n<p>25 de Noviembre de 2024<\/p>\n<p><strong>CHASCOM\u00daS &#8211;\u00a0 \u00a0<\/strong>Un autom\u00f3vil se prendi\u00f3 fuego, pero afortundamente pudo ser sofocado antes que llegaran los Bomberos Voluntarios, quienes de todas maneras realizaron tareas preventivas.<\/p>\n<p><span style=\"color: #ff0000\"><strong>INFORME BOMBERIL<\/strong><\/span><\/p>\n<p>Siendo las 17:07hs. se recibe un llamado telefonico manifestando que en calle Mazzini esq. Belgrano se produc\u00eda un incendio de un veh\u00edculo. Con alarma concurre la unidad N\u00b0 5 al mando del Oficial Inspector <strong>Martinez Miguel<\/strong> y del Suboficial Principal <strong>Cambier Sebasti\u00e1n<\/strong>, llegados la lugar se comprueba que se encontraba sofocado el cual hab\u00eda afectado parte del motor. Finalizadas las tareas preventivas se regresas al cuartel a las 17:25hs.<\/p>\n<h3><span style=\"color: #ff0000\">FOTOS:<\/span><\/h3>\n<p><img data-recalc-dims=\"1\" loading=\"lazy\" decoding=\"async\" class=\"alignnone size-medium wp-image-38016\" src=\"https:\/\/i0.wp.com\/larevistadigital.com.ar\/blog\/wp-content\/uploads\/cinco.jpg?resize=300%2C130&#038;ssl=1\" alt=\"\" width=\"300\" height=\"130\" srcset=\"https:\/\/i0.wp.com\/larevistadigital.com.ar\/blog\/wp-content\/uploads\/cinco.jpg?resize=300%2C130&amp;ssl=1 300w, https:\/\/i0.wp.com\/larevistadigital.com.ar\/blog\/wp-content\/uploads\/cinco.jpg?resize=1024%2C444&amp;ssl=1 1024w, https:\/\/i0.wp.com\/larevistadigital.com.ar\/blog\/wp-content\/uploads\/cinco.jpg?resize=768%2C333&amp;ssl=1 768w, https:\/\/i0.wp.com\/larevistadigital.com.ar\/blog\/wp-content\/uploads\/cinco.jpg?w=1208&amp;ssl=1 1208w\" sizes=\"auto, (max-width: 300px) 100vw, 300px\" \/> <img data-recalc-dims=\"1\" loading=\"lazy\" decoding=\"async\" class=\"alignnone size-medium wp-image-38017\" src=\"https:\/\/i0.wp.com\/larevistadigital.com.ar\/blog\/wp-content\/uploads\/cuatro.jpg?resize=300%2C242&#038;ssl=1\" alt=\"\" width=\"300\" height=\"242\" srcset=\"https:\/\/i0.wp.com\/larevistadigital.com.ar\/blog\/wp-content\/uploads\/cuatro.jpg?resize=300%2C242&amp;ssl=1 300w, https:\/\/i0.wp.com\/larevistadigital.com.ar\/blog\/wp-content\/uploads\/cuatro.jpg?resize=768%2C619&amp;ssl=1 768w, https:\/\/i0.wp.com\/larevistadigital.com.ar\/blog\/wp-content\/uploads\/cuatro.jpg?w=800&amp;ssl=1 800w\" sizes=\"auto, (max-width: 300px) 100vw, 300px\" \/> <img data-recalc-dims=\"1\" loading=\"lazy\" decoding=\"async\" class=\"alignnone size-medium wp-image-38018\" src=\"https:\/\/i0.wp.com\/larevistadigital.com.ar\/blog\/wp-content\/uploads\/dos-1.jpg?resize=300%2C173&#038;ssl=1\" alt=\"\" width=\"300\" height=\"173\" srcset=\"https:\/\/i0.wp.com\/larevistadigital.com.ar\/blog\/wp-content\/uploads\/dos-1.jpg?resize=300%2C173&amp;ssl=1 300w, https:\/\/i0.wp.com\/larevistadigital.com.ar\/blog\/wp-content\/uploads\/dos-1.jpg?resize=1024%2C589&amp;ssl=1 1024w, https:\/\/i0.wp.com\/larevistadigital.com.ar\/blog\/wp-content\/uploads\/dos-1.jpg?resize=768%2C442&amp;ssl=1 768w, https:\/\/i0.wp.com\/larevistadigital.com.ar\/blog\/wp-content\/uploads\/dos-1.jpg?w=1084&amp;ssl=1 1084w\" sizes=\"auto, (max-width: 300px) 100vw, 300px\" \/> <img data-recalc-dims=\"1\" loading=\"lazy\" decoding=\"async\" class=\"alignnone size-medium wp-image-38019\" src=\"https:\/\/i0.wp.com\/larevistadigital.com.ar\/blog\/wp-content\/uploads\/LOGO-DE-LA-REVISTA-DIGITAL.jpg?resize=180%2C180&#038;ssl=1\" alt=\"\" width=\"180\" height=\"180\" srcset=\"https:\/\/i0.wp.com\/larevistadigital.com.ar\/blog\/wp-content\/uploads\/LOGO-DE-LA-REVISTA-DIGITAL.jpg?w=180&amp;ssl=1 180w, https:\/\/i0.wp.com\/larevistadigital.com.ar\/blog\/wp-content\/uploads\/LOGO-DE-LA-REVISTA-DIGITAL.jpg?resize=150%2C150&amp;ssl=1 150w\" sizes=\"auto, (max-width: 180px) 100vw, 180px\" \/> <img data-recalc-dims=\"1\" loading=\"lazy\" decoding=\"async\" class=\"alignnone size-medium wp-image-38020\" src=\"https:\/\/i0.wp.com\/larevistadigital.com.ar\/blog\/wp-content\/uploads\/tres.jpg?resize=300%2C208&#038;ssl=1\" alt=\"\" width=\"300\" height=\"208\" srcset=\"https:\/\/i0.wp.com\/larevistadigital.com.ar\/blog\/wp-content\/uploads\/tres.jpg?resize=300%2C208&amp;ssl=1 300w, https:\/\/i0.wp.com\/larevistadigital.com.ar\/blog\/wp-content\/uploads\/tres.jpg?resize=1024%2C712&amp;ssl=1 1024w, https:\/\/i0.wp.com\/larevistadigital.com.ar\/blog\/wp-content\/uploads\/tres.jpg?resize=768%2C534&amp;ssl=1 768w, https:\/\/i0.wp.com\/larevistadigital.com.ar\/blog\/wp-content\/uploads\/tres.jpg?w=1026&amp;ssl=1 1026w\" sizes=\"auto, (max-width: 300px) 100vw, 300px\" \/> <img data-recalc-dims=\"1\" loading=\"lazy\" decoding=\"async\" class=\"alignnone size-medium wp-image-38021\" src=\"https:\/\/i0.wp.com\/larevistadigital.com.ar\/blog\/wp-content\/uploads\/uno-1.jpg?resize=300%2C161&#038;ssl=1\" alt=\"\" width=\"300\" height=\"161\" srcset=\"https:\/\/i0.wp.com\/larevistadigital.com.ar\/blog\/wp-content\/uploads\/uno-1.jpg?resize=300%2C161&amp;ssl=1 300w, https:\/\/i0.wp.com\/larevistadigital.com.ar\/blog\/wp-content\/uploads\/uno-1.jpg?resize=1024%2C548&amp;ssl=1 1024w, https:\/\/i0.wp.com\/larevistadigital.com.ar\/blog\/wp-content\/uploads\/uno-1.jpg?resize=768%2C411&amp;ssl=1 768w, https:\/\/i0.wp.com\/larevistadigital.com.ar\/blog\/wp-content\/uploads\/uno-1.jpg?resize=1536%2C822&amp;ssl=1 1536w, https:\/\/i0.wp.com\/larevistadigital.com.ar\/blog\/wp-content\/uploads\/uno-1.jpg?w=1600&amp;ssl=1 1600w\" sizes=\"auto, (max-width: 300px) 100vw, 300px\" \/><\/p>\n","protected":false},"excerpt":{"rendered":"<div class=\"mh-excerpt\"><p>Fue sofocado sin mayores problemas. 25 de Noviembre de 2024 CHASCOM\u00daS &#8211;\u00a0 \u00a0Un autom\u00f3vil se prendi\u00f3 fuego, pero afortundamente pudo ser sofocado antes que llegaran los Bomberos Voluntarios, quienes de todas maneras realizaron tareas preventivas. <a class=\"mh-excerpt-more\" href=\"https:\/\/larevistadigital.com.ar\/blog\/chascomus-incendio-de-un-vehiculo-en-belgrano-y-mazzini\/\" title=\"Chascom\u00fas: Incendio de un veh\u00edculo en Belgrano y Mazzini\">[Leer M\u00e1s]<\/a><\/p>\n<\/div>","protected":false},"author":3,"featured_media":38015,"comment_status":"open","ping_status":"open","sticky":false,"template":"","format":"standard","meta":{"_jetpack_memberships_contains_paid_content":false,"footnotes":"","jetpack_publicize_message":"","jetpack_publicize_feature_enabled":true,"jetpack_social_post_already_shared":true,"jetpack_social_options":{"image_generator_settings":{"template":"highway","default_image_id":0,"font":"","enabled":false},"version":2}},"categories":[41],"tags":[],"class_list":{"0":"post-38014","1":"post","2":"type-post","3":"status-publish","4":"format-standard","5":"has-post-thumbnail","7":"category-destacadas"},"jetpack_publicize_connections":[],"jetpack_featured_media_url":"https:\/\/i0.wp.com\/larevistadigital.com.ar\/blog\/wp-content\/uploads\/uno.jpg?fit=1600%2C856&ssl=1","jetpack_sharing_enabled":true,"jetpack_shortlink":"https:\/\/wp.me\/p8qtrQ-9T8","jetpack-related-posts":[{"id":7457,"url":"https:\/\/larevistadigital.com.ar\/blog\/los-bomberos-de-chascomus-asistieron-a-los-de-lezama-para-sofocar-un-incendio-durante-tres-horas\/","url_meta":{"origin":38014,"position":0},"title":"LOS BOMBEROS DE CHASCOMUS ASISTIERON A LOS DE LEZAMA PARA SOFOCAR UN INCENDIO DURANTE TRES HORAS","author":"Alejandro Sosa Ruda","date":"28 diciembre, 2018","format":false,"excerpt":"Aproximadamente a las 14:50 hs. se recibe en el Cuartel de Bomberos Voluntarios de Chascom\u00fas, un llamado de sus colegas de Lezama, a efectos de pedir la colaboraci\u00f3n para sofocar un incendio de grandes proporciones de un campo, y una maquinaria agr\u00edcola en el paraje Libres del Sur. Con alarma\u2026","rel":"","context":"En \u00abCHASCOM\u00daS\u00bb","block_context":{"text":"CHASCOM\u00daS","link":"https:\/\/larevistadigital.com.ar\/blog\/category\/chascomus\/"},"img":{"alt_text":"","src":"https:\/\/i0.wp.com\/larevistadigital.com.ar\/blog\/wp-content\/uploads\/2018\/12\/13921169_553231878196592_8484525598537632035_n.jpg?fit=600%2C319&ssl=1&resize=350%2C200","width":350,"height":200,"srcset":"https:\/\/i0.wp.com\/larevistadigital.com.ar\/blog\/wp-content\/uploads\/2018\/12\/13921169_553231878196592_8484525598537632035_n.jpg?fit=600%2C319&ssl=1&resize=350%2C200 1x, https:\/\/i0.wp.com\/larevistadigital.com.ar\/blog\/wp-content\/uploads\/2018\/12\/13921169_553231878196592_8484525598537632035_n.jpg?fit=600%2C319&ssl=1&resize=525%2C300 1.5x"},"classes":[]},{"id":44520,"url":"https:\/\/larevistadigital.com.ar\/blog\/chascomus-incendio-en-la-ex-fabrica-masis-durante-la-madrugada\/","url_meta":{"origin":38014,"position":1},"title":"Chascom\u00fas: Incendio en la ex f\u00e1brica Masis durante la madrugada","author":"Alejandro Sosa Ruda","date":"16 marzo, 2026","format":false,"excerpt":"El siniestro se registr\u00f3 durante la madrugada en un galp\u00f3n ubicado sobre la avenida Presidente Alfons\u00edn. Bomberos trabajaron durante m\u00e1s de dos horas para controlar la situaci\u00f3n. Un incendio se registr\u00f3 durante la madrugada de este lunes en el interior de la ex f\u00e1brica Ex Masis, ubicada en Avenida Presidente\u2026","rel":"","context":"En \u00abCHASCOM\u00daS\u00bb","block_context":{"text":"CHASCOM\u00daS","link":"https:\/\/larevistadigital.com.ar\/blog\/category\/chascomus\/"},"img":{"alt_text":"","src":"https:\/\/i0.wp.com\/larevistadigital.com.ar\/blog\/wp-content\/uploads\/Captura-de-pantalla-2026-03-16-125412.jpg?fit=830%2C473&ssl=1&resize=350%2C200","width":350,"height":200,"srcset":"https:\/\/i0.wp.com\/larevistadigital.com.ar\/blog\/wp-content\/uploads\/Captura-de-pantalla-2026-03-16-125412.jpg?fit=830%2C473&ssl=1&resize=350%2C200 1x, https:\/\/i0.wp.com\/larevistadigital.com.ar\/blog\/wp-content\/uploads\/Captura-de-pantalla-2026-03-16-125412.jpg?fit=830%2C473&ssl=1&resize=525%2C300 1.5x, https:\/\/i0.wp.com\/larevistadigital.com.ar\/blog\/wp-content\/uploads\/Captura-de-pantalla-2026-03-16-125412.jpg?fit=830%2C473&ssl=1&resize=700%2C400 2x"},"classes":[]},{"id":32203,"url":"https:\/\/larevistadigital.com.ar\/blog\/chascomus-la-policia-en-tareas-preventivas-intercepto-y-detuvo-a-un-sujeto-con-frondosos-antecedentes-y-pedido-de-captura\/","url_meta":{"origin":38014,"position":2},"title":"CHASCOM\u00daS: LA POLIC\u00cdA EN TAREAS PREVENTIVAS INTERCEPT\u00d3 Y DETUVO A UN SUJETO CON FRONDOSOS ANTECEDENTES Y \u00abPEDIDO DE CAPTURA\u00bb","author":"Alejandro Sosa Ruda","date":"30 junio, 2023","format":false,"excerpt":"Lo destacable es que las tareas preventivas de la Polic\u00eda Comunal, van dando resultados. 30 de junio de 2023 CHASCOM\u00daS -\u00a0 Durante la madrugada, un m\u00f3vil de la Polic\u00eda Comunal se encontraba recorriendo la jurisdicci\u00f3n en tareas preventivas por la calle Jos\u00e9 Castilla, y al llegar a la calle Tamara\u2026","rel":"","context":"En \u00abINTERES GENERAL\u00bb","block_context":{"text":"INTERES GENERAL","link":"https:\/\/larevistadigital.com.ar\/blog\/category\/interes-general\/"},"img":{"alt_text":"","src":"https:\/\/i0.wp.com\/larevistadigital.com.ar\/blog\/wp-content\/uploads\/WhatsApp-Image-2023-06-30-at-20.30.12-e1688169500202.jpeg?fit=695%2C592&ssl=1&resize=350%2C200","width":350,"height":200,"srcset":"https:\/\/i0.wp.com\/larevistadigital.com.ar\/blog\/wp-content\/uploads\/WhatsApp-Image-2023-06-30-at-20.30.12-e1688169500202.jpeg?fit=695%2C592&ssl=1&resize=350%2C200 1x, https:\/\/i0.wp.com\/larevistadigital.com.ar\/blog\/wp-content\/uploads\/WhatsApp-Image-2023-06-30-at-20.30.12-e1688169500202.jpeg?fit=695%2C592&ssl=1&resize=525%2C300 1.5x"},"classes":[]},{"id":31964,"url":"https:\/\/larevistadigital.com.ar\/blog\/urgente-incendio-en-av-libertador-al-4800-hace-instantes\/","url_meta":{"origin":38014,"position":3},"title":"URGENTE: INCENDIO EN AV. LIBERTADOR AL 4800 HACE INSTANTES","author":"Alejandro Sosa Ruda","date":"13 junio, 2023","format":false,"excerpt":"Nuestro cronista Juan Lemik, nos env\u00eda como primicia material exclusivo desde el lugar, donde se produjo un incendio que afortunadamente no tuvo consecuencias graves. 13 de junio de 2023 CABA -\u00a0 Hace instantes, se produjo un incendio en el 4\u00b0 piso del edificio ubicado en avenida del Libertador al 4800.\u2026","rel":"","context":"En \u00abDESTACADAS\u00bb","block_context":{"text":"DESTACADAS","link":"https:\/\/larevistadigital.com.ar\/blog\/category\/destacadas\/"},"img":{"alt_text":"","src":"https:\/\/i0.wp.com\/larevistadigital.com.ar\/blog\/wp-content\/uploads\/WhatsApp-Image-2023-06-13-at-10.50.58.jpeg?fit=900%2C1200&ssl=1&resize=350%2C200","width":350,"height":200,"srcset":"https:\/\/i0.wp.com\/larevistadigital.com.ar\/blog\/wp-content\/uploads\/WhatsApp-Image-2023-06-13-at-10.50.58.jpeg?fit=900%2C1200&ssl=1&resize=350%2C200 1x, https:\/\/i0.wp.com\/larevistadigital.com.ar\/blog\/wp-content\/uploads\/WhatsApp-Image-2023-06-13-at-10.50.58.jpeg?fit=900%2C1200&ssl=1&resize=525%2C300 1.5x, https:\/\/i0.wp.com\/larevistadigital.com.ar\/blog\/wp-content\/uploads\/WhatsApp-Image-2023-06-13-at-10.50.58.jpeg?fit=900%2C1200&ssl=1&resize=700%2C400 2x"},"classes":[]},{"id":4220,"url":"https:\/\/larevistadigital.com.ar\/blog\/chascomus-municipio-recuerda-enero-comienza-regir-la-ampliacion-del-estacionemiento-medido\/","url_meta":{"origin":38014,"position":4},"title":"CHASCOM\u00daS: EL MUNICIPIO RECUERDA QUE EN ENERO COMIENZA A REGIR LA AMPLIACI\u00d3N DEL ESTACIONEMIENTO MEDIDO","author":"Alejandro Sosa Ruda","date":"13 diciembre, 2017","format":false,"excerpt":"Desde la p\u00e1gina oficial de Facebook de la Municipalidad, se recuerda a los ciudadanos que desde el d\u00eda 1\u00b0 de enero, comienza a regir la ampliaci\u00f3n del Estacionamiento Medido. A PARTIR DEL 1\u00ba DE ENERO COMIENZA A REGIR LA AMPLIACI\u00d3N DEL ESTACIONAMIENTO MEDIDO Seg\u00fan lo establece la Ordenanza N\u00ba 5046\u2026","rel":"","context":"En \u00abCHASCOM\u00daS\u00bb","block_context":{"text":"CHASCOM\u00daS","link":"https:\/\/larevistadigital.com.ar\/blog\/category\/chascomus\/"},"img":{"alt_text":"","src":"https:\/\/i0.wp.com\/larevistadigital.com.ar\/blog\/wp-content\/uploads\/2017\/12\/25158398_1714869178533960_4369261589333084778_n.jpg?fit=960%2C544&ssl=1&resize=350%2C200","width":350,"height":200,"srcset":"https:\/\/i0.wp.com\/larevistadigital.com.ar\/blog\/wp-content\/uploads\/2017\/12\/25158398_1714869178533960_4369261589333084778_n.jpg?fit=960%2C544&ssl=1&resize=350%2C200 1x, https:\/\/i0.wp.com\/larevistadigital.com.ar\/blog\/wp-content\/uploads\/2017\/12\/25158398_1714869178533960_4369261589333084778_n.jpg?fit=960%2C544&ssl=1&resize=525%2C300 1.5x, https:\/\/i0.wp.com\/larevistadigital.com.ar\/blog\/wp-content\/uploads\/2017\/12\/25158398_1714869178533960_4369261589333084778_n.jpg?fit=960%2C544&ssl=1&resize=700%2C400 2x"},"classes":[]},{"id":33464,"url":"https:\/\/larevistadigital.com.ar\/blog\/chascomus-durante-tareas-preventivas-la-policia-intercepto-un-sujeto-con-pedido-de-captura-por-robo-en-brandsen\/","url_meta":{"origin":38014,"position":5},"title":"CHASCOM\u00daS: DURANTE TAREAS PREVENTIVAS LA POLIC\u00cdA INTERCEPT\u00d3 UN SUJETO CON PEDIDO DE CAPTURA POR ROBO EN BRANDSEN","author":"Alejandro Sosa Ruda","date":"15 septiembre, 2023","format":false,"excerpt":"El sujeto ten\u00eda pedido de captura por Hurto. 15 de Septiembre de 2023 CHASCOM\u00daS -\u00a0 En horas de la madrugada personal policial de EPC Chascomus 1ra. continuando con las diferentes tareas preventivas realizando operativo de interceptacion selectiva de personas, lograron interceptar en Colombia y Ameghino a una persona de sexo\u2026","rel":"","context":"En \u00abCHASCOM\u00daS\u00bb","block_context":{"text":"CHASCOM\u00daS","link":"https:\/\/larevistadigital.com.ar\/blog\/category\/chascomus\/"},"img":{"alt_text":"","src":"https:\/\/i0.wp.com\/larevistadigital.com.ar\/blog\/wp-content\/uploads\/WhatsApp-Image-2023-09-15-at-09.30.22-e1694793939517.jpeg?fit=966%2C293&ssl=1&resize=350%2C200","width":350,"height":200,"srcset":"https:\/\/i0.wp.com\/larevistadigital.com.ar\/blog\/wp-content\/uploads\/WhatsApp-Image-2023-09-15-at-09.30.22-e1694793939517.jpeg?fit=966%2C293&ssl=1&resize=350%2C200 1x, https:\/\/i0.wp.com\/larevistadigital.com.ar\/blog\/wp-content\/uploads\/WhatsApp-Image-2023-09-15-at-09.30.22-e1694793939517.jpeg?fit=966%2C293&ssl=1&resize=525%2C300 1.5x, https:\/\/i0.wp.com\/larevistadigital.com.ar\/blog\/wp-content\/uploads\/WhatsApp-Image-2023-09-15-at-09.30.22-e1694793939517.jpeg?fit=966%2C293&ssl=1&resize=700%2C400 2x"},"classes":[]}],"_links":{"self":[{"href":"https:\/\/larevistadigital.com.ar\/blog\/wp-json\/wp\/v2\/posts\/38014","targetHints":{"allow":["GET"]}}],"collection":[{"href":"https:\/\/larevistadigital.com.ar\/blog\/wp-json\/wp\/v2\/posts"}],"about":[{"href":"https:\/\/larevistadigital.com.ar\/blog\/wp-json\/wp\/v2\/types\/post"}],"author":[{"embeddable":true,"href":"https:\/\/larevistadigital.com.ar\/blog\/wp-json\/wp\/v2\/users\/3"}],"replies":[{"embeddable":true,"href":"https:\/\/larevistadigital.com.ar\/blog\/wp-json\/wp\/v2\/comments?post=38014"}],"version-history":[{"count":1,"href":"https:\/\/larevistadigital.com.ar\/blog\/wp-json\/wp\/v2\/posts\/38014\/revisions"}],"predecessor-version":[{"id":38022,"href":"https:\/\/larevistadigital.com.ar\/blog\/wp-json\/wp\/v2\/posts\/38014\/revisions\/38022"}],"wp:featuredmedia":[{"embeddable":true,"href":"https:\/\/larevistadigital.com.ar\/blog\/wp-json\/wp\/v2\/media\/38015"}],"wp:attachment":[{"href":"https:\/\/larevistadigital.com.ar\/blog\/wp-json\/wp\/v2\/media?parent=38014"}],"wp:term":[{"taxonomy":"category","embeddable":true,"href":"https:\/\/larevistadigital.com.ar\/blog\/wp-json\/wp\/v2\/categories?post=38014"},{"taxonomy":"post_tag","embeddable":true,"href":"https:\/\/larevistadigital.com.ar\/blog\/wp-json\/wp\/v2\/tags?post=38014"}],"curies":[{"name":"wp","href":"https:\/\/api.w.org\/{rel}","templated":true}]}}