{"id":38024,"date":"2024-11-28T19:04:38","date_gmt":"2024-11-28T22:04:38","guid":{"rendered":"https:\/\/larevistadigital.com.ar\/blog\/?p=38024"},"modified":"2024-11-28T19:04:38","modified_gmt":"2024-11-28T22:04:38","slug":"chascomus-terrible-relato-de-una-mujer-abusada-en-una-casa-abandonada","status":"publish","type":"post","link":"https:\/\/larevistadigital.com.ar\/blog\/chascomus-terrible-relato-de-una-mujer-abusada-en-una-casa-abandonada\/","title":{"rendered":"Chascom\u00fas: Terrible relato de una mujer abusada en una casa abandonada"},"content":{"rendered":"<h2>Fue abusada por dos individuos en una casa abandonada en calle Castelar. La mujer intent\u00f3 guarecerse de la lluvia.<\/h2>\n<p><em><span>28 de noviembre de 2024<\/span><\/em><\/p>\n<p><span><strong>CHASCOM\u00daS<\/strong> &#8211; <strong>Ana<\/strong>, una mujer de esta localidad, decidi\u00f3 romper el silencio para relatar el aterrador episodio que vivi\u00f3 el pasado 10 de noviembre. En di\u00e1logo con el programa radial <\/span><strong><em>\u00abAtaque de Radio\u00bb<\/em><\/strong><span> , emitido en simult\u00e1neo por la FM 102.7 y el streeming de YouTube en el canal <\/span><em><span>@radiopowerch.<\/span><\/em><\/p>\n<p><span>En conversaci\u00f3n con el periodista <strong>Alejandro \u00abEl Tano\u00bb Sosa<\/strong>, <strong>Ana<\/strong> narr\u00f3 con dolor y valent\u00eda los detalles del ataque que sufri\u00f3 a manos de dos hombres, quienes la agredieron de manera brutal mientras se refugiaba de la lluvia en una casa abandonada.<\/span><\/p>\n<h3><span>\u00abNo quiero que otro pase por lo mismo\u00bb<\/span><\/h3>\n<p><span><strong>Ana<\/strong> explic\u00f3 que tom\u00f3 la decisi\u00f3n de hacer p\u00fablica su historia para evitar que otras personas sufran lo que ella padeci\u00f3. Desde aquel d\u00eda fat\u00eddico, confes\u00f3 que vive aterrada, no puede salir de su casa y sufre ataques de p\u00e1nico, agravados por las \u00abhabladur\u00edas\u00bb que circularon en redes sociales.<\/span><\/p>\n<p><span>La mujer, quien lleva tres a\u00f1os en tratamiento psiqui\u00e1trico por depresi\u00f3n, asegur\u00f3 que el impacto emocional del ataque ha sido devastador tanto para ella como para su familia, incluidos sus tres hijos, especialmente el menor, de 14 a\u00f1os.<\/span><\/p>\n<h3><span>El d\u00eda del ataque<\/span><\/h3>\n<p><span>Todo comenz\u00f3 el domingo 10 de noviembre. <strong>Ana<\/strong>, buscando despejarse de un estado de \u00e1nimo melanc\u00f3lico, sali\u00f3 a caminar cerca de las 18:00 horas. Record\u00f3 que hab\u00eda sido invitada a una iglesia en la calle Castelar y decidi\u00f3 ir. Sin embargo, tras un breve rato en el templo, se sinti\u00f3 m\u00e1s angustiada y opt\u00f3 por salir al exterior.<\/span><\/p>\n<blockquote>\n<h3><span>Cuando comenz\u00f3 a llover, Ana busc\u00f3 refugio en una casa abandonada con un port\u00f3n semiabierto. <em><strong>\u201cEntr\u00e9 para fumar un cigarrillo y esperar que parara la lluvia<\/strong><\/em>\u201d, relat\u00f3. Sin embargo, lo que parec\u00eda un resguardo moment\u00e1neo se convirti\u00f3 en el escenario de una pesadilla.<\/span><\/h3>\n<\/blockquote>\n<h3><span>\u00abMe paralic\u00e9 del miedo\u00bb<\/span><\/h3>\n<blockquote>\n<h3><span>Poco despu\u00e9s, escuch\u00f3 que llegaba al lugar un grupo de muchachos, hablando muy fuerte y notoriamente alcoholizados. Esto la aterr\u00f3. Se qued\u00f3 en una habitaci\u00f3n, sin hacer ruido pero de pronto ingresaron dos individuos, con gorra y capucha y la enfrentaron.<\/span><\/h3>\n<\/blockquote>\n<p><span><em><strong>\u201cMe preguntaron qu\u00e9 hac\u00eda ah\u00ed y me dijeron que ese lugar era suyo. Uno de ellos me amenaz\u00f3.\u00bb<\/strong><\/em> Despu\u00e9s sinti\u00f3 un golpe que me tumb\u00f3. Entonces, empez\u00f3 lo peor: <strong><em>\u00abme atacaron sexualmente con una botella\u201d<\/em><\/strong>, record\u00f3 <strong>Ana<\/strong>, con la voz entrecortada.<\/span><\/p>\n<blockquote>\n<h3><span>La mujer perdi\u00f3 el conocimiento debido al dolor extremo y despert\u00f3 tiempo despu\u00e9s, dolorida, ensangrentada, y con sus pertenencias robadas. <em><strong>\u201cEstaba toda mojada, con sangre y la ropa a medio bajar\u201d<\/strong><\/em>, \u200b\u200bdetall\u00f3.<\/span><\/h3>\n<\/blockquote>\n<h3><span>Una orden de justicia<\/span><\/h3>\n<p><span>Como pudo, <strong>Ana<\/strong> sali\u00f3 a la calle y logr\u00f3 pedir ayuda en un local de comidas cercano. Desde all\u00ed, llamaron a su marido, a la polic\u00eda ya una ambulancia. Pese a la atenci\u00f3n m\u00e9dica recibida, las secuelas f\u00edsicas y emocionales del ataque persisten.<\/span><\/p>\n<blockquote>\n<h3><span><strong>Ana<\/strong> denunci\u00f3 que, desde entonces, ha recibido amenazas telef\u00f3nicas por compartir su historia. Tambi\u00e9n pidi\u00f3 que se tomen medidas sobre la casa abandonada donde ocurrieron los hechos, un lugar que los vecinos se\u00f1alan como peligroso, aunque muchos temen hablar.<\/span><\/h3>\n<\/blockquote>\n<p><span><em><strong>\u201cQuiero que se haga justicia y que esto no le pase a nadie m\u00e1s. Ese lugar deber\u00eda cerrarse antes de que otra persona pase por lo que yo pas\u00e9\u201d<\/strong><\/em>, concluy\u00f3.<\/span><\/p>\n<p><span> La familia de Ana sigue luchando por superar este episodio. <strong>Ana<\/strong> y los suyos, esperan justicia.<\/span><\/p>\n","protected":false},"excerpt":{"rendered":"<div class=\"mh-excerpt\"><p>Fue abusada por dos individuos en una casa abandonada en calle Castelar. La mujer intent\u00f3 guarecerse de la lluvia. 28 de noviembre de 2024 CHASCOM\u00daS &#8211; Ana, una mujer de esta localidad, decidi\u00f3 romper el <a class=\"mh-excerpt-more\" href=\"https:\/\/larevistadigital.com.ar\/blog\/chascomus-terrible-relato-de-una-mujer-abusada-en-una-casa-abandonada\/\" title=\"Chascom\u00fas: Terrible relato de una mujer abusada en una casa abandonada\">[Leer M\u00e1s]<\/a><\/p>\n<\/div>","protected":false},"author":3,"featured_media":38025,"comment_status":"open","ping_status":"open","sticky":false,"template":"","format":"standard","meta":{"_jetpack_memberships_contains_paid_content":false,"footnotes":"","jetpack_publicize_message":"","jetpack_publicize_feature_enabled":true,"jetpack_social_post_already_shared":true,"jetpack_social_options":{"image_generator_settings":{"template":"highway","default_image_id":0,"font":"","enabled":false},"version":2}},"categories":[247,41],"tags":[],"class_list":{"0":"post-38024","1":"post","2":"type-post","3":"status-publish","4":"format-standard","5":"has-post-thumbnail","7":"category-ataque-de-radio","8":"category-destacadas"},"jetpack_publicize_connections":[],"jetpack_featured_media_url":"https:\/\/i0.wp.com\/larevistadigital.com.ar\/blog\/wp-content\/uploads\/mangajo-700x391-1.jpg?fit=700%2C391&ssl=1","jetpack_sharing_enabled":true,"jetpack_shortlink":"https:\/\/wp.me\/p8qtrQ-9Ti","jetpack-related-posts":[{"id":42586,"url":"https:\/\/larevistadigital.com.ar\/blog\/chascomus-aprehemden-a-una-mujer-que-ataco-con-violencia-a-un-automovil\/","url_meta":{"origin":38024,"position":0},"title":"Chascom\u00fas: Aprehemden a una mujer que atac\u00f3 con violencia a un autom\u00f3vil","author":"Alejandro Sosa Ruda","date":"23 noviembre, 2025","format":false,"excerpt":"Una vecina fue detenida luego de da\u00f1ar un veh\u00edculo a pedradas. La Justicia investiga el motivo del ataque. 23 de Noviembre de 2025 CHASCOM\u00daS -\u00a0 \u00a0Una mujer mayor de edad fue aprehendida este s\u00e1bado por la ma\u00f1ana en un domicilio del barrio El Porte\u00f1o, luego de protagonizar un violento episodio\u2026","rel":"","context":"En \u00abINTERES GENERAL\u00bb","block_context":{"text":"INTERES GENERAL","link":"https:\/\/larevistadigital.com.ar\/blog\/category\/interes-general\/"},"img":{"alt_text":"","src":"https:\/\/i0.wp.com\/larevistadigital.com.ar\/blog\/wp-content\/uploads\/mujer-esposada-1.jpg?fit=800%2C452&ssl=1&resize=350%2C200","width":350,"height":200,"srcset":"https:\/\/i0.wp.com\/larevistadigital.com.ar\/blog\/wp-content\/uploads\/mujer-esposada-1.jpg?fit=800%2C452&ssl=1&resize=350%2C200 1x, https:\/\/i0.wp.com\/larevistadigital.com.ar\/blog\/wp-content\/uploads\/mujer-esposada-1.jpg?fit=800%2C452&ssl=1&resize=525%2C300 1.5x, https:\/\/i0.wp.com\/larevistadigital.com.ar\/blog\/wp-content\/uploads\/mujer-esposada-1.jpg?fit=800%2C452&ssl=1&resize=700%2C400 2x"},"classes":[]},{"id":23862,"url":"https:\/\/larevistadigital.com.ar\/blog\/ajuste-de-cuentas-matan-a-una-mujer-a-balazos-frente-a-su-familia\/","url_meta":{"origin":38024,"position":1},"title":"\u00bfAJUSTE DE CUENTAS? MATAN A UNA MUJER A BALAZOS FRENTE A SU FAMILIA","author":"Alejandro Sosa Ruda","date":"7 febrero, 2022","format":false,"excerpt":"Una mujer de 35 a\u00f1os fue asesinada en San Nicol\u00e1s, de un balazo en la cabeza delante de su familia por delincuentes que se hicieron pasar por polic\u00edas. Los investigadores descartan que se haya tratado de un intento de robo. Especulan que los delincuentes confundieron a la mujer asesinada con\u2026","rel":"","context":"En \u00abINTERES GENERAL\u00bb","block_context":{"text":"INTERES GENERAL","link":"https:\/\/larevistadigital.com.ar\/blog\/category\/interes-general\/"},"img":{"alt_text":"","src":"https:\/\/i0.wp.com\/larevistadigital.com.ar\/blog\/wp-content\/uploads\/20220206122957_asesinato-mujer-san-nicolas.jpg?fit=880%2C512&ssl=1&resize=350%2C200","width":350,"height":200,"srcset":"https:\/\/i0.wp.com\/larevistadigital.com.ar\/blog\/wp-content\/uploads\/20220206122957_asesinato-mujer-san-nicolas.jpg?fit=880%2C512&ssl=1&resize=350%2C200 1x, https:\/\/i0.wp.com\/larevistadigital.com.ar\/blog\/wp-content\/uploads\/20220206122957_asesinato-mujer-san-nicolas.jpg?fit=880%2C512&ssl=1&resize=525%2C300 1.5x, https:\/\/i0.wp.com\/larevistadigital.com.ar\/blog\/wp-content\/uploads\/20220206122957_asesinato-mujer-san-nicolas.jpg?fit=880%2C512&ssl=1&resize=700%2C400 2x"},"classes":[]},{"id":38562,"url":"https:\/\/larevistadigital.com.ar\/blog\/chascomus-por-esquivar-a-una-mujer-que-cruzo-sin-mirar-termino-en-la-zanja-frente-al-howard-johnson\/","url_meta":{"origin":38024,"position":2},"title":"Chascom\u00fas: Por esquivar a una mujer que cruz\u00f3 sin mirar, termin\u00f3 en la zanja, frente al Howard Johnson","author":"Alejandro Sosa Ruda","date":"27 enero, 2025","format":false,"excerpt":"Afortunadamente no hubo que lamentar heridas, pero si, el auto qued\u00f3 muy golpeado. 26 de Enero de 2025 CHASCOM\u00daS -\u00a0 En horas de la ma\u00f1ana del viernes pasado, una mujer cruz\u00f3 la calle en el camino de circunvalaci\u00f3n, a la altura del Hotel Howard Johnson, cuando pasaba por el lugar\u2026","rel":"","context":"En \u00abDESTACADAS\u00bb","block_context":{"text":"DESTACADAS","link":"https:\/\/larevistadigital.com.ar\/blog\/category\/destacadas\/"},"img":{"alt_text":"","src":"https:\/\/i0.wp.com\/larevistadigital.com.ar\/blog\/wp-content\/uploads\/zanja-3.jpg?fit=720%2C761&ssl=1&resize=350%2C200","width":350,"height":200,"srcset":"https:\/\/i0.wp.com\/larevistadigital.com.ar\/blog\/wp-content\/uploads\/zanja-3.jpg?fit=720%2C761&ssl=1&resize=350%2C200 1x, https:\/\/i0.wp.com\/larevistadigital.com.ar\/blog\/wp-content\/uploads\/zanja-3.jpg?fit=720%2C761&ssl=1&resize=525%2C300 1.5x, https:\/\/i0.wp.com\/larevistadigital.com.ar\/blog\/wp-content\/uploads\/zanja-3.jpg?fit=720%2C761&ssl=1&resize=700%2C400 2x"},"classes":[]},{"id":31353,"url":"https:\/\/larevistadigital.com.ar\/blog\/merlo-hallan-abandonada-a-una-bebe-recien-nacida\/","url_meta":{"origin":38024,"position":3},"title":"MERLO: HALLAN ABANDONADA A UNA BEB\u00c9 RECI\u00c9N NACIDA","author":"Alejandro Sosa Ruda","date":"4 mayo, 2023","format":false,"excerpt":"La ni\u00f1a fue encontrada en una vereda. Se desnuda y cubierta con una frazada. La madre fue identificada y qued\u00f3 detenida. 4 de mayo de 2023 MERLO -\u00a0 Una mujer encontr\u00f3 a una beb\u00e9 reci\u00e9n nacida abandonada en una vereda del partido de Merlo. La madre de la ni\u00f1a, tras\u2026","rel":"","context":"En \u00abSOCIEDAD\u00bb","block_context":{"text":"SOCIEDAD","link":"https:\/\/larevistadigital.com.ar\/blog\/category\/sociedad\/"},"img":{"alt_text":"","src":"https:\/\/i0.wp.com\/larevistadigital.com.ar\/blog\/wp-content\/uploads\/20230504173033_hosp.jpg?fit=880%2C512&ssl=1&resize=350%2C200","width":350,"height":200,"srcset":"https:\/\/i0.wp.com\/larevistadigital.com.ar\/blog\/wp-content\/uploads\/20230504173033_hosp.jpg?fit=880%2C512&ssl=1&resize=350%2C200 1x, https:\/\/i0.wp.com\/larevistadigital.com.ar\/blog\/wp-content\/uploads\/20230504173033_hosp.jpg?fit=880%2C512&ssl=1&resize=525%2C300 1.5x, https:\/\/i0.wp.com\/larevistadigital.com.ar\/blog\/wp-content\/uploads\/20230504173033_hosp.jpg?fit=880%2C512&ssl=1&resize=700%2C400 2x"},"classes":[]},{"id":42338,"url":"https:\/\/larevistadigital.com.ar\/blog\/mar-del-plata-detuvieron-a-un-feriante-acusado-de-violar-a-una-mujer\/","url_meta":{"origin":38024,"position":4},"title":"Mar del Plata: detuvieron a un feriante acusado de violar a una mujer","author":"Alejandro Sosa Ruda","date":"1 noviembre, 2025","format":false,"excerpt":"La v\u00edctima, de 47 a\u00f1os, denunci\u00f3 que fue abusada en dos oportunidades por un hombre con antecedentes penales por delitos sexuales. El acusado fue arrestado y qued\u00f3 a disposici\u00f3n de la Justicia. 01 de Noviembre de 2025 MAR DEL PLATA -\u00a0 \u00a0Una mujer de 47 a\u00f1os fue v\u00edctima de una\u2026","rel":"","context":"En \u00abPOLICIALES\u00bb","block_context":{"text":"POLICIALES","link":"https:\/\/larevistadigital.com.ar\/blog\/category\/policiales\/"},"img":{"alt_text":"","src":"https:\/\/i0.wp.com\/larevistadigital.com.ar\/blog\/wp-content\/uploads\/una-mujer-fue-rescatada-la-policia-la-plata.jpg?fit=1200%2C675&ssl=1&resize=350%2C200","width":350,"height":200,"srcset":"https:\/\/i0.wp.com\/larevistadigital.com.ar\/blog\/wp-content\/uploads\/una-mujer-fue-rescatada-la-policia-la-plata.jpg?fit=1200%2C675&ssl=1&resize=350%2C200 1x, https:\/\/i0.wp.com\/larevistadigital.com.ar\/blog\/wp-content\/uploads\/una-mujer-fue-rescatada-la-policia-la-plata.jpg?fit=1200%2C675&ssl=1&resize=525%2C300 1.5x, https:\/\/i0.wp.com\/larevistadigital.com.ar\/blog\/wp-content\/uploads\/una-mujer-fue-rescatada-la-policia-la-plata.jpg?fit=1200%2C675&ssl=1&resize=700%2C400 2x, https:\/\/i0.wp.com\/larevistadigital.com.ar\/blog\/wp-content\/uploads\/una-mujer-fue-rescatada-la-policia-la-plata.jpg?fit=1200%2C675&ssl=1&resize=1050%2C600 3x"},"classes":[]},{"id":16849,"url":"https:\/\/larevistadigital.com.ar\/blog\/una-chica-denuncio-que-fue-abusada-en-un-cumpleanos\/","url_meta":{"origin":38024,"position":5},"title":"UNA CHICA DENUNCI\u00d3 QUE FUE ABUSADA EN UN CUMPLEA\u00d1OS","author":"Alejandro Sosa Ruda","date":"8 octubre, 2020","format":false,"excerpt":"La v\u00edctima, de 20 a\u00f1os, declar\u00f3 que en el lugar le dieron algo de beber que le hizo perder el conocimiento. Se despert\u00f3 en una cama, con dolor en sus partes \u00edntimas, junto a un hombre. Sucedi\u00f3 en Villa Gessel. VILLA GESELL -\u00a0Una joven de 20 a\u00f1os denunci\u00f3 que fue\u2026","rel":"","context":"En \u00abPOLICIALES\u00bb","block_context":{"text":"POLICIALES","link":"https:\/\/larevistadigital.com.ar\/blog\/category\/policiales\/"},"img":{"alt_text":"","src":"https:\/\/i0.wp.com\/larevistadigital.com.ar\/blog\/wp-content\/uploads\/ce33da367f5799199ba920021a3fc6ba3fab4250.jpg?fit=1140%2C800&ssl=1&resize=350%2C200","width":350,"height":200,"srcset":"https:\/\/i0.wp.com\/larevistadigital.com.ar\/blog\/wp-content\/uploads\/ce33da367f5799199ba920021a3fc6ba3fab4250.jpg?fit=1140%2C800&ssl=1&resize=350%2C200 1x, https:\/\/i0.wp.com\/larevistadigital.com.ar\/blog\/wp-content\/uploads\/ce33da367f5799199ba920021a3fc6ba3fab4250.jpg?fit=1140%2C800&ssl=1&resize=525%2C300 1.5x, https:\/\/i0.wp.com\/larevistadigital.com.ar\/blog\/wp-content\/uploads\/ce33da367f5799199ba920021a3fc6ba3fab4250.jpg?fit=1140%2C800&ssl=1&resize=700%2C400 2x, https:\/\/i0.wp.com\/larevistadigital.com.ar\/blog\/wp-content\/uploads\/ce33da367f5799199ba920021a3fc6ba3fab4250.jpg?fit=1140%2C800&ssl=1&resize=1050%2C600 3x"},"classes":[]}],"_links":{"self":[{"href":"https:\/\/larevistadigital.com.ar\/blog\/wp-json\/wp\/v2\/posts\/38024","targetHints":{"allow":["GET"]}}],"collection":[{"href":"https:\/\/larevistadigital.com.ar\/blog\/wp-json\/wp\/v2\/posts"}],"about":[{"href":"https:\/\/larevistadigital.com.ar\/blog\/wp-json\/wp\/v2\/types\/post"}],"author":[{"embeddable":true,"href":"https:\/\/larevistadigital.com.ar\/blog\/wp-json\/wp\/v2\/users\/3"}],"replies":[{"embeddable":true,"href":"https:\/\/larevistadigital.com.ar\/blog\/wp-json\/wp\/v2\/comments?post=38024"}],"version-history":[{"count":1,"href":"https:\/\/larevistadigital.com.ar\/blog\/wp-json\/wp\/v2\/posts\/38024\/revisions"}],"predecessor-version":[{"id":38026,"href":"https:\/\/larevistadigital.com.ar\/blog\/wp-json\/wp\/v2\/posts\/38024\/revisions\/38026"}],"wp:featuredmedia":[{"embeddable":true,"href":"https:\/\/larevistadigital.com.ar\/blog\/wp-json\/wp\/v2\/media\/38025"}],"wp:attachment":[{"href":"https:\/\/larevistadigital.com.ar\/blog\/wp-json\/wp\/v2\/media?parent=38024"}],"wp:term":[{"taxonomy":"category","embeddable":true,"href":"https:\/\/larevistadigital.com.ar\/blog\/wp-json\/wp\/v2\/categories?post=38024"},{"taxonomy":"post_tag","embeddable":true,"href":"https:\/\/larevistadigital.com.ar\/blog\/wp-json\/wp\/v2\/tags?post=38024"}],"curies":[{"name":"wp","href":"https:\/\/api.w.org\/{rel}","templated":true}]}}