{"id":38028,"date":"2024-11-30T12:59:48","date_gmt":"2024-11-30T15:59:48","guid":{"rendered":"https:\/\/larevistadigital.com.ar\/blog\/?p=38028"},"modified":"2024-11-30T12:59:48","modified_gmt":"2024-11-30T15:59:48","slug":"la-vtv-vuelve-a-aumentar-en-diciembre-a-casi-54-mil-pesos","status":"publish","type":"post","link":"https:\/\/larevistadigital.com.ar\/blog\/la-vtv-vuelve-a-aumentar-en-diciembre-a-casi-54-mil-pesos\/","title":{"rendered":"La VTV vuelve a aumentar en diciembre a casi 54 mil pesos"},"content":{"rendered":"<h2 class=\"fparrafo ctext fz18 lh25\">La Verificaci\u00f3n T\u00e9cnica Vehicular tendr\u00e1 otro incremento desde febrero del 2025. C\u00f3mo quedaron las tarifas. El siguiente aumento ser\u00e1 en febrero de 2025,<\/h2>\n<p>30 de Noviembre de 2024<\/p>\n<p>El costo del tr\u00e1mite por la Verificaci\u00f3n T\u00e9cnica Vehicular (VTV) vuelve a aumentar desde el 1\u00b0 de diciembre un 21,83% y el valor para un auto mediano ya supera los 50 mil pesos. En febrero, habr\u00e1 otro incremento.<\/p>\n<p>Entre las justificaciones por los aumentos desde el ministerio de turismo bonaerense sostuvieron que las <strong><em>\u201cempresas concesionarias de la VTV, a trav\u00e9s de la C\u00e1mara Argentina de Verificadores de Automotores (CAVEA), han presentado ante la Direcci\u00f3n Provincial de Verificaci\u00f3n T\u00e9cnica Vehicular el requerimiento de una nueva actualizaci\u00f3n tarifaria\u2033<\/em><\/strong>, luego de llegar a un acuerdo paritario para julio \u2013 septiembre.<\/p>\n<h3><span style=\"color: #ff0000\"><b>Los nuevos precios de la VTV tras el aumento<\/b><\/span><\/h3>\n<p>-Motos: $21.527,47.<\/p>\n<p>-Veh\u00edculos hasta 2500 kilos: $53.819,26.<\/p>\n<p>-Veh\u00edculos de m\u00e1s de 2500 kilos: $96.873,58.<\/p>\n<p>-Remolques, semirremolques y acoplados hasta 2500 kilos: $32.291,19.<\/p>\n<p>-Remolques, semirremolques y acoplados de m\u00e1s de 2500 kilos: $48.436,79.<\/p>\n<p>Los jubilados y pensionados pueden acceder a un 50% de descuento sobre las tarifas vigentes.<\/p>\n<p>Seg\u00fan publica el portal InfoGEI, los aumentos en la tarifa de la VTV continuar\u00e1n en de febrero de 2025, con otro incremento en la tarifa, que para un veh\u00edculo de 2500 kilos, ascender\u00e1 a $63.463,30.<\/p>\n","protected":false},"excerpt":{"rendered":"<div class=\"mh-excerpt\"><p>La Verificaci\u00f3n T\u00e9cnica Vehicular tendr\u00e1 otro incremento desde febrero del 2025. C\u00f3mo quedaron las tarifas. El siguiente aumento ser\u00e1 en febrero de 2025, 30 de Noviembre de 2024 El costo del tr\u00e1mite por la Verificaci\u00f3n <a class=\"mh-excerpt-more\" href=\"https:\/\/larevistadigital.com.ar\/blog\/la-vtv-vuelve-a-aumentar-en-diciembre-a-casi-54-mil-pesos\/\" title=\"La VTV vuelve a aumentar en diciembre a casi 54 mil pesos\">[Leer M\u00e1s]<\/a><\/p>\n<\/div>","protected":false},"author":3,"featured_media":38029,"comment_status":"open","ping_status":"open","sticky":false,"template":"","format":"standard","meta":{"_jetpack_memberships_contains_paid_content":false,"footnotes":"","jetpack_publicize_message":"","jetpack_publicize_feature_enabled":true,"jetpack_social_post_already_shared":true,"jetpack_social_options":{"image_generator_settings":{"template":"highway","default_image_id":0,"font":"","enabled":false},"version":2}},"categories":[50],"tags":[],"class_list":{"0":"post-38028","1":"post","2":"type-post","3":"status-publish","4":"format-standard","5":"has-post-thumbnail","7":"category-interes-general"},"jetpack_publicize_connections":[],"jetpack_featured_media_url":"https:\/\/i0.wp.com\/larevistadigital.com.ar\/blog\/wp-content\/uploads\/20241129200132_vtv-en-la-provincia-de-buenos-aires.jpg?fit=880%2C512&ssl=1","jetpack_sharing_enabled":true,"jetpack_shortlink":"https:\/\/wp.me\/p8qtrQ-9Tm","jetpack-related-posts":[{"id":42995,"url":"https:\/\/larevistadigital.com.ar\/blog\/la-planta-movil-de-vtv-llegara-en-enero-a-chascomus\/","url_meta":{"origin":38028,"position":0},"title":"La planta m\u00f3vil de VTV llegar\u00e1 en enero a Chascom\u00fas","author":"Alejandro Sosa Ruda","date":"22 diciembre, 2025","format":false,"excerpt":"El equipo de verificaci\u00f3n vehicular atender\u00e1 con turno previo. 22 de diciembre de 2025 CHASCOM\u00daS -\u00a0 \u00a0La planta m\u00f3vil de Verificaci\u00f3n T\u00e9cnica Vehicular (VTV) estar\u00e1 brindando el servicio t\u00e9cnico a los usuarios de nuestra ciudad y la zona, de lunes a viernes, en el horario de 8 a 17, entre\u2026","rel":"","context":"En \u00abINTERES GENERAL\u00bb","block_context":{"text":"INTERES GENERAL","link":"https:\/\/larevistadigital.com.ar\/blog\/category\/interes-general\/"},"img":{"alt_text":"","src":"https:\/\/i0.wp.com\/larevistadigital.com.ar\/blog\/wp-content\/uploads\/694977fb20170.png?fit=668%2C445&ssl=1&resize=350%2C200","width":350,"height":200,"srcset":"https:\/\/i0.wp.com\/larevistadigital.com.ar\/blog\/wp-content\/uploads\/694977fb20170.png?fit=668%2C445&ssl=1&resize=350%2C200 1x, https:\/\/i0.wp.com\/larevistadigital.com.ar\/blog\/wp-content\/uploads\/694977fb20170.png?fit=668%2C445&ssl=1&resize=525%2C300 1.5x"},"classes":[]},{"id":27364,"url":"https:\/\/larevistadigital.com.ar\/blog\/en-territorio-bonaerense-la-vtv-costara-un-4652-mas\/","url_meta":{"origin":38028,"position":1},"title":"EN TERRITORIO BONAERENSE LA VTV COSTAR\u00c1 UN 46,52% M\u00c1S","author":"Alejandro Sosa Ruda","date":"29 agosto, 2022","format":false,"excerpt":"En junio pasado las empresas concesionarias de la VTV, a trav\u00e9s de la C\u00e1mara Argentina de Verificadores de Automotores (CAVEA) hab\u00edam pedido a la Direcci\u00f3n Provincial de Verificaci\u00f3n T\u00e9cnica Vehicular una revisi\u00f3n extraordinaria de tarifas, en medio de la escalada inflacionaria. 29 de agosto de 2022 \u00a0El Gobierno bonaerense aprob\u00f3\u2026","rel":"","context":"En \u00abPOLITICA PROVINCIAL\u00bb","block_context":{"text":"POLITICA PROVINCIAL","link":"https:\/\/larevistadigital.com.ar\/blog\/category\/politica\/politica-provincial\/"},"img":{"alt_text":"","src":"https:\/\/i0.wp.com\/larevistadigital.com.ar\/blog\/wp-content\/uploads\/20220829185613_vtv.png?fit=880%2C512&ssl=1&resize=350%2C200","width":350,"height":200,"srcset":"https:\/\/i0.wp.com\/larevistadigital.com.ar\/blog\/wp-content\/uploads\/20220829185613_vtv.png?fit=880%2C512&ssl=1&resize=350%2C200 1x, https:\/\/i0.wp.com\/larevistadigital.com.ar\/blog\/wp-content\/uploads\/20220829185613_vtv.png?fit=880%2C512&ssl=1&resize=525%2C300 1.5x, https:\/\/i0.wp.com\/larevistadigital.com.ar\/blog\/wp-content\/uploads\/20220829185613_vtv.png?fit=880%2C512&ssl=1&resize=700%2C400 2x"},"classes":[]},{"id":43624,"url":"https:\/\/larevistadigital.com.ar\/blog\/chascomus-ultimos-dias-para-realizar-la-vtv-en-la-planta-movil\/","url_meta":{"origin":38028,"position":2},"title":"Chascom\u00fas:  \u00daltimos d\u00edas para realizar la VTV en la planta m\u00f3vil","author":"Alejandro Sosa Ruda","date":"27 enero, 2026","format":false,"excerpt":"El servicio funciona con turno previo y estar\u00e1 disponible hasta el 2 de febrero en el play\u00f3n de Cer\u00e1mica Chascom\u00fas. 27 de enero de 20269 CHASCOM\u00daS -\u00a0 \u00a0 La planta m\u00f3vil de Verificaci\u00f3n T\u00e9cnica Vehicular (VTV) cumple sus \u00faltimos d\u00edas de atenci\u00f3n en Chascom\u00fas. El operativo, que se encuentra en\u2026","rel":"","context":"En \u00abREGIONALES\u00bb","block_context":{"text":"REGIONALES","link":"https:\/\/larevistadigital.com.ar\/blog\/category\/regionales\/"},"img":{"alt_text":"","src":"https:\/\/i0.wp.com\/larevistadigital.com.ar\/blog\/wp-content\/uploads\/6978ef87a8aea.png?fit=668%2C445&ssl=1&resize=350%2C200","width":350,"height":200,"srcset":"https:\/\/i0.wp.com\/larevistadigital.com.ar\/blog\/wp-content\/uploads\/6978ef87a8aea.png?fit=668%2C445&ssl=1&resize=350%2C200 1x, https:\/\/i0.wp.com\/larevistadigital.com.ar\/blog\/wp-content\/uploads\/6978ef87a8aea.png?fit=668%2C445&ssl=1&resize=525%2C300 1.5x"},"classes":[]},{"id":43187,"url":"https:\/\/larevistadigital.com.ar\/blog\/comenzo-ayer-la-atencion-en-chascomus-de-la-planta-movil-de-vtv\/","url_meta":{"origin":38028,"position":3},"title":"Comenz\u00f3 ayer la atenci\u00f3n en Chascom\u00fas de la planta m\u00f3vil de VTV","author":"Alejandro Sosa Ruda","date":"6 enero, 2026","format":false,"excerpt":"Es importante recordar que la VTV y la p\u00f3liza de seguros vigentes son obligatorios. 06 de enero de 2026 CHASCOM\u00daS -\u00a0 \u00a0 La planta m\u00f3vil de Verificaci\u00f3n T\u00e9cnica Vehicular (VTV) comenz\u00f3 en la jornada del \u00faltimo lunes a prestar su servicio t\u00e9cnico a los usuarios de nuestra ciudad y la\u2026","rel":"","context":"En \u00abDESTACADAS\u00bb","block_context":{"text":"DESTACADAS","link":"https:\/\/larevistadigital.com.ar\/blog\/category\/destacadas\/"},"img":{"alt_text":"","src":"https:\/\/i0.wp.com\/larevistadigital.com.ar\/blog\/wp-content\/uploads\/695d4960559ab.png?fit=668%2C445&ssl=1&resize=350%2C200","width":350,"height":200,"srcset":"https:\/\/i0.wp.com\/larevistadigital.com.ar\/blog\/wp-content\/uploads\/695d4960559ab.png?fit=668%2C445&ssl=1&resize=350%2C200 1x, https:\/\/i0.wp.com\/larevistadigital.com.ar\/blog\/wp-content\/uploads\/695d4960559ab.png?fit=668%2C445&ssl=1&resize=525%2C300 1.5x"},"classes":[]},{"id":13642,"url":"https:\/\/larevistadigital.com.ar\/blog\/ranchos-el-16-de-diciembre-llega-la-planta-movil-de-vtv-al-distrito\/","url_meta":{"origin":38028,"position":4},"title":"RANCHOS: EL 16 DE DICIEMBRE LLEGA LA PLANTA M\u00d3VIL DE VTV AL DISTRITO","author":"Alejandro Sosa Ruda","date":"12 diciembre, 2019","format":false,"excerpt":"Como viene aconteciendo peri\u00f3dicamente, la planta m\u00f3vil de la Verificaci\u00f3n T\u00e9cnica Vehicular, estar\u00e1 instal\u00e1ndose sobre la calle Espa\u00f1a entre Av. Campomar y Ameghino de la ciudad de Ranchos. La misma atender\u00e1 al p\u00fablico del lunes 16 al 30 del corriente, en el horario comprendido entre las 8:00 a 17:00 hs.\u2026","rel":"","context":"En \u00abRANCHOS\u00bb","block_context":{"text":"RANCHOS","link":"https:\/\/larevistadigital.com.ar\/blog\/category\/ranchos\/"},"img":{"alt_text":"","src":"https:\/\/i0.wp.com\/larevistadigital.com.ar\/blog\/wp-content\/uploads\/20180816_123507.jpg?fit=1044%2C619&ssl=1&resize=350%2C200","width":350,"height":200,"srcset":"https:\/\/i0.wp.com\/larevistadigital.com.ar\/blog\/wp-content\/uploads\/20180816_123507.jpg?fit=1044%2C619&ssl=1&resize=350%2C200 1x, https:\/\/i0.wp.com\/larevistadigital.com.ar\/blog\/wp-content\/uploads\/20180816_123507.jpg?fit=1044%2C619&ssl=1&resize=525%2C300 1.5x, https:\/\/i0.wp.com\/larevistadigital.com.ar\/blog\/wp-content\/uploads\/20180816_123507.jpg?fit=1044%2C619&ssl=1&resize=700%2C400 2x"},"classes":[]},{"id":14365,"url":"https:\/\/larevistadigital.com.ar\/blog\/llega-la-vtv-a-chascomus\/","url_meta":{"origin":38028,"position":5},"title":"LLEGA LA VTV A CHASCOM\u00daS","author":"Alejandro Sosa Ruda","date":"26 enero, 2020","format":false,"excerpt":"Con el objetivo de que los propietarios de autom\u00f3viles de Chascom\u00fas no tengan que viajar para cumplir con la obligaci\u00f3n que marca la Ley de Tr\u00e1nsito 24.449 en su art\u00edculo 24, se inform\u00f3 que desde el pr\u00f3ximo martes 28 del corriente se instalar\u00e1 en nuestra ciudad la planta m\u00f3vil de\u2026","rel":"","context":"En \u00abINTERES GENERAL\u00bb","block_context":{"text":"INTERES GENERAL","link":"https:\/\/larevistadigital.com.ar\/blog\/category\/interes-general\/"},"img":{"alt_text":"","src":"https:\/\/i0.wp.com\/larevistadigital.com.ar\/blog\/wp-content\/uploads\/nota-1031573-planta-movil-esta-dolores-140121073833.jpg?fit=1000%2C672&ssl=1&resize=350%2C200","width":350,"height":200,"srcset":"https:\/\/i0.wp.com\/larevistadigital.com.ar\/blog\/wp-content\/uploads\/nota-1031573-planta-movil-esta-dolores-140121073833.jpg?fit=1000%2C672&ssl=1&resize=350%2C200 1x, https:\/\/i0.wp.com\/larevistadigital.com.ar\/blog\/wp-content\/uploads\/nota-1031573-planta-movil-esta-dolores-140121073833.jpg?fit=1000%2C672&ssl=1&resize=525%2C300 1.5x, https:\/\/i0.wp.com\/larevistadigital.com.ar\/blog\/wp-content\/uploads\/nota-1031573-planta-movil-esta-dolores-140121073833.jpg?fit=1000%2C672&ssl=1&resize=700%2C400 2x"},"classes":[]}],"_links":{"self":[{"href":"https:\/\/larevistadigital.com.ar\/blog\/wp-json\/wp\/v2\/posts\/38028","targetHints":{"allow":["GET"]}}],"collection":[{"href":"https:\/\/larevistadigital.com.ar\/blog\/wp-json\/wp\/v2\/posts"}],"about":[{"href":"https:\/\/larevistadigital.com.ar\/blog\/wp-json\/wp\/v2\/types\/post"}],"author":[{"embeddable":true,"href":"https:\/\/larevistadigital.com.ar\/blog\/wp-json\/wp\/v2\/users\/3"}],"replies":[{"embeddable":true,"href":"https:\/\/larevistadigital.com.ar\/blog\/wp-json\/wp\/v2\/comments?post=38028"}],"version-history":[{"count":1,"href":"https:\/\/larevistadigital.com.ar\/blog\/wp-json\/wp\/v2\/posts\/38028\/revisions"}],"predecessor-version":[{"id":38030,"href":"https:\/\/larevistadigital.com.ar\/blog\/wp-json\/wp\/v2\/posts\/38028\/revisions\/38030"}],"wp:featuredmedia":[{"embeddable":true,"href":"https:\/\/larevistadigital.com.ar\/blog\/wp-json\/wp\/v2\/media\/38029"}],"wp:attachment":[{"href":"https:\/\/larevistadigital.com.ar\/blog\/wp-json\/wp\/v2\/media?parent=38028"}],"wp:term":[{"taxonomy":"category","embeddable":true,"href":"https:\/\/larevistadigital.com.ar\/blog\/wp-json\/wp\/v2\/categories?post=38028"},{"taxonomy":"post_tag","embeddable":true,"href":"https:\/\/larevistadigital.com.ar\/blog\/wp-json\/wp\/v2\/tags?post=38028"}],"curies":[{"name":"wp","href":"https:\/\/api.w.org\/{rel}","templated":true}]}}