{"id":38034,"date":"2024-11-30T13:20:21","date_gmt":"2024-11-30T16:20:21","guid":{"rendered":"https:\/\/larevistadigital.com.ar\/blog\/?p=38034"},"modified":"2024-11-30T13:20:21","modified_gmt":"2024-11-30T16:20:21","slug":"aseguran-que-hay-intenciones-de-llamar-a-sesiones-extraordinarias-en-diciembre-milei-buscaria-avanzar-con-la-reforma-electoral-la-eliminacion-de-las-paso-y-la-privatizacion-de-aerolineas","status":"publish","type":"post","link":"https:\/\/larevistadigital.com.ar\/blog\/aseguran-que-hay-intenciones-de-llamar-a-sesiones-extraordinarias-en-diciembre-milei-buscaria-avanzar-con-la-reforma-electoral-la-eliminacion-de-las-paso-y-la-privatizacion-de-aerolineas\/","title":{"rendered":"Aseguran que hay intenciones de llamar a sesiones extraordinarias en diciembre: Milei buscar\u00eda avanzar con la reforma electoral, la eliminaci\u00f3n de las PASO y la privatizaci\u00f3n de Aerol\u00edneas"},"content":{"rendered":"<h3 class=\"mol-extracto-detalle\">El Gobierno de <strong>Javier Milei<\/strong> considera convocar a sesiones extraordinarias en diciembre, evaluando proyectos como la eliminaci\u00f3n de las PASO y la privatizaci\u00f3n de Aerol\u00edneas Argentinas, pero sin abrir negociaciones formales con la oposici\u00f3n, lo que genera incertidumbre.<\/h3>\n<div class=\"AV66c4bc7c24a8433d0e008d87\">\n<div id=\"aniBox\">\n<div id=\"aniplayer_AV66c4bc7c24a8433d0e008d87-1732983288809\">\n<div id=\"aniplayer_AV66c4bc7c24a8433d0e008d87-1732983288809gui\">\n<div id=\"av-caption\">\n<div id=\"av-close-btn-overlay\" class=\"av-pos-top-right\">\n<div id=\"av-close-btn\">30 de Noviembre de 2024<\/div>\n<div><\/div>\n<\/div>\n<\/div>\n<div id=\"av-container\" class=\" av-desktop hide-controls\">\n<div id=\"av-inner\">\n<div id=\"slot\">\n<div id=\"videoslot\" class=\"loaded\">En el marco de una serie de discusiones internas, el Gobierno de Javier Milei considera llamar a sesiones extraordinarias en diciembre, aunque no ha definido a\u00fan el temario. Entre los proyectos en evaluaci\u00f3n se encuentran la eliminaci\u00f3n de las PASO, la privatizaci\u00f3n de Aerol\u00edneas Argentinas y los pliegos para la Corte Suprema. Sin embargo, no se han iniciado negociaciones formales con las diferentes fuerzas del Congreso, lo que genera incertidumbre en la oposici\u00f3n.<\/div>\n<\/div>\n<div>\n<p>El Gobierno est\u00e1 analizando varias iniciativas, muchas de ellas impulsadas por el oficialismo. La reforma electoral, que propone eliminar las PASO, y la privatizaci\u00f3n de Aerol\u00edneas Argentinas son algunos de los temas en discusi\u00f3n. Sin embargo, cada proyecto enfrenta divisiones internas y diferencias en el apoyo de los partidos pol\u00edticos. La falta de consenso interno y la ausencia de un di\u00e1logo formal con la oposici\u00f3n complican la definici\u00f3n del temario.<\/p>\n<h3><span style=\"color: #ff0000\">Posibles temas y la postura del oficialismo<\/span><\/h3>\n<p>Adem\u00e1s de los proyectos mencionados, el Ejecutivo considera incluir la versi\u00f3n libertaria de Ficha Limpia, aunque esta propuesta a\u00fan est\u00e1 en etapas preliminares. Tambi\u00e9n se baraja la posibilidad de a\u00f1adir los pliegos de 150 jueces para cubrir vacantes judiciales, pero la falta de acuerdo interno lo hace poco probable. La oposici\u00f3n, especialmente el PRO y Encuentro Federal, muestra impaciencia ante la falta de di\u00e1logo y consenso sobre los temas a tratarse en las sesiones extraordinarias.<\/p>\n<p>La discusi\u00f3n sobre el Presupuesto 2025 permanece en el aire, con el Gobierno manteniendo una postura firme de no negociar cambios que puedan generar desequilibrios fiscales. Sin embargo, no descartan la posibilidad de incluirlo en el temario m\u00e1s adelante. La falta de avance en las negociaciones presupuestarias a\u00f1ade presi\u00f3n a las ya tensas relaciones entre el oficialismo y la oposici\u00f3n.<\/p>\n<\/div>\n<\/div>\n<\/div>\n<\/div>\n<\/div>\n<\/div>\n<\/div>\n","protected":false},"excerpt":{"rendered":"<div class=\"mh-excerpt\"><p>El Gobierno de Javier Milei considera convocar a sesiones extraordinarias en diciembre, evaluando proyectos como la eliminaci\u00f3n de las PASO y la privatizaci\u00f3n de Aerol\u00edneas Argentinas, pero sin abrir negociaciones formales con la oposici\u00f3n, lo <a class=\"mh-excerpt-more\" href=\"https:\/\/larevistadigital.com.ar\/blog\/aseguran-que-hay-intenciones-de-llamar-a-sesiones-extraordinarias-en-diciembre-milei-buscaria-avanzar-con-la-reforma-electoral-la-eliminacion-de-las-paso-y-la-privatizacion-de-aerolineas\/\" title=\"Aseguran que hay intenciones de llamar a sesiones extraordinarias en diciembre: Milei buscar\u00eda avanzar con la reforma electoral, la eliminaci\u00f3n de las PASO y la privatizaci\u00f3n de Aerol\u00edneas\">[Leer M\u00e1s]<\/a><\/p>\n<\/div>","protected":false},"author":3,"featured_media":38035,"comment_status":"open","ping_status":"open","sticky":false,"template":"","format":"standard","meta":{"_jetpack_memberships_contains_paid_content":false,"footnotes":"","jetpack_publicize_message":"","jetpack_publicize_feature_enabled":true,"jetpack_social_post_already_shared":true,"jetpack_social_options":{"image_generator_settings":{"template":"highway","default_image_id":0,"font":"","enabled":false},"version":2}},"categories":[50,12],"tags":[],"class_list":{"0":"post-38034","1":"post","2":"type-post","3":"status-publish","4":"format-standard","5":"has-post-thumbnail","7":"category-interes-general","8":"category-politica"},"jetpack_publicize_connections":[],"jetpack_featured_media_url":"https:\/\/i0.wp.com\/larevistadigital.com.ar\/blog\/wp-content\/uploads\/Captura-de-pantalla-2024-11-30-131930.png?fit=901%2C489&ssl=1","jetpack_sharing_enabled":true,"jetpack_shortlink":"https:\/\/wp.me\/p8qtrQ-9Ts","jetpack-related-posts":[{"id":38181,"url":"https:\/\/larevistadigital.com.ar\/blog\/para-evitar-la-privatizacion-kicillof-propone-comprar-aerolineas-argentinas-junto-a-las-provincias-y-trabajadores\/","url_meta":{"origin":38034,"position":0},"title":"Para evitar la privatizaci\u00f3n: Kicillof propone comprar Aerol\u00edneas Argentinas junto a las provincias y trabajadores","author":"Alejandro Sosa Ruda","date":"9 diciembre, 2024","format":false,"excerpt":"El gobernador de la provincia de Buenos Aires, Axel Kicillof, afirm\u00f3 que su gesti\u00f3n est\u00e1 comprometida a preservar Aerol\u00edneas Argentinas frente a los planes de privatizaci\u00f3n anunciados por el Gobierno nacional. 09 de Diciembre de 2024 BUENOS AIRES -\u00a0 \u00a0Durante una conferencia de prensa en el Sal\u00f3n Dorado de la\u2026","rel":"","context":"En \u00abDESTACADAS\u00bb","block_context":{"text":"DESTACADAS","link":"https:\/\/larevistadigital.com.ar\/blog\/category\/destacadas\/"},"img":{"alt_text":"","src":"https:\/\/i0.wp.com\/larevistadigital.com.ar\/blog\/wp-content\/uploads\/20241209113459_kicillof-aerolineas-magario.jpg?fit=880%2C512&ssl=1&resize=350%2C200","width":350,"height":200,"srcset":"https:\/\/i0.wp.com\/larevistadigital.com.ar\/blog\/wp-content\/uploads\/20241209113459_kicillof-aerolineas-magario.jpg?fit=880%2C512&ssl=1&resize=350%2C200 1x, https:\/\/i0.wp.com\/larevistadigital.com.ar\/blog\/wp-content\/uploads\/20241209113459_kicillof-aerolineas-magario.jpg?fit=880%2C512&ssl=1&resize=525%2C300 1.5x, https:\/\/i0.wp.com\/larevistadigital.com.ar\/blog\/wp-content\/uploads\/20241209113459_kicillof-aerolineas-magario.jpg?fit=880%2C512&ssl=1&resize=700%2C400 2x"},"classes":[]},{"id":34743,"url":"https:\/\/larevistadigital.com.ar\/blog\/expectativas-del-campo-para-el-gobierno-de-milei-fin-de-retenciones-y-reglas-claras\/","url_meta":{"origin":38034,"position":1},"title":"EXPECTATIVAS DEL CAMPO PARA EL GOBIERNO DE MILEI: FIN DE RETENCIONES Y REGLAS CLARAS","author":"Alejandro Sosa Ruda","date":"4 diciembre, 2023","format":false,"excerpt":"El agro espera que se cumplan con sus pedidos en el gobierno del libertario. 4 de Diciembre de 2023 Con la inminente asunci\u00f3n de Javier Milei como presidente, los referentes y autoridades de entidades agroindustriales expresan sus expectativas clave, entre ellas, el fin de las retenciones y la eliminaci\u00f3n de\u2026","rel":"","context":"En \u00abPOLITICA\u00bb","block_context":{"text":"POLITICA","link":"https:\/\/larevistadigital.com.ar\/blog\/category\/politica\/"},"img":{"alt_text":"","src":"https:\/\/i0.wp.com\/larevistadigital.com.ar\/blog\/wp-content\/uploads\/Cosechadora-John-Deere-X9.jpg?fit=1200%2C800&ssl=1&resize=350%2C200","width":350,"height":200,"srcset":"https:\/\/i0.wp.com\/larevistadigital.com.ar\/blog\/wp-content\/uploads\/Cosechadora-John-Deere-X9.jpg?fit=1200%2C800&ssl=1&resize=350%2C200 1x, https:\/\/i0.wp.com\/larevistadigital.com.ar\/blog\/wp-content\/uploads\/Cosechadora-John-Deere-X9.jpg?fit=1200%2C800&ssl=1&resize=525%2C300 1.5x, https:\/\/i0.wp.com\/larevistadigital.com.ar\/blog\/wp-content\/uploads\/Cosechadora-John-Deere-X9.jpg?fit=1200%2C800&ssl=1&resize=700%2C400 2x, https:\/\/i0.wp.com\/larevistadigital.com.ar\/blog\/wp-content\/uploads\/Cosechadora-John-Deere-X9.jpg?fit=1200%2C800&ssl=1&resize=1050%2C600 3x"},"classes":[]},{"id":34442,"url":"https:\/\/larevistadigital.com.ar\/blog\/kicillof-si-gana-milei-no-vamos-a-poder-hacer-ni-un-metro-de-asfalto\/","url_meta":{"origin":38034,"position":2},"title":"KICILLOF: \u00abSI GANA MILEI NO VAMOS A PODER HACER NI UN METRO DE ASFALTO\u00bb","author":"Alejandro Sosa Ruda","date":"8 noviembre, 2023","format":false,"excerpt":"El gobernador advirti\u00f3 sobre las dificultades que podr\u00edan tener en la provincia de Buenos Aires con un eventual gobierno libertario y su anunciada eliminaci\u00f3n de la coparticipaci\u00f3n federal. 8 De Noviembre de 2023 BUENOS AIRES -\u00a0 El gobernador bonaerense, Axel Kicillof, asegur\u00f3 este mi\u00e9rcoles en Bah\u00eda Blanca que en materia\u2026","rel":"","context":"En \u00abDESTACADAS\u00bb","block_context":{"text":"DESTACADAS","link":"https:\/\/larevistadigital.com.ar\/blog\/category\/destacadas\/"},"img":{"alt_text":"","src":"https:\/\/i0.wp.com\/larevistadigital.com.ar\/blog\/wp-content\/uploads\/654bd5ef50a4f_1200.jpg?fit=1200%2C675&ssl=1&resize=350%2C200","width":350,"height":200,"srcset":"https:\/\/i0.wp.com\/larevistadigital.com.ar\/blog\/wp-content\/uploads\/654bd5ef50a4f_1200.jpg?fit=1200%2C675&ssl=1&resize=350%2C200 1x, https:\/\/i0.wp.com\/larevistadigital.com.ar\/blog\/wp-content\/uploads\/654bd5ef50a4f_1200.jpg?fit=1200%2C675&ssl=1&resize=525%2C300 1.5x, https:\/\/i0.wp.com\/larevistadigital.com.ar\/blog\/wp-content\/uploads\/654bd5ef50a4f_1200.jpg?fit=1200%2C675&ssl=1&resize=700%2C400 2x, https:\/\/i0.wp.com\/larevistadigital.com.ar\/blog\/wp-content\/uploads\/654bd5ef50a4f_1200.jpg?fit=1200%2C675&ssl=1&resize=1050%2C600 3x"},"classes":[]},{"id":34573,"url":"https:\/\/larevistadigital.com.ar\/blog\/milei-privatizaciones-y-derogacion-de-la-ley-de-alquileres\/","url_meta":{"origin":38034,"position":3},"title":"MILEI: PRIVATIZACIONES Y DEROGACI\u00d3N DE LA LEY DE ALQUILERES","author":"Alejandro Sosa Ruda","date":"20 noviembre, 2023","format":false,"excerpt":"Buscar\u00e1 que dejen de ser estatales la petrolera YPF, la TV P\u00fablica, Radio Nacional y T\u00e9lam. 20 de Noviembre de 2023 El reci\u00e9n elegido presidente, Javier Milei, sorprendi\u00f3 este lunes al ratificar sus planes para impulsar cambios en Argentina. Entre sus propuestas m\u00e1s destacadas, se\u00f1al\u00f3 su intenci\u00f3n de privatizar importantes\u2026","rel":"","context":"En \u00abINTERES GENERAL\u00bb","block_context":{"text":"INTERES GENERAL","link":"https:\/\/larevistadigital.com.ar\/blog\/category\/interes-general\/"},"img":{"alt_text":"","src":"https:\/\/i0.wp.com\/larevistadigital.com.ar\/blog\/wp-content\/uploads\/c89b685835069c69b701cbd57e63ffcd4eb680a3.jpg?fit=1140%2C760&ssl=1&resize=350%2C200","width":350,"height":200,"srcset":"https:\/\/i0.wp.com\/larevistadigital.com.ar\/blog\/wp-content\/uploads\/c89b685835069c69b701cbd57e63ffcd4eb680a3.jpg?fit=1140%2C760&ssl=1&resize=350%2C200 1x, https:\/\/i0.wp.com\/larevistadigital.com.ar\/blog\/wp-content\/uploads\/c89b685835069c69b701cbd57e63ffcd4eb680a3.jpg?fit=1140%2C760&ssl=1&resize=525%2C300 1.5x, https:\/\/i0.wp.com\/larevistadigital.com.ar\/blog\/wp-content\/uploads\/c89b685835069c69b701cbd57e63ffcd4eb680a3.jpg?fit=1140%2C760&ssl=1&resize=700%2C400 2x, https:\/\/i0.wp.com\/larevistadigital.com.ar\/blog\/wp-content\/uploads\/c89b685835069c69b701cbd57e63ffcd4eb680a3.jpg?fit=1140%2C760&ssl=1&resize=1050%2C600 3x"},"classes":[]},{"id":43352,"url":"https:\/\/larevistadigital.com.ar\/blog\/el-gobierno-dio-un-nuevo-paso-para-aumentar-los-peajes-en-rutas-y-autopistas-nacionales\/","url_meta":{"origin":38034,"position":4},"title":"El gobierno di\u00f3 un nuevo paso para aumentar los peajes en rutas y autopistas nacionales","author":"Alejandro Sosa Ruda","date":"14 enero, 2026","format":false,"excerpt":"El Gobierno de Javier Milei abri\u00f3 una consulta p\u00fablica para subir hasta 19% los peajes en rutas nacionales. Nuevas tarifas y sin descuento TelePASE. 14 de enero de 2026 En el marco del proceso de privatizaci\u00f3n de los corredores viales, el Gobierno nacional dio un nuevo paso para aumentar hasta\u2026","rel":"","context":"En \u00abINTERES GENERAL\u00bb","block_context":{"text":"INTERES GENERAL","link":"https:\/\/larevistadigital.com.ar\/blog\/category\/interes-general\/"},"img":{"alt_text":"","src":"https:\/\/i0.wp.com\/larevistadigital.com.ar\/blog\/wp-content\/uploads\/Captura-de-pantalla-2026-01-14-191553.jpg?fit=794%2C437&ssl=1&resize=350%2C200","width":350,"height":200,"srcset":"https:\/\/i0.wp.com\/larevistadigital.com.ar\/blog\/wp-content\/uploads\/Captura-de-pantalla-2026-01-14-191553.jpg?fit=794%2C437&ssl=1&resize=350%2C200 1x, https:\/\/i0.wp.com\/larevistadigital.com.ar\/blog\/wp-content\/uploads\/Captura-de-pantalla-2026-01-14-191553.jpg?fit=794%2C437&ssl=1&resize=525%2C300 1.5x, https:\/\/i0.wp.com\/larevistadigital.com.ar\/blog\/wp-content\/uploads\/Captura-de-pantalla-2026-01-14-191553.jpg?fit=794%2C437&ssl=1&resize=700%2C400 2x"},"classes":[]},{"id":41764,"url":"https:\/\/larevistadigital.com.ar\/blog\/ricardo-alfonsin-milei-es-incompetente-autoritario-y-sin-nocion-de-lo-que-es-gobernar\/","url_meta":{"origin":38034,"position":5},"title":"Ricardo Alfons\u00edn: \u201cMilei es incompetente, autoritario y sin noci\u00f3n de lo que es gobernar\u201d","author":"Alejandro Sosa Ruda","date":"3 octubre, 2025","format":false,"excerpt":"En una entrevista exclusiva con Opini\u00f3n, durante su recorrida por el partido de La Costa, el candidato a diputado nacional por el Frente Amplio por la Democracia, Ricardo Alfons\u00edn, lanz\u00f3 duras cr\u00edticas contra el gobierno de Javier Milei, cuestion\u00f3 a los radicales y dirigentes del PRO que apoyaron sus pol\u00edticas\u2026","rel":"","context":"En \u00abPOLITICA PROVINCIAL\u00bb","block_context":{"text":"POLITICA PROVINCIAL","link":"https:\/\/larevistadigital.com.ar\/blog\/category\/politica\/politica-provincial\/"},"img":{"alt_text":"","src":"https:\/\/i0.wp.com\/larevistadigital.com.ar\/blog\/wp-content\/uploads\/20251003123258_ricardo-alfonsin-opinion.jpg?fit=880%2C512&ssl=1&resize=350%2C200","width":350,"height":200,"srcset":"https:\/\/i0.wp.com\/larevistadigital.com.ar\/blog\/wp-content\/uploads\/20251003123258_ricardo-alfonsin-opinion.jpg?fit=880%2C512&ssl=1&resize=350%2C200 1x, https:\/\/i0.wp.com\/larevistadigital.com.ar\/blog\/wp-content\/uploads\/20251003123258_ricardo-alfonsin-opinion.jpg?fit=880%2C512&ssl=1&resize=525%2C300 1.5x, https:\/\/i0.wp.com\/larevistadigital.com.ar\/blog\/wp-content\/uploads\/20251003123258_ricardo-alfonsin-opinion.jpg?fit=880%2C512&ssl=1&resize=700%2C400 2x"},"classes":[]}],"_links":{"self":[{"href":"https:\/\/larevistadigital.com.ar\/blog\/wp-json\/wp\/v2\/posts\/38034","targetHints":{"allow":["GET"]}}],"collection":[{"href":"https:\/\/larevistadigital.com.ar\/blog\/wp-json\/wp\/v2\/posts"}],"about":[{"href":"https:\/\/larevistadigital.com.ar\/blog\/wp-json\/wp\/v2\/types\/post"}],"author":[{"embeddable":true,"href":"https:\/\/larevistadigital.com.ar\/blog\/wp-json\/wp\/v2\/users\/3"}],"replies":[{"embeddable":true,"href":"https:\/\/larevistadigital.com.ar\/blog\/wp-json\/wp\/v2\/comments?post=38034"}],"version-history":[{"count":1,"href":"https:\/\/larevistadigital.com.ar\/blog\/wp-json\/wp\/v2\/posts\/38034\/revisions"}],"predecessor-version":[{"id":38036,"href":"https:\/\/larevistadigital.com.ar\/blog\/wp-json\/wp\/v2\/posts\/38034\/revisions\/38036"}],"wp:featuredmedia":[{"embeddable":true,"href":"https:\/\/larevistadigital.com.ar\/blog\/wp-json\/wp\/v2\/media\/38035"}],"wp:attachment":[{"href":"https:\/\/larevistadigital.com.ar\/blog\/wp-json\/wp\/v2\/media?parent=38034"}],"wp:term":[{"taxonomy":"category","embeddable":true,"href":"https:\/\/larevistadigital.com.ar\/blog\/wp-json\/wp\/v2\/categories?post=38034"},{"taxonomy":"post_tag","embeddable":true,"href":"https:\/\/larevistadigital.com.ar\/blog\/wp-json\/wp\/v2\/tags?post=38034"}],"curies":[{"name":"wp","href":"https:\/\/api.w.org\/{rel}","templated":true}]}}