{"id":38043,"date":"2024-11-30T14:40:10","date_gmt":"2024-11-30T17:40:10","guid":{"rendered":"https:\/\/larevistadigital.com.ar\/blog\/?p=38043"},"modified":"2024-12-03T20:33:44","modified_gmt":"2024-12-03T23:33:44","slug":"38043-2","status":"publish","type":"post","link":"https:\/\/larevistadigital.com.ar\/blog\/38043-2\/","title":{"rendered":"Intendentes de la 5ta regi\u00f3n, contra las pol\u00edticas del gobierno de Milei"},"content":{"rendered":"<h2 class=\"nota__hero__summary\">La situaci\u00f3n econ\u00f3mica y social fue uno de los puntos clave del encuentro.<\/h2>\n<p>30 de Noviembre de 2024<\/p>\n<p><strong>Los Intendentes de la Quinta Secci\u00f3n Electoral que conforman el denominado \u00abGrupo de los 12\u00bb<\/strong>, volvieron a reunirse, en esta oportunidad el encuentro fue en la localidad de Castelli y estuvieron presente <strong>Francisco Echarren (Castelli), Juan Pablo Garc\u00eda (Dolores), Juan Manuel \u00c1lvarez (General Paz),<\/strong><br \/>\n<strong>Walter Wischinivetzky (Mar Chiquita), Sebasti\u00e1n Walker (Pila), Juan De Jes\u00fas (La Costa), Javier Gast\u00f3n (Chascom\u00fas), Carlos Rocha<\/strong><strong> (General Guido), Sebasti\u00e1n Iannantuony (General Alvarado), Gustavo Barrera (Villa Gesell) y Alberto Gelen\u00e9 (Las Flores).<\/strong><\/p>\n<p>Los jefes comunales, emitieron un comunicado donde se\u00f1alan: <em><strong>\u00abExpresamos nuestra profunda preocupaci\u00f3n por el\u00a0\u200bdeterioro de la situaci\u00f3n econ\u00f3mica, social y productiva, producto de las decisiones del gobierno de Javier Milei que da\u00f1an y agreden a la gran mayor\u00eda de nuestros vecinos\u00bb.<\/strong><\/em><\/p>\n<p>Adem\u00e1s agregaron:<strong><em> \u00abPor la responsabilidad que asumimos para con nuestros vecinos, no podemos dejar de alertar sobre la paralizaci\u00f3n de la obra p\u00fablica, la ca\u00edda de los salarios, el vaciamiento del sistema de salud y el abandono de las funciones del Estado Nacional en t\u00e9rminos generales\u00bb.<\/em><\/strong><\/p>\n<p>Luego, remarcaron que<em><strong> \u00abAnte esta situaci\u00f3n de deserci\u00f3n del Gobierno Nacional, los Intendentes y el Gobernador nos estamos haciendo cargo de responsabilidades ajenas, que deber\u00eda\u00a0estar garantizando el Presidente. A diferencia suya, nosotros no nos borramos y nunca vamos a dejar a la intemperie a la gente y a nuestras ciudades\u00bb.<\/strong><\/em><\/p>\n<p>Todos coincidieron que la regi\u00f3n se ve fuertemente golpeada por la pol\u00edtica econ\u00f3mica de<strong> Milei<\/strong>. <em><strong>\u00abAsistimos a un desplome de la industria, del empleo, de la producci\u00f3n y particularmente del turismo, que prevee tener una de las peores temporadas de los \u00faltimos a\u00f1os\u00bb.<\/strong><\/em><\/p>\n","protected":false},"excerpt":{"rendered":"<div class=\"mh-excerpt\"><p>La situaci\u00f3n econ\u00f3mica y social fue uno de los puntos clave del encuentro. 30 de Noviembre de 2024 Los Intendentes de la Quinta Secci\u00f3n Electoral que conforman el denominado \u00abGrupo de los 12\u00bb, volvieron a <a class=\"mh-excerpt-more\" href=\"https:\/\/larevistadigital.com.ar\/blog\/38043-2\/\" title=\"Intendentes de la 5ta regi\u00f3n, contra las pol\u00edticas del gobierno de Milei\">[Leer M\u00e1s]<\/a><\/p>\n<\/div>","protected":false},"author":3,"featured_media":38044,"comment_status":"open","ping_status":"open","sticky":false,"template":"","format":"standard","meta":{"_jetpack_memberships_contains_paid_content":false,"footnotes":"","jetpack_publicize_message":"","jetpack_publicize_feature_enabled":true,"jetpack_social_post_already_shared":true,"jetpack_social_options":{"image_generator_settings":{"template":"highway","default_image_id":0,"font":"","enabled":false},"version":2}},"categories":[12,51],"tags":[],"class_list":{"0":"post-38043","1":"post","2":"type-post","3":"status-publish","4":"format-standard","5":"has-post-thumbnail","7":"category-politica","8":"category-regionales"},"jetpack_publicize_connections":[],"jetpack_featured_media_url":"https:\/\/i0.wp.com\/larevistadigital.com.ar\/blog\/wp-content\/uploads\/442c5a66c50977ee4171a7bab25eeea2dcfea2d5.jpg?fit=1111%2C900&ssl=1","jetpack_sharing_enabled":true,"jetpack_shortlink":"https:\/\/wp.me\/p8qtrQ-9TB","jetpack-related-posts":[{"id":43952,"url":"https:\/\/larevistadigital.com.ar\/blog\/intendentes-de-la-region-se-reunieron-con-el-fiscal-general-para-coordinar-politicas-de-seguridad\/","url_meta":{"origin":38043,"position":0},"title":"Intendentes de la regi\u00f3n se reunieron con el Fiscal General para coordinar pol\u00edticas de seguridad","author":"Alejandro Sosa Ruda","date":"12 febrero, 2026","format":false,"excerpt":"Analizaron estad\u00edsticas delictivas y acordaron fortalecer el trabajo conjunto entre municipios y el Ministerio P\u00fablico Fiscal. 12 de febrero de 2026 Los intendentes de Dolores, Castelli, La Costa, General Guido y Tordillo mantuvieron una reuni\u00f3n con el Fiscal General del Departamento Judicial Dolores, Diego Escoda, con el objetivo de profundizar\u2026","rel":"","context":"En \u00abPOLICIALES\u00bb","block_context":{"text":"POLICIALES","link":"https:\/\/larevistadigital.com.ar\/blog\/category\/policiales\/"},"img":{"alt_text":"","src":"https:\/\/i0.wp.com\/larevistadigital.com.ar\/blog\/wp-content\/uploads\/Captura-de-pantalla-2026-02-12-113225.jpg?fit=787%2C509&ssl=1&resize=350%2C200","width":350,"height":200,"srcset":"https:\/\/i0.wp.com\/larevistadigital.com.ar\/blog\/wp-content\/uploads\/Captura-de-pantalla-2026-02-12-113225.jpg?fit=787%2C509&ssl=1&resize=350%2C200 1x, https:\/\/i0.wp.com\/larevistadigital.com.ar\/blog\/wp-content\/uploads\/Captura-de-pantalla-2026-02-12-113225.jpg?fit=787%2C509&ssl=1&resize=525%2C300 1.5x, https:\/\/i0.wp.com\/larevistadigital.com.ar\/blog\/wp-content\/uploads\/Captura-de-pantalla-2026-02-12-113225.jpg?fit=787%2C509&ssl=1&resize=700%2C400 2x"},"classes":[]},{"id":37384,"url":"https:\/\/larevistadigital.com.ar\/blog\/preocupa-aumento-de-la-demanda-de-alimentos-medicamentos-y-familias-sin-vivienda\/","url_meta":{"origin":38043,"position":1},"title":"Preocupa aumento de la demanda de alimentos, medicamentos y familias sin vivienda.","author":"Alejandro Sosa Ruda","date":"1 octubre, 2024","format":false,"excerpt":"Los jefes comunales de Uni\u00f3n por la Patria de la Quinta Secci\u00f3n Electoral, encabezados por Sebasti\u00e1n Ianantuony, se encontraron en Miramar para discutir la crisis econ\u00f3mica que afecta a sus distritos y el escaso apoyo del gobierno nacional en materia tur\u00edstica. 01 de Octubre de 2024 BUENOS AIRES -\u00a0 \u00a0El\u2026","rel":"","context":"En \u00abPOLITICA\u00bb","block_context":{"text":"POLITICA","link":"https:\/\/larevistadigital.com.ar\/blog\/category\/politica\/"},"img":{"alt_text":"","src":"https:\/\/i0.wp.com\/larevistadigital.com.ar\/blog\/wp-content\/uploads\/20240930175140_intendentes-quinta-seccion-miramar.jpg?fit=880%2C512&ssl=1&resize=350%2C200","width":350,"height":200,"srcset":"https:\/\/i0.wp.com\/larevistadigital.com.ar\/blog\/wp-content\/uploads\/20240930175140_intendentes-quinta-seccion-miramar.jpg?fit=880%2C512&ssl=1&resize=350%2C200 1x, https:\/\/i0.wp.com\/larevistadigital.com.ar\/blog\/wp-content\/uploads\/20240930175140_intendentes-quinta-seccion-miramar.jpg?fit=880%2C512&ssl=1&resize=525%2C300 1.5x, https:\/\/i0.wp.com\/larevistadigital.com.ar\/blog\/wp-content\/uploads\/20240930175140_intendentes-quinta-seccion-miramar.jpg?fit=880%2C512&ssl=1&resize=700%2C400 2x"},"classes":[]},{"id":41928,"url":"https:\/\/larevistadigital.com.ar\/blog\/chascomus-fue-sede-de-la-31-asamblea-del-consejo-provincial-de-turismo\/","url_meta":{"origin":38043,"position":2},"title":"Chascom\u00fas fue sede de la 31\u00b0 Asamblea del Consejo Provincial de Turismo","author":"Alejandro Sosa Ruda","date":"13 octubre, 2025","format":false,"excerpt":"El encuentro se realiz\u00f3 en el Club de Regatas y cont\u00f3 con la participaci\u00f3n del intendente Javier Gast\u00f3n, funcionarios provinciales y representantes del sector. 13 de Octubre de 2025 Chascom\u00fas .- BUENOS AIRES\u00a0 -\u00a0 \u00a0 El gobernador Axel Kicillof encabez\u00f3 este viernes en Chascom\u00fas la 31\u00b0 Asamblea Ordinaria del Consejo\u2026","rel":"","context":"En \u00abDESTACADAS\u00bb","block_context":{"text":"DESTACADAS","link":"https:\/\/larevistadigital.com.ar\/blog\/category\/destacadas\/"},"img":{"alt_text":"","src":"https:\/\/i0.wp.com\/larevistadigital.com.ar\/blog\/wp-content\/uploads\/68ed7bfddb9d1.png?fit=668%2C445&ssl=1&resize=350%2C200","width":350,"height":200,"srcset":"https:\/\/i0.wp.com\/larevistadigital.com.ar\/blog\/wp-content\/uploads\/68ed7bfddb9d1.png?fit=668%2C445&ssl=1&resize=350%2C200 1x, https:\/\/i0.wp.com\/larevistadigital.com.ar\/blog\/wp-content\/uploads\/68ed7bfddb9d1.png?fit=668%2C445&ssl=1&resize=525%2C300 1.5x"},"classes":[]},{"id":42329,"url":"https:\/\/larevistadigital.com.ar\/blog\/kicillof-reunio-a-40-intendentes-y-pidio-construir-una-alternativa-politica-mas-amplia-hacia-2027\/","url_meta":{"origin":38043,"position":3},"title":"Kicillof reuni\u00f3 a 40 intendentes y pidi\u00f3 construir una alternativa pol\u00edtica m\u00e1s amplia hacia 2027","author":"Alejandro Sosa Ruda","date":"1 noviembre, 2025","format":false,"excerpt":"El gobernador bonaerense Axel Kicillof encabez\u00f3 una reuni\u00f3n con 40 intendentes aliados para analizar el escenario pol\u00edtico tras las elecciones del 26 de octubre y responder, sin mencionarla directamente, a la carta de Cristina Fern\u00e1ndez de Kirchner, en la que la exvicepresidenta lo responsabiliz\u00f3 por la estrategia electoral. El encuentro\u2026","rel":"","context":"En \u00abINTERES GENERAL\u00bb","block_context":{"text":"INTERES GENERAL","link":"https:\/\/larevistadigital.com.ar\/blog\/category\/interes-general\/"},"img":{"alt_text":"","src":"https:\/\/i0.wp.com\/larevistadigital.com.ar\/blog\/wp-content\/uploads\/20251031221423_intendentes-mdf-kicillof-berazategui.jpg?fit=880%2C512&ssl=1&resize=350%2C200","width":350,"height":200,"srcset":"https:\/\/i0.wp.com\/larevistadigital.com.ar\/blog\/wp-content\/uploads\/20251031221423_intendentes-mdf-kicillof-berazategui.jpg?fit=880%2C512&ssl=1&resize=350%2C200 1x, https:\/\/i0.wp.com\/larevistadigital.com.ar\/blog\/wp-content\/uploads\/20251031221423_intendentes-mdf-kicillof-berazategui.jpg?fit=880%2C512&ssl=1&resize=525%2C300 1.5x, https:\/\/i0.wp.com\/larevistadigital.com.ar\/blog\/wp-content\/uploads\/20251031221423_intendentes-mdf-kicillof-berazategui.jpg?fit=880%2C512&ssl=1&resize=700%2C400 2x"},"classes":[]},{"id":26376,"url":"https:\/\/larevistadigital.com.ar\/blog\/intendentes-de-la-5ta-seccion-hicieron-publico-un-documento-en-apoyo-a-batakis\/","url_meta":{"origin":38043,"position":4},"title":"INTENDENTES DE LA 5TA. SECCI\u00d3N HICIERON P\u00daBLICO UN DOCUMENTO EN APOYO A BATAKIS","author":"Alejandro Sosa Ruda","date":"5 julio, 2022","format":false,"excerpt":"A trav\u00e9s de un comunicado, el Grupo de los Once felicit\u00f3 a la flamante funcionaria nacional. El denominado\u00a0Grupo de los Once Intendentes de la Quinta Secci\u00f3n\u00a0Electoral emiti\u00f3 un comunicado en el que manifestaron su apoyo a la nueva ministra de Econom\u00eda de la Naci\u00f3n,\u00a0Silvina Batakis. En el texto, los\u00a0jefes Comunales\u2026","rel":"","context":"En \u00abDESTACADAS\u00bb","block_context":{"text":"DESTACADAS","link":"https:\/\/larevistadigital.com.ar\/blog\/category\/destacadas\/"},"img":{"alt_text":"","src":"https:\/\/i0.wp.com\/larevistadigital.com.ar\/blog\/wp-content\/uploads\/f0a23a31fbb8e1d45dd3b890c66f4e60324fa712.jpg?fit=1140%2C701&ssl=1&resize=350%2C200","width":350,"height":200,"srcset":"https:\/\/i0.wp.com\/larevistadigital.com.ar\/blog\/wp-content\/uploads\/f0a23a31fbb8e1d45dd3b890c66f4e60324fa712.jpg?fit=1140%2C701&ssl=1&resize=350%2C200 1x, https:\/\/i0.wp.com\/larevistadigital.com.ar\/blog\/wp-content\/uploads\/f0a23a31fbb8e1d45dd3b890c66f4e60324fa712.jpg?fit=1140%2C701&ssl=1&resize=525%2C300 1.5x, https:\/\/i0.wp.com\/larevistadigital.com.ar\/blog\/wp-content\/uploads\/f0a23a31fbb8e1d45dd3b890c66f4e60324fa712.jpg?fit=1140%2C701&ssl=1&resize=700%2C400 2x, https:\/\/i0.wp.com\/larevistadigital.com.ar\/blog\/wp-content\/uploads\/f0a23a31fbb8e1d45dd3b890c66f4e60324fa712.jpg?fit=1140%2C701&ssl=1&resize=1050%2C600 3x"},"classes":[]},{"id":13874,"url":"https:\/\/larevistadigital.com.ar\/blog\/varios-intendentes-han-decidido-reducir-o-renunciar-a-su-salario\/","url_meta":{"origin":38043,"position":5},"title":"VARIOS INTENDENTES HAN DECIDIDO REDUCIR O RENUNCIAR A SU SALARIO","author":"Alejandro Sosa Ruda","date":"29 diciembre, 2019","format":false,"excerpt":"Ya son varios los intendentes que decidieron reducir y hasta renunciar a sus salarios alineados al plan de emergencia econ\u00f3mica para superar la crisis que atraviesa nuestro pa\u00eds. Los jefes comunales de Las Flores, Castelli, Pila, Coronel Su\u00e1rez y Chivilcoy son solo algunos de los que han tomado esta decisi\u00f3n\u2026","rel":"","context":"En \u00abDESTACADAS\u00bb","block_context":{"text":"DESTACADAS","link":"https:\/\/larevistadigital.com.ar\/blog\/category\/destacadas\/"},"img":{"alt_text":"","src":"https:\/\/i0.wp.com\/larevistadigital.com.ar\/blog\/wp-content\/uploads\/81180251_590120895120031_4889463341828800512_n-1140x641.jpg?fit=1140%2C641&ssl=1&resize=350%2C200","width":350,"height":200,"srcset":"https:\/\/i0.wp.com\/larevistadigital.com.ar\/blog\/wp-content\/uploads\/81180251_590120895120031_4889463341828800512_n-1140x641.jpg?fit=1140%2C641&ssl=1&resize=350%2C200 1x, https:\/\/i0.wp.com\/larevistadigital.com.ar\/blog\/wp-content\/uploads\/81180251_590120895120031_4889463341828800512_n-1140x641.jpg?fit=1140%2C641&ssl=1&resize=525%2C300 1.5x, https:\/\/i0.wp.com\/larevistadigital.com.ar\/blog\/wp-content\/uploads\/81180251_590120895120031_4889463341828800512_n-1140x641.jpg?fit=1140%2C641&ssl=1&resize=700%2C400 2x, https:\/\/i0.wp.com\/larevistadigital.com.ar\/blog\/wp-content\/uploads\/81180251_590120895120031_4889463341828800512_n-1140x641.jpg?fit=1140%2C641&ssl=1&resize=1050%2C600 3x"},"classes":[]}],"_links":{"self":[{"href":"https:\/\/larevistadigital.com.ar\/blog\/wp-json\/wp\/v2\/posts\/38043","targetHints":{"allow":["GET"]}}],"collection":[{"href":"https:\/\/larevistadigital.com.ar\/blog\/wp-json\/wp\/v2\/posts"}],"about":[{"href":"https:\/\/larevistadigital.com.ar\/blog\/wp-json\/wp\/v2\/types\/post"}],"author":[{"embeddable":true,"href":"https:\/\/larevistadigital.com.ar\/blog\/wp-json\/wp\/v2\/users\/3"}],"replies":[{"embeddable":true,"href":"https:\/\/larevistadigital.com.ar\/blog\/wp-json\/wp\/v2\/comments?post=38043"}],"version-history":[{"count":3,"href":"https:\/\/larevistadigital.com.ar\/blog\/wp-json\/wp\/v2\/posts\/38043\/revisions"}],"predecessor-version":[{"id":38047,"href":"https:\/\/larevistadigital.com.ar\/blog\/wp-json\/wp\/v2\/posts\/38043\/revisions\/38047"}],"wp:featuredmedia":[{"embeddable":true,"href":"https:\/\/larevistadigital.com.ar\/blog\/wp-json\/wp\/v2\/media\/38044"}],"wp:attachment":[{"href":"https:\/\/larevistadigital.com.ar\/blog\/wp-json\/wp\/v2\/media?parent=38043"}],"wp:term":[{"taxonomy":"category","embeddable":true,"href":"https:\/\/larevistadigital.com.ar\/blog\/wp-json\/wp\/v2\/categories?post=38043"},{"taxonomy":"post_tag","embeddable":true,"href":"https:\/\/larevistadigital.com.ar\/blog\/wp-json\/wp\/v2\/tags?post=38043"}],"curies":[{"name":"wp","href":"https:\/\/api.w.org\/{rel}","templated":true}]}}