{"id":38048,"date":"2024-11-30T14:51:47","date_gmt":"2024-11-30T17:51:47","guid":{"rendered":"https:\/\/larevistadigital.com.ar\/blog\/?p=38048"},"modified":"2024-12-03T20:33:36","modified_gmt":"2024-12-03T23:33:36","slug":"pinamar-detienen-a-la-mujer-que-le-pego-a-otra-con-un-palo-de-golf","status":"publish","type":"post","link":"https:\/\/larevistadigital.com.ar\/blog\/pinamar-detienen-a-la-mujer-que-le-pego-a-otra-con-un-palo-de-golf\/","title":{"rendered":"Pinamar: detienen a la mujer que le peg\u00f3 a otra con un palo de golf"},"content":{"rendered":"<h2 class=\"nota__hero__summary\">Luego de un allanamiento, Celeste L\u00f3pez fue detenida por orden del juez David Mancinelli.<\/h2>\n<p>30 de Noviembre de 2024<\/p>\n<p><strong>PINAMAR &#8211;\u00a0<\/strong> Finalmente se detuvo anoche a Celeste Lorena L\u00f3pez, la sindicada como autora de golpear a Silvia Lopresti con un palo de golf, por el solo hecho de est\u00e1r en el lugar tomando mate en el Golf Club de Pinamar.<\/p>\n<blockquote>\n<h3><strong>La justicia orden\u00f3 anoche un allanamiento en el domicilio de L\u00f3pez en esa ciudad, el que culmin\u00f3 con la detenci\u00f3n de la mujer de 44 a\u00f1os.<\/strong><\/h3>\n<\/blockquote>\n<p>El procedimiento fue dictado luego de que se presentara la denuncia por parte de la agredida, una mujer que vive en cercan\u00edas del lugar y que se encontraba tomando mate con una amiga cuando <strong>L\u00f3pez<\/strong> la agredi\u00f3 con un palo de golf. La agresora estaba en ese momento jugando con Mariano Girini, de 61 a\u00f1os, tambi\u00e9n residente en Pinamar.<\/p>\n<blockquote>\n<h3>Un video que se volvi\u00f3 viral mostr\u00f3 el resultado de la golpiza que recibi\u00f3 en el cuerpo y en la cabeza, y seg\u00fan testimoni\u00f3 <strong>Lopresti<\/strong> el palo se quebr\u00f3 como efecto de la fuerza que ejerci\u00f3 L\u00f3pez. <em><strong>\u201cMe dec\u00eda: \u2018V\u00e1yanse, ratas. Pago 50 mil d\u00f3lares para estar ac\u00e1, esto no es Ostende. No tienen que estar ac\u00e1\u2019\u201d<\/strong><\/em>, declar\u00f3 Lopresti al relatar el momento de la agresi\u00f3n.<\/h3>\n<\/blockquote>\n<p>El fiscal de Pinamar, <strong>Juan Pablo Calder\u00f3n<\/strong>, tom\u00f3 en la semana diversas testimoniales a personas que estuvieron en el lugar de los hechos y finalmente anoche el juez de Villa Gesel, <strong>David Mancinelli<\/strong> orden\u00f3 el allanamiento y la detenci\u00f3n de la mujer.<\/p>\n","protected":false},"excerpt":{"rendered":"<div class=\"mh-excerpt\"><p>Luego de un allanamiento, Celeste L\u00f3pez fue detenida por orden del juez David Mancinelli. 30 de Noviembre de 2024 PINAMAR &#8211;\u00a0 Finalmente se detuvo anoche a Celeste Lorena L\u00f3pez, la sindicada como autora de golpear <a class=\"mh-excerpt-more\" href=\"https:\/\/larevistadigital.com.ar\/blog\/pinamar-detienen-a-la-mujer-que-le-pego-a-otra-con-un-palo-de-golf\/\" title=\"Pinamar: detienen a la mujer que le peg\u00f3 a otra con un palo de golf\">[Leer M\u00e1s]<\/a><\/p>\n<\/div>","protected":false},"author":3,"featured_media":38049,"comment_status":"open","ping_status":"open","sticky":false,"template":"","format":"standard","meta":{"_jetpack_memberships_contains_paid_content":false,"footnotes":"","jetpack_publicize_message":"","jetpack_publicize_feature_enabled":true,"jetpack_social_post_already_shared":true,"jetpack_social_options":{"image_generator_settings":{"template":"highway","default_image_id":0,"font":"","enabled":false},"version":2}},"categories":[44,51],"tags":[],"class_list":{"0":"post-38048","1":"post","2":"type-post","3":"status-publish","4":"format-standard","5":"has-post-thumbnail","7":"category-policiales","8":"category-regionales"},"jetpack_publicize_connections":[],"jetpack_featured_media_url":"https:\/\/i0.wp.com\/larevistadigital.com.ar\/blog\/wp-content\/uploads\/Captura-de-pantalla-2024-11-30-144601.png?fit=1091%2C542&ssl=1","jetpack_sharing_enabled":true,"jetpack_shortlink":"https:\/\/wp.me\/p8qtrQ-9TG","jetpack-related-posts":[{"id":37962,"url":"https:\/\/larevistadigital.com.ar\/blog\/pinamar-atacan-a-palazos-a-una-mujer-en-un-campo-de-golf\/","url_meta":{"origin":38048,"position":0},"title":"Pinamar: Atacan a palazos a una mujer en un campo de golf","author":"Alejandro Sosa Ruda","date":"23 noviembre, 2024","format":false,"excerpt":"\u00a0 Los hechos ocurrieron dentro de un campo de golf de Pinamar, donde una mujer de 61 a\u00f1os fue agredida con un palo de golf por una desconocida. La persona agredida, estaba en el lugar junto a una amiga, adonde cont\u00f3 que \"hab\u00edan ido a tomar mate\", cuando fueron sorprendidas\u2026","rel":"","context":"En \u00abPOLICIALES\u00bb","block_context":{"text":"POLICIALES","link":"https:\/\/larevistadigital.com.ar\/blog\/category\/policiales\/"},"img":{"alt_text":"","src":"https:\/\/i0.wp.com\/larevistadigital.com.ar\/blog\/wp-content\/uploads\/3289f4ca4309c1d8cec312e55de3271cb0f948cb.jpg?fit=1140%2C641&ssl=1&resize=350%2C200","width":350,"height":200,"srcset":"https:\/\/i0.wp.com\/larevistadigital.com.ar\/blog\/wp-content\/uploads\/3289f4ca4309c1d8cec312e55de3271cb0f948cb.jpg?fit=1140%2C641&ssl=1&resize=350%2C200 1x, https:\/\/i0.wp.com\/larevistadigital.com.ar\/blog\/wp-content\/uploads\/3289f4ca4309c1d8cec312e55de3271cb0f948cb.jpg?fit=1140%2C641&ssl=1&resize=525%2C300 1.5x, https:\/\/i0.wp.com\/larevistadigital.com.ar\/blog\/wp-content\/uploads\/3289f4ca4309c1d8cec312e55de3271cb0f948cb.jpg?fit=1140%2C641&ssl=1&resize=700%2C400 2x, https:\/\/i0.wp.com\/larevistadigital.com.ar\/blog\/wp-content\/uploads\/3289f4ca4309c1d8cec312e55de3271cb0f948cb.jpg?fit=1140%2C641&ssl=1&resize=1050%2C600 3x"},"classes":[]},{"id":37984,"url":"https:\/\/larevistadigital.com.ar\/blog\/pinamar-la-policia-ubico-a-quien-golpeo-a-una-mujer-con-un-palo-de-golf\/","url_meta":{"origin":38048,"position":1},"title":"Pinamar: La polic\u00eda ubic\u00f3 a quien golpe\u00f3 a una mujer con un palo de golf","author":"Alejandro Sosa Ruda","date":"24 noviembre, 2024","format":false,"excerpt":"La responsable qued\u00f3 imputada por lesiones y a disposici\u00f3n de la justicia 24 de Noviembre de 2024 PINAMAR -\u00a0 La Fiscal\u00eda n4 tom\u00f3 r\u00e1pidamente intervenci\u00f3n en el hecho, que qued\u00f3 registrado en video y fue viral , donde una mujer de 44 a\u00f1os, agredi\u00f3 f\u00edsicamente con un palo de golf\u2026","rel":"","context":"En \u00abPOLICIALES\u00bb","block_context":{"text":"POLICIALES","link":"https:\/\/larevistadigital.com.ar\/blog\/category\/policiales\/"},"img":{"alt_text":"","src":"https:\/\/i0.wp.com\/larevistadigital.com.ar\/blog\/wp-content\/uploads\/tAnLqIgB7_720x0__1.jpg?fit=720%2C361&ssl=1&resize=350%2C200","width":350,"height":200,"srcset":"https:\/\/i0.wp.com\/larevistadigital.com.ar\/blog\/wp-content\/uploads\/tAnLqIgB7_720x0__1.jpg?fit=720%2C361&ssl=1&resize=350%2C200 1x, https:\/\/i0.wp.com\/larevistadigital.com.ar\/blog\/wp-content\/uploads\/tAnLqIgB7_720x0__1.jpg?fit=720%2C361&ssl=1&resize=525%2C300 1.5x, https:\/\/i0.wp.com\/larevistadigital.com.ar\/blog\/wp-content\/uploads\/tAnLqIgB7_720x0__1.jpg?fit=720%2C361&ssl=1&resize=700%2C400 2x"},"classes":[]},{"id":17264,"url":"https:\/\/larevistadigital.com.ar\/blog\/pinamar-se-quiso-tirar-de-un-edificio-los-bomberos-pudieron-evitarlo-y-luego-se-escapo-del-hospital\/","url_meta":{"origin":38048,"position":2},"title":"PINAMAR: SE QUISO TIRAR DE UN EDIFICIO, LOS BOMBEROS PUDIERON EVITARLO Y LUEGO SE ESCAP\u00d3 DEL HOSPITAL","author":"Alejandro Sosa Ruda","date":"28 octubre, 2020","format":false,"excerpt":"Tras ser atendida por una psiquiatria en el nosocomio, se retir\u00f3 antes de recibir el alta. Esta ma\u00f1ana, una mujer de unos 25 a\u00f1os se convirti\u00f3 en principal protagonista de un confuso episodio ocurrido en una vivienda de la calle Rivadavia al 1300, en Pinamar. Seg\u00fan el portal CNM, sus\u2026","rel":"","context":"En \u00abREGIONALES\u00bb","block_context":{"text":"REGIONALES","link":"https:\/\/larevistadigital.com.ar\/blog\/category\/regionales\/"},"img":{"alt_text":"","src":"https:\/\/i0.wp.com\/larevistadigital.com.ar\/blog\/wp-content\/uploads\/3ae634da98e581528f62b437319a5a57c21da955.jpg?fit=1140%2C759&ssl=1&resize=350%2C200","width":350,"height":200,"srcset":"https:\/\/i0.wp.com\/larevistadigital.com.ar\/blog\/wp-content\/uploads\/3ae634da98e581528f62b437319a5a57c21da955.jpg?fit=1140%2C759&ssl=1&resize=350%2C200 1x, https:\/\/i0.wp.com\/larevistadigital.com.ar\/blog\/wp-content\/uploads\/3ae634da98e581528f62b437319a5a57c21da955.jpg?fit=1140%2C759&ssl=1&resize=525%2C300 1.5x, https:\/\/i0.wp.com\/larevistadigital.com.ar\/blog\/wp-content\/uploads\/3ae634da98e581528f62b437319a5a57c21da955.jpg?fit=1140%2C759&ssl=1&resize=700%2C400 2x, https:\/\/i0.wp.com\/larevistadigital.com.ar\/blog\/wp-content\/uploads\/3ae634da98e581528f62b437319a5a57c21da955.jpg?fit=1140%2C759&ssl=1&resize=1050%2C600 3x"},"classes":[]},{"id":38640,"url":"https:\/\/larevistadigital.com.ar\/blog\/pinamar-denuncian-a-empleada-del-municipio-por-una-estafa-multimillonaria\/","url_meta":{"origin":38048,"position":3},"title":"Pinamar: denuncian a empleada del municipio por una estafa multimillonaria","author":"Alejandro Sosa Ruda","date":"8 febrero, 2025","format":false,"excerpt":"Luego de la denuncia, pudieron grabar a la mujer con las c\u00e1maras de seguridad. 08 de Febrero de 2025 PINAMAR -\u00a0 Una empleada de la municipalidad de Pinamar, est\u00e1 siendo investigada por \u00a0presuntas maniobras fraudulentas. Se hicieron arqueos de caja, que arrojaron diferencias de unos 2.000.000 diarios, aunque a\u00fan deben\u2026","rel":"","context":"En \u00abPOLICIALES\u00bb","block_context":{"text":"POLICIALES","link":"https:\/\/larevistadigital.com.ar\/blog\/category\/policiales\/"},"img":{"alt_text":"","src":"https:\/\/i0.wp.com\/larevistadigital.com.ar\/blog\/wp-content\/uploads\/689ffa79eb214db487dd6c140f06aafa88fcfd5d.jpg?fit=1140%2C641&ssl=1&resize=350%2C200","width":350,"height":200,"srcset":"https:\/\/i0.wp.com\/larevistadigital.com.ar\/blog\/wp-content\/uploads\/689ffa79eb214db487dd6c140f06aafa88fcfd5d.jpg?fit=1140%2C641&ssl=1&resize=350%2C200 1x, https:\/\/i0.wp.com\/larevistadigital.com.ar\/blog\/wp-content\/uploads\/689ffa79eb214db487dd6c140f06aafa88fcfd5d.jpg?fit=1140%2C641&ssl=1&resize=525%2C300 1.5x, https:\/\/i0.wp.com\/larevistadigital.com.ar\/blog\/wp-content\/uploads\/689ffa79eb214db487dd6c140f06aafa88fcfd5d.jpg?fit=1140%2C641&ssl=1&resize=700%2C400 2x, https:\/\/i0.wp.com\/larevistadigital.com.ar\/blog\/wp-content\/uploads\/689ffa79eb214db487dd6c140f06aafa88fcfd5d.jpg?fit=1140%2C641&ssl=1&resize=1050%2C600 3x"},"classes":[]},{"id":39054,"url":"https:\/\/larevistadigital.com.ar\/blog\/una-bruja-en-pinamar-es-la-responsable-de-los-craneos-encontrados\/","url_meta":{"origin":38048,"position":4},"title":"\u00bfUna bruja en Pinamar es la responsable de los cr\u00e1neos encontrados?","author":"Alejandro Sosa Ruda","date":"18 marzo, 2025","format":false,"excerpt":"La Justicia investiga a una mujer de 62 a\u00f1os, sospechosa de profanar tumbas y realizar\u00a0 rituales esot\u00e9ricos. 18 de Marzo de 2025 PINAMAR -\u00a0 La investigaci\u00f3n sobre el hallazgo de cr\u00e1neos y huesos humanos en un terreno de la localidad de Ostende, partido de Pinamar, ha dado sus primeros avances\u2026","rel":"","context":"En \u00abPOLICIALES\u00bb","block_context":{"text":"POLICIALES","link":"https:\/\/larevistadigital.com.ar\/blog\/category\/policiales\/"},"img":{"alt_text":"","src":"https:\/\/i0.wp.com\/larevistadigital.com.ar\/blog\/wp-content\/uploads\/ad87fd70e345d176b416f0eadb91d8bb7bdb12cb.jpg?fit=1140%2C710&ssl=1&resize=350%2C200","width":350,"height":200,"srcset":"https:\/\/i0.wp.com\/larevistadigital.com.ar\/blog\/wp-content\/uploads\/ad87fd70e345d176b416f0eadb91d8bb7bdb12cb.jpg?fit=1140%2C710&ssl=1&resize=350%2C200 1x, https:\/\/i0.wp.com\/larevistadigital.com.ar\/blog\/wp-content\/uploads\/ad87fd70e345d176b416f0eadb91d8bb7bdb12cb.jpg?fit=1140%2C710&ssl=1&resize=525%2C300 1.5x, https:\/\/i0.wp.com\/larevistadigital.com.ar\/blog\/wp-content\/uploads\/ad87fd70e345d176b416f0eadb91d8bb7bdb12cb.jpg?fit=1140%2C710&ssl=1&resize=700%2C400 2x, https:\/\/i0.wp.com\/larevistadigital.com.ar\/blog\/wp-content\/uploads\/ad87fd70e345d176b416f0eadb91d8bb7bdb12cb.jpg?fit=1140%2C710&ssl=1&resize=1050%2C600 3x"},"classes":[]},{"id":23111,"url":"https:\/\/larevistadigital.com.ar\/blog\/otra-vez-una-tragedia-con-cuatriciclos-murio-en-pinamar-una-joven-de-25-anos\/","url_meta":{"origin":38048,"position":5},"title":"OTRA VEZ UNA TRAGEDIA CON CUATRICICLOS&#8230; MURI\u00d3 EN PINAMAR UNA JOVEN DE 25 A\u00d1OS","author":"Alejandro Sosa Ruda","date":"29 diciembre, 2021","format":false,"excerpt":"Ocurri\u00f3 en la famosa zona de La Frontera. Los m\u00e9dicos confirmaron que el deceso se produjo a ra\u00edz de que el rodado cay\u00f3 encima del cuerpo de la joven. Arranc\u00f3 un nuevo verano y pasaron muy pocos d\u00edas para que otra vez una noticia tr\u00e1gica vinculada al uso de cuatriciclos\u2026","rel":"","context":"En \u00abPOLICIALES\u00bb","block_context":{"text":"POLICIALES","link":"https:\/\/larevistadigital.com.ar\/blog\/category\/policiales\/"},"img":{"alt_text":"","src":"https:\/\/i0.wp.com\/larevistadigital.com.ar\/blog\/wp-content\/uploads\/Captura-de-pantalla-2021-12-29-203555.jpg?fit=906%2C498&ssl=1&resize=350%2C200","width":350,"height":200,"srcset":"https:\/\/i0.wp.com\/larevistadigital.com.ar\/blog\/wp-content\/uploads\/Captura-de-pantalla-2021-12-29-203555.jpg?fit=906%2C498&ssl=1&resize=350%2C200 1x, https:\/\/i0.wp.com\/larevistadigital.com.ar\/blog\/wp-content\/uploads\/Captura-de-pantalla-2021-12-29-203555.jpg?fit=906%2C498&ssl=1&resize=525%2C300 1.5x, https:\/\/i0.wp.com\/larevistadigital.com.ar\/blog\/wp-content\/uploads\/Captura-de-pantalla-2021-12-29-203555.jpg?fit=906%2C498&ssl=1&resize=700%2C400 2x"},"classes":[]}],"_links":{"self":[{"href":"https:\/\/larevistadigital.com.ar\/blog\/wp-json\/wp\/v2\/posts\/38048","targetHints":{"allow":["GET"]}}],"collection":[{"href":"https:\/\/larevistadigital.com.ar\/blog\/wp-json\/wp\/v2\/posts"}],"about":[{"href":"https:\/\/larevistadigital.com.ar\/blog\/wp-json\/wp\/v2\/types\/post"}],"author":[{"embeddable":true,"href":"https:\/\/larevistadigital.com.ar\/blog\/wp-json\/wp\/v2\/users\/3"}],"replies":[{"embeddable":true,"href":"https:\/\/larevistadigital.com.ar\/blog\/wp-json\/wp\/v2\/comments?post=38048"}],"version-history":[{"count":1,"href":"https:\/\/larevistadigital.com.ar\/blog\/wp-json\/wp\/v2\/posts\/38048\/revisions"}],"predecessor-version":[{"id":38050,"href":"https:\/\/larevistadigital.com.ar\/blog\/wp-json\/wp\/v2\/posts\/38048\/revisions\/38050"}],"wp:featuredmedia":[{"embeddable":true,"href":"https:\/\/larevistadigital.com.ar\/blog\/wp-json\/wp\/v2\/media\/38049"}],"wp:attachment":[{"href":"https:\/\/larevistadigital.com.ar\/blog\/wp-json\/wp\/v2\/media?parent=38048"}],"wp:term":[{"taxonomy":"category","embeddable":true,"href":"https:\/\/larevistadigital.com.ar\/blog\/wp-json\/wp\/v2\/categories?post=38048"},{"taxonomy":"post_tag","embeddable":true,"href":"https:\/\/larevistadigital.com.ar\/blog\/wp-json\/wp\/v2\/tags?post=38048"}],"curies":[{"name":"wp","href":"https:\/\/api.w.org\/{rel}","templated":true}]}}